{"id":6970,"date":"2018-09-21T00:00:20","date_gmt":"2018-09-21T03:00:20","guid":{"rendered":"http:\/\/blog.cancaonova.com\/terrasanta\/?p=6970"},"modified":"2018-09-21T09:02:48","modified_gmt":"2018-09-21T12:02:48","slug":"seforis-cidade-da-mae-de-maria","status":"publish","type":"post","link":"https:\/\/blog.cancaonova.com\/terrasanta\/2018\/09\/21\/seforis-cidade-da-mae-de-maria\/","title":{"rendered":"Seforis, cidade da m\u00e3e de Maria"},"content":{"rendered":"<p>Vamos conhecer as origens da fam\u00edlia da Virgem Maria. Na cidade de Seforis, onde segundo a tradi\u00e7\u00e3o, nasceu sua m\u00e3e, Sant\u2019Ana.<\/p>\n<p><a href=\"http:\/\/blog.cancaonova.com\/terrasanta\/files\/2018\/09\/WhatsApp-Image-2018-09-13-at-14.59.06-2.jpeg\"><img loading=\"lazy\" decoding=\"async\" class=\"size-medium wp-image-6971 aligncenter\" src=\"http:\/\/blog.cancaonova.com\/terrasanta\/files\/2018\/09\/WhatsApp-Image-2018-09-13-at-14.59.06-2-300x225.jpeg\" alt=\"\" width=\"300\" height=\"225\" srcset=\"https:\/\/blog.cancaonova.com\/terrasanta\/files\/2018\/09\/WhatsApp-Image-2018-09-13-at-14.59.06-2-300x225.jpeg 300w, https:\/\/blog.cancaonova.com\/terrasanta\/files\/2018\/09\/WhatsApp-Image-2018-09-13-at-14.59.06-2-768x576.jpeg 768w, https:\/\/blog.cancaonova.com\/terrasanta\/files\/2018\/09\/WhatsApp-Image-2018-09-13-at-14.59.06-2.jpeg 1280w\" sizes=\"(max-width: 300px) 100vw, 300px\" \/><\/a><\/p>\n<p>&nbsp;<\/p>\n<p>A cerca de 10km de Nazar\u00e9, chegamos a Seforis. Nas ru\u00ednas do Parque Nacional, marcas da cidade que, a partir do ano 55 depois de Cristo, era a capital da Galileia e habitada predominantemente por judeus. Contudo, sua hist\u00f3ria data do primeiro s\u00e9culo antes de Cristo, no per\u00edodo helen\u00edstico. O nome \u201cSeforis\u201d \u00e9 derivado do hebraico \u201cZippori\u201d pelo fato da cidade estar sobre a colina como um p\u00e1ssaro. A chamada \u201cP\u00e9rola da Galileia\u201d era uma regi\u00e3o muito desenvolvida onde conviviam pacificamente pessoas de diferentes proced\u00eancias culturais e religiosas.<\/p>\n<p>&nbsp;<\/p>\n<p><a href=\"http:\/\/blog.cancaonova.com\/terrasanta\/files\/2018\/09\/WhatsApp-Image-2018-09-13-at-14.59.00-1.jpeg\"><img loading=\"lazy\" decoding=\"async\" class=\"alignnone size-medium wp-image-6985\" src=\"http:\/\/blog.cancaonova.com\/terrasanta\/files\/2018\/09\/WhatsApp-Image-2018-09-13-at-14.59.00-1-300x225.jpeg\" alt=\"\" width=\"300\" height=\"225\" srcset=\"https:\/\/blog.cancaonova.com\/terrasanta\/files\/2018\/09\/WhatsApp-Image-2018-09-13-at-14.59.00-1-300x225.jpeg 300w, https:\/\/blog.cancaonova.com\/terrasanta\/files\/2018\/09\/WhatsApp-Image-2018-09-13-at-14.59.00-1-768x576.jpeg 768w, https:\/\/blog.cancaonova.com\/terrasanta\/files\/2018\/09\/WhatsApp-Image-2018-09-13-at-14.59.00-1.jpeg 1280w\" sizes=\"(max-width: 300px) 100vw, 300px\" \/><\/a> <a href=\"http:\/\/blog.cancaonova.com\/terrasanta\/files\/2018\/09\/WhatsApp-Image-2018-09-13-at-14.59.01.jpeg\"><img loading=\"lazy\" decoding=\"async\" class=\"alignnone size-medium wp-image-6984\" src=\"http:\/\/blog.cancaonova.com\/terrasanta\/files\/2018\/09\/WhatsApp-Image-2018-09-13-at-14.59.01-300x225.jpeg\" alt=\"\" width=\"300\" height=\"225\" srcset=\"https:\/\/blog.cancaonova.com\/terrasanta\/files\/2018\/09\/WhatsApp-Image-2018-09-13-at-14.59.01-300x225.jpeg 300w, https:\/\/blog.cancaonova.com\/terrasanta\/files\/2018\/09\/WhatsApp-Image-2018-09-13-at-14.59.01-768x576.jpeg 768w, https:\/\/blog.cancaonova.com\/terrasanta\/files\/2018\/09\/WhatsApp-Image-2018-09-13-at-14.59.01.jpeg 1280w\" sizes=\"(max-width: 300px) 100vw, 300px\" \/><\/a><\/p>\n<p>&nbsp;<\/p>\n<p>Descobertas arqueol\u00f3gicas apontaram para significativos vest\u00edgios de diferentes \u00e9pocas, como o formato de estradas e colunas t\u00edpicas da arquitetura romana; um antigo sistema h\u00eddrico; um anfiteatro provavelmente constru\u00eddo por Herodes Antipas, filho de Herodes, o Grande; ou ainda as constru\u00e7\u00f5es do tempo dos cruzados, de onde se contempla uma atraente vista panor\u00e2mica de Seforis e arredores.<\/p>\n<p><a href=\"http:\/\/blog.cancaonova.com\/terrasanta\/files\/2018\/09\/WhatsApp-Image-2018-09-13-at-14.59.02.jpeg\"><img loading=\"lazy\" decoding=\"async\" class=\"alignnone size-medium wp-image-6980\" src=\"http:\/\/blog.cancaonova.com\/terrasanta\/files\/2018\/09\/WhatsApp-Image-2018-09-13-at-14.59.02-300x225.jpeg\" alt=\"\" width=\"300\" height=\"225\" srcset=\"https:\/\/blog.cancaonova.com\/terrasanta\/files\/2018\/09\/WhatsApp-Image-2018-09-13-at-14.59.02-300x225.jpeg 300w, https:\/\/blog.cancaonova.com\/terrasanta\/files\/2018\/09\/WhatsApp-Image-2018-09-13-at-14.59.02-768x576.jpeg 768w, https:\/\/blog.cancaonova.com\/terrasanta\/files\/2018\/09\/WhatsApp-Image-2018-09-13-at-14.59.02.jpeg 1280w\" sizes=\"(max-width: 300px) 100vw, 300px\" \/><\/a> <a href=\"http:\/\/blog.cancaonova.com\/terrasanta\/files\/2018\/09\/WhatsApp-Image-2018-09-13-at-14.59.02-1.jpeg\"><img loading=\"lazy\" decoding=\"async\" class=\"alignnone size-medium wp-image-6979\" src=\"http:\/\/blog.cancaonova.com\/terrasanta\/files\/2018\/09\/WhatsApp-Image-2018-09-13-at-14.59.02-1-300x225.jpeg\" alt=\"\" width=\"300\" height=\"225\" srcset=\"https:\/\/blog.cancaonova.com\/terrasanta\/files\/2018\/09\/WhatsApp-Image-2018-09-13-at-14.59.02-1-300x225.jpeg 300w, https:\/\/blog.cancaonova.com\/terrasanta\/files\/2018\/09\/WhatsApp-Image-2018-09-13-at-14.59.02-1-768x576.jpeg 768w, https:\/\/blog.cancaonova.com\/terrasanta\/files\/2018\/09\/WhatsApp-Image-2018-09-13-at-14.59.02-1.jpeg 1280w\" sizes=\"(max-width: 300px) 100vw, 300px\" \/><\/a><\/p>\n<p>&nbsp;<\/p>\n<p>O s\u00edtio arqueol\u00f3gico surpreende pelos belos mosaicos em todos os cantos. Destaque para os da Casa de Nilo e cenas relativas \u00e0 tradi\u00e7\u00e3o judaica de uma antiga sinagoga, como o anjo que visitou Abra\u00e3o e Sara, o sacrif\u00edcio de Isaac, rituais, um zod\u00edaco com os nomes dos meses em hebraico e elementos das ofertas di\u00e1rias. J\u00e1 no que seria uma luxuosa vila romana, a sala de refei\u00e7\u00e3o teria nos mosaicos cenas em homenagem ao deus Dion\u00edsio ou Baco e ainda a encantadora imagem da denominada \u201cMonalisa da Galileia\u201d.<\/p>\n<p>&nbsp;<\/p>\n<p><a href=\"http:\/\/blog.cancaonova.com\/terrasanta\/files\/2018\/09\/WhatsApp-Image-2018-09-13-at-14.59.02-2.jpeg\"><img loading=\"lazy\" decoding=\"async\" class=\"alignnone size-medium wp-image-6978\" src=\"http:\/\/blog.cancaonova.com\/terrasanta\/files\/2018\/09\/WhatsApp-Image-2018-09-13-at-14.59.02-2-300x225.jpeg\" alt=\"\" width=\"300\" height=\"225\" srcset=\"https:\/\/blog.cancaonova.com\/terrasanta\/files\/2018\/09\/WhatsApp-Image-2018-09-13-at-14.59.02-2-300x225.jpeg 300w, https:\/\/blog.cancaonova.com\/terrasanta\/files\/2018\/09\/WhatsApp-Image-2018-09-13-at-14.59.02-2-768x576.jpeg 768w, https:\/\/blog.cancaonova.com\/terrasanta\/files\/2018\/09\/WhatsApp-Image-2018-09-13-at-14.59.02-2.jpeg 1280w\" sizes=\"(max-width: 300px) 100vw, 300px\" \/><\/a> <a href=\"http:\/\/blog.cancaonova.com\/terrasanta\/files\/2018\/09\/WhatsApp-Image-2018-09-13-at-14.59.03.jpeg\"><img loading=\"lazy\" decoding=\"async\" class=\"alignnone size-medium wp-image-6977\" src=\"http:\/\/blog.cancaonova.com\/terrasanta\/files\/2018\/09\/WhatsApp-Image-2018-09-13-at-14.59.03-300x225.jpeg\" alt=\"\" width=\"300\" height=\"225\" srcset=\"https:\/\/blog.cancaonova.com\/terrasanta\/files\/2018\/09\/WhatsApp-Image-2018-09-13-at-14.59.03-300x225.jpeg 300w, https:\/\/blog.cancaonova.com\/terrasanta\/files\/2018\/09\/WhatsApp-Image-2018-09-13-at-14.59.03-768x576.jpeg 768w, https:\/\/blog.cancaonova.com\/terrasanta\/files\/2018\/09\/WhatsApp-Image-2018-09-13-at-14.59.03.jpeg 1280w\" sizes=\"(max-width: 300px) 100vw, 300px\" \/><\/a><\/p>\n<p>&nbsp;<\/p>\n<p>&nbsp;&nbsp;&nbsp;<a href=\"http:\/\/blog.cancaonova.com\/terrasanta\/files\/2018\/09\/WhatsApp-Image-2018-09-13-at-14.59.05.jpeg\"><img loading=\"lazy\" decoding=\"async\" class=\"alignnone size-medium wp-image-6974\" src=\"http:\/\/blog.cancaonova.com\/terrasanta\/files\/2018\/09\/WhatsApp-Image-2018-09-13-at-14.59.05-225x300.jpeg\" alt=\"\" width=\"225\" height=\"300\" srcset=\"https:\/\/blog.cancaonova.com\/terrasanta\/files\/2018\/09\/WhatsApp-Image-2018-09-13-at-14.59.05-225x300.jpeg 225w, https:\/\/blog.cancaonova.com\/terrasanta\/files\/2018\/09\/WhatsApp-Image-2018-09-13-at-14.59.05-768x1024.jpeg 768w, https:\/\/blog.cancaonova.com\/terrasanta\/files\/2018\/09\/WhatsApp-Image-2018-09-13-at-14.59.05-150x200.jpeg 150w, https:\/\/blog.cancaonova.com\/terrasanta\/files\/2018\/09\/WhatsApp-Image-2018-09-13-at-14.59.05.jpeg 960w\" sizes=\"(max-width: 225px) 100vw, 225px\" \/>&nbsp;<\/a><a href=\"http:\/\/blog.cancaonova.com\/terrasanta\/files\/2018\/09\/WhatsApp-Image-2018-09-13-at-14.59.06.jpeg\"><img loading=\"lazy\" decoding=\"async\" class=\"alignnone size-medium wp-image-6973\" src=\"http:\/\/blog.cancaonova.com\/terrasanta\/files\/2018\/09\/WhatsApp-Image-2018-09-13-at-14.59.06-225x300.jpeg\" alt=\"\" width=\"225\" height=\"300\" srcset=\"https:\/\/blog.cancaonova.com\/terrasanta\/files\/2018\/09\/WhatsApp-Image-2018-09-13-at-14.59.06-225x300.jpeg 225w, https:\/\/blog.cancaonova.com\/terrasanta\/files\/2018\/09\/WhatsApp-Image-2018-09-13-at-14.59.06-768x1024.jpeg 768w, https:\/\/blog.cancaonova.com\/terrasanta\/files\/2018\/09\/WhatsApp-Image-2018-09-13-at-14.59.06-150x200.jpeg 150w, https:\/\/blog.cancaonova.com\/terrasanta\/files\/2018\/09\/WhatsApp-Image-2018-09-13-at-14.59.06.jpeg 960w\" sizes=\"(max-width: 225px) 100vw, 225px\" \/><\/a><\/p>\n<p>&nbsp;<\/p>\n<p>No in\u00edcio do cristianismo, acredita-se que ali viveu uma comunidade judaico-crist\u00e3, que reconhecia Jesus como Messias. Seforis \u00e9 tamb\u00e9m considerada o local de origem de Sant\u2019Ana, a m\u00e3e da Virgem Maria. Uma tradi\u00e7\u00e3o confirmada pelos resqu\u00edcios da igreja da \u00e9poca cruzada com tr\u00eas naves dedicadas a ela. As ru\u00ednas deste templo est\u00e3o no entorno do Parque Nacional, no terreno adquirido pela Cust\u00f3dia da Terra Santa em 1841.<\/p>\n<p>Fontes hist\u00f3ricas liter\u00e1rias e pesquisas arqueol\u00f3gicas que nos permitem tocar os lugares da vida cotidiana de Maria e compreender a sua humanidade.<\/p>\n<p>&nbsp;<\/p>\n<p>Deus te aben\u00e7oe!<\/p>\n<p>&nbsp;<\/p>\n<p>Nos siga nas redes sociais e deixe aqui seu coment\u00e1rio.<\/p>\n<p>&nbsp;<\/p>\n<p>&nbsp;<\/p>\n<p><em>&nbsp;<\/em><\/p>\n<!-- AddThis Advanced Settings generic via filter on the_content --><!-- AddThis Share Buttons generic via filter on the_content -->","protected":false},"excerpt":{"rendered":"<p>Vamos conhecer as origens da fam\u00edlia da Virgem Maria. Na cidade de Seforis, onde segundo a tradi\u00e7\u00e3o, nasceu sua m\u00e3e, Sant\u2019Ana. &nbsp; A cerca de 10km de Nazar\u00e9, chegamos a Seforis. Nas ru\u00ednas do Parque Nacional, marcas da cidade que,&#8230;<!-- AddThis Advanced Settings generic via filter on get_the_excerpt --><!-- AddThis Share Buttons generic via filter on get_the_excerpt --><\/p>\n","protected":false},"author":4712,"featured_media":0,"comment_status":"open","ping_status":"open","sticky":false,"template":"","format":"standard","meta":{"_mi_skip_tracking":false,"_monsterinsights_sitenote_active":false,"_monsterinsights_sitenote_note":"","_monsterinsights_sitenote_category":0,"footnotes":""},"categories":[3131],"tags":[170155,231,170214,170213,170152],"_links":{"self":[{"href":"https:\/\/blog.cancaonova.com\/terrasanta\/wp-json\/wp\/v2\/posts\/6970"}],"collection":[{"href":"https:\/\/blog.cancaonova.com\/terrasanta\/wp-json\/wp\/v2\/posts"}],"about":[{"href":"https:\/\/blog.cancaonova.com\/terrasanta\/wp-json\/wp\/v2\/types\/post"}],"author":[{"embeddable":true,"href":"https:\/\/blog.cancaonova.com\/terrasanta\/wp-json\/wp\/v2\/users\/4712"}],"replies":[{"embeddable":true,"href":"https:\/\/blog.cancaonova.com\/terrasanta\/wp-json\/wp\/v2\/comments?post=6970"}],"version-history":[{"count":4,"href":"https:\/\/blog.cancaonova.com\/terrasanta\/wp-json\/wp\/v2\/posts\/6970\/revisions"}],"predecessor-version":[{"id":6993,"href":"https:\/\/blog.cancaonova.com\/terrasanta\/wp-json\/wp\/v2\/posts\/6970\/revisions\/6993"}],"wp:attachment":[{"href":"https:\/\/blog.cancaonova.com\/terrasanta\/wp-json\/wp\/v2\/media?parent=6970"}],"wp:term":[{"taxonomy":"category","embeddable":true,"href":"https:\/\/blog.cancaonova.com\/terrasanta\/wp-json\/wp\/v2\/categories?post=6970"},{"taxonomy":"post_tag","embeddable":true,"href":"https:\/\/blog.cancaonova.com\/terrasanta\/wp-json\/wp\/v2\/tags?post=6970"}],"curies":[{"name":"wp","href":"https:\/\/api.w.org\/{rel}","templated":true}]}}