{"id":7724,"date":"2019-02-26T07:14:44","date_gmt":"2019-02-26T10:14:44","guid":{"rendered":"http:\/\/blog.cancaonova.com\/terrasanta\/?p=7724"},"modified":"2019-11-05T12:58:58","modified_gmt":"2019-11-05T14:58:58","slug":"tunel-de-ezequias-ou-de-siloe","status":"publish","type":"post","link":"https:\/\/blog.cancaonova.com\/terrasanta\/2019\/02\/26\/tunel-de-ezequias-ou-de-siloe\/","title":{"rendered":"T\u00fanel de Ezequias ou de Silo\u00e9"},"content":{"rendered":"<p>A contru\u00e7\u00e3o de quase tr\u00eas mil anos se encontra sob o Monte do Templo.<\/p>\n<p>Padre Donizete Luiz Ribeiro, Superior Geral dos Religiosos de Si\u00e3o:&nbsp;<\/p>\n<p>&#8211; O T\u00fanel de Ezequias, por exemplo, volta-se ao s\u00e9culo VII, VIII antes de Cristo para mostrar como a B\u00edblia est\u00e1 enraizada na hist\u00f3ria e como tem elementos de Arqueologia que mostram o que a B\u00edblia nos transmite\u201d.<\/p>\n<p>Caminhando pelo t\u00fanel, \u00e9 poss\u00edvel contemplar, por exemplo, fra\u00e7\u00f5es dos fundamentos do Muro Ocidental.<\/p>\n<p>&nbsp;<a href=\"http:\/\/blog.cancaonova.com\/terrasanta\/files\/2019\/02\/WhatsApp-Image-2019-02-12-at-11.33.43-1.jpeg\"><img loading=\"lazy\" decoding=\"async\" class=\"alignnone wp-image-7734\" src=\"http:\/\/blog.cancaonova.com\/terrasanta\/files\/2019\/02\/WhatsApp-Image-2019-02-12-at-11.33.43-1-300x225.jpeg\" alt=\"\" width=\"215\" height=\"162\" srcset=\"https:\/\/blog.cancaonova.com\/terrasanta\/files\/2019\/02\/WhatsApp-Image-2019-02-12-at-11.33.43-1-300x225.jpeg 300w, https:\/\/blog.cancaonova.com\/terrasanta\/files\/2019\/02\/WhatsApp-Image-2019-02-12-at-11.33.43-1-768x576.jpeg 768w, https:\/\/blog.cancaonova.com\/terrasanta\/files\/2019\/02\/WhatsApp-Image-2019-02-12-at-11.33.43-1.jpeg 1600w\" sizes=\"(max-width: 215px) 100vw, 215px\" \/><\/a> <a href=\"http:\/\/blog.cancaonova.com\/terrasanta\/files\/2019\/02\/WhatsApp-Image-2019-02-12-at-11.33.33-3.jpeg\"><img loading=\"lazy\" decoding=\"async\" class=\"alignnone wp-image-7727\" src=\"http:\/\/blog.cancaonova.com\/terrasanta\/files\/2019\/02\/WhatsApp-Image-2019-02-12-at-11.33.33-3-300x152.jpeg\" alt=\"\" width=\"314\" height=\"160\" srcset=\"https:\/\/blog.cancaonova.com\/terrasanta\/files\/2019\/02\/WhatsApp-Image-2019-02-12-at-11.33.33-3-300x152.jpeg 300w, https:\/\/blog.cancaonova.com\/terrasanta\/files\/2019\/02\/WhatsApp-Image-2019-02-12-at-11.33.33-3-768x388.jpeg 768w, https:\/\/blog.cancaonova.com\/terrasanta\/files\/2019\/02\/WhatsApp-Image-2019-02-12-at-11.33.33-3-150x75.jpeg 150w, https:\/\/blog.cancaonova.com\/terrasanta\/files\/2019\/02\/WhatsApp-Image-2019-02-12-at-11.33.33-3.jpeg 1600w\" sizes=\"(max-width: 314px) 100vw, 314px\" \/><\/a><\/p>\n<p>O t\u00fanel de Ezequias \u00e9 mencionado nos livros de Cr\u00f4nicas: &#8220;Quando Ezequias viu que o objetivo de Senaquerib era Jerusal\u00e9m, resolveu, de acordo com os chefes e seus oficiais, obstruir as \u00e1guas das nascentes que se encontravam fora da cidade. E todos o ajudaram a executar esse projeto.&#8221; (II Cr\u00f4nicas, 32).<\/p>\n<p><a href=\"http:\/\/blog.cancaonova.com\/terrasanta\/files\/2019\/02\/WhatsApp-Image-2019-02-12-at-11.33.33-6.jpeg\"><img loading=\"lazy\" decoding=\"async\" class=\"alignnone size-medium wp-image-7730\" src=\"http:\/\/blog.cancaonova.com\/terrasanta\/files\/2019\/02\/WhatsApp-Image-2019-02-12-at-11.33.33-6-300x151.jpeg\" alt=\"\" width=\"300\" height=\"151\" srcset=\"https:\/\/blog.cancaonova.com\/terrasanta\/files\/2019\/02\/WhatsApp-Image-2019-02-12-at-11.33.33-6-300x150.jpeg 300w, https:\/\/blog.cancaonova.com\/terrasanta\/files\/2019\/02\/WhatsApp-Image-2019-02-12-at-11.33.33-6-768x387.jpeg 768w, https:\/\/blog.cancaonova.com\/terrasanta\/files\/2019\/02\/WhatsApp-Image-2019-02-12-at-11.33.33-6-600x300.jpeg 600w, https:\/\/blog.cancaonova.com\/terrasanta\/files\/2019\/02\/WhatsApp-Image-2019-02-12-at-11.33.33-6-150x75.jpeg 150w, https:\/\/blog.cancaonova.com\/terrasanta\/files\/2019\/02\/WhatsApp-Image-2019-02-12-at-11.33.33-6.jpeg 1600w\" sizes=\"(max-width: 300px) 100vw, 300px\" \/><\/a> <a href=\"http:\/\/blog.cancaonova.com\/terrasanta\/files\/2019\/02\/WhatsApp-Image-2019-02-12-at-11.33.33-4.jpeg\"><img loading=\"lazy\" decoding=\"async\" class=\"alignnone size-medium wp-image-7728\" src=\"http:\/\/blog.cancaonova.com\/terrasanta\/files\/2019\/02\/WhatsApp-Image-2019-02-12-at-11.33.33-4-300x153.jpeg\" alt=\"\" width=\"300\" height=\"153\" srcset=\"https:\/\/blog.cancaonova.com\/terrasanta\/files\/2019\/02\/WhatsApp-Image-2019-02-12-at-11.33.33-4-300x153.jpeg 300w, https:\/\/blog.cancaonova.com\/terrasanta\/files\/2019\/02\/WhatsApp-Image-2019-02-12-at-11.33.33-4-768x391.jpeg 768w, https:\/\/blog.cancaonova.com\/terrasanta\/files\/2019\/02\/WhatsApp-Image-2019-02-12-at-11.33.33-4.jpeg 1600w\" sizes=\"(max-width: 300px) 100vw, 300px\" \/><\/a><\/p>\n<p>O livro dos Reis tamb\u00e9m menciona a constru\u00e7\u00e3o: &#8220;O restante da hist\u00f3ria de Ezequias, seus atos e grandes feitos, a constru\u00e7\u00e3o do reservat\u00f3rio e do aqueduto pelo qual proveu de \u00e1gua a cidade, tudo isso se acha consignado no Livro das Cr\u00f4nicas dos reis de Jud\u00e1.&#8221; (II Reis, 20)<\/p>\n<p>&nbsp;<a href=\"http:\/\/blog.cancaonova.com\/terrasanta\/files\/2019\/02\/WhatsApp-Image-2019-02-12-at-11.52.53.jpeg\"><img loading=\"lazy\" decoding=\"async\" class=\"alignnone size-medium wp-image-7737\" src=\"http:\/\/blog.cancaonova.com\/terrasanta\/files\/2019\/02\/WhatsApp-Image-2019-02-12-at-11.52.53-300x150.jpeg\" alt=\"\" width=\"300\" height=\"150\" srcset=\"https:\/\/blog.cancaonova.com\/terrasanta\/files\/2019\/02\/WhatsApp-Image-2019-02-12-at-11.52.53-300x150.jpeg 300w, https:\/\/blog.cancaonova.com\/terrasanta\/files\/2019\/02\/WhatsApp-Image-2019-02-12-at-11.52.53-768x384.jpeg 768w, https:\/\/blog.cancaonova.com\/terrasanta\/files\/2019\/02\/WhatsApp-Image-2019-02-12-at-11.52.53-600x300.jpeg 600w, https:\/\/blog.cancaonova.com\/terrasanta\/files\/2019\/02\/WhatsApp-Image-2019-02-12-at-11.52.53-150x75.jpeg 150w, https:\/\/blog.cancaonova.com\/terrasanta\/files\/2019\/02\/WhatsApp-Image-2019-02-12-at-11.52.53.jpeg 1600w\" sizes=\"(max-width: 300px) 100vw, 300px\" \/><\/a> <a href=\"http:\/\/blog.cancaonova.com\/terrasanta\/files\/2019\/02\/WhatsApp-Image-2019-02-12-at-11.33.33-8.jpeg\"><img loading=\"lazy\" decoding=\"async\" class=\"alignnone  wp-image-7732\" src=\"http:\/\/blog.cancaonova.com\/terrasanta\/files\/2019\/02\/WhatsApp-Image-2019-02-12-at-11.33.33-8-300x152.jpeg\" alt=\"\" width=\"296\" height=\"150\" srcset=\"https:\/\/blog.cancaonova.com\/terrasanta\/files\/2019\/02\/WhatsApp-Image-2019-02-12-at-11.33.33-8-300x152.jpeg 300w, https:\/\/blog.cancaonova.com\/terrasanta\/files\/2019\/02\/WhatsApp-Image-2019-02-12-at-11.33.33-8-768x388.jpeg 768w, https:\/\/blog.cancaonova.com\/terrasanta\/files\/2019\/02\/WhatsApp-Image-2019-02-12-at-11.33.33-8-150x75.jpeg 150w, https:\/\/blog.cancaonova.com\/terrasanta\/files\/2019\/02\/WhatsApp-Image-2019-02-12-at-11.33.33-8.jpeg 1600w\" sizes=\"(max-width: 296px) 100vw, 296px\" \/><\/a><\/p>\n<p>A riqueza da TerraSanta \u00e9 inesgot\u00e1vel! Que neste dia possamos agradecer ao Senhor por tudo o que Ele nos permite conhcer, viver e fazer.<\/p>\n<p>&nbsp;<\/p>\n<p>&nbsp;<\/p>\n<!-- AddThis Advanced Settings generic via filter on the_content --><!-- AddThis Share Buttons generic via filter on the_content -->","protected":false},"excerpt":{"rendered":"<p>A contru\u00e7\u00e3o de quase tr\u00eas mil anos se encontra sob o Monte do Templo. Padre Donizete Luiz Ribeiro, Superior Geral dos Religiosos de Si\u00e3o:&nbsp; &#8211; O T\u00fanel de Ezequias, por exemplo, volta-se ao s\u00e9culo VII, VIII antes de Cristo para&#8230;<!-- AddThis Advanced Settings generic via filter on get_the_excerpt --><!-- AddThis Share Buttons generic via filter on get_the_excerpt --><\/p>\n","protected":false},"author":4712,"featured_media":0,"comment_status":"open","ping_status":"open","sticky":false,"template":"","format":"standard","meta":{"_mi_skip_tracking":false,"_monsterinsights_sitenote_active":false,"_monsterinsights_sitenote_note":"","_monsterinsights_sitenote_category":0,"footnotes":""},"categories":[3131],"tags":[170155,8641,19542,165785,194677,24315,170152],"_links":{"self":[{"href":"https:\/\/blog.cancaonova.com\/terrasanta\/wp-json\/wp\/v2\/posts\/7724"}],"collection":[{"href":"https:\/\/blog.cancaonova.com\/terrasanta\/wp-json\/wp\/v2\/posts"}],"about":[{"href":"https:\/\/blog.cancaonova.com\/terrasanta\/wp-json\/wp\/v2\/types\/post"}],"author":[{"embeddable":true,"href":"https:\/\/blog.cancaonova.com\/terrasanta\/wp-json\/wp\/v2\/users\/4712"}],"replies":[{"embeddable":true,"href":"https:\/\/blog.cancaonova.com\/terrasanta\/wp-json\/wp\/v2\/comments?post=7724"}],"version-history":[{"count":3,"href":"https:\/\/blog.cancaonova.com\/terrasanta\/wp-json\/wp\/v2\/posts\/7724\/revisions"}],"predecessor-version":[{"id":7738,"href":"https:\/\/blog.cancaonova.com\/terrasanta\/wp-json\/wp\/v2\/posts\/7724\/revisions\/7738"}],"wp:attachment":[{"href":"https:\/\/blog.cancaonova.com\/terrasanta\/wp-json\/wp\/v2\/media?parent=7724"}],"wp:term":[{"taxonomy":"category","embeddable":true,"href":"https:\/\/blog.cancaonova.com\/terrasanta\/wp-json\/wp\/v2\/categories?post=7724"},{"taxonomy":"post_tag","embeddable":true,"href":"https:\/\/blog.cancaonova.com\/terrasanta\/wp-json\/wp\/v2\/tags?post=7724"}],"curies":[{"name":"wp","href":"https:\/\/api.w.org\/{rel}","templated":true}]}}