{"id":7775,"date":"2019-03-13T10:48:55","date_gmt":"2019-03-13T13:48:55","guid":{"rendered":"http:\/\/blog.cancaonova.com\/terrasanta\/?p=7775"},"modified":"2019-11-05T12:58:45","modified_gmt":"2019-11-05T14:58:45","slug":"santuario-de-sao-pedro-em-jaffa-na-cidade-de-tel-aviv","status":"publish","type":"post","link":"https:\/\/blog.cancaonova.com\/terrasanta\/2019\/03\/13\/santuario-de-sao-pedro-em-jaffa-na-cidade-de-tel-aviv\/","title":{"rendered":"Santu\u00e1rio de S\u00e3o Pedro em Jaffa, na cidade de Tel-Aviv"},"content":{"rendered":"<p>O Santu\u00e1rio de S\u00e3o Pedro em Jaffa, na cidade de Tel-Aviv, foi constru\u00edda em 1654 sobre uma fortaleza medieval. No s\u00e9culo XVIII, foi destruida duas vezes, e a atual estrutura \u00e9 de 1894.<\/p>\n<p>A torre da igreja de S\u00e3o Pedro, sobre o porto dos pescadores ao longo dos s\u00e9culos tem sido o farol para os peregrinos que viajam para a Terra Santa.<\/p>\n<p><a href=\"http:\/\/blog.cancaonova.com\/terrasanta\/files\/2019\/03\/WhatsApp-Image-2019-03-13-at-13.37.36-5.jpeg\"><img loading=\"lazy\" decoding=\"async\" class=\"alignnone  wp-image-7816\" src=\"http:\/\/blog.cancaonova.com\/terrasanta\/files\/2019\/03\/WhatsApp-Image-2019-03-13-at-13.37.36-5-225x300.jpeg\" alt=\"\" width=\"206\" height=\"275\" srcset=\"https:\/\/blog.cancaonova.com\/terrasanta\/files\/2019\/03\/WhatsApp-Image-2019-03-13-at-13.37.36-5-225x300.jpeg 225w, https:\/\/blog.cancaonova.com\/terrasanta\/files\/2019\/03\/WhatsApp-Image-2019-03-13-at-13.37.36-5-768x1024.jpeg 768w, https:\/\/blog.cancaonova.com\/terrasanta\/files\/2019\/03\/WhatsApp-Image-2019-03-13-at-13.37.36-5-150x200.jpeg 150w, https:\/\/blog.cancaonova.com\/terrasanta\/files\/2019\/03\/WhatsApp-Image-2019-03-13-at-13.37.36-5.jpeg 1200w\" sizes=\"(max-width: 206px) 100vw, 206px\" \/><\/a> <a href=\"http:\/\/blog.cancaonova.com\/terrasanta\/files\/2019\/03\/WhatsApp-Image-2019-03-13-at-13.37.36-1.jpeg\"><img loading=\"lazy\" decoding=\"async\" class=\"alignnone  wp-image-7812\" src=\"http:\/\/blog.cancaonova.com\/terrasanta\/files\/2019\/03\/WhatsApp-Image-2019-03-13-at-13.37.36-1-300x258.jpeg\" alt=\"\" width=\"319\" height=\"274\" srcset=\"https:\/\/blog.cancaonova.com\/terrasanta\/files\/2019\/03\/WhatsApp-Image-2019-03-13-at-13.37.36-1-300x258.jpeg 300w, https:\/\/blog.cancaonova.com\/terrasanta\/files\/2019\/03\/WhatsApp-Image-2019-03-13-at-13.37.36-1-768x660.jpeg 768w, https:\/\/blog.cancaonova.com\/terrasanta\/files\/2019\/03\/WhatsApp-Image-2019-03-13-at-13.37.36-1.jpeg 1600w\" sizes=\"(max-width: 319px) 100vw, 319px\" \/><\/a><\/p>\n<p>A tradi\u00e7\u00e3o b\u00edblica crist\u00e3 situa em Jaffa v\u00e1rios epis\u00f3dios do apostolado de Pedro: a ressurrei\u00e7\u00e3o de Tabitha, a hospitalidade Sim\u00e3o, o Curtidor, onde Pedro teve a celebre vis\u00e3o, a vis\u00e3o da toalha descendo do c\u00e9u, contendo todos os tipos de animais, puros e impuros .<\/p>\n<p><a href=\"http:\/\/blog.cancaonova.com\/terrasanta\/files\/2019\/03\/WhatsApp-Image-2019-03-13-at-13.37.36-7.jpeg\"><img loading=\"lazy\" decoding=\"async\" class=\"alignnone size-medium wp-image-7818\" src=\"http:\/\/blog.cancaonova.com\/terrasanta\/files\/2019\/03\/WhatsApp-Image-2019-03-13-at-13.37.36-7-300x225.jpeg\" alt=\"\" width=\"300\" height=\"225\" srcset=\"https:\/\/blog.cancaonova.com\/terrasanta\/files\/2019\/03\/WhatsApp-Image-2019-03-13-at-13.37.36-7-300x225.jpeg 300w, https:\/\/blog.cancaonova.com\/terrasanta\/files\/2019\/03\/WhatsApp-Image-2019-03-13-at-13.37.36-7-768x576.jpeg 768w, https:\/\/blog.cancaonova.com\/terrasanta\/files\/2019\/03\/WhatsApp-Image-2019-03-13-at-13.37.36-7.jpeg 1600w\" sizes=\"(max-width: 300px) 100vw, 300px\" \/><\/a> <a href=\"http:\/\/blog.cancaonova.com\/terrasanta\/files\/2019\/03\/WhatsApp-Image-2019-03-13-at-13.37.36-2.jpeg\"><img loading=\"lazy\" decoding=\"async\" class=\"alignnone size-medium wp-image-7813\" src=\"http:\/\/blog.cancaonova.com\/terrasanta\/files\/2019\/03\/WhatsApp-Image-2019-03-13-at-13.37.36-2-300x225.jpeg\" alt=\"\" width=\"300\" height=\"225\" srcset=\"https:\/\/blog.cancaonova.com\/terrasanta\/files\/2019\/03\/WhatsApp-Image-2019-03-13-at-13.37.36-2-300x225.jpeg 300w, https:\/\/blog.cancaonova.com\/terrasanta\/files\/2019\/03\/WhatsApp-Image-2019-03-13-at-13.37.36-2-768x576.jpeg 768w, https:\/\/blog.cancaonova.com\/terrasanta\/files\/2019\/03\/WhatsApp-Image-2019-03-13-at-13.37.36-2.jpeg 1600w\" sizes=\"(max-width: 300px) 100vw, 300px\" \/><\/a><\/p>\n<p>Daqui partiu para Cesar\u00e9ia para acolher na Igreja o centuri\u00e3o romano Corn\u00e9lio, que foi o primeiro entre os pag\u00e3os a se converter com toda a fam\u00edlia. De Jaffa o profeta Jonas partiu para T\u00e1rsis, e sobre esta mesma praia foi rejeitado pelos peixe, de acordo com a tradi\u00e7\u00e3o local.<\/p>\n<p><a href=\"http:\/\/blog.cancaonova.com\/terrasanta\/files\/2019\/03\/WhatsApp-Image-2019-03-13-at-13.37.36-4.jpeg\"><img loading=\"lazy\" decoding=\"async\" class=\"alignnone size-medium wp-image-7815\" src=\"http:\/\/blog.cancaonova.com\/terrasanta\/files\/2019\/03\/WhatsApp-Image-2019-03-13-at-13.37.36-4-300x225.jpeg\" alt=\"\" width=\"300\" height=\"225\" srcset=\"https:\/\/blog.cancaonova.com\/terrasanta\/files\/2019\/03\/WhatsApp-Image-2019-03-13-at-13.37.36-4-300x225.jpeg 300w, https:\/\/blog.cancaonova.com\/terrasanta\/files\/2019\/03\/WhatsApp-Image-2019-03-13-at-13.37.36-4-768x576.jpeg 768w, https:\/\/blog.cancaonova.com\/terrasanta\/files\/2019\/03\/WhatsApp-Image-2019-03-13-at-13.37.36-4.jpeg 1600w\" sizes=\"(max-width: 300px) 100vw, 300px\" \/><\/a> <a href=\"http:\/\/blog.cancaonova.com\/terrasanta\/files\/2019\/03\/WhatsApp-Image-2019-03-13-at-13.37.36-3.jpeg\"><img loading=\"lazy\" decoding=\"async\" class=\"alignnone size-medium wp-image-7814\" src=\"http:\/\/blog.cancaonova.com\/terrasanta\/files\/2019\/03\/WhatsApp-Image-2019-03-13-at-13.37.36-3-300x225.jpeg\" alt=\"\" width=\"300\" height=\"225\" srcset=\"https:\/\/blog.cancaonova.com\/terrasanta\/files\/2019\/03\/WhatsApp-Image-2019-03-13-at-13.37.36-3-300x225.jpeg 300w, https:\/\/blog.cancaonova.com\/terrasanta\/files\/2019\/03\/WhatsApp-Image-2019-03-13-at-13.37.36-3-768x576.jpeg 768w, https:\/\/blog.cancaonova.com\/terrasanta\/files\/2019\/03\/WhatsApp-Image-2019-03-13-at-13.37.36-3.jpeg 1600w\" sizes=\"(max-width: 300px) 100vw, 300px\" \/><\/a><\/p>\n<p>Na igreja \u00e9 poss\u00edvel admirar os belos vitrais, feitos em M\u00f4naco da Baviera o p\u00falpito de madeira todo esculpido, e no quadro do pintor catal\u00e3o Talarn a Ribot, acima do altar principal, a vis\u00e3o de S\u00e3o Pedro.<\/p>\n<p>&nbsp;<\/p>\n<!-- AddThis Advanced Settings generic via filter on the_content --><!-- AddThis Share Buttons generic via filter on the_content -->","protected":false},"excerpt":{"rendered":"<p>O Santu\u00e1rio de S\u00e3o Pedro em Jaffa, na cidade de Tel-Aviv, foi constru\u00edda em 1654 sobre uma fortaleza medieval. No s\u00e9culo XVIII, foi destruida duas vezes, e a atual estrutura \u00e9 de 1894. A torre da igreja de S\u00e3o Pedro,&#8230;<!-- AddThis Advanced Settings generic via filter on get_the_excerpt --><!-- AddThis Share Buttons generic via filter on get_the_excerpt --><\/p>\n","protected":false},"author":4712,"featured_media":0,"comment_status":"open","ping_status":"open","sticky":false,"template":"","format":"standard","meta":{"_mi_skip_tracking":false,"_monsterinsights_sitenote_active":false,"_monsterinsights_sitenote_note":"","_monsterinsights_sitenote_category":0,"footnotes":""},"categories":[3131],"tags":[],"_links":{"self":[{"href":"https:\/\/blog.cancaonova.com\/terrasanta\/wp-json\/wp\/v2\/posts\/7775"}],"collection":[{"href":"https:\/\/blog.cancaonova.com\/terrasanta\/wp-json\/wp\/v2\/posts"}],"about":[{"href":"https:\/\/blog.cancaonova.com\/terrasanta\/wp-json\/wp\/v2\/types\/post"}],"author":[{"embeddable":true,"href":"https:\/\/blog.cancaonova.com\/terrasanta\/wp-json\/wp\/v2\/users\/4712"}],"replies":[{"embeddable":true,"href":"https:\/\/blog.cancaonova.com\/terrasanta\/wp-json\/wp\/v2\/comments?post=7775"}],"version-history":[{"count":2,"href":"https:\/\/blog.cancaonova.com\/terrasanta\/wp-json\/wp\/v2\/posts\/7775\/revisions"}],"predecessor-version":[{"id":7821,"href":"https:\/\/blog.cancaonova.com\/terrasanta\/wp-json\/wp\/v2\/posts\/7775\/revisions\/7821"}],"wp:attachment":[{"href":"https:\/\/blog.cancaonova.com\/terrasanta\/wp-json\/wp\/v2\/media?parent=7775"}],"wp:term":[{"taxonomy":"category","embeddable":true,"href":"https:\/\/blog.cancaonova.com\/terrasanta\/wp-json\/wp\/v2\/categories?post=7775"},{"taxonomy":"post_tag","embeddable":true,"href":"https:\/\/blog.cancaonova.com\/terrasanta\/wp-json\/wp\/v2\/tags?post=7775"}],"curies":[{"name":"wp","href":"https:\/\/api.w.org\/{rel}","templated":true}]}}