{"id":7777,"date":"2019-03-21T06:00:23","date_gmt":"2019-03-21T09:00:23","guid":{"rendered":"http:\/\/blog.cancaonova.com\/terrasanta\/?p=7777"},"modified":"2019-11-05T12:58:33","modified_gmt":"2019-11-05T14:58:33","slug":"beit-assalam-casa-da-paz","status":"publish","type":"post","link":"https:\/\/blog.cancaonova.com\/terrasanta\/2019\/03\/21\/beit-assalam-casa-da-paz\/","title":{"rendered":"Beit Assalam, Casa da Paz"},"content":{"rendered":"<p>Um lugar para encontrar o Senhor&#8230;<\/p>\n<p><a href=\"http:\/\/blog.cancaonova.com\/terrasanta\/files\/2019\/02\/20170115_140549.jpg\"><img loading=\"lazy\" decoding=\"async\" class=\"alignnone size-medium wp-image-7778\" src=\"http:\/\/blog.cancaonova.com\/terrasanta\/files\/2019\/02\/20170115_140549-300x169.jpg\" alt=\"\" width=\"300\" height=\"169\" srcset=\"https:\/\/blog.cancaonova.com\/terrasanta\/files\/2019\/02\/20170115_140549-300x169.jpg 300w, https:\/\/blog.cancaonova.com\/terrasanta\/files\/2019\/02\/20170115_140549-768x432.jpg 768w, https:\/\/blog.cancaonova.com\/terrasanta\/files\/2019\/02\/20170115_140549-384x216.jpg 384w, https:\/\/blog.cancaonova.com\/terrasanta\/files\/2019\/02\/20170115_140549-512x288.jpg 512w, https:\/\/blog.cancaonova.com\/terrasanta\/files\/2019\/02\/20170115_140549-1024x576.jpg 1024w, https:\/\/blog.cancaonova.com\/terrasanta\/files\/2019\/02\/20170115_140549-1536x864.jpg 1536w\" sizes=\"(max-width: 300px) 100vw, 300px\" \/>&nbsp;&nbsp;<\/a><\/p>\n<p><a href=\"http:\/\/blog.cancaonova.com\/terrasanta\/files\/2019\/02\/IMG_20180608_180608.jpg\"><img loading=\"lazy\" decoding=\"async\" class=\"size-medium wp-image-7779\" src=\"http:\/\/blog.cancaonova.com\/terrasanta\/files\/2019\/02\/IMG_20180608_180608-300x188.jpg\" alt=\"\" width=\"300\" height=\"188\" srcset=\"https:\/\/blog.cancaonova.com\/terrasanta\/files\/2019\/02\/IMG_20180608_180608-300x188.jpg 300w, https:\/\/blog.cancaonova.com\/terrasanta\/files\/2019\/02\/IMG_20180608_180608-768x482.jpg 768w\" sizes=\"(max-width: 300px) 100vw, 300px\" \/><\/a><\/p>\n<p>Uma acolhedora capela onde os Mission\u00e1rios da Caridade Contemplativos realizam diariamente suas ora\u00e7\u00f5es. Um local de adora\u00e7\u00e3o cont\u00ednua ao Sant\u00edssimo Sacramento e aberto a todos, sejam os crist\u00e3os locais ou visitantes.&nbsp;<\/p>\n<p><a href=\"http:\/\/blog.cancaonova.com\/terrasanta\/files\/2019\/02\/WhatsApp-Image-2019-02-22-at-14.38.20-2.jpeg\"><img loading=\"lazy\" decoding=\"async\" class=\"alignnone size-medium wp-image-7781\" src=\"http:\/\/blog.cancaonova.com\/terrasanta\/files\/2019\/02\/WhatsApp-Image-2019-02-22-at-14.38.20-2-225x300.jpeg\" alt=\"\" width=\"225\" height=\"300\" srcset=\"https:\/\/blog.cancaonova.com\/terrasanta\/files\/2019\/02\/WhatsApp-Image-2019-02-22-at-14.38.20-2-225x300.jpeg 225w, https:\/\/blog.cancaonova.com\/terrasanta\/files\/2019\/02\/WhatsApp-Image-2019-02-22-at-14.38.20-2-768x1024.jpeg 768w, https:\/\/blog.cancaonova.com\/terrasanta\/files\/2019\/02\/WhatsApp-Image-2019-02-22-at-14.38.20-2-150x200.jpeg 150w, https:\/\/blog.cancaonova.com\/terrasanta\/files\/2019\/02\/WhatsApp-Image-2019-02-22-at-14.38.20-2.jpeg 1200w\" sizes=\"(max-width: 225px) 100vw, 225px\" \/><\/a> <a href=\"http:\/\/blog.cancaonova.com\/terrasanta\/files\/2019\/02\/WhatsApp-Image-2019-02-22-at-14.38.20.jpeg\"><img loading=\"lazy\" decoding=\"async\" class=\"alignnone size-medium wp-image-7783\" src=\"http:\/\/blog.cancaonova.com\/terrasanta\/files\/2019\/02\/WhatsApp-Image-2019-02-22-at-14.38.20-225x300.jpeg\" alt=\"\" width=\"225\" height=\"300\" srcset=\"https:\/\/blog.cancaonova.com\/terrasanta\/files\/2019\/02\/WhatsApp-Image-2019-02-22-at-14.38.20-225x300.jpeg 225w, https:\/\/blog.cancaonova.com\/terrasanta\/files\/2019\/02\/WhatsApp-Image-2019-02-22-at-14.38.20-768x1024.jpeg 768w, https:\/\/blog.cancaonova.com\/terrasanta\/files\/2019\/02\/WhatsApp-Image-2019-02-22-at-14.38.20-150x200.jpeg 150w, https:\/\/blog.cancaonova.com\/terrasanta\/files\/2019\/02\/WhatsApp-Image-2019-02-22-at-14.38.20.jpeg 1200w\" sizes=\"(max-width: 225px) 100vw, 225px\" \/><\/a>&nbsp;<\/p>\n<p>Na cidade de Nazar\u00e9, este \u00e9 um dos locais de sil\u00eancio e quietude como indica o nome da casa, \u201cBeit Assalam\u201d do \u00e1rabe ou Beit Shalom do hebraico, que significa \u201cCasa da Paz\u201d.<\/p>\n<p>A congrega\u00e7\u00e3o, fundada em Roma, em 1979, por Santa Teresa de Calcut\u00e1 e Padre Sebastian Vazhakala, faz parte dos ramos religiosos iniciados pela santa.<\/p>\n<p>Uma vida marcada pela ora\u00e7\u00e3o, penit\u00eancia e obras de miseric\u00f3rdia, em especial o servi\u00e7o gratuito e sincero aos mais pobres dos pobres.<\/p>\n<p>Em Nazar\u00e9, o ramo contemplativo masculino existe desde 2010. \u00c9 uma casa de forma\u00e7\u00e3o onde os religiosos se preparam para os votos perp\u00e9tuos. Eles convivem com outros carismas presentes na cidade, realizam visitas a enfermos em casas e hospitais, al\u00e9m de atividades na Liturgia e celebra\u00e7\u00f5es da Bas\u00edlica da Anuncia\u00e7\u00e3o.<\/p>\n<!-- AddThis Advanced Settings generic via filter on the_content --><!-- AddThis Share Buttons generic via filter on the_content -->","protected":false},"excerpt":{"rendered":"<p>Um lugar para encontrar o Senhor&#8230; &nbsp;&nbsp; Uma acolhedora capela onde os Mission\u00e1rios da Caridade Contemplativos realizam diariamente suas ora\u00e7\u00f5es. Um local de adora\u00e7\u00e3o cont\u00ednua ao Sant\u00edssimo Sacramento e aberto a todos, sejam os crist\u00e3os locais ou visitantes.&nbsp; &nbsp; Na&#8230;<!-- AddThis Advanced Settings generic via filter on get_the_excerpt --><!-- AddThis Share Buttons generic via filter on get_the_excerpt --><\/p>\n","protected":false},"author":4712,"featured_media":0,"comment_status":"open","ping_status":"open","sticky":false,"template":"","format":"standard","meta":{"_mi_skip_tracking":false,"_monsterinsights_sitenote_active":false,"_monsterinsights_sitenote_note":"","_monsterinsights_sitenote_category":0,"footnotes":""},"categories":[3131],"tags":[194684,194685,170155,17724,261,191481],"_links":{"self":[{"href":"https:\/\/blog.cancaonova.com\/terrasanta\/wp-json\/wp\/v2\/posts\/7777"}],"collection":[{"href":"https:\/\/blog.cancaonova.com\/terrasanta\/wp-json\/wp\/v2\/posts"}],"about":[{"href":"https:\/\/blog.cancaonova.com\/terrasanta\/wp-json\/wp\/v2\/types\/post"}],"author":[{"embeddable":true,"href":"https:\/\/blog.cancaonova.com\/terrasanta\/wp-json\/wp\/v2\/users\/4712"}],"replies":[{"embeddable":true,"href":"https:\/\/blog.cancaonova.com\/terrasanta\/wp-json\/wp\/v2\/comments?post=7777"}],"version-history":[{"count":2,"href":"https:\/\/blog.cancaonova.com\/terrasanta\/wp-json\/wp\/v2\/posts\/7777\/revisions"}],"predecessor-version":[{"id":7823,"href":"https:\/\/blog.cancaonova.com\/terrasanta\/wp-json\/wp\/v2\/posts\/7777\/revisions\/7823"}],"wp:attachment":[{"href":"https:\/\/blog.cancaonova.com\/terrasanta\/wp-json\/wp\/v2\/media?parent=7777"}],"wp:term":[{"taxonomy":"category","embeddable":true,"href":"https:\/\/blog.cancaonova.com\/terrasanta\/wp-json\/wp\/v2\/categories?post=7777"},{"taxonomy":"post_tag","embeddable":true,"href":"https:\/\/blog.cancaonova.com\/terrasanta\/wp-json\/wp\/v2\/tags?post=7777"}],"curies":[{"name":"wp","href":"https:\/\/api.w.org\/{rel}","templated":true}]}}