{"id":7786,"date":"2019-03-04T05:57:15","date_gmt":"2019-03-04T08:57:15","guid":{"rendered":"http:\/\/blog.cancaonova.com\/terrasanta\/?p=7786"},"modified":"2019-11-05T11:58:54","modified_gmt":"2019-11-05T14:58:54","slug":"simone-srugi-salesiano-da-terra-santa-testemunho-de-santidade-na-vida-cotidiana","status":"publish","type":"post","link":"https:\/\/blog.cancaonova.com\/terrasanta\/2019\/03\/04\/simone-srugi-salesiano-da-terra-santa-testemunho-de-santidade-na-vida-cotidiana\/","title":{"rendered":"Simone Srugi, salesiano da Terra Santa - testemunho de santidade na vida cotidiana"},"content":{"rendered":"<p>\u201cPode vir alguma coisa boa de Nazar\u00e9?\u201d, diz um dos vers\u00edculos b\u00edblicos do Evangelho de Jo\u00e3o. Os fatos comprovaram que sim. O messias era nazareno, a Sagrada Fam\u00edlia viveu nesta pequena cidade da Galileia&#8230; mas n\u00e3o somente! H\u00e1 pouco mais de 140 anos, em Nazar\u00e9, nascia um certo Simone Srugi!<\/p>\n<p><a href=\"http:\/\/blog.cancaonova.com\/terrasanta\/files\/2019\/03\/WhatsApp-Image-2019-03-01-at-11.36.50.jpeg\"><img loading=\"lazy\" decoding=\"async\" class=\"alignnone size-medium wp-image-7796\" src=\"http:\/\/blog.cancaonova.com\/terrasanta\/files\/2019\/03\/WhatsApp-Image-2019-03-01-at-11.36.50-300x225.jpeg\" alt=\"\" width=\"300\" height=\"225\" srcset=\"https:\/\/blog.cancaonova.com\/terrasanta\/files\/2019\/03\/WhatsApp-Image-2019-03-01-at-11.36.50-300x225.jpeg 300w, https:\/\/blog.cancaonova.com\/terrasanta\/files\/2019\/03\/WhatsApp-Image-2019-03-01-at-11.36.50-768x576.jpeg 768w, https:\/\/blog.cancaonova.com\/terrasanta\/files\/2019\/03\/WhatsApp-Image-2019-03-01-at-11.36.50.jpeg 1600w\" sizes=\"(max-width: 300px) 100vw, 300px\" \/><\/a> <a href=\"http:\/\/blog.cancaonova.com\/terrasanta\/files\/2019\/03\/WhatsApp-Image-2019-03-01-at-11.36.50-1.jpeg\"><img loading=\"lazy\" decoding=\"async\" class=\"alignnone size-medium wp-image-7795\" src=\"http:\/\/blog.cancaonova.com\/terrasanta\/files\/2019\/03\/WhatsApp-Image-2019-03-01-at-11.36.50-1-300x225.jpeg\" alt=\"\" width=\"300\" height=\"225\" srcset=\"https:\/\/blog.cancaonova.com\/terrasanta\/files\/2019\/03\/WhatsApp-Image-2019-03-01-at-11.36.50-1-300x225.jpeg 300w, https:\/\/blog.cancaonova.com\/terrasanta\/files\/2019\/03\/WhatsApp-Image-2019-03-01-at-11.36.50-1-768x576.jpeg 768w, https:\/\/blog.cancaonova.com\/terrasanta\/files\/2019\/03\/WhatsApp-Image-2019-03-01-at-11.36.50-1.jpeg 1600w\" sizes=\"(max-width: 300px) 100vw, 300px\" \/><\/a><\/p>\n<p>&nbsp;Nascido em Nazar\u00e9, o vener\u00e1vel Simone Srugi, dedicou sua vida ao amor ao pr\u00f3ximo encarnando a espiritualidade de leigo salesiano.<\/p>\n<p>&nbsp;Cat\u00f3lico de rito greco-melquita e maronita, foi batizado e crismado nesta capela que era a Sinagoga do Tempo de Jesus, perto da Bas\u00edlica da Anuncia\u00e7\u00e3o! N\u00e3o longe dali, est\u00e3o as ru\u00ednas da casa onde viveu com sua fam\u00edlia.<\/p>\n<p><a href=\"http:\/\/blog.cancaonova.com\/terrasanta\/files\/2019\/03\/IMG_2932.jpg\"><img loading=\"lazy\" decoding=\"async\" class=\"alignnone size-medium wp-image-7808\" src=\"http:\/\/blog.cancaonova.com\/terrasanta\/files\/2019\/03\/IMG_2932-300x225.jpg\" alt=\"\" width=\"300\" height=\"225\" srcset=\"https:\/\/blog.cancaonova.com\/terrasanta\/files\/2019\/03\/IMG_2932-300x225.jpg 300w, https:\/\/blog.cancaonova.com\/terrasanta\/files\/2019\/03\/IMG_2932-768x576.jpg 768w, https:\/\/blog.cancaonova.com\/terrasanta\/files\/2019\/03\/IMG_2932.jpg 1632w\" sizes=\"(max-width: 300px) 100vw, 300px\" \/><\/a> <a href=\"http:\/\/blog.cancaonova.com\/terrasanta\/files\/2019\/03\/IMG_2922.jpg\"><img loading=\"lazy\" decoding=\"async\" class=\"alignnone size-medium wp-image-7807\" src=\"http:\/\/blog.cancaonova.com\/terrasanta\/files\/2019\/03\/IMG_2922-300x225.jpg\" alt=\"\" width=\"300\" height=\"225\" srcset=\"https:\/\/blog.cancaonova.com\/terrasanta\/files\/2019\/03\/IMG_2922-300x225.jpg 300w, https:\/\/blog.cancaonova.com\/terrasanta\/files\/2019\/03\/IMG_2922-768x576.jpg 768w, https:\/\/blog.cancaonova.com\/terrasanta\/files\/2019\/03\/IMG_2922.jpg 1632w\" sizes=\"(max-width: 300px) 100vw, 300px\" \/><\/a><\/p>\n<p>&nbsp;<\/p>\n<p>Igreja Melquita<\/p>\n<p><a href=\"http:\/\/blog.cancaonova.com\/terrasanta\/files\/2019\/03\/WhatsApp-Image-2019-03-01-at-11.42.23-3.jpeg\"><img loading=\"lazy\" decoding=\"async\" class=\"alignnone size-medium wp-image-7799\" src=\"http:\/\/blog.cancaonova.com\/terrasanta\/files\/2019\/03\/WhatsApp-Image-2019-03-01-at-11.42.23-3-300x225.jpeg\" alt=\"\" width=\"300\" height=\"225\" srcset=\"https:\/\/blog.cancaonova.com\/terrasanta\/files\/2019\/03\/WhatsApp-Image-2019-03-01-at-11.42.23-3-300x225.jpeg 300w, https:\/\/blog.cancaonova.com\/terrasanta\/files\/2019\/03\/WhatsApp-Image-2019-03-01-at-11.42.23-3-768x576.jpeg 768w, https:\/\/blog.cancaonova.com\/terrasanta\/files\/2019\/03\/WhatsApp-Image-2019-03-01-at-11.42.23-3.jpeg 1600w\" sizes=\"(max-width: 300px) 100vw, 300px\" \/><\/a> <a href=\"http:\/\/blog.cancaonova.com\/terrasanta\/files\/2019\/03\/WhatsApp-Image-2019-03-01-at-11.42.23-2.jpeg\"><img loading=\"lazy\" decoding=\"async\" class=\"alignnone size-medium wp-image-7798\" src=\"http:\/\/blog.cancaonova.com\/terrasanta\/files\/2019\/03\/WhatsApp-Image-2019-03-01-at-11.42.23-2-300x225.jpeg\" alt=\"\" width=\"300\" height=\"225\" srcset=\"https:\/\/blog.cancaonova.com\/terrasanta\/files\/2019\/03\/WhatsApp-Image-2019-03-01-at-11.42.23-2-300x225.jpeg 300w, https:\/\/blog.cancaonova.com\/terrasanta\/files\/2019\/03\/WhatsApp-Image-2019-03-01-at-11.42.23-2-768x576.jpeg 768w, https:\/\/blog.cancaonova.com\/terrasanta\/files\/2019\/03\/WhatsApp-Image-2019-03-01-at-11.42.23-2.jpeg 1600w\" sizes=\"(max-width: 300px) 100vw, 300px\" \/><\/a><\/p>\n<p>Senagoga<\/p>\n<p><a href=\"http:\/\/blog.cancaonova.com\/terrasanta\/files\/2019\/03\/WhatsApp-Image-2019-03-01-at-11.42.23.jpeg\"><img loading=\"lazy\" decoding=\"async\" class=\"alignnone size-medium wp-image-7800\" src=\"http:\/\/blog.cancaonova.com\/terrasanta\/files\/2019\/03\/WhatsApp-Image-2019-03-01-at-11.42.23-300x225.jpeg\" alt=\"\" width=\"300\" height=\"225\" srcset=\"https:\/\/blog.cancaonova.com\/terrasanta\/files\/2019\/03\/WhatsApp-Image-2019-03-01-at-11.42.23-300x225.jpeg 300w, https:\/\/blog.cancaonova.com\/terrasanta\/files\/2019\/03\/WhatsApp-Image-2019-03-01-at-11.42.23-768x576.jpeg 768w, https:\/\/blog.cancaonova.com\/terrasanta\/files\/2019\/03\/WhatsApp-Image-2019-03-01-at-11.42.23.jpeg 1600w\" sizes=\"(max-width: 300px) 100vw, 300px\" \/><\/a> <a href=\"http:\/\/blog.cancaonova.com\/terrasanta\/files\/2019\/03\/WhatsApp-Image-2019-03-01-at-11.42.23-1.jpeg\"><img loading=\"lazy\" decoding=\"async\" class=\"alignnone size-medium wp-image-7797\" src=\"http:\/\/blog.cancaonova.com\/terrasanta\/files\/2019\/03\/WhatsApp-Image-2019-03-01-at-11.42.23-1-300x225.jpeg\" alt=\"\" width=\"300\" height=\"225\" srcset=\"https:\/\/blog.cancaonova.com\/terrasanta\/files\/2019\/03\/WhatsApp-Image-2019-03-01-at-11.42.23-1-300x225.jpeg 300w, https:\/\/blog.cancaonova.com\/terrasanta\/files\/2019\/03\/WhatsApp-Image-2019-03-01-at-11.42.23-1-768x576.jpeg 768w, https:\/\/blog.cancaonova.com\/terrasanta\/files\/2019\/03\/WhatsApp-Image-2019-03-01-at-11.42.23-1.jpeg 1600w\" sizes=\"(max-width: 300px) 100vw, 300px\" \/><\/a><\/p>\n<p>&nbsp;Cedo, perdeu seus pais e, aos 11 anos, foi encaminhado para o Orfanato dirigido por Padre Ant\u00f4nio Belloni, fundador dos Irm\u00e3os da Sagrada Fam\u00edlia, em Bel\u00e9m. Obra que mais tarde, se tornou Salesiana.<\/p>\n<p><a href=\"http:\/\/blog.cancaonova.com\/terrasanta\/files\/2019\/03\/WhatsApp-Image-2019-03-01-at-11.31.02.jpeg\"><img loading=\"lazy\" decoding=\"async\" class=\"alignnone size-medium wp-image-7794\" src=\"http:\/\/blog.cancaonova.com\/terrasanta\/files\/2019\/03\/WhatsApp-Image-2019-03-01-at-11.31.02-300x225.jpeg\" alt=\"\" width=\"300\" height=\"225\" srcset=\"https:\/\/blog.cancaonova.com\/terrasanta\/files\/2019\/03\/WhatsApp-Image-2019-03-01-at-11.31.02-300x225.jpeg 300w, https:\/\/blog.cancaonova.com\/terrasanta\/files\/2019\/03\/WhatsApp-Image-2019-03-01-at-11.31.02-768x576.jpeg 768w, https:\/\/blog.cancaonova.com\/terrasanta\/files\/2019\/03\/WhatsApp-Image-2019-03-01-at-11.31.02.jpeg 1600w\" sizes=\"(max-width: 300px) 100vw, 300px\" \/><\/a> <a href=\"http:\/\/blog.cancaonova.com\/terrasanta\/files\/2019\/03\/WhatsApp-Image-2019-03-01-at-11.31.02-2.jpeg\"><img loading=\"lazy\" decoding=\"async\" class=\"alignnone size-medium wp-image-7787\" src=\"http:\/\/blog.cancaonova.com\/terrasanta\/files\/2019\/03\/WhatsApp-Image-2019-03-01-at-11.31.02-2-300x225.jpeg\" alt=\"\" width=\"300\" height=\"225\" srcset=\"https:\/\/blog.cancaonova.com\/terrasanta\/files\/2019\/03\/WhatsApp-Image-2019-03-01-at-11.31.02-2-300x225.jpeg 300w, https:\/\/blog.cancaonova.com\/terrasanta\/files\/2019\/03\/WhatsApp-Image-2019-03-01-at-11.31.02-2-768x576.jpeg 768w, https:\/\/blog.cancaonova.com\/terrasanta\/files\/2019\/03\/WhatsApp-Image-2019-03-01-at-11.31.02-2.jpeg 1600w\" sizes=\"(max-width: 300px) 100vw, 300px\" \/><\/a><\/p>\n<p>&nbsp;Todos os dias, Srugi percorria estas ruas at\u00e9 chegar a Gruta da Natividade, onde com os outros \u00f3rf\u00e3os, rezava pelos benfeitores salesianos&#8230; E descobriu um grande tesouro!<\/p>\n<p>&nbsp;<a href=\"http:\/\/blog.cancaonova.com\/terrasanta\/files\/2019\/03\/WhatsApp-Image-2019-03-01-at-11.53.15.jpeg\"><img loading=\"lazy\" decoding=\"async\" class=\"alignnone wp-image-7804\" src=\"http:\/\/blog.cancaonova.com\/terrasanta\/files\/2019\/03\/WhatsApp-Image-2019-03-01-at-11.53.15-300x147.jpeg\" alt=\"\" width=\"423\" height=\"207\" srcset=\"https:\/\/blog.cancaonova.com\/terrasanta\/files\/2019\/03\/WhatsApp-Image-2019-03-01-at-11.53.15-300x147.jpeg 300w, https:\/\/blog.cancaonova.com\/terrasanta\/files\/2019\/03\/WhatsApp-Image-2019-03-01-at-11.53.15-768x377.jpeg 768w, https:\/\/blog.cancaonova.com\/terrasanta\/files\/2019\/03\/WhatsApp-Image-2019-03-01-at-11.53.15.jpeg 1600w\" sizes=\"(max-width: 423px) 100vw, 423px\" \/>&nbsp;<\/a><a href=\"http:\/\/blog.cancaonova.com\/terrasanta\/files\/2019\/03\/WhatsApp-Image-2019-03-01-at-11.58.20.jpeg\"><img loading=\"lazy\" decoding=\"async\" class=\"alignnone wp-image-7803\" src=\"http:\/\/blog.cancaonova.com\/terrasanta\/files\/2019\/03\/WhatsApp-Image-2019-03-01-at-11.58.20-300x225.jpeg\" alt=\"\" width=\"276\" height=\"206\" srcset=\"https:\/\/blog.cancaonova.com\/terrasanta\/files\/2019\/03\/WhatsApp-Image-2019-03-01-at-11.58.20-300x225.jpeg 300w, https:\/\/blog.cancaonova.com\/terrasanta\/files\/2019\/03\/WhatsApp-Image-2019-03-01-at-11.58.20-768x576.jpeg 768w, https:\/\/blog.cancaonova.com\/terrasanta\/files\/2019\/03\/WhatsApp-Image-2019-03-01-at-11.58.20.jpeg 1600w\" sizes=\"(max-width: 276px) 100vw, 276px\" \/><\/a><a href=\"http:\/\/blog.cancaonova.com\/terrasanta\/files\/2019\/03\/WhatsApp-Image-2019-03-01-at-11.53.15.jpeg\">&nbsp;<\/a><\/p>\n<p>&nbsp;<\/p>\n<p>&nbsp;Visitamos este lugar onde, al\u00e9m de respirar a atmosfera do carisma fundado por Dom Bosco, conhecemos detalhes da hist\u00f3ria&nbsp; deste homem que, na vida cotidiana, viveu a santidade.<\/p>\n<p>&nbsp;Morreu em 1943 mas sua mem\u00f3ria permaneceu viva tanto que em 1966, foi declarado Servo de Deus e 50 anos depois de sua morte, foi declarado Vener\u00e1vel por Papa Jo\u00e3o Paulo II.<\/p>\n<p>&nbsp;<\/p>\n<p><strong>Padre GIANNI CAPUTA, sdb &#8211;&nbsp;Vice-postulador Simone Srugi nos diz:<\/strong><\/p>\n<p>\u201cO que ele aprendeu aqui? Sobretudo a devo\u00e7\u00e3o ao Sagrado Cora\u00e7\u00e3o. A devo\u00e7\u00e3o, depois, a S\u00e3o Jos\u00e9 e \u00e0 Nossa Senhora pois a congrega\u00e7\u00e3o de Padre Beloni tinha o t\u00edtulo da Sagrada Fam\u00edlia. Isso era tudo de que precisava um jovem&#8230; \u00f3rf\u00e3o, muito sens\u00edvel, zeloso, atento. Aqui aprendeu 3 profiss\u00f5es: panificador, alfaiate e enfermeiro\u201d.<\/p>\n<p>\u201cAli, naturalmente, foi conquistado pelo amor do Menino Jesus. V\u00ea-lo assim pequeno, humilde, o inspirou, certamente, em sua espiritualidade caracterizada por humildade, simplicidade e pobreza. De Deus se fez pobre, humilde, sofredor, se afrontou o ex\u00edlio, indo para o Egito, eu devo imit\u00e1-lo nestas suas virtudes\u201d.<\/p>\n<p><a href=\"http:\/\/blog.cancaonova.com\/terrasanta\/files\/2019\/03\/WhatsApp-Image-2019-03-01-at-11.31.02-3.jpeg\"><img loading=\"lazy\" decoding=\"async\" class=\"alignnone wp-image-7788\" src=\"http:\/\/blog.cancaonova.com\/terrasanta\/files\/2019\/03\/WhatsApp-Image-2019-03-01-at-11.31.02-3-300x225.jpeg\" alt=\"\" width=\"370\" height=\"277\" srcset=\"https:\/\/blog.cancaonova.com\/terrasanta\/files\/2019\/03\/WhatsApp-Image-2019-03-01-at-11.31.02-3-300x225.jpeg 300w, https:\/\/blog.cancaonova.com\/terrasanta\/files\/2019\/03\/WhatsApp-Image-2019-03-01-at-11.31.02-3-768x576.jpeg 768w, https:\/\/blog.cancaonova.com\/terrasanta\/files\/2019\/03\/WhatsApp-Image-2019-03-01-at-11.31.02-3.jpeg 1600w\" sizes=\"(max-width: 370px) 100vw, 370px\" \/><\/a> <a href=\"http:\/\/blog.cancaonova.com\/terrasanta\/files\/2019\/03\/WhatsApp-Image-2019-03-01-at-11.31.02-4.jpeg\"><img loading=\"lazy\" decoding=\"async\" class=\"alignnone wp-image-7789\" src=\"http:\/\/blog.cancaonova.com\/terrasanta\/files\/2019\/03\/WhatsApp-Image-2019-03-01-at-11.31.02-4-225x300.jpeg\" alt=\"\" width=\"208\" height=\"277\" srcset=\"https:\/\/blog.cancaonova.com\/terrasanta\/files\/2019\/03\/WhatsApp-Image-2019-03-01-at-11.31.02-4-225x300.jpeg 225w, https:\/\/blog.cancaonova.com\/terrasanta\/files\/2019\/03\/WhatsApp-Image-2019-03-01-at-11.31.02-4-768x1024.jpeg 768w, https:\/\/blog.cancaonova.com\/terrasanta\/files\/2019\/03\/WhatsApp-Image-2019-03-01-at-11.31.02-4-150x200.jpeg 150w, https:\/\/blog.cancaonova.com\/terrasanta\/files\/2019\/03\/WhatsApp-Image-2019-03-01-at-11.31.02-4.jpeg 1200w\" sizes=\"(max-width: 208px) 100vw, 208px\" \/><\/a><\/p>\n<p>&nbsp;A expectativa, agora, \u00e9 para que ele seja elevado aos altares. Para isso \u00e9 necess\u00e1ria a comprova\u00e7\u00e3o de um milagre!<\/p>\n<p><strong>Padre LORENZO SAGGIOTTO, sdb &#8211;&nbsp;<\/strong><strong>Diretor da Escola Salesiana Jesus Adolescente de Nazar\u00e9 nos diz:<\/strong><\/p>\n<p>&nbsp;\u201cQuem sentir necessidade de sua presen\u00e7a, de sua intercess\u00e3o que o invoque porque ele deu sua vida pelos outros e consequentemente entende as necessidades e preocupa\u00e7\u00f5es de tantas pessoas que se encontram em situa\u00e7\u00e3o de pobreza ou enfermas\u201d.<\/p>\n<p>&nbsp;<\/p>\n<p><a href=\"http:\/\/blog.cancaonova.com\/terrasanta\/files\/2019\/03\/WhatsApp-Image-2019-03-01-at-11.31.02-10.jpeg\"><img loading=\"lazy\" decoding=\"async\" class=\"alignnone wp-image-7792\" src=\"http:\/\/blog.cancaonova.com\/terrasanta\/files\/2019\/03\/WhatsApp-Image-2019-03-01-at-11.31.02-10-300x225.jpeg\" alt=\"\" width=\"351\" height=\"263\" srcset=\"https:\/\/blog.cancaonova.com\/terrasanta\/files\/2019\/03\/WhatsApp-Image-2019-03-01-at-11.31.02-10-300x225.jpeg 300w, https:\/\/blog.cancaonova.com\/terrasanta\/files\/2019\/03\/WhatsApp-Image-2019-03-01-at-11.31.02-10-768x576.jpeg 768w, https:\/\/blog.cancaonova.com\/terrasanta\/files\/2019\/03\/WhatsApp-Image-2019-03-01-at-11.31.02-10.jpeg 1600w\" sizes=\"(max-width: 351px) 100vw, 351px\" \/><\/a> <a href=\"http:\/\/blog.cancaonova.com\/terrasanta\/files\/2019\/03\/WhatsApp-Image-2019-03-01-at-11.31.02-9.jpeg\"><img loading=\"lazy\" decoding=\"async\" class=\"alignnone wp-image-7791\" src=\"http:\/\/blog.cancaonova.com\/terrasanta\/files\/2019\/03\/WhatsApp-Image-2019-03-01-at-11.31.02-9-225x300.jpeg\" alt=\"\" width=\"197\" height=\"262\" srcset=\"https:\/\/blog.cancaonova.com\/terrasanta\/files\/2019\/03\/WhatsApp-Image-2019-03-01-at-11.31.02-9-225x300.jpeg 225w, https:\/\/blog.cancaonova.com\/terrasanta\/files\/2019\/03\/WhatsApp-Image-2019-03-01-at-11.31.02-9-768x1024.jpeg 768w, https:\/\/blog.cancaonova.com\/terrasanta\/files\/2019\/03\/WhatsApp-Image-2019-03-01-at-11.31.02-9-150x200.jpeg 150w, https:\/\/blog.cancaonova.com\/terrasanta\/files\/2019\/03\/WhatsApp-Image-2019-03-01-at-11.31.02-9.jpeg 1200w\" sizes=\"(max-width: 197px) 100vw, 197px\" \/><\/a><\/p>\n<!-- AddThis Advanced Settings generic via filter on the_content --><!-- AddThis Share Buttons generic via filter on the_content -->","protected":false},"excerpt":{"rendered":"<p>\u201cPode vir alguma coisa boa de Nazar\u00e9?\u201d, diz um dos vers\u00edculos b\u00edblicos do Evangelho de Jo\u00e3o. Os fatos comprovaram que sim. O messias era nazareno, a Sagrada Fam\u00edlia viveu nesta pequena cidade da Galileia&#8230; mas n\u00e3o somente! H\u00e1 pouco mais&#8230;<!-- AddThis Advanced Settings generic via filter on get_the_excerpt --><!-- AddThis Share Buttons generic via filter on get_the_excerpt --><\/p>\n","protected":false},"author":4712,"featured_media":0,"comment_status":"open","ping_status":"open","sticky":false,"template":"","format":"standard","meta":{"_mi_skip_tracking":false,"_monsterinsights_sitenote_active":false,"_monsterinsights_sitenote_note":"","_monsterinsights_sitenote_category":0,"footnotes":""},"categories":[170103],"tags":[194689,8651,170155,16370,32,17724,19548,7931,7761,194687],"_links":{"self":[{"href":"https:\/\/blog.cancaonova.com\/terrasanta\/wp-json\/wp\/v2\/posts\/7786"}],"collection":[{"href":"https:\/\/blog.cancaonova.com\/terrasanta\/wp-json\/wp\/v2\/posts"}],"about":[{"href":"https:\/\/blog.cancaonova.com\/terrasanta\/wp-json\/wp\/v2\/types\/post"}],"author":[{"embeddable":true,"href":"https:\/\/blog.cancaonova.com\/terrasanta\/wp-json\/wp\/v2\/users\/4712"}],"replies":[{"embeddable":true,"href":"https:\/\/blog.cancaonova.com\/terrasanta\/wp-json\/wp\/v2\/comments?post=7786"}],"version-history":[{"count":5,"href":"https:\/\/blog.cancaonova.com\/terrasanta\/wp-json\/wp\/v2\/posts\/7786\/revisions"}],"predecessor-version":[{"id":7809,"href":"https:\/\/blog.cancaonova.com\/terrasanta\/wp-json\/wp\/v2\/posts\/7786\/revisions\/7809"}],"wp:attachment":[{"href":"https:\/\/blog.cancaonova.com\/terrasanta\/wp-json\/wp\/v2\/media?parent=7786"}],"wp:term":[{"taxonomy":"category","embeddable":true,"href":"https:\/\/blog.cancaonova.com\/terrasanta\/wp-json\/wp\/v2\/categories?post=7786"},{"taxonomy":"post_tag","embeddable":true,"href":"https:\/\/blog.cancaonova.com\/terrasanta\/wp-json\/wp\/v2\/tags?post=7786"}],"curies":[{"name":"wp","href":"https:\/\/api.w.org\/{rel}","templated":true}]}}