{"id":7837,"date":"2019-04-12T06:00:02","date_gmt":"2019-04-12T09:00:02","guid":{"rendered":"http:\/\/blog.cancaonova.com\/terrasanta\/?p=7837"},"modified":"2019-11-05T12:54:07","modified_gmt":"2019-11-05T14:54:07","slug":"7837","status":"publish","type":"post","link":"https:\/\/blog.cancaonova.com\/terrasanta\/2019\/04\/12\/7837\/","title":{"rendered":"Via Sacra"},"content":{"rendered":"<p>Em cada esta\u00e7\u00e3o da Via Sacra, muitos s\u00e3o os sentimentos e emo\u00e7\u00f5es que brotam. \u00c9 poss\u00edvel n\u00e3o somente recordar, mas tamb\u00e9m unir a pr\u00f3pria vida ao caminho de Cristo at\u00e9 a Cruz.<\/p>\n<p>\u00c0s sextas-feiras, tradicionalmente, os franciscanos da Cust\u00f3dia da Terra Santa rezam a Via-Sacra em diferentes idiomas, no mesmo trajeto onde, segundo a tradi\u00e7\u00e3o, Jesus seguiu at\u00e9 ao Calv\u00e1rio, localizado hoje dentro da Bas\u00edlica do Santo Sepulcro.<\/p>\n<p>Uma devo\u00e7\u00e3o que se desenvolveu a partir do s\u00e9culo XIII, quando os franciscanos come\u00e7aram a guiar peregrinos oriundos do ocidente.<\/p>\n<p><a href=\"http:\/\/blog.cancaonova.com\/terrasanta\/files\/2019\/04\/WhatsApp-Image-2019-04-11-at-11.54.31-7.jpeg\"><img loading=\"lazy\" decoding=\"async\" class=\"alignnone size-medium wp-image-7854\" src=\"http:\/\/blog.cancaonova.com\/terrasanta\/files\/2019\/04\/WhatsApp-Image-2019-04-11-at-11.54.31-7-300x225.jpeg\" alt=\"\" width=\"300\" height=\"225\" srcset=\"https:\/\/blog.cancaonova.com\/terrasanta\/files\/2019\/04\/WhatsApp-Image-2019-04-11-at-11.54.31-7-300x225.jpeg 300w, https:\/\/blog.cancaonova.com\/terrasanta\/files\/2019\/04\/WhatsApp-Image-2019-04-11-at-11.54.31-7-768x576.jpeg 768w, https:\/\/blog.cancaonova.com\/terrasanta\/files\/2019\/04\/WhatsApp-Image-2019-04-11-at-11.54.31-7.jpeg 1600w\" sizes=\"(max-width: 300px) 100vw, 300px\" \/><\/a> <a href=\"http:\/\/blog.cancaonova.com\/terrasanta\/files\/2019\/04\/WhatsApp-Image-2019-04-11-at-11.54.31.jpeg\"><img loading=\"lazy\" decoding=\"async\" class=\"alignnone size-medium wp-image-7855\" src=\"http:\/\/blog.cancaonova.com\/terrasanta\/files\/2019\/04\/WhatsApp-Image-2019-04-11-at-11.54.31-300x225.jpeg\" alt=\"\" width=\"300\" height=\"225\" srcset=\"https:\/\/blog.cancaonova.com\/terrasanta\/files\/2019\/04\/WhatsApp-Image-2019-04-11-at-11.54.31-300x225.jpeg 300w, https:\/\/blog.cancaonova.com\/terrasanta\/files\/2019\/04\/WhatsApp-Image-2019-04-11-at-11.54.31-768x576.jpeg 768w, https:\/\/blog.cancaonova.com\/terrasanta\/files\/2019\/04\/WhatsApp-Image-2019-04-11-at-11.54.31.jpeg 1600w\" sizes=\"(max-width: 300px) 100vw, 300px\" \/><\/a><\/p>\n<p>Estes outros epis\u00f3dios n\u00e3o descritos nos Evangelhos tem como refer\u00eancia a tradi\u00e7\u00e3o constru\u00edda em Jerusal\u00e9m, como, por exemplo, o encontro de Jesus com Ver\u00f4nica e a queda por tr\u00eas vezes. E o formato atual de 14 esta\u00e7\u00f5es da Via Dolorosa foi constru\u00eddo, no decorrer dos s\u00e9culos, com a presen\u00e7a dos franciscanos na Cidade Santa.<\/p>\n<p><a href=\"http:\/\/blog.cancaonova.com\/terrasanta\/files\/2019\/04\/WhatsApp-Image-2019-04-11-at-11.58.54.jpeg\"><img loading=\"lazy\" decoding=\"async\" class=\"alignnone wp-image-7856\" src=\"http:\/\/blog.cancaonova.com\/terrasanta\/files\/2019\/04\/WhatsApp-Image-2019-04-11-at-11.58.54-300x225.jpeg\" alt=\"\" width=\"344\" height=\"258\" srcset=\"https:\/\/blog.cancaonova.com\/terrasanta\/files\/2019\/04\/WhatsApp-Image-2019-04-11-at-11.58.54-300x225.jpeg 300w, https:\/\/blog.cancaonova.com\/terrasanta\/files\/2019\/04\/WhatsApp-Image-2019-04-11-at-11.58.54-768x576.jpeg 768w, https:\/\/blog.cancaonova.com\/terrasanta\/files\/2019\/04\/WhatsApp-Image-2019-04-11-at-11.58.54.jpeg 1600w\" sizes=\"(max-width: 344px) 100vw, 344px\" \/><\/a>&nbsp;<a href=\"http:\/\/blog.cancaonova.com\/terrasanta\/files\/2019\/04\/WhatsApp-Image-2019-04-11-at-11.54.31-2.jpeg\"><img loading=\"lazy\" decoding=\"async\" class=\"alignnone wp-image-7849\" src=\"http:\/\/blog.cancaonova.com\/terrasanta\/files\/2019\/04\/WhatsApp-Image-2019-04-11-at-11.54.31-2-241x300.jpeg\" alt=\"\" width=\"207\" height=\"258\" srcset=\"https:\/\/blog.cancaonova.com\/terrasanta\/files\/2019\/04\/WhatsApp-Image-2019-04-11-at-11.54.31-2-241x300.jpeg 241w, https:\/\/blog.cancaonova.com\/terrasanta\/files\/2019\/04\/WhatsApp-Image-2019-04-11-at-11.54.31-2-768x958.jpeg 768w, https:\/\/blog.cancaonova.com\/terrasanta\/files\/2019\/04\/WhatsApp-Image-2019-04-11-at-11.54.31-2.jpeg 1283w\" sizes=\"(max-width: 207px) 100vw, 207px\" \/><\/a><\/p>\n<p>O ponto de partida, onde seria o pret\u00f3rio de Pilatos, na Fortaleza Ant\u00f4nia, \u00e9 hoje uma escola mul\u00e7umana, vizinha ao Convento da Flagela\u00e7\u00e3o. A primeira esta\u00e7\u00e3o, a da condena\u00e7\u00e3o de Jesus, est\u00e1 a cerca de 600 metros do Santo Sepulcro.<\/p>\n<p>O percurso acontece dentro da Cidade Velha, no local por onde Jesus provavelmente passou em meio \u00e0 multid\u00e3o que o observava com curiosidade ou ainda havia aqueles que desejavam a sua morte.<\/p>\n<p><a href=\"http:\/\/blog.cancaonova.com\/terrasanta\/files\/2019\/04\/WhatsApp-Image-2019-04-11-at-11.54.31-6.jpeg\"><img loading=\"lazy\" decoding=\"async\" class=\"alignnone wp-image-7853\" src=\"http:\/\/blog.cancaonova.com\/terrasanta\/files\/2019\/04\/WhatsApp-Image-2019-04-11-at-11.54.31-6-225x300.jpeg\" alt=\"\" width=\"193\" height=\"257\" srcset=\"https:\/\/blog.cancaonova.com\/terrasanta\/files\/2019\/04\/WhatsApp-Image-2019-04-11-at-11.54.31-6-225x300.jpeg 225w, https:\/\/blog.cancaonova.com\/terrasanta\/files\/2019\/04\/WhatsApp-Image-2019-04-11-at-11.54.31-6-768x1024.jpeg 768w, https:\/\/blog.cancaonova.com\/terrasanta\/files\/2019\/04\/WhatsApp-Image-2019-04-11-at-11.54.31-6-150x200.jpeg 150w, https:\/\/blog.cancaonova.com\/terrasanta\/files\/2019\/04\/WhatsApp-Image-2019-04-11-at-11.54.31-6.jpeg 1200w\" sizes=\"(max-width: 193px) 100vw, 193px\" \/><\/a> <a href=\"http:\/\/blog.cancaonova.com\/terrasanta\/files\/2019\/04\/WhatsApp-Image-2019-04-11-at-11.54.31-5.jpeg\"><img loading=\"lazy\" decoding=\"async\" class=\"alignnone wp-image-7852\" src=\"http:\/\/blog.cancaonova.com\/terrasanta\/files\/2019\/04\/WhatsApp-Image-2019-04-11-at-11.54.31-5-300x225.jpeg\" alt=\"\" width=\"340\" height=\"255\" srcset=\"https:\/\/blog.cancaonova.com\/terrasanta\/files\/2019\/04\/WhatsApp-Image-2019-04-11-at-11.54.31-5-300x225.jpeg 300w, https:\/\/blog.cancaonova.com\/terrasanta\/files\/2019\/04\/WhatsApp-Image-2019-04-11-at-11.54.31-5-768x576.jpeg 768w, https:\/\/blog.cancaonova.com\/terrasanta\/files\/2019\/04\/WhatsApp-Image-2019-04-11-at-11.54.31-5.jpeg 1600w\" sizes=\"(max-width: 340px) 100vw, 340px\" \/><\/a><\/p>\n<p>De Jerusal\u00e9m para o mundo.&nbsp;A devo\u00e7\u00e3o se expandiu mais consideravelmente a partir da It\u00e1lia com a atua\u00e7\u00e3o do franciscano S\u00e3o Leonardo de Porto Maur\u00edcio, no s\u00e9culo XVIII, em sua miss\u00f5es populares em diversas cidades italianas.<\/p>\n<p>Hoje em dia, a Via-sacra \u00e9 intensamente realizada, de modo especial, no per\u00edodo da Quaresma. Contudo, para quem vem \u00e0 Terra Santa a experi\u00eancia de seguir os passos de Cristo at\u00e9 o Calv\u00e1rio \u00e9 ainda mais profundo.<\/p>\n<!-- AddThis Advanced Settings generic via filter on the_content --><!-- AddThis Share Buttons generic via filter on the_content -->","protected":false},"excerpt":{"rendered":"<p>Em cada esta\u00e7\u00e3o da Via Sacra, muitos s\u00e3o os sentimentos e emo\u00e7\u00f5es que brotam. \u00c9 poss\u00edvel n\u00e3o somente recordar, mas tamb\u00e9m unir a pr\u00f3pria vida ao caminho de Cristo at\u00e9 a Cruz. \u00c0s sextas-feiras, tradicionalmente, os franciscanos da Cust\u00f3dia da&#8230;<!-- AddThis Advanced Settings generic via filter on get_the_excerpt --><!-- AddThis Share Buttons generic via filter on get_the_excerpt --><\/p>\n","protected":false},"author":4712,"featured_media":0,"comment_status":"open","ping_status":"open","sticky":false,"template":"","format":"standard","meta":{"_mi_skip_tracking":false,"_monsterinsights_sitenote_active":false,"_monsterinsights_sitenote_note":"","_monsterinsights_sitenote_category":0,"footnotes":""},"categories":[1901],"tags":[170155,170154,8641,170146,5041,9211,18208],"_links":{"self":[{"href":"https:\/\/blog.cancaonova.com\/terrasanta\/wp-json\/wp\/v2\/posts\/7837"}],"collection":[{"href":"https:\/\/blog.cancaonova.com\/terrasanta\/wp-json\/wp\/v2\/posts"}],"about":[{"href":"https:\/\/blog.cancaonova.com\/terrasanta\/wp-json\/wp\/v2\/types\/post"}],"author":[{"embeddable":true,"href":"https:\/\/blog.cancaonova.com\/terrasanta\/wp-json\/wp\/v2\/users\/4712"}],"replies":[{"embeddable":true,"href":"https:\/\/blog.cancaonova.com\/terrasanta\/wp-json\/wp\/v2\/comments?post=7837"}],"version-history":[{"count":3,"href":"https:\/\/blog.cancaonova.com\/terrasanta\/wp-json\/wp\/v2\/posts\/7837\/revisions"}],"predecessor-version":[{"id":7859,"href":"https:\/\/blog.cancaonova.com\/terrasanta\/wp-json\/wp\/v2\/posts\/7837\/revisions\/7859"}],"wp:attachment":[{"href":"https:\/\/blog.cancaonova.com\/terrasanta\/wp-json\/wp\/v2\/media?parent=7837"}],"wp:term":[{"taxonomy":"category","embeddable":true,"href":"https:\/\/blog.cancaonova.com\/terrasanta\/wp-json\/wp\/v2\/categories?post=7837"},{"taxonomy":"post_tag","embeddable":true,"href":"https:\/\/blog.cancaonova.com\/terrasanta\/wp-json\/wp\/v2\/tags?post=7837"}],"curies":[{"name":"wp","href":"https:\/\/api.w.org\/{rel}","templated":true}]}}