{"id":7838,"date":"2019-04-18T06:30:07","date_gmt":"2019-04-18T09:30:07","guid":{"rendered":"http:\/\/blog.cancaonova.com\/terrasanta\/?p=7838"},"modified":"2019-11-05T12:54:03","modified_gmt":"2019-11-05T14:54:03","slug":"getsemani","status":"publish","type":"post","link":"https:\/\/blog.cancaonova.com\/terrasanta\/2019\/04\/18\/getsemani\/","title":{"rendered":"Getsemani"},"content":{"rendered":"<p>Em Jerusal\u00e9m, o Jardim do Getsemani, no Monte das Oliveiras, onde Jesus se retirou para rezar com Pedro, Tiago, e Jo\u00e3o atrai todos os anos milhares de peregrinos.<\/p>\n<p>&nbsp;<a href=\"http:\/\/blog.cancaonova.com\/terrasanta\/files\/2019\/04\/WhatsApp-Image-2019-04-11-at-10.45.48-3.jpeg\"><img loading=\"lazy\" decoding=\"async\" class=\"alignnone size-medium wp-image-7841\" src=\"http:\/\/blog.cancaonova.com\/terrasanta\/files\/2019\/04\/WhatsApp-Image-2019-04-11-at-10.45.48-3-300x225.jpeg\" alt=\"\" width=\"300\" height=\"225\" srcset=\"https:\/\/blog.cancaonova.com\/terrasanta\/files\/2019\/04\/WhatsApp-Image-2019-04-11-at-10.45.48-3-300x225.jpeg 300w, https:\/\/blog.cancaonova.com\/terrasanta\/files\/2019\/04\/WhatsApp-Image-2019-04-11-at-10.45.48-3-768x576.jpeg 768w, https:\/\/blog.cancaonova.com\/terrasanta\/files\/2019\/04\/WhatsApp-Image-2019-04-11-at-10.45.48-3.jpeg 1600w\" sizes=\"(max-width: 300px) 100vw, 300px\" \/><\/a> <a href=\"http:\/\/blog.cancaonova.com\/terrasanta\/files\/2019\/04\/WhatsApp-Image-2019-04-11-at-10.45.48-2.jpeg\"><img loading=\"lazy\" decoding=\"async\" class=\"alignnone size-medium wp-image-7840\" src=\"http:\/\/blog.cancaonova.com\/terrasanta\/files\/2019\/04\/WhatsApp-Image-2019-04-11-at-10.45.48-2-300x225.jpeg\" alt=\"\" width=\"300\" height=\"225\" srcset=\"https:\/\/blog.cancaonova.com\/terrasanta\/files\/2019\/04\/WhatsApp-Image-2019-04-11-at-10.45.48-2-300x225.jpeg 300w, https:\/\/blog.cancaonova.com\/terrasanta\/files\/2019\/04\/WhatsApp-Image-2019-04-11-at-10.45.48-2-768x576.jpeg 768w, https:\/\/blog.cancaonova.com\/terrasanta\/files\/2019\/04\/WhatsApp-Image-2019-04-11-at-10.45.48-2.jpeg 1600w\" sizes=\"(max-width: 300px) 100vw, 300px\" \/><\/a><\/p>\n<p>Na basilica da Agonia, eles tem a oportunidade de estar diante do lugar da suprema angustia de Cristo.<\/p>\n<p>Mas, al\u00e9m de conhecer o lugar e recordar a noite da quinta-feira Santa, os peregrinos tem a oportunidade de fazer uma experi\u00eancia de ora\u00e7\u00e3o, a mesma a que os discipulos foram convidados por Jesus: \u201cVigiai e orai, para n\u00e3o cairdes em tenta\u00e7\u00e3o\u201d.<\/p>\n<p><a href=\"http:\/\/blog.cancaonova.com\/terrasanta\/files\/2019\/04\/WhatsApp-Image-2019-04-11-at-10.45.48.jpeg\"><img loading=\"lazy\" decoding=\"async\" class=\"alignnone size-medium wp-image-7844\" src=\"http:\/\/blog.cancaonova.com\/terrasanta\/files\/2019\/04\/WhatsApp-Image-2019-04-11-at-10.45.48-300x225.jpeg\" alt=\"\" width=\"300\" height=\"225\" srcset=\"https:\/\/blog.cancaonova.com\/terrasanta\/files\/2019\/04\/WhatsApp-Image-2019-04-11-at-10.45.48-300x225.jpeg 300w, https:\/\/blog.cancaonova.com\/terrasanta\/files\/2019\/04\/WhatsApp-Image-2019-04-11-at-10.45.48-768x576.jpeg 768w, https:\/\/blog.cancaonova.com\/terrasanta\/files\/2019\/04\/WhatsApp-Image-2019-04-11-at-10.45.48.jpeg 1600w\" sizes=\"(max-width: 300px) 100vw, 300px\" \/><\/a> <a href=\"http:\/\/blog.cancaonova.com\/terrasanta\/files\/2019\/04\/WhatsApp-Image-2019-04-11-at-10.45.48-1.jpeg\"><img loading=\"lazy\" decoding=\"async\" class=\"alignnone size-medium wp-image-7839\" src=\"http:\/\/blog.cancaonova.com\/terrasanta\/files\/2019\/04\/WhatsApp-Image-2019-04-11-at-10.45.48-1-300x225.jpeg\" alt=\"\" width=\"300\" height=\"225\" srcset=\"https:\/\/blog.cancaonova.com\/terrasanta\/files\/2019\/04\/WhatsApp-Image-2019-04-11-at-10.45.48-1-300x225.jpeg 300w, https:\/\/blog.cancaonova.com\/terrasanta\/files\/2019\/04\/WhatsApp-Image-2019-04-11-at-10.45.48-1-768x576.jpeg 768w, https:\/\/blog.cancaonova.com\/terrasanta\/files\/2019\/04\/WhatsApp-Image-2019-04-11-at-10.45.48-1.jpeg 1600w\" sizes=\"(max-width: 300px) 100vw, 300px\" \/><\/a><\/p>\n<p>O sil\u00eancio de torna ora\u00e7\u0101o.<\/p>\n<p>As palavras do evangelho s\u00e3o recordadas pelas leituras e pela m\u00fasica. Aqui, Jesus repreendeu os ap\u00f3stolos, que n\u00e3o conseguiram vigiar. E, suando sangue, ensinou que, na ora\u00e7\u00e3o, \u00e9 preciso submeter-se \u00e0 Deus.<\/p>\n<p><a href=\"http:\/\/blog.cancaonova.com\/terrasanta\/files\/2019\/04\/WhatsApp-Image-2019-04-11-at-10.45.48-5.jpeg\"><img loading=\"lazy\" decoding=\"async\" class=\"alignnone size-medium wp-image-7843\" src=\"http:\/\/blog.cancaonova.com\/terrasanta\/files\/2019\/04\/WhatsApp-Image-2019-04-11-at-10.45.48-5-240x300.jpeg\" alt=\"\" width=\"240\" height=\"300\" srcset=\"https:\/\/blog.cancaonova.com\/terrasanta\/files\/2019\/04\/WhatsApp-Image-2019-04-11-at-10.45.48-5-240x300.jpeg 240w, https:\/\/blog.cancaonova.com\/terrasanta\/files\/2019\/04\/WhatsApp-Image-2019-04-11-at-10.45.48-5-768x960.jpeg 768w, https:\/\/blog.cancaonova.com\/terrasanta\/files\/2019\/04\/WhatsApp-Image-2019-04-11-at-10.45.48-5.jpeg 1080w\" sizes=\"(max-width: 240px) 100vw, 240px\" \/><\/a> <a href=\"http:\/\/blog.cancaonova.com\/terrasanta\/files\/2019\/04\/WhatsApp-Image-2019-04-11-at-10.45.48-4.jpeg\"><img loading=\"lazy\" decoding=\"async\" class=\"alignnone size-medium wp-image-7842\" src=\"http:\/\/blog.cancaonova.com\/terrasanta\/files\/2019\/04\/WhatsApp-Image-2019-04-11-at-10.45.48-4-240x300.jpeg\" alt=\"\" width=\"240\" height=\"300\" srcset=\"https:\/\/blog.cancaonova.com\/terrasanta\/files\/2019\/04\/WhatsApp-Image-2019-04-11-at-10.45.48-4-240x300.jpeg 240w, https:\/\/blog.cancaonova.com\/terrasanta\/files\/2019\/04\/WhatsApp-Image-2019-04-11-at-10.45.48-4-768x960.jpeg 768w, https:\/\/blog.cancaonova.com\/terrasanta\/files\/2019\/04\/WhatsApp-Image-2019-04-11-at-10.45.48-4.jpeg 1080w\" sizes=\"(max-width: 240px) 100vw, 240px\" \/><\/a><\/p>\n<p>Entremos nesse mist\u00e9rio&#8230;<\/p>\n<!-- AddThis Advanced Settings generic via filter on the_content --><!-- AddThis Share Buttons generic via filter on the_content -->","protected":false},"excerpt":{"rendered":"<p>Em Jerusal\u00e9m, o Jardim do Getsemani, no Monte das Oliveiras, onde Jesus se retirou para rezar com Pedro, Tiago, e Jo\u00e3o atrai todos os anos milhares de peregrinos. &nbsp; Na basilica da Agonia, eles tem a oportunidade de estar diante&#8230;<!-- AddThis Advanced Settings generic via filter on get_the_excerpt --><!-- AddThis Share Buttons generic via filter on get_the_excerpt --><\/p>\n","protected":false},"author":4712,"featured_media":0,"comment_status":"open","ping_status":"open","sticky":false,"template":"","format":"standard","meta":{"_mi_skip_tracking":false,"_monsterinsights_sitenote_active":false,"_monsterinsights_sitenote_note":"","_monsterinsights_sitenote_category":0,"footnotes":""},"categories":[1901],"tags":[29982,170155,170154,9071,5041],"_links":{"self":[{"href":"https:\/\/blog.cancaonova.com\/terrasanta\/wp-json\/wp\/v2\/posts\/7838"}],"collection":[{"href":"https:\/\/blog.cancaonova.com\/terrasanta\/wp-json\/wp\/v2\/posts"}],"about":[{"href":"https:\/\/blog.cancaonova.com\/terrasanta\/wp-json\/wp\/v2\/types\/post"}],"author":[{"embeddable":true,"href":"https:\/\/blog.cancaonova.com\/terrasanta\/wp-json\/wp\/v2\/users\/4712"}],"replies":[{"embeddable":true,"href":"https:\/\/blog.cancaonova.com\/terrasanta\/wp-json\/wp\/v2\/comments?post=7838"}],"version-history":[{"count":2,"href":"https:\/\/blog.cancaonova.com\/terrasanta\/wp-json\/wp\/v2\/posts\/7838\/revisions"}],"predecessor-version":[{"id":7847,"href":"https:\/\/blog.cancaonova.com\/terrasanta\/wp-json\/wp\/v2\/posts\/7838\/revisions\/7847"}],"wp:attachment":[{"href":"https:\/\/blog.cancaonova.com\/terrasanta\/wp-json\/wp\/v2\/media?parent=7838"}],"wp:term":[{"taxonomy":"category","embeddable":true,"href":"https:\/\/blog.cancaonova.com\/terrasanta\/wp-json\/wp\/v2\/categories?post=7838"},{"taxonomy":"post_tag","embeddable":true,"href":"https:\/\/blog.cancaonova.com\/terrasanta\/wp-json\/wp\/v2\/tags?post=7838"}],"curies":[{"name":"wp","href":"https:\/\/api.w.org\/{rel}","templated":true}]}}