{"id":7872,"date":"2019-05-07T09:41:32","date_gmt":"2019-05-07T12:41:32","guid":{"rendered":"http:\/\/blog.cancaonova.com\/terrasanta\/?p=7872"},"modified":"2019-11-05T12:53:53","modified_gmt":"2019-11-05T14:53:53","slug":"celebracao-da-descoberta-da-santa-cruz","status":"publish","type":"post","link":"https:\/\/blog.cancaonova.com\/terrasanta\/2019\/05\/07\/celebracao-da-descoberta-da-santa-cruz\/","title":{"rendered":"Celebra\u00e7\u00e3o da Descoberta da Santa Cruz"},"content":{"rendered":"<p>No s\u00e9culo IV, \u00e9poca do cristianismo como religi\u00e3o oficial do Imp\u00e9rio Romano, Santa Helena e sua comitiva chegaram \u00e0 Terra Santa onde dedicaram-se \u00e0 constru\u00e7\u00e3o da Bas\u00edlica da Natividade, em Bel\u00e9m, Igreja de Elena, atual Pater Noster no Monte das Oliveiras, e o Santo Sepulcro. Este \u00faltimo foi erguido ap\u00f3s serem derrubados os locais de culto pag\u00e3o no Calv\u00e1rio e t\u00famulo de Cristo.<\/p>\n<p><a href=\"http:\/\/blog.cancaonova.com\/terrasanta\/files\/2019\/05\/WhatsApp-Image-2019-05-07-at-15.38.18-3.jpeg\"><img loading=\"lazy\" decoding=\"async\" class=\"alignnone  wp-image-7877\" src=\"http:\/\/blog.cancaonova.com\/terrasanta\/files\/2019\/05\/WhatsApp-Image-2019-05-07-at-15.38.18-3-300x225.jpeg\" alt=\"\" width=\"353\" height=\"265\" srcset=\"https:\/\/blog.cancaonova.com\/terrasanta\/files\/2019\/05\/WhatsApp-Image-2019-05-07-at-15.38.18-3-300x225.jpeg 300w, https:\/\/blog.cancaonova.com\/terrasanta\/files\/2019\/05\/WhatsApp-Image-2019-05-07-at-15.38.18-3-768x576.jpeg 768w, https:\/\/blog.cancaonova.com\/terrasanta\/files\/2019\/05\/WhatsApp-Image-2019-05-07-at-15.38.18-3.jpeg 1600w\" sizes=\"(max-width: 353px) 100vw, 353px\" \/><\/a> <a href=\"http:\/\/blog.cancaonova.com\/terrasanta\/files\/2019\/05\/WhatsApp-Image-2019-05-07-at-15.38.17.jpeg\"><img loading=\"lazy\" decoding=\"async\" class=\"alignnone  wp-image-7874\" src=\"http:\/\/blog.cancaonova.com\/terrasanta\/files\/2019\/05\/WhatsApp-Image-2019-05-07-at-15.38.17-277x300.jpeg\" alt=\"\" width=\"245\" height=\"266\" srcset=\"https:\/\/blog.cancaonova.com\/terrasanta\/files\/2019\/05\/WhatsApp-Image-2019-05-07-at-15.38.17-277x300.jpeg 277w, https:\/\/blog.cancaonova.com\/terrasanta\/files\/2019\/05\/WhatsApp-Image-2019-05-07-at-15.38.17-768x833.jpeg 768w, https:\/\/blog.cancaonova.com\/terrasanta\/files\/2019\/05\/WhatsApp-Image-2019-05-07-at-15.38.17.jpeg 1475w\" sizes=\"(max-width: 245px) 100vw, 245px\" \/><\/a><\/p>\n<p>E para identificar a verdadeira cruz de Jesus, segundo uma das narra\u00e7\u00f5es, um jovem morto voltou \u00e0 vida ap\u00f3s ser apoiado em uma das cruzes trazidas. Testemunhos a partir das a\u00e7\u00f5es de Santa Helena que surpreendem outras mulheres da atualidade.<\/p>\n<p>Para recordar este acontecimento, na Capela de Santa Helena, na Bas\u00edlica do Santo Sepulcro, aconteceu nesta manh\u00e3 (ter\u00e7a-feira) a Celebra\u00e7\u00e3o da Descoberta da Santa Cruz. Uma cerim\u00f4nia que s\u00f3 ocorre aqui, no dia 7 de maio.<\/p>\n<p>A Missa foi presidida pelo Cust\u00f3dio da Terra Santa, Frei Francesco Patton, ofm que em sua homilia ressaltou:<\/p>\n<p>&#8211; Nos glorifiquemos na Cruz de Nosso Senhor Jesus Cristo onde encontramos a salva\u00e7\u00e3o, vida e ressurrei\u00e7\u00e3o por meio da qual fomos salvos e libertos<\/p>\n<p><a href=\"http:\/\/blog.cancaonova.com\/terrasanta\/files\/2019\/05\/WhatsApp-Image-2019-05-07-at-15.38.19.jpeg\"><img loading=\"lazy\" decoding=\"async\" class=\"alignnone size-medium wp-image-7880\" src=\"http:\/\/blog.cancaonova.com\/terrasanta\/files\/2019\/05\/WhatsApp-Image-2019-05-07-at-15.38.19-232x300.jpeg\" alt=\"\" width=\"232\" height=\"300\" srcset=\"https:\/\/blog.cancaonova.com\/terrasanta\/files\/2019\/05\/WhatsApp-Image-2019-05-07-at-15.38.19-232x300.jpeg 232w, https:\/\/blog.cancaonova.com\/terrasanta\/files\/2019\/05\/WhatsApp-Image-2019-05-07-at-15.38.19-768x992.jpeg 768w, https:\/\/blog.cancaonova.com\/terrasanta\/files\/2019\/05\/WhatsApp-Image-2019-05-07-at-15.38.19.jpeg 1152w\" sizes=\"(max-width: 232px) 100vw, 232px\" \/><\/a> <a href=\"http:\/\/blog.cancaonova.com\/terrasanta\/files\/2019\/05\/WhatsApp-Image-2019-05-07-at-15.38.19-1.jpeg\"><img loading=\"lazy\" decoding=\"async\" class=\"alignnone size-medium wp-image-7879\" src=\"http:\/\/blog.cancaonova.com\/terrasanta\/files\/2019\/05\/WhatsApp-Image-2019-05-07-at-15.38.19-1-219x300.jpeg\" alt=\"\" width=\"219\" height=\"300\" srcset=\"https:\/\/blog.cancaonova.com\/terrasanta\/files\/2019\/05\/WhatsApp-Image-2019-05-07-at-15.38.19-1-219x300.jpeg 219w, https:\/\/blog.cancaonova.com\/terrasanta\/files\/2019\/05\/WhatsApp-Image-2019-05-07-at-15.38.19-1-768x1054.jpeg 768w, https:\/\/blog.cancaonova.com\/terrasanta\/files\/2019\/05\/WhatsApp-Image-2019-05-07-at-15.38.19-1.jpeg 1166w\" sizes=\"(max-width: 219px) 100vw, 219px\" \/><\/a><\/p>\n<p>Ap\u00f3s a celebra\u00e7\u00e3o, a prociss\u00e3o segue com a rel\u00edquia da Santa Cruz em torno da Ed\u00edcula do Santo Sepulcro. No final, os fi\u00e9is recebem a b\u00ean\u00e7\u00e3o e podem se aproximar da rel\u00edquia. Um momento de tocar e mergulhar no mist\u00e9rio de nossa salva\u00e7\u00e3o.<\/p>\n<p><a href=\"http:\/\/blog.cancaonova.com\/terrasanta\/files\/2019\/05\/WhatsApp-Image-2019-05-07-at-15.38.18-2.jpeg\"><img loading=\"lazy\" decoding=\"async\" class=\"alignnone size-medium wp-image-7876\" src=\"http:\/\/blog.cancaonova.com\/terrasanta\/files\/2019\/05\/WhatsApp-Image-2019-05-07-at-15.38.18-2-300x225.jpeg\" alt=\"\" width=\"300\" height=\"225\" srcset=\"https:\/\/blog.cancaonova.com\/terrasanta\/files\/2019\/05\/WhatsApp-Image-2019-05-07-at-15.38.18-2-300x225.jpeg 300w, https:\/\/blog.cancaonova.com\/terrasanta\/files\/2019\/05\/WhatsApp-Image-2019-05-07-at-15.38.18-2-768x576.jpeg 768w, https:\/\/blog.cancaonova.com\/terrasanta\/files\/2019\/05\/WhatsApp-Image-2019-05-07-at-15.38.18-2.jpeg 1600w\" sizes=\"(max-width: 300px) 100vw, 300px\" \/><\/a> <a href=\"http:\/\/blog.cancaonova.com\/terrasanta\/files\/2019\/05\/WhatsApp-Image-2019-05-07-at-15.38.18-1.jpeg\"><img loading=\"lazy\" decoding=\"async\" class=\"alignnone size-medium wp-image-7875\" src=\"http:\/\/blog.cancaonova.com\/terrasanta\/files\/2019\/05\/WhatsApp-Image-2019-05-07-at-15.38.18-1-300x225.jpeg\" alt=\"\" width=\"300\" height=\"225\" srcset=\"https:\/\/blog.cancaonova.com\/terrasanta\/files\/2019\/05\/WhatsApp-Image-2019-05-07-at-15.38.18-1-300x225.jpeg 300w, https:\/\/blog.cancaonova.com\/terrasanta\/files\/2019\/05\/WhatsApp-Image-2019-05-07-at-15.38.18-1-768x576.jpeg 768w, https:\/\/blog.cancaonova.com\/terrasanta\/files\/2019\/05\/WhatsApp-Image-2019-05-07-at-15.38.18-1.jpeg 1600w\" sizes=\"(max-width: 300px) 100vw, 300px\" \/><\/a><\/p>\n<!-- AddThis Advanced Settings generic via filter on the_content --><!-- AddThis Share Buttons generic via filter on the_content -->","protected":false},"excerpt":{"rendered":"<p>No s\u00e9culo IV, \u00e9poca do cristianismo como religi\u00e3o oficial do Imp\u00e9rio Romano, Santa Helena e sua comitiva chegaram \u00e0 Terra Santa onde dedicaram-se \u00e0 constru\u00e7\u00e3o da Bas\u00edlica da Natividade, em Bel\u00e9m, Igreja de Elena, atual Pater Noster no Monte das&#8230;<!-- AddThis Advanced Settings generic via filter on get_the_excerpt --><!-- AddThis Share Buttons generic via filter on get_the_excerpt --><\/p>\n","protected":false},"author":4712,"featured_media":0,"comment_status":"open","ping_status":"open","sticky":false,"template":"","format":"standard","meta":{"_mi_skip_tracking":false,"_monsterinsights_sitenote_active":false,"_monsterinsights_sitenote_note":"","_monsterinsights_sitenote_category":0,"footnotes":""},"categories":[170103],"tags":[170155,15738,194700,8641,5041],"_links":{"self":[{"href":"https:\/\/blog.cancaonova.com\/terrasanta\/wp-json\/wp\/v2\/posts\/7872"}],"collection":[{"href":"https:\/\/blog.cancaonova.com\/terrasanta\/wp-json\/wp\/v2\/posts"}],"about":[{"href":"https:\/\/blog.cancaonova.com\/terrasanta\/wp-json\/wp\/v2\/types\/post"}],"author":[{"embeddable":true,"href":"https:\/\/blog.cancaonova.com\/terrasanta\/wp-json\/wp\/v2\/users\/4712"}],"replies":[{"embeddable":true,"href":"https:\/\/blog.cancaonova.com\/terrasanta\/wp-json\/wp\/v2\/comments?post=7872"}],"version-history":[{"count":1,"href":"https:\/\/blog.cancaonova.com\/terrasanta\/wp-json\/wp\/v2\/posts\/7872\/revisions"}],"predecessor-version":[{"id":7881,"href":"https:\/\/blog.cancaonova.com\/terrasanta\/wp-json\/wp\/v2\/posts\/7872\/revisions\/7881"}],"wp:attachment":[{"href":"https:\/\/blog.cancaonova.com\/terrasanta\/wp-json\/wp\/v2\/media?parent=7872"}],"wp:term":[{"taxonomy":"category","embeddable":true,"href":"https:\/\/blog.cancaonova.com\/terrasanta\/wp-json\/wp\/v2\/categories?post=7872"},{"taxonomy":"post_tag","embeddable":true,"href":"https:\/\/blog.cancaonova.com\/terrasanta\/wp-json\/wp\/v2\/tags?post=7872"}],"curies":[{"name":"wp","href":"https:\/\/api.w.org\/{rel}","templated":true}]}}