{"id":7903,"date":"2019-07-24T05:22:07","date_gmt":"2019-07-24T08:22:07","guid":{"rendered":"http:\/\/blog.cancaonova.com\/terrasanta\/?p=7903"},"modified":"2019-11-05T12:53:26","modified_gmt":"2019-11-05T14:53:26","slug":"7903","status":"publish","type":"post","link":"https:\/\/blog.cancaonova.com\/terrasanta\/2019\/07\/24\/7903\/","title":{"rendered":"Dia de S\u00e3o Charbel"},"content":{"rendered":"<p>Hoje os crist\u00e3os maronitas da Terra Santa celebram o dia de Sao Charbel,&nbsp;um santo muito popular no Oriente M\u00e9dio.<\/p>\n<p><a href=\"http:\/\/blog.cancaonova.com\/terrasanta\/files\/2019\/07\/IMG_20190720_162059.jpg\"><img loading=\"lazy\" decoding=\"async\" class=\"alignnone size-medium wp-image-7907\" src=\"http:\/\/blog.cancaonova.com\/terrasanta\/files\/2019\/07\/IMG_20190720_162059-225x300.jpg\" alt=\"\" width=\"225\" height=\"300\" srcset=\"https:\/\/blog.cancaonova.com\/terrasanta\/files\/2019\/07\/IMG_20190720_162059-225x300.jpg 225w, https:\/\/blog.cancaonova.com\/terrasanta\/files\/2019\/07\/IMG_20190720_162059-768x1024.jpg 768w, https:\/\/blog.cancaonova.com\/terrasanta\/files\/2019\/07\/IMG_20190720_162059-150x200.jpg 150w\" sizes=\"(max-width: 225px) 100vw, 225px\" \/><\/a> <a href=\"http:\/\/blog.cancaonova.com\/terrasanta\/files\/2019\/07\/IMG_20190720_162047.jpg\"><img loading=\"lazy\" decoding=\"async\" class=\"alignnone size-medium wp-image-7906\" src=\"http:\/\/blog.cancaonova.com\/terrasanta\/files\/2019\/07\/IMG_20190720_162047-225x300.jpg\" alt=\"\" width=\"225\" height=\"300\" srcset=\"https:\/\/blog.cancaonova.com\/terrasanta\/files\/2019\/07\/IMG_20190720_162047-225x300.jpg 225w, https:\/\/blog.cancaonova.com\/terrasanta\/files\/2019\/07\/IMG_20190720_162047-768x1024.jpg 768w, https:\/\/blog.cancaonova.com\/terrasanta\/files\/2019\/07\/IMG_20190720_162047-150x200.jpg 150w\" sizes=\"(max-width: 225px) 100vw, 225px\" \/><\/a><\/p>\n<p>Um monge eremita liban\u00eas do s\u00e9culo 19, s\u00edmbolo de uni\u00e3o entre o Oriente e Ocidente. Foi beatificado em 1965, canonizado em 1977 e tem milhares de devotos aqui no Oriente M\u00e9dio.<\/p>\n<p>Dom MOUSSA EL-HAGE Exarca Patriarcal Maronita de Jerusal\u00e9m, Jord\u00e2nia e Palestina nos diz:<\/p>\n<p>&#8220;A festa de S\u00e3o Charbel \u00e9 principalmente em 22 de julho, mas a ordem mon\u00e1stica, em 64, pediu que a festa fosse realizada no terceiro domingo de julho, para que as pessoas pudessem visitar a tumba de S\u00e3o Charbel e receber sua b\u00ean\u00e7\u00e3o, e que este dia fosse um feriado. Esta festa nos aproxima de Deus para conhecermos a vida eterna e o seu reino, e mudarmos nossas vidas para uma verdadeira vida crist\u00e3 cheia de b\u00ean\u00e7\u00e3os, paz e amor. E atrav\u00e9s da festa, podemos parabenizar cada pessoa chamada Charbel.&#8221;<\/p>\n<p>&nbsp;<\/p>\n<p><a href=\"http:\/\/blog.cancaonova.com\/terrasanta\/files\/2019\/07\/IMG_20190720_162146.jpg\"><img loading=\"lazy\" decoding=\"async\" class=\"alignnone size-medium wp-image-7909\" src=\"http:\/\/blog.cancaonova.com\/terrasanta\/files\/2019\/07\/IMG_20190720_162146-300x225.jpg\" alt=\"\" width=\"300\" height=\"225\" srcset=\"https:\/\/blog.cancaonova.com\/terrasanta\/files\/2019\/07\/IMG_20190720_162146-300x225.jpg 300w, https:\/\/blog.cancaonova.com\/terrasanta\/files\/2019\/07\/IMG_20190720_162146-768x576.jpg 768w\" sizes=\"(max-width: 300px) 100vw, 300px\" \/><\/a> <a href=\"http:\/\/blog.cancaonova.com\/terrasanta\/files\/2019\/07\/IMG_20190720_162011.jpg\"><img loading=\"lazy\" decoding=\"async\" class=\"alignnone size-medium wp-image-7905\" src=\"http:\/\/blog.cancaonova.com\/terrasanta\/files\/2019\/07\/IMG_20190720_162011-300x225.jpg\" alt=\"\" width=\"300\" height=\"225\" srcset=\"https:\/\/blog.cancaonova.com\/terrasanta\/files\/2019\/07\/IMG_20190720_162011-300x225.jpg 300w, https:\/\/blog.cancaonova.com\/terrasanta\/files\/2019\/07\/IMG_20190720_162011-768x576.jpg 768w\" sizes=\"(max-width: 300px) 100vw, 300px\" \/><\/a><\/p>\n<p>Uma vida entregue que o faz ser venerado tamb\u00e9m por mu\u00e7ulmanos e drusos. Pedidos e milagres por intercess\u00e3o de quem, quando jovem, seguiu o apelo da voz interior: &#8220;Deixa tudo e segue o Cristo para ganhar Tudo&#8221;.<\/p>\n<p>&nbsp;<\/p>\n<p>Igreja dedicada ao santo em Isyfia, no Monte Carmelo, a cidade est\u00e1 no norte de Israel&nbsp;<\/p>\n<p><a href=\"http:\/\/blog.cancaonova.com\/terrasanta\/files\/2019\/07\/IMG_20190720_162135.jpg\"><img loading=\"lazy\" decoding=\"async\" class=\"alignnone size-medium wp-image-7908\" src=\"http:\/\/blog.cancaonova.com\/terrasanta\/files\/2019\/07\/IMG_20190720_162135-300x225.jpg\" alt=\"\" width=\"300\" height=\"225\" srcset=\"https:\/\/blog.cancaonova.com\/terrasanta\/files\/2019\/07\/IMG_20190720_162135-300x225.jpg 300w, https:\/\/blog.cancaonova.com\/terrasanta\/files\/2019\/07\/IMG_20190720_162135-768x576.jpg 768w\" sizes=\"(max-width: 300px) 100vw, 300px\" \/><\/a> <a href=\"http:\/\/blog.cancaonova.com\/terrasanta\/files\/2019\/07\/IMG_20190720_154751.jpg\"><img loading=\"lazy\" decoding=\"async\" class=\"alignnone size-medium wp-image-7904\" src=\"http:\/\/blog.cancaonova.com\/terrasanta\/files\/2019\/07\/IMG_20190720_154751-300x225.jpg\" alt=\"\" width=\"300\" height=\"225\" srcset=\"https:\/\/blog.cancaonova.com\/terrasanta\/files\/2019\/07\/IMG_20190720_154751-300x225.jpg 300w, https:\/\/blog.cancaonova.com\/terrasanta\/files\/2019\/07\/IMG_20190720_154751-768x576.jpg 768w\" sizes=\"(max-width: 300px) 100vw, 300px\" \/><\/a><\/p>\n<p>S\u00e3o Charbel, rogai por n\u00f3s!&nbsp;<\/p>\n<!-- AddThis Advanced Settings generic via filter on the_content --><!-- AddThis Share Buttons generic via filter on the_content -->","protected":false},"excerpt":{"rendered":"<p>Hoje os crist\u00e3os maronitas da Terra Santa celebram o dia de Sao Charbel,&nbsp;um santo muito popular no Oriente M\u00e9dio. Um monge eremita liban\u00eas do s\u00e9culo 19, s\u00edmbolo de uni\u00e3o entre o Oriente e Ocidente. Foi beatificado em 1965, canonizado em&#8230;<!-- AddThis Advanced Settings generic via filter on get_the_excerpt --><!-- AddThis Share Buttons generic via filter on get_the_excerpt --><\/p>\n","protected":false},"author":4712,"featured_media":0,"comment_status":"open","ping_status":"open","sticky":false,"template":"","format":"standard","meta":{"_mi_skip_tracking":false,"_monsterinsights_sitenote_active":false,"_monsterinsights_sitenote_note":"","_monsterinsights_sitenote_category":0,"footnotes":""},"categories":[170103],"tags":[170155,194705,8661,31182,170152],"_links":{"self":[{"href":"https:\/\/blog.cancaonova.com\/terrasanta\/wp-json\/wp\/v2\/posts\/7903"}],"collection":[{"href":"https:\/\/blog.cancaonova.com\/terrasanta\/wp-json\/wp\/v2\/posts"}],"about":[{"href":"https:\/\/blog.cancaonova.com\/terrasanta\/wp-json\/wp\/v2\/types\/post"}],"author":[{"embeddable":true,"href":"https:\/\/blog.cancaonova.com\/terrasanta\/wp-json\/wp\/v2\/users\/4712"}],"replies":[{"embeddable":true,"href":"https:\/\/blog.cancaonova.com\/terrasanta\/wp-json\/wp\/v2\/comments?post=7903"}],"version-history":[{"count":2,"href":"https:\/\/blog.cancaonova.com\/terrasanta\/wp-json\/wp\/v2\/posts\/7903\/revisions"}],"predecessor-version":[{"id":7911,"href":"https:\/\/blog.cancaonova.com\/terrasanta\/wp-json\/wp\/v2\/posts\/7903\/revisions\/7911"}],"wp:attachment":[{"href":"https:\/\/blog.cancaonova.com\/terrasanta\/wp-json\/wp\/v2\/media?parent=7903"}],"wp:term":[{"taxonomy":"category","embeddable":true,"href":"https:\/\/blog.cancaonova.com\/terrasanta\/wp-json\/wp\/v2\/categories?post=7903"},{"taxonomy":"post_tag","embeddable":true,"href":"https:\/\/blog.cancaonova.com\/terrasanta\/wp-json\/wp\/v2\/tags?post=7903"}],"curies":[{"name":"wp","href":"https:\/\/api.w.org\/{rel}","templated":true}]}}