{"id":7937,"date":"2019-09-06T10:00:00","date_gmt":"2019-09-06T13:00:00","guid":{"rendered":"http:\/\/blog.cancaonova.com\/terrasanta\/?p=7937"},"modified":"2019-11-05T12:53:00","modified_gmt":"2019-11-05T14:53:00","slug":"monte-nebo","status":"publish","type":"post","link":"https:\/\/blog.cancaonova.com\/terrasanta\/2019\/09\/06\/monte-nebo\/","title":{"rendered":"Monte Nebo"},"content":{"rendered":"<p>Do alto da montanha onde Mois\u00e9s olhou \u2013 sem poder entrar \u2013 na Terra Prometida, a vista \u00e9 extraordin\u00e1ria.<\/p>\n<p><a href=\"http:\/\/blog.cancaonova.com\/terrasanta\/files\/2019\/07\/WhatsApp-Image-2019-07-26-at-13.39.29-3.jpeg\"><img loading=\"lazy\" decoding=\"async\" class=\"alignnone size-medium wp-image-7940\" src=\"http:\/\/blog.cancaonova.com\/terrasanta\/files\/2019\/07\/WhatsApp-Image-2019-07-26-at-13.39.29-3-300x169.jpeg\" alt=\"\" width=\"300\" height=\"169\" srcset=\"https:\/\/blog.cancaonova.com\/terrasanta\/files\/2019\/07\/WhatsApp-Image-2019-07-26-at-13.39.29-3-300x169.jpeg 300w, https:\/\/blog.cancaonova.com\/terrasanta\/files\/2019\/07\/WhatsApp-Image-2019-07-26-at-13.39.29-3-768x432.jpeg 768w, https:\/\/blog.cancaonova.com\/terrasanta\/files\/2019\/07\/WhatsApp-Image-2019-07-26-at-13.39.29-3-384x216.jpeg 384w, https:\/\/blog.cancaonova.com\/terrasanta\/files\/2019\/07\/WhatsApp-Image-2019-07-26-at-13.39.29-3-512x288.jpeg 512w, https:\/\/blog.cancaonova.com\/terrasanta\/files\/2019\/07\/WhatsApp-Image-2019-07-26-at-13.39.29-3-1024x576.jpeg 1024w, https:\/\/blog.cancaonova.com\/terrasanta\/files\/2019\/07\/WhatsApp-Image-2019-07-26-at-13.39.29-3-1536x864.jpeg 1536w, https:\/\/blog.cancaonova.com\/terrasanta\/files\/2019\/07\/WhatsApp-Image-2019-07-26-at-13.39.29-3.jpeg 1600w\" sizes=\"(max-width: 300px) 100vw, 300px\" \/><\/a> <a href=\"http:\/\/blog.cancaonova.com\/terrasanta\/files\/2019\/07\/WhatsApp-Image-2019-07-26-at-13.39.29-1.jpeg\"><img loading=\"lazy\" decoding=\"async\" class=\"alignnone size-medium wp-image-7938\" src=\"http:\/\/blog.cancaonova.com\/terrasanta\/files\/2019\/07\/WhatsApp-Image-2019-07-26-at-13.39.29-1-300x169.jpeg\" alt=\"\" width=\"300\" height=\"169\" srcset=\"https:\/\/blog.cancaonova.com\/terrasanta\/files\/2019\/07\/WhatsApp-Image-2019-07-26-at-13.39.29-1-300x169.jpeg 300w, https:\/\/blog.cancaonova.com\/terrasanta\/files\/2019\/07\/WhatsApp-Image-2019-07-26-at-13.39.29-1-768x432.jpeg 768w, https:\/\/blog.cancaonova.com\/terrasanta\/files\/2019\/07\/WhatsApp-Image-2019-07-26-at-13.39.29-1-384x216.jpeg 384w, https:\/\/blog.cancaonova.com\/terrasanta\/files\/2019\/07\/WhatsApp-Image-2019-07-26-at-13.39.29-1-512x288.jpeg 512w, https:\/\/blog.cancaonova.com\/terrasanta\/files\/2019\/07\/WhatsApp-Image-2019-07-26-at-13.39.29-1-1024x576.jpeg 1024w, https:\/\/blog.cancaonova.com\/terrasanta\/files\/2019\/07\/WhatsApp-Image-2019-07-26-at-13.39.29-1-1536x864.jpeg 1536w, https:\/\/blog.cancaonova.com\/terrasanta\/files\/2019\/07\/WhatsApp-Image-2019-07-26-at-13.39.29-1.jpeg 1600w\" sizes=\"(max-width: 300px) 100vw, 300px\" \/><\/a><\/p>\n<p>Visitar o Memorial de Mois\u00e9s no Monte Nebo \u00e9 como ver as ra\u00edzes que conhec\u00edamos mas que estavam escondidas. Um lugar sagrado que se estende em dire\u00e7\u00e3o ao Vale do Jord\u00e3o e o Mar Morto, e isso tem um profundo significado para todos.<\/p>\n<p><a href=\"http:\/\/blog.cancaonova.com\/terrasanta\/files\/2019\/07\/WhatsApp-Image-2019-07-26-at-13.39.29-4.jpeg\"><img loading=\"lazy\" decoding=\"async\" class=\"alignnone size-medium wp-image-7941\" src=\"http:\/\/blog.cancaonova.com\/terrasanta\/files\/2019\/07\/WhatsApp-Image-2019-07-26-at-13.39.29-4-300x169.jpeg\" alt=\"\" width=\"300\" height=\"169\" srcset=\"https:\/\/blog.cancaonova.com\/terrasanta\/files\/2019\/07\/WhatsApp-Image-2019-07-26-at-13.39.29-4-300x169.jpeg 300w, https:\/\/blog.cancaonova.com\/terrasanta\/files\/2019\/07\/WhatsApp-Image-2019-07-26-at-13.39.29-4-768x432.jpeg 768w, https:\/\/blog.cancaonova.com\/terrasanta\/files\/2019\/07\/WhatsApp-Image-2019-07-26-at-13.39.29-4-384x216.jpeg 384w, https:\/\/blog.cancaonova.com\/terrasanta\/files\/2019\/07\/WhatsApp-Image-2019-07-26-at-13.39.29-4-512x288.jpeg 512w, https:\/\/blog.cancaonova.com\/terrasanta\/files\/2019\/07\/WhatsApp-Image-2019-07-26-at-13.39.29-4-1024x576.jpeg 1024w, https:\/\/blog.cancaonova.com\/terrasanta\/files\/2019\/07\/WhatsApp-Image-2019-07-26-at-13.39.29-4-1536x864.jpeg 1536w, https:\/\/blog.cancaonova.com\/terrasanta\/files\/2019\/07\/WhatsApp-Image-2019-07-26-at-13.39.29-4.jpeg 1600w\" sizes=\"(max-width: 300px) 100vw, 300px\" \/><\/a>&nbsp;<a href=\"http:\/\/blog.cancaonova.com\/terrasanta\/files\/2019\/07\/WhatsApp-Image-2019-07-26-at-13.39.29.jpeg\"><img loading=\"lazy\" decoding=\"async\" class=\"alignnone size-medium wp-image-7942\" src=\"http:\/\/blog.cancaonova.com\/terrasanta\/files\/2019\/07\/WhatsApp-Image-2019-07-26-at-13.39.29-300x169.jpeg\" alt=\"\" width=\"300\" height=\"169\" srcset=\"https:\/\/blog.cancaonova.com\/terrasanta\/files\/2019\/07\/WhatsApp-Image-2019-07-26-at-13.39.29-300x169.jpeg 300w, https:\/\/blog.cancaonova.com\/terrasanta\/files\/2019\/07\/WhatsApp-Image-2019-07-26-at-13.39.29-768x432.jpeg 768w, https:\/\/blog.cancaonova.com\/terrasanta\/files\/2019\/07\/WhatsApp-Image-2019-07-26-at-13.39.29-384x216.jpeg 384w, https:\/\/blog.cancaonova.com\/terrasanta\/files\/2019\/07\/WhatsApp-Image-2019-07-26-at-13.39.29-512x288.jpeg 512w, https:\/\/blog.cancaonova.com\/terrasanta\/files\/2019\/07\/WhatsApp-Image-2019-07-26-at-13.39.29-1024x576.jpeg 1024w, https:\/\/blog.cancaonova.com\/terrasanta\/files\/2019\/07\/WhatsApp-Image-2019-07-26-at-13.39.29-1536x864.jpeg 1536w, https:\/\/blog.cancaonova.com\/terrasanta\/files\/2019\/07\/WhatsApp-Image-2019-07-26-at-13.39.29.jpeg 1600w\" sizes=\"(max-width: 300px) 100vw, 300px\" \/><\/a><\/p>\n<p>No topo da montanha, peregrinos, visitantes e turistas vem dar \u2013 como Mois\u00e9s \u2013 uma olhada na Terra Santa. Em 2018 notou-se o aumento significativo do turismo na Jord\u00e2nia.<\/p>\n<p>Basta pensar que, conforme relatado pelo jornal The Jordan Times, o Monte Nebo, superado somente por Petra, \u00e9 o segundo lugar mais visitado do pa\u00eds, com mais de 444 mil visitantes.<\/p>\n<!-- AddThis Advanced Settings generic via filter on the_content --><!-- AddThis Share Buttons generic via filter on the_content -->","protected":false},"excerpt":{"rendered":"<p>Do alto da montanha onde Mois\u00e9s olhou \u2013 sem poder entrar \u2013 na Terra Prometida, a vista \u00e9 extraordin\u00e1ria. Visitar o Memorial de Mois\u00e9s no Monte Nebo \u00e9 como ver as ra\u00edzes que conhec\u00edamos mas que estavam escondidas. Um lugar&#8230;<!-- AddThis Advanced Settings generic via filter on get_the_excerpt --><!-- AddThis Share Buttons generic via filter on get_the_excerpt --><\/p>\n","protected":false},"author":4712,"featured_media":0,"comment_status":"open","ping_status":"open","sticky":false,"template":"","format":"standard","meta":{"_mi_skip_tracking":false,"_monsterinsights_sitenote_active":false,"_monsterinsights_sitenote_note":"","_monsterinsights_sitenote_category":0,"footnotes":""},"categories":[105211],"tags":[],"_links":{"self":[{"href":"https:\/\/blog.cancaonova.com\/terrasanta\/wp-json\/wp\/v2\/posts\/7937"}],"collection":[{"href":"https:\/\/blog.cancaonova.com\/terrasanta\/wp-json\/wp\/v2\/posts"}],"about":[{"href":"https:\/\/blog.cancaonova.com\/terrasanta\/wp-json\/wp\/v2\/types\/post"}],"author":[{"embeddable":true,"href":"https:\/\/blog.cancaonova.com\/terrasanta\/wp-json\/wp\/v2\/users\/4712"}],"replies":[{"embeddable":true,"href":"https:\/\/blog.cancaonova.com\/terrasanta\/wp-json\/wp\/v2\/comments?post=7937"}],"version-history":[{"count":1,"href":"https:\/\/blog.cancaonova.com\/terrasanta\/wp-json\/wp\/v2\/posts\/7937\/revisions"}],"predecessor-version":[{"id":7943,"href":"https:\/\/blog.cancaonova.com\/terrasanta\/wp-json\/wp\/v2\/posts\/7937\/revisions\/7943"}],"wp:attachment":[{"href":"https:\/\/blog.cancaonova.com\/terrasanta\/wp-json\/wp\/v2\/media?parent=7937"}],"wp:term":[{"taxonomy":"category","embeddable":true,"href":"https:\/\/blog.cancaonova.com\/terrasanta\/wp-json\/wp\/v2\/categories?post=7937"},{"taxonomy":"post_tag","embeddable":true,"href":"https:\/\/blog.cancaonova.com\/terrasanta\/wp-json\/wp\/v2\/tags?post=7937"}],"curies":[{"name":"wp","href":"https:\/\/api.w.org\/{rel}","templated":true}]}}