{"id":7960,"date":"2019-10-15T07:30:36","date_gmt":"2019-10-15T10:30:36","guid":{"rendered":"http:\/\/blog.cancaonova.com\/terrasanta\/?p=7960"},"modified":"2019-11-05T11:51:10","modified_gmt":"2019-11-05T14:51:10","slug":"segunda-fase-das-obras-no-santo-sepulcro","status":"publish","type":"post","link":"https:\/\/blog.cancaonova.com\/terrasanta\/2019\/10\/15\/segunda-fase-das-obras-no-santo-sepulcro\/","title":{"rendered":"Segunda fase das obras no Santo Sepulcro"},"content":{"rendered":"<p>J\u00e1 est\u00e1 em andamento o percurso que levar\u00e1, nos anos que v\u00eam, novas obras de restaura\u00e7\u00e3o dentro da Bas\u00edlica do Santo Sepulcro de Jerusal\u00e9m. Depois da interven\u00e7\u00e3o na Ed\u00edcula, conclu\u00edda em 2016, a aten\u00e7\u00e3o vai agora para seus alicerces e o ch\u00e3o que a rodeia. Uma interven\u00e7\u00e3o delicada, que requer uma atenta fase de estudo preliminar sobre a condi\u00e7\u00e3o atual do lugar, antes de se proceder \u00e0 reda\u00e7\u00e3o de um projeto executivo: ambos v\u00e3o ficar por conta da Funda\u00e7\u00e3o Centro para a Conserva\u00e7\u00e3o e a Restaura\u00e7\u00e3o dos Bens Culturais &#8220;La Venaria Reale&#8221; de Turim em colabora\u00e7\u00e3o com o Departamento de Ci\u00eancias da Antiguidade da Universidade \u201cLa Sapienza\u201d de Roma. Assinou-se nos \u00faltimos dias um acordo quadro entre as duas institui\u00e7\u00f5es acad\u00eamicas italianas e a Cust\u00f3dia da Terra Santa.<\/p>\n<p>STEFANO TRUCCO &#8211; Presidente Funda\u00e7\u00e3o Centro Conserva\u00e7\u00e3o Restaura\u00e7\u00e3o \u201cLa Venaria Reale\u201d &#8211; Turim<\/p>\n<p>&#8220;Realizaremos muitas coisas, a partir da pr\u00f3pria restaura\u00e7\u00e3o das pedras, at\u00e9 \u00e0s investiga\u00e7\u00f5es eventualmente arqueol\u00f3gicas e \u00e0 reproposi\u00e7\u00e3o de eventuais falhas.&#8221;<\/p>\n<p><a href=\"http:\/\/blog.cancaonova.com\/terrasanta\/files\/2019\/10\/sep6.png\"><img loading=\"lazy\" decoding=\"async\" class=\"alignnone size-medium wp-image-7966\" src=\"http:\/\/blog.cancaonova.com\/terrasanta\/files\/2019\/10\/sep6-300x234.png\" alt=\"\" width=\"300\" height=\"234\" srcset=\"https:\/\/blog.cancaonova.com\/terrasanta\/files\/2019\/10\/sep6-300x234.png 300w, https:\/\/blog.cancaonova.com\/terrasanta\/files\/2019\/10\/sep6-768x599.png 768w, https:\/\/blog.cancaonova.com\/terrasanta\/files\/2019\/10\/sep6.png 1357w\" sizes=\"(max-width: 300px) 100vw, 300px\" \/><\/a> <a href=\"http:\/\/blog.cancaonova.com\/terrasanta\/files\/2019\/10\/sep3.png\"><img loading=\"lazy\" decoding=\"async\" class=\"alignnone wp-image-7963\" src=\"http:\/\/blog.cancaonova.com\/terrasanta\/files\/2019\/10\/sep3-300x241.png\" alt=\"\" width=\"294\" height=\"236\" srcset=\"https:\/\/blog.cancaonova.com\/terrasanta\/files\/2019\/10\/sep3-300x241.png 300w, https:\/\/blog.cancaonova.com\/terrasanta\/files\/2019\/10\/sep3-768x618.png 768w, https:\/\/blog.cancaonova.com\/terrasanta\/files\/2019\/10\/sep3.png 1327w\" sizes=\"(max-width: 294px) 100vw, 294px\" \/><\/a><\/p>\n<p>Prof. GIORGIO PIRAS &#8211; Diretor Departamento de Ci\u00eancia da Antiguidade \u2013 Universidade de Roma \u201cLa Sapienza\u201d<\/p>\n<p>&#8220;Estamos muito felizes por podermos dar a oportunidade aos nossos estudantes, estudiosos avan\u00e7ados e jovens, de trabalhar num lugar t\u00e3o importante.&#8221;<\/p>\n<p><a href=\"http:\/\/blog.cancaonova.com\/terrasanta\/files\/2019\/05\/WhatsApp-Image-2019-05-07-at-15.38.18-1.jpeg\"><img loading=\"lazy\" decoding=\"async\" class=\"alignnone size-medium wp-image-7875\" src=\"http:\/\/blog.cancaonova.com\/terrasanta\/files\/2019\/05\/WhatsApp-Image-2019-05-07-at-15.38.18-1-300x225.jpeg\" alt=\"\" width=\"300\" height=\"225\" srcset=\"https:\/\/blog.cancaonova.com\/terrasanta\/files\/2019\/05\/WhatsApp-Image-2019-05-07-at-15.38.18-1-300x225.jpeg 300w, https:\/\/blog.cancaonova.com\/terrasanta\/files\/2019\/05\/WhatsApp-Image-2019-05-07-at-15.38.18-1-768x576.jpeg 768w, https:\/\/blog.cancaonova.com\/terrasanta\/files\/2019\/05\/WhatsApp-Image-2019-05-07-at-15.38.18-1.jpeg 1600w\" sizes=\"(max-width: 300px) 100vw, 300px\" \/><\/a> <a href=\"http:\/\/blog.cancaonova.com\/terrasanta\/files\/2019\/10\/sep4.png\"><img loading=\"lazy\" decoding=\"async\" class=\"alignnone wp-image-7964\" src=\"http:\/\/blog.cancaonova.com\/terrasanta\/files\/2019\/10\/sep4-300x291.png\" alt=\"\" width=\"232\" height=\"225\" srcset=\"https:\/\/blog.cancaonova.com\/terrasanta\/files\/2019\/10\/sep4-300x291.png 300w, https:\/\/blog.cancaonova.com\/terrasanta\/files\/2019\/10\/sep4-768x744.png 768w, https:\/\/blog.cancaonova.com\/terrasanta\/files\/2019\/10\/sep4.png 1093w\" sizes=\"(max-width: 232px) 100vw, 232px\" \/><\/a><\/p>\n<p>A obra vai envolver estudiosos com diferentes perfis, que precisar\u00e3o dialogar constantemente com as tr\u00eas Comunidades Crist\u00e3s que custodiam o Santo Sepulcro e s\u00e3o respons\u00e1veis pelo Status Quo que se encontra no interior.<\/p>\n<p>Fr. FRANCESCO PATTON, ofm &#8211; Cust\u00f3dio da Terra Santa<\/p>\n<p>&#8220;Vai ficar por nossa conta procurar ajudar a organiza\u00e7\u00e3o cient\u00edfica inteira a considerar as exig\u00eancias das Igrejas e dos peregrinos. Al\u00e9m disso podemos dizer que como Cust\u00f3dia tamb\u00e9m colocaremos \u00e0 disposi\u00e7\u00e3o o que a Cust\u00f3dia j\u00e1 fez em termos de estudo. Em todo caso, precisamos garantir a abertura do Sepulcro e sua acessibilidade aos peregrinos.&#8221;<\/p>\n<p>\u00c9 precisamente por isso que a maior parte do estudo no lugar dever\u00e1 se realizar \u00e0 noite. O objetivo ser\u00e1 entender como impostar da melhor maneira a restaura\u00e7\u00e3o de uma obra muito delicada, que tem 2000 anos de hist\u00f3ria, dentro da qual j\u00e1 foram realizadas muitas interven\u00e7\u00f5es que se estratificaram ao longo dos s\u00e9culos. Ap\u00f3s o estudo dever\u00e1 ser redigido um projeto executivo, no qual poder\u00e3o se basear as obras futuras.<\/p>\n<p><a href=\"http:\/\/blog.cancaonova.com\/terrasanta\/files\/2019\/10\/sep5.png\"><img loading=\"lazy\" decoding=\"async\" class=\"alignnone wp-image-7965\" src=\"http:\/\/blog.cancaonova.com\/terrasanta\/files\/2019\/10\/sep5-300x197.png\" alt=\"\" width=\"328\" height=\"215\" srcset=\"https:\/\/blog.cancaonova.com\/terrasanta\/files\/2019\/10\/sep5-300x197.png 300w, https:\/\/blog.cancaonova.com\/terrasanta\/files\/2019\/10\/sep5-768x505.png 768w, https:\/\/blog.cancaonova.com\/terrasanta\/files\/2019\/10\/sep5.png 1315w\" sizes=\"(max-width: 328px) 100vw, 328px\" \/><\/a> <a href=\"http:\/\/blog.cancaonova.com\/terrasanta\/files\/2019\/10\/sep2.png\"><img loading=\"lazy\" decoding=\"async\" class=\"alignnone wp-image-7962\" src=\"http:\/\/blog.cancaonova.com\/terrasanta\/files\/2019\/10\/sep2-300x239.png\" alt=\"\" width=\"272\" height=\"217\" srcset=\"https:\/\/blog.cancaonova.com\/terrasanta\/files\/2019\/10\/sep2-300x239.png 300w, https:\/\/blog.cancaonova.com\/terrasanta\/files\/2019\/10\/sep2-768x612.png 768w, https:\/\/blog.cancaonova.com\/terrasanta\/files\/2019\/10\/sep2.png 1298w\" sizes=\"(max-width: 272px) 100vw, 272px\" \/><\/a><\/p>\n<p>STEFANO TRUCCO<\/p>\n<p>&#8220;N\u00e3o tem duvida de que \u00e9 algo \u00fanico no mundo. Vamos em frente, passo ap\u00f3s passo, at\u00e9 apresentarmos o projeto final \u2013 que formar\u00e1 objeto de um concurso p\u00fablico para ajudica\u00e7\u00e3o &#8211; daqui a un ano.&#8221;<\/p>\n<!-- AddThis Advanced Settings generic via filter on the_content --><!-- AddThis Share Buttons generic via filter on the_content -->","protected":false},"excerpt":{"rendered":"<p>J\u00e1 est\u00e1 em andamento o percurso que levar\u00e1, nos anos que v\u00eam, novas obras de restaura\u00e7\u00e3o dentro da Bas\u00edlica do Santo Sepulcro de Jerusal\u00e9m. Depois da interven\u00e7\u00e3o na Ed\u00edcula, conclu\u00edda em 2016, a aten\u00e7\u00e3o vai agora para seus alicerces e&#8230;<!-- AddThis Advanced Settings generic via filter on get_the_excerpt --><!-- AddThis Share Buttons generic via filter on get_the_excerpt --><\/p>\n","protected":false},"author":4712,"featured_media":0,"comment_status":"open","ping_status":"open","sticky":false,"template":"","format":"standard","meta":{"_mi_skip_tracking":false,"_monsterinsights_sitenote_active":false,"_monsterinsights_sitenote_note":"","_monsterinsights_sitenote_category":0,"footnotes":""},"categories":[3131],"tags":[170155,194669,18449,5041],"_links":{"self":[{"href":"https:\/\/blog.cancaonova.com\/terrasanta\/wp-json\/wp\/v2\/posts\/7960"}],"collection":[{"href":"https:\/\/blog.cancaonova.com\/terrasanta\/wp-json\/wp\/v2\/posts"}],"about":[{"href":"https:\/\/blog.cancaonova.com\/terrasanta\/wp-json\/wp\/v2\/types\/post"}],"author":[{"embeddable":true,"href":"https:\/\/blog.cancaonova.com\/terrasanta\/wp-json\/wp\/v2\/users\/4712"}],"replies":[{"embeddable":true,"href":"https:\/\/blog.cancaonova.com\/terrasanta\/wp-json\/wp\/v2\/comments?post=7960"}],"version-history":[{"count":2,"href":"https:\/\/blog.cancaonova.com\/terrasanta\/wp-json\/wp\/v2\/posts\/7960\/revisions"}],"predecessor-version":[{"id":7967,"href":"https:\/\/blog.cancaonova.com\/terrasanta\/wp-json\/wp\/v2\/posts\/7960\/revisions\/7967"}],"wp:attachment":[{"href":"https:\/\/blog.cancaonova.com\/terrasanta\/wp-json\/wp\/v2\/media?parent=7960"}],"wp:term":[{"taxonomy":"category","embeddable":true,"href":"https:\/\/blog.cancaonova.com\/terrasanta\/wp-json\/wp\/v2\/categories?post=7960"},{"taxonomy":"post_tag","embeddable":true,"href":"https:\/\/blog.cancaonova.com\/terrasanta\/wp-json\/wp\/v2\/tags?post=7960"}],"curies":[{"name":"wp","href":"https:\/\/api.w.org\/{rel}","templated":true}]}}