{"id":1991,"date":"2013-07-22T00:00:13","date_gmt":"2013-07-22T03:00:13","guid":{"rendered":"http:\/\/blog.cancaonova.com\/tododemaria\/?p=1991"},"modified":"2014-05-14T16:39:42","modified_gmt":"2014-05-14T19:39:42","slug":"maria-mae-da-juventude","status":"publish","type":"post","link":"https:\/\/blog.cancaonova.com\/tododemaria\/maria-mae-da-juventude\/","title":{"rendered":"Maria, M\u00e3e da juventude"},"content":{"rendered":"<p><strong>A Virgem Maria e a sua presen\u00e7a materna na Jornada Mundial da Juventude.<\/strong><\/p>\n<p>&nbsp;<\/p>\n<div id=\"attachment_1992\" style=\"width: 217px\" class=\"wp-caption alignleft\"><a href=\"http:\/\/blog.cancaonova.com\/tododemaria\/files\/2013\/07\/Maria-M\u00e3e-da-juventude.jpg\"><img loading=\"lazy\" decoding=\"async\" aria-describedby=\"caption-attachment-1992\" class=\" wp-image-1992\" title=\"Maria, M\u00e3e da juventude\" alt=\"A presen\u00e7a materna de Maria, M\u00e3e da juventude na JMJ\" src=\"http:\/\/blog.cancaonova.com\/tododemaria\/files\/2013\/07\/Maria-M\u00e3e-da-juventude-207x300.jpg\" width=\"207\" height=\"300\" srcset=\"https:\/\/blog.cancaonova.com\/tododemaria\/files\/2013\/07\/Maria-M\u00e3e-da-juventude-207x300.jpg 207w, https:\/\/blog.cancaonova.com\/tododemaria\/files\/2013\/07\/Maria-M\u00e3e-da-juventude.jpg 560w\" sizes=\"(max-width: 207px) 100vw, 207px\" \/><\/a><p id=\"caption-attachment-1992\" class=\"wp-caption-text\">Maria, M\u00e3e de Deus, \u201cSalus Populi Romani\u201d (Protetora do Povo Romano).<\/p><\/div>\n<p>A Virgem Maria, M\u00e3e de Cristo e M\u00e3e da Igreja, est\u00e1 presente na Jornada Mundial da Juventude (JMJ). A presen\u00e7a materna de Nossa Senhora na JMJ \u00e9 representada por um s\u00edmbolo, que \u00e9 o \u00cdcone de Maria, que acompanha a Cruz peregrina da Jornada. Esta presen\u00e7a de M\u00e3e e de intercessora dos jovens foi e continua a ser lembrada pelos Papas. Desde o Papa Jo\u00e3o Paulo II, passando pelo Papa Em\u00e9rito Bento XVI, at\u00e9 o atual Papa Francisco, a Jornada Mundial da Juventude \u00e9 confiada \u00e0 materna prote\u00e7\u00e3o e intercess\u00e3o da Virgem Maria, M\u00e3e da juventude.<!--more Continue lendo...--><\/p>\n<p style=\"text-align: center\"><strong><a href=\"http:\/\/feedburner.google.com\/fb\/a\/mailverify?uri=TodoDeMaria\">Receba o conte\u00fado deste blog gratuitamente em seu e-mail.<\/a><\/strong><\/p>\n<p>Um momento hist\u00f3rico que fortaleceu os jovens em sua confian\u00e7a em Maria foi a entrega do \u00cdcone de Maria \u00e0 juventude como s\u00edmbolo da JMJ. Por ocasi\u00e3o da JMJ de 2003, o Papa Jo\u00e3o Paulo II deu aos jovens mais um s\u00edmbolo de f\u00e9 para ser levado pelo mundo, acompanhando a Cruz peregrina: o \u00cdcone de Maria, M\u00e3e de Deus, \u201c<em>Salus Populi Romani<\/em>\u201d (Protetora do Povo Romano). A imagem \u00e9 uma c\u00f3pia contempor\u00e2nea de um antigo \u00edcone sagrado, que se encontra na bas\u00edlica de Santa Maria Maior, em Roma. O Santo Padre confiou o \u00cdcone de Maria aos jovens do mundo inteiro como sinal da presen\u00e7a materna de Nossa Senhora junto a eles e os chamou a acolh\u00ea-la em suas vidas: \u201cHoje eu confio a voc\u00eas\u2026 o \u00cdcone de Maria. De agora em diante ele vai acompanhar as Jornadas Mundiais da Juventude, junto com a Cruz. Contemplem a sua M\u00e3e! Ele ser\u00e1 um sinal da presen\u00e7a materna de Maria pr\u00f3xima aos jovens que s\u00e3o chamados, como o Ap\u00f3stolo Jo\u00e3o (cf. Jo 19, 25-27), a acolh\u00ea-la em suas vidas\u201d.<\/p>\n<p>O Papa Bento XVI, sucessor de Jo\u00e3o Paulo II, confirmou a import\u00e2ncia do \u00cdcone da M\u00e3e de Deus para a JMJ. Na cerim\u00f4nia de entrega da Cruz e do \u00cdcone de Maria de jovens alem\u00e3es para a delega\u00e7\u00e3o da juventude australiana no Domingo de Ramos de 2006, Bento XVI destacou a raz\u00e3o da perten\u00e7a do \u00cdcone de Maria \u00e0 peregrina\u00e7\u00e3o da Cruz da JMJ: \u201cNossa Senhora esteve presente no cen\u00e1culo com os Ap\u00f3stolos quando eles estavam esperando por Pentecostes (cf. At 1, 14). Que ela seja vossa m\u00e3e e guia. Que ela vos ensine a receber a palavra de Deus, a valoriz\u00e1-la e medit\u00e1-la em seu cora\u00e7\u00e3o (cf. Lc 2,19) como ela fez com sua vida. Que ela possa encorajar-vos a dizer o vosso &#8216;sim&#8217; ao Senhor ao viver &#8216;a obedi\u00eancia da f\u00e9&#8217;. Que ela possa ajudar-vos a permanecer fortes na f\u00e9, constantes na esperan\u00e7a, perseverantes na caridade, sempre atentos \u00e0 palavra de Deus\u201d.<\/p>\n<p>No dia 14 deste, o Papa Francisco, <a href=\"http:\/\/papa.cancaonova.com\/angelus-com-o-papa-em-castel-gandolfo-14072013\/\">na ora\u00e7\u00e3o mariana do <em>Angelus<\/em><\/a>, confiou os participantes da <a href=\"http:\/\/tamujuntojmj.cancaonova.com\/\">JMJ Rio 2013<\/a> \u00e0 intercess\u00e3o de Maria Sant\u00edssima: \u201cE uma outra inten\u00e7\u00e3o eu gostaria de confiar \u00e0 Nossa Senhora, junto a todos voc\u00eas. Est\u00e1 pr\u00f3xima a Jornada Mundial da Juventude do Rio de Janeiro. Se v\u00ea que existem tantos jovens de idade, mas todos voc\u00eas s\u00e3o jovens no cora\u00e7\u00e3o! Eu partirei em oito dias, mas muitos jovens ir\u00e3o ao Brasil antes. Rezemos ent\u00e3o por esta grande peregrina\u00e7\u00e3o que come\u00e7a, para que Nossa Senhora Aparecida, Padroeira do Brasil, guie os passos dos participantes e abra os seus cora\u00e7\u00f5es para acolher a miss\u00e3o que Cristo dar\u00e1 a eles\u201d.<\/p>\n<p>Assim, como nos recomendou o Papa Jo\u00e3o Paulo II, contemplemos a Virgem Maria! Acolhamos a M\u00e3e da juventude em nossas vidas, em nossas casas, mas especialmente em nosso cora\u00e7\u00e3o. Em obedi\u00eancia \u00e0s palavras de Bento XVI, que Maria seja nossa M\u00e3e e guia. Pe\u00e7amos a M\u00e3e da Igreja que nos ajude a receber a Palavra de Deus e a medit\u00e1-la em nosso cora\u00e7\u00e3o. Como nos pediu o Papa Francisco, rezemos pela JMJ 2013, pedindo a Nossa Senhora de Aparecida que guie os passos dos participantes e abra os seus cora\u00e7\u00f5es para acolher a miss\u00e3o que Jesus Cristo confiar\u00e1 a eles. Consagremos a JMJ 2013 a Virgem de Aparecida, Padroeira do Brasil, para que aumente cada vez mais uma juventude de Maria, consagrada a Cristo e \u00e0 Igreja por meio dela.<\/p>\n","protected":false},"excerpt":{"rendered":"<p>A Virgem Maria e a sua presen\u00e7a materna na Jornada Mundial da Juventude. &nbsp; A Virgem Maria, M\u00e3e de Cristo e M\u00e3e da Igreja, est\u00e1 presente na Jornada Mundial da Juventude (JMJ). A presen\u00e7a materna de Nossa Senhora na JMJ&#8230; <a href=\"https:\/\/blog.cancaonova.com\/tododemaria\/maria-mae-da-juventude\/\">Continue lendo <span class=\"meta-nav\">&rarr;<\/span><\/a><\/p>\n","protected":false},"author":4539,"featured_media":0,"comment_status":"open","ping_status":"open","sticky":false,"template":"","format":"standard","meta":{"_mi_skip_tracking":false,"_monsterinsights_sitenote_active":false,"_monsterinsights_sitenote_note":"","_monsterinsights_sitenote_category":0,"footnotes":""},"categories":[3401],"tags":[],"_links":{"self":[{"href":"https:\/\/blog.cancaonova.com\/tododemaria\/wp-json\/wp\/v2\/posts\/1991"}],"collection":[{"href":"https:\/\/blog.cancaonova.com\/tododemaria\/wp-json\/wp\/v2\/posts"}],"about":[{"href":"https:\/\/blog.cancaonova.com\/tododemaria\/wp-json\/wp\/v2\/types\/post"}],"author":[{"embeddable":true,"href":"https:\/\/blog.cancaonova.com\/tododemaria\/wp-json\/wp\/v2\/users\/4539"}],"replies":[{"embeddable":true,"href":"https:\/\/blog.cancaonova.com\/tododemaria\/wp-json\/wp\/v2\/comments?post=1991"}],"version-history":[{"count":7,"href":"https:\/\/blog.cancaonova.com\/tododemaria\/wp-json\/wp\/v2\/posts\/1991\/revisions"}],"predecessor-version":[{"id":1994,"href":"https:\/\/blog.cancaonova.com\/tododemaria\/wp-json\/wp\/v2\/posts\/1991\/revisions\/1994"}],"wp:attachment":[{"href":"https:\/\/blog.cancaonova.com\/tododemaria\/wp-json\/wp\/v2\/media?parent=1991"}],"wp:term":[{"taxonomy":"category","embeddable":true,"href":"https:\/\/blog.cancaonova.com\/tododemaria\/wp-json\/wp\/v2\/categories?post=1991"},{"taxonomy":"post_tag","embeddable":true,"href":"https:\/\/blog.cancaonova.com\/tododemaria\/wp-json\/wp\/v2\/tags?post=1991"}],"curies":[{"name":"wp","href":"https:\/\/api.w.org\/{rel}","templated":true}]}}