{"id":2083,"date":"2013-08-12T06:00:45","date_gmt":"2013-08-12T09:00:45","guid":{"rendered":"http:\/\/blog.cancaonova.com\/tododemaria\/?p=2083"},"modified":"2014-04-23T13:24:12","modified_gmt":"2014-04-23T16:24:12","slug":"maria-a-crente-perfeita","status":"publish","type":"post","link":"https:\/\/blog.cancaonova.com\/tododemaria\/maria-a-crente-perfeita\/","title":{"rendered":"Maria, a crente perfeita"},"content":{"rendered":"<p><!-- P { margin-bottom: 0.21cm; } --><strong>A Virgem Maria foi formada em sua f\u00e9 desde o princ\u00edpio, principalmente na vida p\u00fablica de seu Filho Jesus Cristo, para tornar-se a crente perfeita.<\/strong><\/p>\n<p><a href=\"http:\/\/blog.cancaonova.com\/tododemaria\/files\/2013\/08\/Maria-a-crente-perfeita1.jpg\"><img loading=\"lazy\" decoding=\"async\" class=\"alignright size-medium wp-image-2085\" alt=\"A Virgem Maria foi formada para ser a crente perfeita\" src=\"http:\/\/blog.cancaonova.com\/tododemaria\/files\/2013\/08\/Maria-a-crente-perfeita1-214x300.jpg\" width=\"214\" height=\"300\" srcset=\"https:\/\/blog.cancaonova.com\/tododemaria\/files\/2013\/08\/Maria-a-crente-perfeita1-214x300.jpg 214w, https:\/\/blog.cancaonova.com\/tododemaria\/files\/2013\/08\/Maria-a-crente-perfeita1.jpg 469w\" sizes=\"(max-width: 214px) 100vw, 214px\" \/><\/a>Na vida p\u00fablica de Jesus, a Sant\u00edssima Virgem Maria \u00e9 formada ainda mais na f\u00e9, tornando-se a crente perfeita. Nossa Senhora aparece de maneira marcante logo no princ\u00edpio, nas bodas de Can\u00e1, quando movida de compaix\u00e3o, levou o Messias a dar in\u00edcio aos Seus milagres (cf. Jo 2, 1-11). \u201cDurante a prega\u00e7\u00e3o de Seu Filho, acolheu as palavras com que Ele, pondo o reino acima de todas as rela\u00e7\u00f5es de parentesco, proclamou bem-aventurados todos os que ouvem a palavra de Deus e a p\u00f5em em pr\u00e1tica (cf. Mc. 3, 35; Lc 11, 27-28); coisa que ela fazia fielmente (cf. Lc 2, 19 e 51)\u201d1. Dessa forma, avan\u00e7ou a Virgem Maria pelo caminho da f\u00e9, mantendo fielmente a uni\u00e3o com seu Filho at\u00e9 \u00e0 cruz (cf. Jo 19, 25-27).<!--more Continue lendo...--><\/p>\n<p style=\"text-align: center\"><strong><a href=\"http:\/\/feedburner.google.com\/fb\/a\/mailverify?uri=TodoDeMaria\">Receba o conte\u00fado deste blog gratuitamente em seu e-mail.<\/a><\/strong><\/p>\n<p>A f\u00e9 inabal\u00e1vel de Nossa Senhora aparece nitidamente na cena das bodas de Can\u00e1, quando diz aos serventes sem hesitar: \u201cFazei tudo o que ele vos disser!\u201d (Jo 2, 5b). \u201cMaria tem esta f\u00e9 [\u2026] mas ela, a crente perfeita, tem que servir como objeto de demonstra\u00e7\u00e3o para o Filho e sua distancia\u00e7\u00e3o da &#8216;carne e sangue&#8217; (do seu &#8216;sim&#8217; tudo pode ser obtido) e justamente, atrav\u00e9s disso, ela pr\u00f3pria \u00e9 educada numa f\u00e9 perfeita e aberta\u201d (Joseph Ratzinger, Maria, Primeira Igreja, p. 106).<\/p>\n<p>A primeira vista, n\u00e3o conseguimos compreender a dura resposta de Jesus \u00e0 terna s\u00faplica de sua M\u00e3e: \u201cMulher, para que me dizes isso? A minha hora ainda n\u00e3o chegou\u201d (Jo 2, 4b). Por\u00e9m, estas palavras adquirem seu significado na \u201chora da cruz, na qual a M\u00e3e receber\u00e1 do Filho o pleno direito \u00e0 intercess\u00e3o. \u201cA sua f\u00e9 inquebrant\u00e1vel [\u2026] produz, contudo, uma antecipa\u00e7\u00e3o simb\u00f3lica da Eucaristia\u201d (Joseph Ratzinger, Maria, Primeira Igreja, p. 106-107). Nela, ser\u00e1 o pr\u00f3prio Cristo quem dir\u00e1: \u201cFazei isto em mem\u00f3ria de mim\u201d (Jo 22, 19b).<\/p>\n<p>A cena em que Jesus n\u00e3o recebe a sua M\u00e3e que est\u00e1 \u00e0 porta e o visita (cf. Mc 3, 31-35) \u00e9 de uma dureza quase insuport\u00e1vel. O Mestre diz \u00e0queles que anunciavam Maria: \u201cEis minha m\u00e3e e meus irm\u00e3os! Quem faz a vontade de Deus, esse \u00e9 meu irm\u00e3o, minha irm\u00e3 e minha m\u00e3e\u201d (Mc 3, 34b-35). \u201cPodemos acompanhar Maria em seu esp\u00edrito no seu caminho de regresso \u00e0 casa e imaginar o seu estado de esp\u00edrito: a espada revolve-se na sua alma, ela sente-se por assim dizer roubada do seu bem mais pr\u00f3prio, esvaziada do sentido de sua vida; a sua f\u00e9, que de in\u00edcio foi confirmada por tantos sinais sens\u00edveis, \u00e9 remetida para uma noite escura\u201d (Joseph Ratzinger, Maria, Primeira Igreja, p. 107).<\/p>\n<p>O Filho n\u00e3o faz chegar \u00e0 M\u00e3e qualquer not\u00edcia sobre a Sua atividade. No entanto, ela n\u00e3o pode simplesmente deix\u00e1-lo ir, tem que acompanhar Jesus na ang\u00fastia da noite escura da f\u00e9. Mais uma vez, anonimamente, Maria \u00e9 colocada por Jesus ao plano comum dos crentes, quando uma mulher do povo louva os seios que O amamentaram (cf. Lc 11, 27). Aquela mulher come\u00e7ava j\u00e1 o profetizado louvor de todas as gera\u00e7\u00f5es (cf. Lc 1, 48b), mas Jesus desvia o louvor: \u201cFelizes, sobretudo, s\u00e3o os que ouvem a Palavra de Deus e a p\u00f5em em pr\u00e1tica\u201d (Lc 11, 28). A dureza com a qual era tratada a Virgem M\u00e3e por seu Filho Jesus foi necess\u00e1ria para o amadurecimento da sua f\u00e9, em vista da sua miss\u00e3o, da sua maternidade espiritual sobre a Igreja.<\/p>\n","protected":false},"excerpt":{"rendered":"<p>A Virgem Maria foi formada em sua f\u00e9 desde o princ\u00edpio, principalmente na vida p\u00fablica de seu Filho Jesus Cristo, para tornar-se a crente perfeita. Na vida p\u00fablica de Jesus, a Sant\u00edssima Virgem Maria \u00e9 formada ainda mais na f\u00e9,&#8230; <a href=\"https:\/\/blog.cancaonova.com\/tododemaria\/maria-a-crente-perfeita\/\">Continue lendo <span class=\"meta-nav\">&rarr;<\/span><\/a><\/p>\n","protected":false},"author":4539,"featured_media":0,"comment_status":"open","ping_status":"open","sticky":false,"template":"","format":"standard","meta":{"_mi_skip_tracking":false,"_monsterinsights_sitenote_active":false,"_monsterinsights_sitenote_note":"","_monsterinsights_sitenote_category":0,"footnotes":""},"categories":[3401],"tags":[],"_links":{"self":[{"href":"https:\/\/blog.cancaonova.com\/tododemaria\/wp-json\/wp\/v2\/posts\/2083"}],"collection":[{"href":"https:\/\/blog.cancaonova.com\/tododemaria\/wp-json\/wp\/v2\/posts"}],"about":[{"href":"https:\/\/blog.cancaonova.com\/tododemaria\/wp-json\/wp\/v2\/types\/post"}],"author":[{"embeddable":true,"href":"https:\/\/blog.cancaonova.com\/tododemaria\/wp-json\/wp\/v2\/users\/4539"}],"replies":[{"embeddable":true,"href":"https:\/\/blog.cancaonova.com\/tododemaria\/wp-json\/wp\/v2\/comments?post=2083"}],"version-history":[{"count":10,"href":"https:\/\/blog.cancaonova.com\/tododemaria\/wp-json\/wp\/v2\/posts\/2083\/revisions"}],"predecessor-version":[{"id":3428,"href":"https:\/\/blog.cancaonova.com\/tododemaria\/wp-json\/wp\/v2\/posts\/2083\/revisions\/3428"}],"wp:attachment":[{"href":"https:\/\/blog.cancaonova.com\/tododemaria\/wp-json\/wp\/v2\/media?parent=2083"}],"wp:term":[{"taxonomy":"category","embeddable":true,"href":"https:\/\/blog.cancaonova.com\/tododemaria\/wp-json\/wp\/v2\/categories?post=2083"},{"taxonomy":"post_tag","embeddable":true,"href":"https:\/\/blog.cancaonova.com\/tododemaria\/wp-json\/wp\/v2\/tags?post=2083"}],"curies":[{"name":"wp","href":"https:\/\/api.w.org\/{rel}","templated":true}]}}