{"id":2204,"date":"2013-09-08T05:00:03","date_gmt":"2013-09-08T08:00:03","guid":{"rendered":"http:\/\/blog.cancaonova.com\/tododemaria\/?p=2204"},"modified":"2014-04-01T15:52:21","modified_gmt":"2014-04-01T18:52:21","slug":"o-nascimento-de-maria-e-as-criancas","status":"publish","type":"post","link":"https:\/\/blog.cancaonova.com\/tododemaria\/o-nascimento-de-maria-e-as-criancas\/","title":{"rendered":"O nascimento de Maria e as crian\u00e7as"},"content":{"rendered":"<p><!-- P { margin-bottom: 0.21cm; } --><strong>Na Festa da Natividade de Nossa Senhora, nosso olhar para Maria Menina nos leva a pensar em nossas crian\u00e7as.<\/strong><\/p>\n<p><a href=\"http:\/\/blog.cancaonova.com\/tododemaria\/files\/2013\/09\/O-nascimento-de-Maria-e-as-crian\u00e7as.jpg\"><img loading=\"lazy\" decoding=\"async\" class=\"alignleft size-full wp-image-2205\" alt=\"O nascimento da Virgem Maria e as crian\u00e7as do nosso tempo\" src=\"http:\/\/blog.cancaonova.com\/tododemaria\/files\/2013\/09\/O-nascimento-de-Maria-e-as-crian\u00e7as.jpg\" width=\"300\" height=\"203\" \/><\/a>Na <a href=\"http:\/\/www.vatican.va\/holy_father\/john_paul_ii\/audiences\/2004\/documents\/hf_jp-ii_aud_20040908_po.html\">audi\u00eancia do dia 8 de Setembro de 2004<\/a>, na festa da Natividade da Bem-Aventurada Virgem Maria, o ent\u00e3o Papa Jo\u00e3o Paulo II disse que esta festa, muito querida pela piedade popular, \u201cleva-nos a admirar em Maria Menina a aurora pur\u00edssima da Reden\u00e7\u00e3o. Contemplamos uma menina como todas as outras, e ao mesmo tempo \u00fanica, a &#8216;bendita entre as mulheres&#8217; (Lc 1, 42). Maria \u00e9 a Imaculada &#8216;filha de Si\u00e3o&#8217;, destinada a tornar-se a M\u00e3e do Messias\u201d. Neste dia significativo para a devo\u00e7\u00e3o mariana, as palavras do Santo Padre nos colocam diante dos desafios que ainda hoje enfrentamos na busca pela paz.<!--more Continue lendo...--><\/p>\n<p style=\"text-align: center\"><strong><a href=\"http:\/\/feedburner.google.com\/fb\/a\/mailverify?uri=TodoDeMaria\">Receba o conte\u00fado deste blog gratuitamente em seu e-mail.<\/a><\/strong><\/p>\n<p>Naquela ocasi\u00e3o, o Santo Padre recordava um fato lament\u00e1vel da \u00e9poca: \u201cOlhando para Maria Menina, como deixar de pensar nos pequenos inermes de Beslan, na Oss\u00e9sia, v\u00edtimas de um sequestro b\u00e1rbaro e tragicamente massacrados? Encontravam-se dentro de uma escola, lugar em que se aprendem os valores que d\u00e3o sentido \u00e0 hist\u00f3ria, \u00e0 cultura e \u00e0 civiliza\u00e7\u00e3o dos povos: o respeito rec\u00edproco, a solidariedade, a justi\u00e7a e a paz. Contudo, entre aquelas paredes eles experimentaram o ultraje, o \u00f3dio e a morte, consequ\u00eancias nefastas de um fanatismo cruel e de um desprezo insensato pela pessoa humana\u201d.<\/p>\n<p>Infelizmente ainda hoje as palavras de Jo\u00e3o Paulo II s\u00e3o atuais, pois as principais v\u00edtimas da viol\u00eancia s\u00e3o as pessoas inocentes, especialmente as crian\u00e7as. A descri\u00e7\u00e3o da situa\u00e7\u00e3o daquele tempo nos parece a que vivemos em nossos dias: \u201cNeste momento, o olhar dirige-se para todas as crian\u00e7as inocentes que, em todas as partes da terra, s\u00e3o v\u00edtimas da viol\u00eancia dos adultos. Crian\u00e7as obrigadas a empunhar as armas e educadas a odiar e a matar; crian\u00e7as levadas a pedir esmolas nas ruas, exploradas para obter lucros f\u00e1ceis; crian\u00e7as maltratadas e humilhadas pela prepot\u00eancia e pelos abusos dos adultos; crian\u00e7as abandonadas a si mesmas, privadas do calor da fam\u00edlia e de uma perspectiva de futuro; crian\u00e7as que morrem de fome, crian\u00e7as mortas nos numerosos conflitos em v\u00e1rias regi\u00f5es do mundo\u201d.<\/p>\n<p>O apelo pela paz do Beato Jo\u00e3o Paulo II, que ecoa nas palavras do <a href=\"http:\/\/papa.cancaonova.com\/angelus-com-o-papa-francisco-01092013\/\">Papa Francisco em recente audi\u00eancia<\/a>, nos d\u00e1 a consci\u00eancia de que n\u00e3o podemos ficar indiferentes ao grito de paz da humanidade. Jo\u00e3o Paulo II diz a respeito do grito de paz que ecoa pelos tempos: \u201cTrata-se de um forte grito de dor da inf\u00e2ncia ferida na sua dignidade. Ele n\u00e3o pode, n\u00e3o deve deixar ningu\u00e9m indiferente. Car\u00edssimos Irm\u00e3os e Irm\u00e3s, diante do ber\u00e7o de Maria Menina, havemos de ter a renovada consci\u00eancia de que devemos tutelar e defender estas criaturas fr\u00e1geis e construir para elas um futuro de paz. Oremos juntos a fim de que lhes sejam criadas as condi\u00e7\u00f5es de uma exist\u00eancia tranquila e segura\u201d pediu o Santo Padre.<\/p>\n<p>Em obedi\u00eancia \u00e0s palavras do nosso saudoso Jo\u00e3o de Deus, na Festa da Natividade da Sant\u00edssima Virgem Maria, elevemos o nosso cora\u00e7\u00e3o, as nossas preces e s\u00faplicas \u00e0 M\u00e3e de Jesus Cristo. Roguemos a Nossa Senhora, para que ela proteja as crian\u00e7as, especialmente aquelas que s\u00e3o v\u00edtimas do \u00f3dio e da viol\u00eancia, e interceda junto a Deus nosso Pai, pedindo pela paz mundial e pela reconcilia\u00e7\u00e3o dos homens e das mulheres do nosso tempo. Nossa Senhora Rainha da Paz, rogai por n\u00f3s!<\/p>\n","protected":false},"excerpt":{"rendered":"<p>Na Festa da Natividade de Nossa Senhora, nosso olhar para Maria Menina nos leva a pensar em nossas crian\u00e7as. Na audi\u00eancia do dia 8 de Setembro de 2004, na festa da Natividade da Bem-Aventurada Virgem Maria, o ent\u00e3o Papa Jo\u00e3o&#8230; <a href=\"https:\/\/blog.cancaonova.com\/tododemaria\/o-nascimento-de-maria-e-as-criancas\/\">Continue lendo <span class=\"meta-nav\">&rarr;<\/span><\/a><\/p>\n","protected":false},"author":4539,"featured_media":0,"comment_status":"open","ping_status":"open","sticky":false,"template":"","format":"standard","meta":{"_mi_skip_tracking":false,"_monsterinsights_sitenote_active":false,"_monsterinsights_sitenote_note":"","_monsterinsights_sitenote_category":0,"footnotes":""},"categories":[186604],"tags":[],"_links":{"self":[{"href":"https:\/\/blog.cancaonova.com\/tododemaria\/wp-json\/wp\/v2\/posts\/2204"}],"collection":[{"href":"https:\/\/blog.cancaonova.com\/tododemaria\/wp-json\/wp\/v2\/posts"}],"about":[{"href":"https:\/\/blog.cancaonova.com\/tododemaria\/wp-json\/wp\/v2\/types\/post"}],"author":[{"embeddable":true,"href":"https:\/\/blog.cancaonova.com\/tododemaria\/wp-json\/wp\/v2\/users\/4539"}],"replies":[{"embeddable":true,"href":"https:\/\/blog.cancaonova.com\/tododemaria\/wp-json\/wp\/v2\/comments?post=2204"}],"version-history":[{"count":7,"href":"https:\/\/blog.cancaonova.com\/tododemaria\/wp-json\/wp\/v2\/posts\/2204\/revisions"}],"predecessor-version":[{"id":3230,"href":"https:\/\/blog.cancaonova.com\/tododemaria\/wp-json\/wp\/v2\/posts\/2204\/revisions\/3230"}],"wp:attachment":[{"href":"https:\/\/blog.cancaonova.com\/tododemaria\/wp-json\/wp\/v2\/media?parent=2204"}],"wp:term":[{"taxonomy":"category","embeddable":true,"href":"https:\/\/blog.cancaonova.com\/tododemaria\/wp-json\/wp\/v2\/categories?post=2204"},{"taxonomy":"post_tag","embeddable":true,"href":"https:\/\/blog.cancaonova.com\/tododemaria\/wp-json\/wp\/v2\/tags?post=2204"}],"curies":[{"name":"wp","href":"https:\/\/api.w.org\/{rel}","templated":true}]}}