{"id":226,"date":"2012-06-06T09:00:10","date_gmt":"2012-06-06T12:00:10","guid":{"rendered":"http:\/\/blog.cancaonova.com\/tododemaria\/?p=226"},"modified":"2016-01-24T20:59:15","modified_gmt":"2016-01-24T22:59:15","slug":"maria-a-mulher-eucaristica","status":"publish","type":"post","link":"https:\/\/blog.cancaonova.com\/tododemaria\/maria-a-mulher-eucaristica\/","title":{"rendered":"Maria, a mulher eucar\u00edstica"},"content":{"rendered":"<p style=\"text-align: left\"><strong>A Virgem Maria, desde a encarna\u00e7\u00e3o do Verbo, est\u00e1 unida ao mist\u00e9rio da Eucaristia.<\/strong><\/p>\n<p style=\"text-align: left\"><a href=\"http:\/\/blog.cancaonova.com\/tododemaria\/files\/2012\/06\/mariaeucaristia51.jpg\"><img loading=\"lazy\" decoding=\"async\" class=\"alignleft size-full wp-image-230\" src=\"http:\/\/blog.cancaonova.com\/tododemaria\/files\/2012\/06\/mariaeucaristia51.jpg\" alt=\"Maria tem uma liga\u00e7\u00e3o exclusiva com o mist\u00e9rio eucar\u00edstico.\" width=\"237\" height=\"240\" \/><\/a>A Virgem Maria \u00e9 chamada de &#8220;mulher eucar\u00edstica&#8221; pela sua proximidade com Jesus Eucar\u00edstico. Esta reflex\u00e3o ser\u00e1 feita a partir do pensamento do Papa Jo\u00e3o Paulo II, expresso no documento \u201cA Eucaristia: fonte e \u00e1pice da vida e da miss\u00e3o da Igreja\u201d, <em>Instrumentum laboris<\/em>, de 7 de julho,\u00a0do S\u00ednodo dos Bispos no Ano da Eucaristia em 2005.<\/p>\n<p style=\"text-align: left\"><strong>Saiba a liga\u00e7\u00e3o entre a Virgem Maria e a Eucaristia e o que esta tem a ver com nossas vidas.<\/strong><!--more Continue lendo...--><\/p>\n<p style=\"text-align: center\"><strong><a href=\"http:\/\/feedburner.google.com\/fb\/a\/mailverify?uri=TodoDeMaria\" target=\"_blank\">Receba o conte\u00fado deste blog gratuitamente em seu e-mail.<\/a><\/strong><\/p>\n<p style=\"text-align: left\">Jo\u00e3o Paulo II, cujo <a href=\"http:\/\/blog.cancaonova.com\/tododemaria\/joao-paulo-ii-e-a-virgem-maria\/\">pensamento em rela\u00e7\u00e3o\u00a0a Maria<\/a> est\u00e1 intimamente ligado com a <a href=\"http:\/\/blog.cancaonova.com\/tododemaria\/consagracao\/\">consagra\u00e7\u00e3o total a Sant\u00edssima Virgem<\/a>, foi quem deu in\u00edcio ao &#8220;Ano da Eucaristia&#8221;, que foi um tempo de muito rico para a \u00a0Igreja. O Documento do qual tratamos, certamente inspirado nas palavras e no pensamento de Jo\u00e3o Paulo, que havia falecido a pouco mais de tr\u00eas meses, nos recorda as palavras de Santo Ireneu, que dizia: \u201cA Eucaristia \u00e9 o resumo e a suma da nossa f\u00e9\u201d. Na Eucaristia vemos a realiza\u00e7\u00e3o da alian\u00e7a com Deus, a alian\u00e7a da f\u00e9, da qual o homem precisa para viver. \u201cSe n\u00e3o acreditardes, n\u00e3o vos mantereis firmes\u201d (Is 7,9b). A Eucaristia \u00e9 a nova e eterna alian\u00e7a, que Jesus Cristo nos deixou no Sacramento do seu Corpo e do seu Sangue. Na Eucaristia, pela f\u00e9 reconhecemos e acolhemos Jesus Cristo como num encontro, no qual nos envolvemos totalmente, como \u201cMaria, modelo de f\u00e9 plenamente realizada\u201d.<\/p>\n<p style=\"text-align: left\">A Eucaristia \u00e9 o centro da liturgia, na qual est\u00e1 \u201cpresente a Trindade, adorada eternamente por Maria e pelos anjos que servem a Deus, oferecendo-nos um modelo do servi\u00e7o\u201d. Deus tamb\u00e9m \u00e9 adorado pelos santos e justos, que est\u00e3o na sua presen\u00e7a, intercedendo por n\u00f3s e pelas almas do purgat\u00f3rio. Dessa forma, a Igreja se manifesta como fam\u00edlia de Deus, que est\u00e1 diante do Senhor em adora\u00e7\u00e3o, mas, ao mesmo tempo, est\u00e1 voltada para aqueles que ainda n\u00e3o alcan\u00e7aram a salva\u00e7\u00e3o. Dentre aqueles que est\u00e3o diante de Deus, a Virgem Maria ocupa um lugar privilegiado pois cremos, com o Papa Le\u00e3o XIII, que ela \u00e9 a mediadora de todas as gra\u00e7as.<\/p>\n<p style=\"text-align: left\">Em conformidade com o pensamento do Papa Jo\u00e3o Paulo II, afirma-se que: \u201cEntre todos os santos, a Sant\u00edssima Virgem Maria resplandece como modelo de santidade e de espiritualidade eucar\u00edstica\u201d. A Tradi\u00e7\u00e3o da Igreja atesta que o nome de Maria \u00e9 recordado com venera\u00e7\u00e3o nas ora\u00e7\u00f5es da Santa Missa, principalmente nas Igrejas Orientais cat\u00f3licas. Maria est\u00e1 t\u00e3o ligada ao mist\u00e9rio eucar\u00edstico que, na Enc\u00edclica <em>Ecclesia de Eucharistia<\/em>, Jo\u00e3o Paulo II a chamou de \u201cMulher eucar\u00edstica\u201d. Em Maria se realiza a rela\u00e7\u00e3o entre a M\u00e3e e o Filho de Deus, que recebeu seu Corpo e Sangue da Virgem. Nela se realiza tamb\u00e9m a \u00edntima rela\u00e7\u00e3o que une a Igreja e a Eucaristia, pois Maria \u00e9 modelo e figura da Igreja, cuja vida e miss\u00e3o tem a fonte e o \u00e1pice no Corpo e Sangue de Nosso Senhor Jesus Cristo.<\/p>\n<p style=\"text-align: left\">Maria viveu em esp\u00edrito eucar\u00edstico antes da institui\u00e7\u00e3o do Sacramento, pois ofereceu o seu seio virginal para a encarna\u00e7\u00e3o do Verbo. \u201cDurante nove meses, foi o tabern\u00e1culo vivo de Deus\u201d. Ela realizou um gesto eucar\u00edstico e eclesial, ao apresentar o Menino Jesus aos pastores, aos magos e ao Sumo Sacerdote no Templo. Ofereceu o Fruto bendito do seu ventre ao Povo de Deus e aos gentios, para que O adorassem e O reconhecessem como Messias. A Virgem M\u00e3e, aos p\u00e9s da cruz, participou dos sofrimentos do seu Filho. Depois, acolheu o Senhor morto nos bra\u00e7os e colocou-O na sepultura, como \u201csemente secreta de ressurrei\u00e7\u00e3o e de vida nova para a salva\u00e7\u00e3o do mundo\u201d. A presen\u00e7a de Maria no Pentecostes, na efus\u00e3o do Esp\u00edrito Santo, primeiro dom do Senhor ressuscitado \u00e0 Igreja nascente, foi tamb\u00e9m uma oferta de natureza eucar\u00edstica e eclesial.<\/p>\n<p style=\"text-align: left\">A Virgem Maria, M\u00e3e de Deus que, deu a sua carne imaculada ao Filho de Deus, estabeleceu para sempre uma rela\u00e7\u00e3o exclusiva com o Mist\u00e9rio eucar\u00edstico. \u201cEm Maria, a mulher eucar\u00edstica por excel\u00eancia, a Igreja contempla, n\u00e3o s\u00f3 o seu modelo mais perfeito, mas tamb\u00e9m a realiza\u00e7\u00e3o antecipada do &#8216;novo c\u00e9u&#8217; e da &#8216;nova terra&#8217;, que a cria\u00e7\u00e3o inteira espera com fervoroso anseio\u201d.<\/p>\n<p style=\"text-align: left\">Maria \u00e9 a mulher eucar\u00edstica, que gerou o Corpo e o Sangue de Cristo. Por isso, como membros do Corpo de Cristo, que \u00e9 a Igreja, somos tamb\u00e9m formados no ventre virginal de Maria. Nesse processo de forma\u00e7\u00e3o, a consagra\u00e7\u00e3o a Nossa Senhora tem particular import\u00e2ncia, pois nos conforma a Jesus Cristo de forma mais plena. Nos faz participar melhor dos sacramentos, principalmente o da Eucaristia, que \u00e9 a fonte e o \u00e1pice da vida e da miss\u00e3o da Igreja. A Maria, a mulher eucar\u00edstica, somos chamados a nos consagrar inteiramente e a invocar sua intercess\u00e3o, para que sejamos fi\u00e9is a miss\u00e3o que nos foi confiada por Cristo, para a maior gl\u00f3ria de Deus e para a salva\u00e7\u00e3o dos homens e do mundo.<\/p>\n","protected":false},"excerpt":{"rendered":"<p>A Virgem Maria, desde a encarna\u00e7\u00e3o do Verbo, est\u00e1 unida ao mist\u00e9rio da Eucaristia. A Virgem Maria \u00e9 chamada de &#8220;mulher eucar\u00edstica&#8221; pela sua proximidade com Jesus Eucar\u00edstico. Esta reflex\u00e3o ser\u00e1 feita a partir do pensamento do Papa Jo\u00e3o Paulo&#8230;<\/p>\n","protected":false},"author":4539,"featured_media":0,"comment_status":"open","ping_status":"open","sticky":false,"template":"","format":"standard","meta":{"_mi_skip_tracking":false,"_monsterinsights_sitenote_active":false,"_monsterinsights_sitenote_note":"","_monsterinsights_sitenote_category":0,"footnotes":""},"categories":[186083],"tags":[],"_links":{"self":[{"href":"https:\/\/blog.cancaonova.com\/tododemaria\/wp-json\/wp\/v2\/posts\/226"}],"collection":[{"href":"https:\/\/blog.cancaonova.com\/tododemaria\/wp-json\/wp\/v2\/posts"}],"about":[{"href":"https:\/\/blog.cancaonova.com\/tododemaria\/wp-json\/wp\/v2\/types\/post"}],"author":[{"embeddable":true,"href":"https:\/\/blog.cancaonova.com\/tododemaria\/wp-json\/wp\/v2\/users\/4539"}],"replies":[{"embeddable":true,"href":"https:\/\/blog.cancaonova.com\/tododemaria\/wp-json\/wp\/v2\/comments?post=226"}],"version-history":[{"count":13,"href":"https:\/\/blog.cancaonova.com\/tododemaria\/wp-json\/wp\/v2\/posts\/226\/revisions"}],"predecessor-version":[{"id":5292,"href":"https:\/\/blog.cancaonova.com\/tododemaria\/wp-json\/wp\/v2\/posts\/226\/revisions\/5292"}],"wp:attachment":[{"href":"https:\/\/blog.cancaonova.com\/tododemaria\/wp-json\/wp\/v2\/media?parent=226"}],"wp:term":[{"taxonomy":"category","embeddable":true,"href":"https:\/\/blog.cancaonova.com\/tododemaria\/wp-json\/wp\/v2\/categories?post=226"},{"taxonomy":"post_tag","embeddable":true,"href":"https:\/\/blog.cancaonova.com\/tododemaria\/wp-json\/wp\/v2\/tags?post=226"}],"curies":[{"name":"wp","href":"https:\/\/api.w.org\/{rel}","templated":true}]}}