{"id":242,"date":"2012-06-08T09:00:00","date_gmt":"2012-06-08T12:00:00","guid":{"rendered":"http:\/\/blog.cancaonova.com\/tododemaria\/?p=242"},"modified":"2016-06-09T17:26:53","modified_gmt":"2016-06-09T20:26:53","slug":"sao-jose-de-anchieta-e-sua-devocao-a-maria","status":"publish","type":"post","link":"https:\/\/blog.cancaonova.com\/tododemaria\/sao-jose-de-anchieta-e-sua-devocao-a-maria\/","title":{"rendered":"S\u00e3o Jos\u00e9 de Anchieta e sua devo\u00e7\u00e3o a Maria"},"content":{"rendered":"<p style=\"text-align: left\"><strong>S\u00e3o Jos\u00e9 de Anchieta: sua vida, apostolado e devo\u00e7\u00e3o a Virgem Maria.<\/strong><\/p>\n<p style=\"text-align: left\"><a href=\"http:\/\/blog.cancaonova.com\/tododemaria\/files\/2012\/06\/JoseAnchieta1.jpg\"><img loading=\"lazy\" decoding=\"async\" class=\"alignleft size-medium wp-image-243\" title=\"S\u00e3o Jos\u00e9 de Anchieta e sua devo\u00e7\u00e3o a Maria\" src=\"http:\/\/blog.cancaonova.com\/tododemaria\/files\/2012\/06\/JoseAnchieta1-214x300.jpg\" alt=\"S\u00e3o Jos\u00e9 de Anchieta e sua devo\u00e7\u00e3o a Virgem Maria\" width=\"214\" height=\"300\" srcset=\"https:\/\/blog.cancaonova.com\/tododemaria\/files\/2012\/06\/JoseAnchieta1-214x300.jpg 214w, https:\/\/blog.cancaonova.com\/tododemaria\/files\/2012\/06\/JoseAnchieta1.jpg 550w\" sizes=\"(max-width: 214px) 100vw, 214px\" \/><\/a><span style=\"line-height: 1.5em\">S\u00e3o Jos\u00e9 de Anchieta, homem de profunda devo\u00e7\u00e3o a Virgem Maria, que comemoramos no dia 09 de Junho, foi <a title=\"Francisco assina decreto que canoniza beato Anchieta\" href=\"http:\/\/noticias.cancaonova.com\/francisco-assina-decreto-que-canoniza-beato-anchieta\/\" target=\"_blank\">canonizado pelo Papa Francisco em 03 de abril de 2014<\/a>. O Santo foi um dos escolhidos pela Igreja ser intercessor da Jornada Mundial da Juventude 2013, que aconteceu na cidade do Rio de Janeiro. Escrever sobre o Padre Anchieta \u00e9 significativo para n\u00f3s, pois ele teve toda a sua vida marcada pela presen\u00e7a da Virgem Maria.<\/span><\/p>\n<p style=\"text-align: left\"><strong>Voc\u00ea sabe qual a import\u00e2ncia de Jos\u00e9 de Anchieta para o in\u00edcio da Igreja no Brasil? Conhece sua devo\u00e7\u00e3o mariana?<\/strong><!--more Continue lendo...--><\/p>\n<p style=\"text-align: center\"><strong><a href=\"http:\/\/feedburner.google.com\/fb\/a\/mailverify?uri=TodoDeMaria\" target=\"_blank\">Receba o conte\u00fado deste blog gratuitamente em seu e-mail.<\/a><\/strong><\/p>\n<p style=\"text-align: left\">Jos\u00e9 de Anchieta nasceu no dia 19 de mar\u00e7o de 1534, em San Cristobal de Laguna, Tenerife, nas Ilhas Can\u00e1rias, na Espanha. De fam\u00edlia nobre, desde a inf\u00e2ncia, foi muito devoto de Nossa Senhora e, por volta dos seus dezessete anos, fez sua consagra\u00e7\u00e3o a Maria. Nessa mesma \u00e9poca, entrou na Companhia de Jesus, mais conhecidos como jesu\u00edtas, que tamb\u00e9m s\u00e3o marcados pela devo\u00e7\u00e3o mariana.<\/p>\n<p style=\"text-align: left\">Jos\u00e9 de Anchieta veio em miss\u00e3o para o Brasil em 1553, antes de terminar sua forma\u00e7\u00e3o. Terminou seus estudos e foi ordenado por volta do ano de 1565. Teve grande influ\u00eancia na sociedade da \u00e9poca e foi muito importante para a obra de evangeliza\u00e7\u00e3o dos jesu\u00edtas. Escreveu serm\u00f5es, poemas, pe\u00e7as teatrais, a gram\u00e1tica Tupi e muitas outras obras, que foram de muita utilidade para o uso nas miss\u00f5es dos jesu\u00edtas.<\/p>\n<p style=\"text-align: left\">Foi um homem incans\u00e1vel, empenhado na evangeliza\u00e7\u00e3o, atrav\u00e9s da educa\u00e7\u00e3o, nos col\u00e9gios, mas tamb\u00e9m na catequiza\u00e7\u00e3o dos \u00edndios. Apesar do trabalho a favor destes, ficou preso durante meses numa tribo dos Tamoios e nesse tempo teria pedido a intercess\u00e3o da Virgem Maria. Em agradecimento, Anchieta prometeu a Maria que comporia um poema em sua homenagem. Tamanha era a sua confian\u00e7a, que antes da sua liberta\u00e7\u00e3o teria escrito o poema a Nossa Senhora. Escrevia na areia e depois memorizou-o pois n\u00e3o tinha papel para escrever. Este ficou conhecido como \u201c<a title=\"O sofrimento de Maria na morte de Jesus\" href=\"http:\/\/blog.cancaonova.com\/tododemaria\/o-sofrimento-de-maria-na-morte-de-jesus\/\" target=\"_blank\">Poema a Virgem<\/a>\u201d.<\/p>\n<p style=\"text-align: left\"><strong>Assista ou ou\u00e7a programa do Padre Paulo Ricardo sobre \u201c<a href=\"https:\/\/padrepauloricardo.org\/episodios\/sao-jose-de-anchieta\" target=\"_blank\">S\u00e3o Jos\u00e9 de Anchieta<\/a>\u201d:<\/strong><\/p>\n<p style=\"text-align: left\"><iframe loading=\"lazy\" width=\"640\" height=\"360\" src=\"https:\/\/www.youtube.com\/embed\/TA_v2iojPyQ\" frameborder=\"0\" allowfullscreen><\/iframe><\/p>\n<p style=\"text-align: left\"><iframe loading=\"lazy\" width=\"100%\" height=\"166\" scrolling=\"no\" frameborder=\"no\" src=\"https:\/\/w.soundcloud.com\/player\/?url=https%3A\/\/api.soundcloud.com\/tracks\/144059454&color=ff5500&show_artwork=false\"><\/iframe><\/p>\n<p style=\"text-align: left\">Padre Jos\u00e9 de Anchieta faleceu no dia 9 de Junho de 1597, depois de 44 anos de incans\u00e1vel trabalho apost\u00f3lico no Brasil. Em 1617, os jesu\u00edtas do Brasil pediram que fosse aberto o processo de beatifica\u00e7\u00e3o e canoniza\u00e7\u00e3o do Padre Anchieta. No ano de 1736, o Papa Clemente XII declarou-o vener\u00e1vel. Por\u00e9m, em 1773 o seu processo foi suspenso. O processo foi reaberto dois s\u00e9culos mais tarde e, em 22 de Junho de 1980, Padre Jos\u00e9 de Anchieta foi beatificado pelo Papa Jo\u00e3o Paulo II, que o chamou de \u201cAp\u00f3stolo do Brasil\u201d. Finalmente, em 03 de abril de 2014, <a title=\"Francisco assina decreto que canoniza beato Anchieta\" href=\"http:\/\/noticias.cancaonova.com\/francisco-assina-decreto-que-canoniza-beato-anchieta\/\" target=\"_blank\">Papa Francisco canoniza o Beato Jos\u00e9 de Anchieta<\/a> atrav\u00e9s da assinatura de um decreto, que passa a chamar-se S\u00e3o Jos\u00e9 de Anchieta.<\/p>\n<p style=\"text-align: left\">Padre Jos\u00e9 de Anchieta foi um grande exemplo de ardor mission\u00e1rio, de caridade para com os menos afortunados e de muitas outras virtudes evang\u00e9licas. Por\u00e9m, seu amor e devo\u00e7\u00e3o a Virgem Maria marcavam sua personalidade, seu apostolado. Ainda que ele n\u00e3o tenha conhecido a <a href=\"http:\/\/blog.cancaonova.com\/tododemaria\/consagracao\/\">consagra\u00e7\u00e3o<\/a> segundo o <a href=\"http:\/\/blog.cancaonova.com\/tododemaria\/tratado\/\">Tratado<\/a> de <a href=\"http:\/\/blog.cancaonova.com\/tododemaria\/biografia-de-sao-luis-maria\/\">S\u00e3o Lu\u00eds Maria<\/a>, que viveu dois s\u00e9culos depois, a viv\u00eancia da sua espiritualidade, marcadamente mariana, nos lembra a escravid\u00e3o de amor a Sant\u00edssima Virgem. Que a vida deste grande homem de Deus seja para n\u00f3s hoje um exemplo luminoso de dedica\u00e7\u00e3o total ao servi\u00e7o de Jesus Cristo, do Reino dos C\u00e9us, e de devo\u00e7\u00e3o a Virgem Maria. S\u00e3o Jos\u00e9 de Anchieta, rogai por n\u00f3s! Nossa Senhora, Auxiliadora dos Crist\u00e3os, rogai por n\u00f3s!<\/p>\n<p style=\"text-align: left\">Link relacionado:<\/p>\n<p style=\"text-align: left\"><a href=\"http:\/\/blog.cancaonova.com\/tododemaria\/o-sofrimento-de-maria-na-morte-de-jesus\/\" target=\"_blank\">O sofrimento de Maria na morte de Jesus<\/a>.<\/p>\n","protected":false},"excerpt":{"rendered":"<p>S\u00e3o Jos\u00e9 de Anchieta: sua vida, apostolado e devo\u00e7\u00e3o a Virgem Maria. S\u00e3o Jos\u00e9 de Anchieta, homem de profunda devo\u00e7\u00e3o a Virgem Maria, que comemoramos no dia 09 de Junho, foi canonizado pelo Papa Francisco em 03 de abril de&#8230;<\/p>\n","protected":false},"author":4539,"featured_media":0,"comment_status":"open","ping_status":"open","sticky":false,"template":"","format":"standard","meta":{"_mi_skip_tracking":false,"_monsterinsights_sitenote_active":false,"_monsterinsights_sitenote_note":"","_monsterinsights_sitenote_category":0,"footnotes":""},"categories":[186332],"tags":[],"_links":{"self":[{"href":"https:\/\/blog.cancaonova.com\/tododemaria\/wp-json\/wp\/v2\/posts\/242"}],"collection":[{"href":"https:\/\/blog.cancaonova.com\/tododemaria\/wp-json\/wp\/v2\/posts"}],"about":[{"href":"https:\/\/blog.cancaonova.com\/tododemaria\/wp-json\/wp\/v2\/types\/post"}],"author":[{"embeddable":true,"href":"https:\/\/blog.cancaonova.com\/tododemaria\/wp-json\/wp\/v2\/users\/4539"}],"replies":[{"embeddable":true,"href":"https:\/\/blog.cancaonova.com\/tododemaria\/wp-json\/wp\/v2\/comments?post=242"}],"version-history":[{"count":14,"href":"https:\/\/blog.cancaonova.com\/tododemaria\/wp-json\/wp\/v2\/posts\/242\/revisions"}],"predecessor-version":[{"id":5894,"href":"https:\/\/blog.cancaonova.com\/tododemaria\/wp-json\/wp\/v2\/posts\/242\/revisions\/5894"}],"wp:attachment":[{"href":"https:\/\/blog.cancaonova.com\/tododemaria\/wp-json\/wp\/v2\/media?parent=242"}],"wp:term":[{"taxonomy":"category","embeddable":true,"href":"https:\/\/blog.cancaonova.com\/tododemaria\/wp-json\/wp\/v2\/categories?post=242"},{"taxonomy":"post_tag","embeddable":true,"href":"https:\/\/blog.cancaonova.com\/tododemaria\/wp-json\/wp\/v2\/tags?post=242"}],"curies":[{"name":"wp","href":"https:\/\/api.w.org\/{rel}","templated":true}]}}