{"id":248,"date":"2012-06-09T10:05:57","date_gmt":"2012-06-09T13:05:57","guid":{"rendered":"http:\/\/blog.cancaonova.com\/tododemaria\/?p=248"},"modified":"2016-01-24T20:57:52","modified_gmt":"2016-01-24T22:57:52","slug":"ii-encontro-consagra-te-em-cuiaba","status":"publish","type":"post","link":"https:\/\/blog.cancaonova.com\/tododemaria\/ii-encontro-consagra-te-em-cuiaba\/","title":{"rendered":"II Encontro Consagra-te em Cuiab\u00e1"},"content":{"rendered":"<p style=\"text-align: left\"><strong>II Encontro Consagra-te em Cuiab\u00e1 (MT), com prega\u00e7\u00f5es de Padre Paulo Ricardo e Padre Overland.<\/strong><\/p>\n<p style=\"text-align: left\">No dia 17 de Junho de 2012, acontecer\u00e1 o II Consagra-te de Cuiab\u00e1 (MT), com prega\u00e7\u00f5es de <a href=\"http:\/\/padrepauloricardo.org\/\">Padre Paulo Ricardo<\/a> e Padre Overland, sacerdotes da Arquidiocese de Cuiab\u00e1. O Consagra-te destina-se a aqueles que desejam conhecer o \u201c<a href=\"http:\/\/blog.cancaonova.com\/tododemaria\/tratado\/\">Tratado da Verdeira Devo\u00e7\u00e3o \u00e0 Sant\u00edssima Virgem<\/a>\u201d, que foi escrito por <a href=\"http:\/\/blog.cancaonova.com\/tododemaria\/biografia-de-sao-luis-maria\/\">S\u00e3o Lu\u00eds Maria Grignion de Montfort<\/a>, e a <a href=\"http:\/\/blog.cancaonova.com\/tododemaria\/consagracao\/\">consagra\u00e7\u00e3o a Virgem Maria<\/a>. O Encontro tem a finalidade de ajudar as pessoas que desejam consagrar-se, ou fazer a renova\u00e7\u00e3o, a fazer uma boa prepara\u00e7\u00e3o para a consagra\u00e7\u00e3o.<!--more Continue lendo...--><\/p>\n<p style=\"text-align: left\"><a href=\"http:\/\/blog.cancaonova.com\/tododemaria\/files\/2012\/06\/II-consagrate-cuiaba.jpg\"><img loading=\"lazy\" decoding=\"async\" class=\"size-full wp-image-249 aligncenter\" src=\"http:\/\/blog.cancaonova.com\/tododemaria\/files\/2012\/06\/II-consagrate-cuiaba.jpg\" alt=\"II Encontro Consagra-te em Cuiab\u00e1, com o tema: \u201cNos passos de Jo\u00e3o Paulo II\u201d. \" width=\"624\" height=\"960\" srcset=\"https:\/\/blog.cancaonova.com\/tododemaria\/files\/2012\/06\/II-consagrate-cuiaba.jpg 624w, https:\/\/blog.cancaonova.com\/tododemaria\/files\/2012\/06\/II-consagrate-cuiaba-195x300.jpg 195w\" sizes=\"(max-width: 624px) 100vw, 624px\" \/><\/a><\/p>\n<p style=\"text-align: left\">Quer saber mais sobre o II Consagra-te? atualizar-se sobre a III Campanha Nacional de Consagra\u00e7\u00e3o a Virgem Maria?<!--more Continue lendo...--><\/p>\n<p style=\"text-align: center\"><strong><a href=\"http:\/\/feedburner.google.com\/fb\/a\/mailverify?uri=TodoDeMaria\" target=\"_blank\">Receba o conte\u00fado deste blog gratuitamente em seu e-mail.<\/a><\/strong><\/p>\n<p style=\"text-align: left\">Nessa data, acontecer\u00e1 tamb\u00e9m a abertura oficial da III Campanha Nacional de Consagra\u00e7\u00e3o. Esta Campanha \u00e9 voltada para aqueles que est\u00e3o se preparando para fazer a consagra\u00e7\u00e3o, ou a renova\u00e7\u00e3o da consagra\u00e7\u00e3o, no dia 08 de Dezembro de 2012, na Solenidade da Imaculada Concei\u00e7\u00e3o de Maria. Em 2012, celebramos o anivers\u00e1rio de 300 anos do \u201cTratado da Verdeira Devo\u00e7\u00e3o \u00e0 Sant\u00edssima Virgem\u201d, de S\u00e3o Lu\u00eds Maria. Este pequeno livro, que \u00e9 pequeno s\u00f3 no tamanho, foi o \u201clivro de cabeceira\u201d do Papa Jo\u00e3o Paulo II. O Santo Padre adotou como lema \u201cTotus Tuus\u201d, pois consagrou-se totalmente a Virgem Maria ainda jovem, antes mesmo de ser ordenado sacerdote.<\/p>\n<p style=\"text-align: left\">Em uma de suas apari\u00e7\u00f5es em F\u00e1tima, Portugal, Nossa Senhora disse a L\u00facia, Jacinta e Francisco: \u201cDeus quer estabelecer no mundo a Devo\u00e7\u00e3o ao Meu Cora\u00e7\u00e3o Imaculado. Se fizerdes o que vos digo, muitos almas se salvar\u00e3o e ter\u00e3o paz. [\u2026] Por fim, o Meu Imaculado Cora\u00e7\u00e3o Triunfar\u00e1.\u201d. O Senhor quer estabelecer esta devo\u00e7\u00e3o a Maria, pois quando acontecer o Reino da Virgem, acontecer\u00e1 o Reino de Jesus Cristo (cf. TVD 217).<\/p>\n<p style=\"text-align: left\">A I e II Campanha Nacional de Consagra\u00e7\u00e3o, de 2010 e 2011 respectivamente, reuniram milhares de pessoas com o prop\u00f3sito de fazer ou renovar a consagra\u00e7\u00e3o. Seguindo os passos do Beato Jo\u00e3o Paulo II e de tantos outros que se j\u00e1 se consagraram nestes 300 anos do Tratado, voc\u00ea \u00e9 convidado a fazer tamb\u00e9m sua consagra\u00e7\u00e3o total a Virgem Maria.<\/p>\n<p style=\"text-align: left\">Voc\u00ea que pode, participe do II Consagra-te de Cuiab\u00e1 e se prepare para fazer ou renovar a sua consagra\u00e7\u00e3o. Aqueles que n\u00e3o puderem participar, certamente a provid\u00eancia divina n\u00e3o lhe deixar\u00e1 faltar meios para voc\u00ea fazer sua prepara\u00e7\u00e3o. Fica o convite a todos para o estudo do Tratado e desta devo\u00e7\u00e3o que fez, e continua fazendo, tanto bem a Igreja de Nosso Senhor Jesus Cristo.<\/p>\n<p style=\"text-align: left\">O II Consagra-te, que ser\u00e1 no pr\u00f3ximo dia 17, ter\u00e1 in\u00edcio \u00e0s 8:00 horas, e o encerramento ser\u00e1 com a Santa Missa, \u00e0s 16:00 horas.\u00a0O local do Consagra-te ser\u00e1 o \u201cRinc\u00e3o do Meu Senhor\u201d, situado \u00e0 Rua C, 600 &#8211; Cohab Dom Orlando Chaves &#8211; Cristo Rei &#8211; V\u00e1rzea Grande (MT). Mais informa\u00e7\u00f5es pelo site: <a href=\"http:\/\/consagrate.com\">consagrate.com<\/a> ou pelo telefone: (65) 3617-7900. Para as pessoas de outras cidades, os organizadores disp\u00f5em de alojamento, que deve ser reservado com anteced\u00eancia pelo e-mail: &#x61;lo&#x6a;&#97;m&#x65;&#110;t&#x6f;&#x40;c&#x6f;&#x6e;sa&#x67;&#114;a&#x74;&#101;.&#x63;&#x6f;m.\u00a0Para tirar d\u00favidas sobre a consagra\u00e7\u00e3o pelo m\u00e9todo de S\u00e3o Lu\u00eds Maria ou outras informa\u00e7\u00f5es, entre em contato pelo e-mail: &#x64;&#x75;&#x76;&#105;das&#x40;&#x63;&#x6f;&#x6e;&#115;agr&#x61;&#x74;&#x65;&#46;&#99;om.<\/p>\n","protected":false},"excerpt":{"rendered":"<p>II Encontro Consagra-te em Cuiab\u00e1 (MT), com prega\u00e7\u00f5es de Padre Paulo Ricardo e Padre Overland. No dia 17 de Junho de 2012, acontecer\u00e1 o II Consagra-te de Cuiab\u00e1 (MT), com prega\u00e7\u00f5es de Padre Paulo Ricardo e Padre Overland, sacerdotes da&#8230;<\/p>\n","protected":false},"author":4539,"featured_media":249,"comment_status":"open","ping_status":"open","sticky":false,"template":"","format":"standard","meta":{"_mi_skip_tracking":false,"_monsterinsights_sitenote_active":false,"_monsterinsights_sitenote_note":"","_monsterinsights_sitenote_category":0,"footnotes":""},"categories":[47],"tags":[],"_links":{"self":[{"href":"https:\/\/blog.cancaonova.com\/tododemaria\/wp-json\/wp\/v2\/posts\/248"}],"collection":[{"href":"https:\/\/blog.cancaonova.com\/tododemaria\/wp-json\/wp\/v2\/posts"}],"about":[{"href":"https:\/\/blog.cancaonova.com\/tododemaria\/wp-json\/wp\/v2\/types\/post"}],"author":[{"embeddable":true,"href":"https:\/\/blog.cancaonova.com\/tododemaria\/wp-json\/wp\/v2\/users\/4539"}],"replies":[{"embeddable":true,"href":"https:\/\/blog.cancaonova.com\/tododemaria\/wp-json\/wp\/v2\/comments?post=248"}],"version-history":[{"count":12,"href":"https:\/\/blog.cancaonova.com\/tododemaria\/wp-json\/wp\/v2\/posts\/248\/revisions"}],"predecessor-version":[{"id":5290,"href":"https:\/\/blog.cancaonova.com\/tododemaria\/wp-json\/wp\/v2\/posts\/248\/revisions\/5290"}],"wp:featuredmedia":[{"embeddable":true,"href":"https:\/\/blog.cancaonova.com\/tododemaria\/wp-json\/wp\/v2\/media\/249"}],"wp:attachment":[{"href":"https:\/\/blog.cancaonova.com\/tododemaria\/wp-json\/wp\/v2\/media?parent=248"}],"wp:term":[{"taxonomy":"category","embeddable":true,"href":"https:\/\/blog.cancaonova.com\/tododemaria\/wp-json\/wp\/v2\/categories?post=248"},{"taxonomy":"post_tag","embeddable":true,"href":"https:\/\/blog.cancaonova.com\/tododemaria\/wp-json\/wp\/v2\/tags?post=248"}],"curies":[{"name":"wp","href":"https:\/\/api.w.org\/{rel}","templated":true}]}}