{"id":272,"date":"2012-06-13T09:00:01","date_gmt":"2012-06-13T12:00:01","guid":{"rendered":"http:\/\/blog.cancaonova.com\/tododemaria\/?p=272"},"modified":"2016-01-24T20:55:05","modified_gmt":"2016-01-24T22:55:05","slug":"joao-paulo-ii-e-a-consagracao-a-virgem-maria","status":"publish","type":"post","link":"https:\/\/blog.cancaonova.com\/tododemaria\/joao-paulo-ii-e-a-consagracao-a-virgem-maria\/","title":{"rendered":"Jo\u00e3o Paulo II e a consagra\u00e7\u00e3o a Virgem Maria"},"content":{"rendered":"<p><strong>Padre Paulo Ricardo apresenta o Tratado a partir da vida e da consagra\u00e7\u00e3o do Papa Jo\u00e3o Paulo II.<\/strong><\/p>\n<p>O Padre Paulo Ricardo fala com exclusividade para o blog Todo de Maria sobre o &#8220;<a href=\"http:\/\/blog.cancaonova.com\/tododemaria\/tratado\/\">Tratado da Verdadeira Devo\u00e7\u00e3o \u00e0 Sant\u00edssima Virgem<\/a>&#8220;, de <a href=\"http:\/\/blog.cancaonova.com\/tododemaria\/biografia-de-sao-luis-maria\/\">S\u00e3o Lu\u00eds Maria Grignion de Montfort<\/a>\u00a0e\u00a0a consagra\u00e7\u00e3o do Papa Jo\u00e3o Paulo II. Para falar sobre o Tratado, Padre Paulo fala da sua import\u00e2ncia na vida do Papa Jo\u00e3o Paulo II. Assista o v\u00eddeo, que \u00e9 um convite para conhecer o Tratado e a <a href=\"http:\/\/blog.cancaonova.com\/tododemaria\/consagracao\/\">consagra\u00e7\u00e3o a Virgem Maria<\/a>. Vale a pena, pois o Tratado um grande legado de S\u00e3o Lu\u00eds Maria para a Igreja, para todo o crist\u00e3o que queira ser fiel a Jesus Cristo.<\/p>\n<p><strong>Assista v\u00eddeo do Padre Paulo Ricardo sobre &#8220;<a title=\"Jo\u00e3o Paulo II e a sua devo\u00e7\u00e3o a Virgem Maria\" href=\"https:\/\/www.youtube.com\/watch?v=m92Xr5_NGb0\" target=\"_blank\">Jo\u00e3o Paulo II e a sua devo\u00e7\u00e3o a Virgem Maria<\/a>&#8220;:<\/strong><\/p>\n<iframe loading=\"lazy\" width=\"640\" height=\"480\" src=\"\/\/www.youtube-nocookie.com\/embed\/m92Xr5_NGb0?rel=0\" frameborder=\"0\" allowfullscreen><\/iframe>\n<p>Conhe\u00e7a tamb\u00e9m o site do <a href=\"http:\/\/padrepauloricardo.org\/\">Padre Paulo Ricardo<\/a> para ter acesso a mais informa\u00e7\u00f5es sobre o Tratado e a consagra\u00e7\u00e3o, e tamb\u00e9m para outros conte\u00fados de forma\u00e7\u00e3o na doutrina da Igreja Cat\u00f3lica.<\/p>\n","protected":false},"excerpt":{"rendered":"<p>Padre Paulo Ricardo apresenta o Tratado a partir da vida e da consagra\u00e7\u00e3o do Papa Jo\u00e3o Paulo II. O Padre Paulo Ricardo fala com exclusividade para o blog Todo de Maria sobre o &#8220;Tratado da Verdadeira Devo\u00e7\u00e3o \u00e0 Sant\u00edssima Virgem&#8220;,&#8230;<\/p>\n","protected":false},"author":4539,"featured_media":0,"comment_status":"open","ping_status":"open","sticky":false,"template":"","format":"standard","meta":{"_mi_skip_tracking":false,"_monsterinsights_sitenote_active":false,"_monsterinsights_sitenote_note":"","_monsterinsights_sitenote_category":0,"footnotes":""},"categories":[185532],"tags":[],"_links":{"self":[{"href":"https:\/\/blog.cancaonova.com\/tododemaria\/wp-json\/wp\/v2\/posts\/272"}],"collection":[{"href":"https:\/\/blog.cancaonova.com\/tododemaria\/wp-json\/wp\/v2\/posts"}],"about":[{"href":"https:\/\/blog.cancaonova.com\/tododemaria\/wp-json\/wp\/v2\/types\/post"}],"author":[{"embeddable":true,"href":"https:\/\/blog.cancaonova.com\/tododemaria\/wp-json\/wp\/v2\/users\/4539"}],"replies":[{"embeddable":true,"href":"https:\/\/blog.cancaonova.com\/tododemaria\/wp-json\/wp\/v2\/comments?post=272"}],"version-history":[{"count":21,"href":"https:\/\/blog.cancaonova.com\/tododemaria\/wp-json\/wp\/v2\/posts\/272\/revisions"}],"predecessor-version":[{"id":4665,"href":"https:\/\/blog.cancaonova.com\/tododemaria\/wp-json\/wp\/v2\/posts\/272\/revisions\/4665"}],"wp:attachment":[{"href":"https:\/\/blog.cancaonova.com\/tododemaria\/wp-json\/wp\/v2\/media?parent=272"}],"wp:term":[{"taxonomy":"category","embeddable":true,"href":"https:\/\/blog.cancaonova.com\/tododemaria\/wp-json\/wp\/v2\/categories?post=272"},{"taxonomy":"post_tag","embeddable":true,"href":"https:\/\/blog.cancaonova.com\/tododemaria\/wp-json\/wp\/v2\/tags?post=272"}],"curies":[{"name":"wp","href":"https:\/\/api.w.org\/{rel}","templated":true}]}}