{"id":2765,"date":"2013-12-26T04:00:45","date_gmt":"2013-12-26T06:00:45","guid":{"rendered":"http:\/\/blog.cancaonova.com\/tododemaria\/?p=2765"},"modified":"2014-04-01T10:58:36","modified_gmt":"2014-04-01T13:58:36","slug":"as-trevas-e-a-luz-no-mundo","status":"publish","type":"post","link":"https:\/\/blog.cancaonova.com\/tododemaria\/as-trevas-e-a-luz-no-mundo\/","title":{"rendered":"As trevas e a luz no mundo"},"content":{"rendered":"<p><strong>Na noite de Natal, Papa Francisco nos convida a refletir sobre as trevas e a luz presentes no mundo.<\/strong><\/p>\n<p><a href=\"http:\/\/blog.cancaonova.com\/tododemaria\/files\/2013\/12\/As-trevas-e-a-luz-no-mundo.jpg\"><img loading=\"lazy\" decoding=\"async\" class=\"alignright size-medium wp-image-2768\" alt=\"Reflex\u00e3o do Papa Francisco sobre as trevas e a luz no mundo\" src=\"http:\/\/blog.cancaonova.com\/tododemaria\/files\/2013\/12\/As-trevas-e-a-luz-no-mundo-201x300.jpg\" width=\"201\" height=\"300\" srcset=\"https:\/\/blog.cancaonova.com\/tododemaria\/files\/2013\/12\/As-trevas-e-a-luz-no-mundo-201x300.jpg 201w, https:\/\/blog.cancaonova.com\/tododemaria\/files\/2013\/12\/As-trevas-e-a-luz-no-mundo.jpg 335w\" sizes=\"(max-width: 201px) 100vw, 201px\" \/><\/a>Na <a title=\"Homilia da primeira Missa do Galo celebrada pelo Papa Francisco\" href=\"http:\/\/papa.cancaonova.com\/homilia-do-papa-na-missa-do-galo\/\" target=\"_blank\">homilia da primeira Missa do Galo celebrada pelo Papa Francisco<\/a>, nesta ter\u00e7a-feira, dia 24 de dezembro, o Sumo Pont\u00edfice nos convida a refletir sobre as trevas e a luz, que n\u00e3o est\u00e3o presentes somente no mundo, mas tamb\u00e9m est\u00e3o dentro de n\u00f3s. O Santo Padre inicia sua reflex\u00e3o a partir do livro de Isa\u00edas: \u201cO povo que andava nas trevas viu uma grande luz\u201d (Is 9, 1). Esta profecia de Isa\u00edas nos comove, especialmente quando a ouvimos na liturgia da noite de Natal. As palavras do Profeta nos comove \u201cporque exprime a realidade profunda daquilo que somos: somos povo em caminho, e ao nosso redor \u2013 mas tamb\u00e9m dentro de n\u00f3s \u2013 h\u00e1 trevas e luz\u201d. Na liturgia do Natal, \u201cenquanto o esp\u00edrito das trevas envolve o mundo, renova-se o acontecimento que sempre nos maravilha e surpreende: o povo em caminho v\u00ea uma grande luz\u201d. Esta luz nos faz refletir sobre o mist\u00e9rio do andar e do ver.<!--more Continue lendo...--><\/p>\n<p style=\"text-align: center\"><strong><a href=\"http:\/\/feedburner.google.com\/fb\/a\/mailverify?uri=TodoDeMaria\">Receba o conte\u00fado deste blog gratuitamente em seu e-mail.<\/a><\/strong><\/p>\n<p>O verbo \u201candar\u201d nos faz pensar na hist\u00f3ria da humanidade, no longo caminho que \u00e9 a hist\u00f3ria da nossa salva\u00e7\u00e3o. Esta teve in\u00edcio com Abra\u00e3o, nosso pai na f\u00e9, que um dia Deus convidou para sair do seu pa\u00eds, para a terra que Ele lhe havia de indicar. A partir da Alian\u00e7a entre Deus e Abra\u00e3o, a nossa identidade de crentes \u00e9 a de pessoas peregrinas, que caminham para a terra prometida. Esta caminhada na hist\u00f3ria \u00e9 sempre acompanhada pelo Senhor! Ele sempre \u00e9 fiel \u00e0 sua Alian\u00e7a e \u00e0s suas promessas. \u201cDeus \u00e9 luz, e n\u2019Ele n\u00e3o h\u00e1 nenhuma esp\u00e9cie de trevas\u201d (1 Jo 1, 5). Entretanto, da parte do povo, h\u00e1 momentos de luz e de escurid\u00e3o, de fidelidade e infidelidade, de obedi\u00eancia e rebeli\u00e3o, momentos de povo peregrino e de povo errante.<\/p>\n<p>Em nossa hist\u00f3ria pessoal, tamb\u00e9m h\u00e1 momentos luminosos e escuros, luzes e sombras. Se amamos Deus e os irm\u00e3os, andamos na luz; mas, se o nosso cora\u00e7\u00e3o se fecha, se prevalece em n\u00f3s o orgulho, a mentira, a busca do pr\u00f3prio interesse, as trevas est\u00e3o dentro de n\u00f3s e ao nosso redor. O Evangelho de Jo\u00e3o nos fala dessa realidade: \u201cAquele que tem \u00f3dio ao seu irm\u00e3o est\u00e1 nas trevas e nas trevas caminha, sem saber para onde vai, porque as trevas lhe cegaram os olhos\u201d (1 Jo 2, 11).<\/p>\n<p>Na noite de Natal, estas trevas s\u00e3o dispersadas, pois, como num facho de luz clar\u00edssima, \u201cmanifestou-se a gra\u00e7a de Deus, que traz a salva\u00e7\u00e3o para todos os homens\u201d (Tt 2, 11). \u201cA gra\u00e7a que se manifestou no mundo \u00e9 Jesus, nascido da Virgem Maria, verdadeiro homem e verdadeiro Deus\u201d. O Verbo eterno de Deus entrou na nossa hist\u00f3ria, partilhou o nosso caminho. Ele veio para nos libertar das trevas e nos dar a luz. \u201cN\u2019Ele manifestou-se a gra\u00e7a, a miseric\u00f3rdia, a ternura do Pai: Jesus \u00e9 o Amor feito carne\u201d. Jesus n\u00e3o \u00e9 apenas um mestre de sabedoria ou um ideal para o qual tendemos, mas dificilmente podemos alcan\u00e7ar. Ele \u00e9 o sentido da vida e da hist\u00f3ria, que armou a sua tenda no meio de n\u00f3s.<\/p>\n<p>Os pastores foram os primeiros a ver esta \u201ctenda\u201d, a receber o an\u00fancio do nascimento de Jesus (cf. Lc 2, 8-12). Eles foram os primeiros a ver o Menino Jesus, porque estavam entre os \u00faltimos, os marginalizados. \u201cForam os primeiros porque velavam durante a noite, guardando o seu rebanho. Com eles, detemo-nos diante do Menino, detemo-nos em sil\u00eancio. Com eles, agradecemos ao Pai do C\u00e9u por nos ter dado Jesus e, com eles, deixamos subir do fundo do cora\u00e7\u00e3o o nosso louvor pela sua fidelidade: N\u00f3s Vos bendizemos, Senhor Deus Alt\u00edssimo, que Vos humilhastes por n\u00f3s. Sois imenso, e fizestes-Vos pequenino; sois rico, e fizestes-Vos pobre; sois onipotente, e fizestes-Vos fr\u00e1gil.<\/p>\n<p>Na noite de Natal, \u201cpartilhamos a alegria do Evangelho: Deus ama-nos; e ama-nos tanto que nos deu o seu Filho como nosso irm\u00e3o, como luz nas nossas trevas\u201d. Por isso, o Senhor nos diz: \u201cN\u00e3o temais\u201d (Lc 2, 10). Papa Francisco nos ensina que \u201co nosso Pai \u00e9 paciente, ama-nos, d\u00e1-nos Jesus para nos guiar no caminho para a terra prometida. Ele \u00e9 a luz que ilumina as trevas. Ele \u00e9 a nossa paz\u201d. O Senhor \u00e9 a luz que ilumina as trevas do nosso caminho, mas tamb\u00e9m ilumina as trevas da nossa mente e do nosso cora\u00e7\u00e3o. Por isso, acolhamos Jesus, como acolheu a Virgem Maria, e deixemos que a Sua luz resplande\u00e7a em n\u00f3s at\u00e9 a vida eterna.<\/p>\n<p><strong>Assista a mensagem de Natal do Padre Paulo Ricardo:<\/strong> <iframe loading=\"lazy\" width=\"640\" height=\"360\" src=\"\/\/www.youtube.com\/embed\/3l_HdKwTzDY?feature=player_embedded\" frameborder=\"0\" allowfullscreen><\/iframe><\/p>\n","protected":false},"excerpt":{"rendered":"<p>Na noite de Natal, Papa Francisco nos convida a refletir sobre as trevas e a luz presentes no mundo. Na homilia da primeira Missa do Galo celebrada pelo Papa Francisco, nesta ter\u00e7a-feira, dia 24 de dezembro, o Sumo Pont\u00edfice nos&#8230; <a href=\"https:\/\/blog.cancaonova.com\/tododemaria\/as-trevas-e-a-luz-no-mundo\/\">Continue lendo <span class=\"meta-nav\">&rarr;<\/span><\/a><\/p>\n","protected":false},"author":4539,"featured_media":0,"comment_status":"open","ping_status":"open","sticky":false,"template":"","format":"standard","meta":{"_mi_skip_tracking":false,"_monsterinsights_sitenote_active":false,"_monsterinsights_sitenote_note":"","_monsterinsights_sitenote_category":0,"footnotes":""},"categories":[142291],"tags":[],"_links":{"self":[{"href":"https:\/\/blog.cancaonova.com\/tododemaria\/wp-json\/wp\/v2\/posts\/2765"}],"collection":[{"href":"https:\/\/blog.cancaonova.com\/tododemaria\/wp-json\/wp\/v2\/posts"}],"about":[{"href":"https:\/\/blog.cancaonova.com\/tododemaria\/wp-json\/wp\/v2\/types\/post"}],"author":[{"embeddable":true,"href":"https:\/\/blog.cancaonova.com\/tododemaria\/wp-json\/wp\/v2\/users\/4539"}],"replies":[{"embeddable":true,"href":"https:\/\/blog.cancaonova.com\/tododemaria\/wp-json\/wp\/v2\/comments?post=2765"}],"version-history":[{"count":5,"href":"https:\/\/blog.cancaonova.com\/tododemaria\/wp-json\/wp\/v2\/posts\/2765\/revisions"}],"predecessor-version":[{"id":2781,"href":"https:\/\/blog.cancaonova.com\/tododemaria\/wp-json\/wp\/v2\/posts\/2765\/revisions\/2781"}],"wp:attachment":[{"href":"https:\/\/blog.cancaonova.com\/tododemaria\/wp-json\/wp\/v2\/media?parent=2765"}],"wp:term":[{"taxonomy":"category","embeddable":true,"href":"https:\/\/blog.cancaonova.com\/tododemaria\/wp-json\/wp\/v2\/categories?post=2765"},{"taxonomy":"post_tag","embeddable":true,"href":"https:\/\/blog.cancaonova.com\/tododemaria\/wp-json\/wp\/v2\/tags?post=2765"}],"curies":[{"name":"wp","href":"https:\/\/api.w.org\/{rel}","templated":true}]}}