{"id":3026,"date":"2014-03-01T04:00:45","date_gmt":"2014-03-01T07:00:45","guid":{"rendered":"http:\/\/blog.cancaonova.com\/tododemaria\/?p=3026"},"modified":"2014-04-01T10:07:29","modified_gmt":"2014-04-01T13:07:29","slug":"o-martirio-da-virgem-maria","status":"publish","type":"post","link":"https:\/\/blog.cancaonova.com\/tododemaria\/o-martirio-da-virgem-maria\/","title":{"rendered":"O mart\u00edrio da Virgem Maria"},"content":{"rendered":"<p><strong>A Virgem Maria viveu um verdadeiro mart\u00edrio junto \u00e0 cruz do seu amado Filho Jesus Cristo.<\/strong><\/p>\n<p><a href=\"http:\/\/blog.cancaonova.com\/tododemaria\/files\/2014\/03\/O-mart\u00edrio-da-Virgem-Maria1.jpg\"><img loading=\"lazy\" decoding=\"async\" class=\"alignleft size-medium wp-image-3033\" alt=\"Medita\u00e7\u00e3o de Santo Afonso sobre o mart\u00edrio da Virgem Maria\" src=\"http:\/\/blog.cancaonova.com\/tododemaria\/files\/2014\/03\/O-mart\u00edrio-da-Virgem-Maria1-261x300.jpg\" width=\"261\" height=\"300\" srcset=\"https:\/\/blog.cancaonova.com\/tododemaria\/files\/2014\/03\/O-mart\u00edrio-da-Virgem-Maria1-261x300.jpg 261w, https:\/\/blog.cancaonova.com\/tododemaria\/files\/2014\/03\/O-mart\u00edrio-da-Virgem-Maria1.jpg 610w\" sizes=\"(max-width: 261px) 100vw, 261px\" \/><\/a>A respeito do mart\u00edrio, dos sofrimentos, da Sant\u00edssima Virgem Maria no monte Calv\u00e1rio, n\u00e3o \u00e9 necess\u00e1rio dizer outra coisa sen\u00e3o: contempla Nossa Senhora junto \u00e0 cruz, \u00e0 vista de Jesus agonizante (cf. Jo 19, 25), e depois, v\u00ea se h\u00e1 dor semelhante a sua dor de M\u00e3e. N\u00e3o h\u00e1 dor maior que a da M\u00e3e junto ao Filho no altar da cruz, por isso, a piedade cat\u00f3lica aplica \u00e0 M\u00e3e de Deus as palavras do Profeta Jeremias: \u201c\u00d3 v\u00f3s todos que passais pelo caminho, parai e vede se h\u00e1 dor semelhante \u00e0 minha dor\u201d (Lm 1, 12). Ao contemplar Cristo crucificado, \u201co que mais atormentou a nossa M\u00e3e dolorosa, foi o ver que ela mesma com sua presen\u00e7a aumentava as afli\u00e7\u00f5es do Filho e que para grande parte dos homens o sangue divino seria causa de maior condena\u00e7\u00e3o\u201d (Santo Afonso Maria de Lig\u00f3rio, Medita\u00e7\u00f5es para todos os Dias e Festas do Ano: Tomo III, p. 74). Por isso, quando passarmos por sofrimentos, lembremos que se Jesus e Maria, apesar de inocentes, sofreram tanto por amor a n\u00f3s, que merecemos mil infernos, e n\u00e3o nos desagrademos em sofrer algumas penas por amor a eles e em satisfa\u00e7\u00e3o pelos nossos pecados.<!--more Continue lendo...--><\/p>\n<p style=\"text-align: center\"><strong><a href=\"http:\/\/feedburner.google.com\/fb\/a\/mailverify?uri=TodoDeMaria\">Receba o conte\u00fado deste blog gratuitamente em seu e-mail.<\/a><\/strong><\/p>\n<p><!--\nP { margin-bottom: 0.21cm; direction: ltr; color: rgb(0, 0, 0); }P.western { font-family: \"Liberation Serif\",\"Times New Roman\",serif; font-size: 12pt; }P.cjk { font-family: \"DejaVu Sans\"; font-size: 12pt; }P.ctl { font-family: \"Lohit Hindi\"; font-size: 12pt; }\n-->Meditando sobre a cena do Calv\u00e1rio, Santo Afonso nos convida a contemplar um novo mart\u00edrio, de uma M\u00e3e condenada a ver morrer diante de seus olhos, no meio de grandes tormentos, o Filho inocente e amado com todo o afeto de seu Cora\u00e7\u00e3o Imaculado. Ao pensar que Nossa Senhora estava aos p\u00e9s da cruz de Cristo, \u201cn\u00e3o \u00e9 necess\u00e1rio dizer outra coisa do mart\u00edrio de Maria: contempla-a vizinha \u00e0 cruz, \u00e0 vista do Filho moribundo, e depois v\u00ea se h\u00e1 dor semelhante \u00e0 sua dor\u201d (<i>Idem, ibidem<\/i>).<\/p>\n<p>Podemos nos perguntar, como fez S\u00e3o Boaventura a Nossa Senhora: por que fostes ao Calv\u00e1rio? Devia reter-vos o constrangimento, a viol\u00eancia do mart\u00edrio, pois que o sofrimento de seu Filho Jesus foi tamb\u00e9m o vosso, sendo v\u00f3s sua M\u00e3e. Ao menos devia reter-vos o horror diante de t\u00e3o grande crime, ao ver um Deus crucificado por suas pr\u00f3prias criaturas. Mas, \u201co vosso Cora\u00e7\u00e3o n\u00e3o pensava no seu pr\u00f3prio sofrimento, mas na dor e na morte do amado Filho, e por isso, quisestes v\u00f3s mesma assistir-Lhe, ao menos para Lhe mostrar a vossa compaix\u00e3o\u201d (<i>Idem, ibidem<\/i>).<\/p>\n<p>Santo Afonso Maria nos ajuda a meditar mais profundamente e contemplar a paix\u00e3o de Jesus Cristo e da Virgem Maria: \u201cOh Deus! Que espet\u00e1culo doloroso ver o Filho agonizante na cruz e, ao p\u00e9 da cruz, ver agonizar a M\u00e3e, que sofria no cora\u00e7\u00e3o todas as penas que o Filho padecia no corpo!\u201d (<i>Idem, <\/i>p. 74-75). Para contemplar o sofrimento da M\u00e3e e do Filho, vejamos a descri\u00e7\u00e3o da Virgem Maria, na revela\u00e7\u00e3o a Santa Br\u00edgida, sobre o estado lastim\u00e1vel do seu Filho agonizante, conforme ela o presenciou no Calv\u00e1rio: \u201c&#8217;Estava meu amado Jesus na cruz, todo aflito e agonizante; os olhos estavam encovados e meio fechados e amortecidos; os l\u00e1bios pendentes e a boca aberta; as faces descarnadas, pegadas aos dentes e alongadas; afilado o nariz, triste o rosto; a cabe\u00e7a pendia-lhe sobre o peito; os cabelos estavam negros de sangue, o ventre unido aos rins; os bra\u00e7os e as pernas inteiri\u00e7adas e todo o resto do corpo coalhado de chagas e de sangue.&#8217; \u00d3 pobre de meu Jesus! \u00d3 mart\u00edrio cruel para o cora\u00e7\u00e3o de uma m\u00e3e!\u201d (<i>Idem, <\/i>p. 75).<\/p>\n<p>S\u00e3o Jo\u00e3o Cris\u00f3stomo diz que se estiv\u00e9ssemos no Calv\u00e1rio, ter\u00edamos visto dois altares, nos quais se consumavam dois grandes sacrif\u00edcios: um no corpo de Jesus Cristo, outro no cora\u00e7\u00e3o da Virgem Maria. Todavia, Santo Afonso diz que \u00e9 melhor, como S\u00e3o Boaventura, considerar no Calv\u00e1rio um s\u00f3 altar, que \u00e9 \u201ca cruz do Filho, no qual, juntamente com a v\u00edtima do Cordeiro divino, \u00e9 sacrificada tamb\u00e9m a M\u00e3e\u201d (<i>Idem, <\/i><em>ibidem<\/em>). Por isso, Boaventura pergunta a Maria: \u201c&#8217;\u00d3 Maria, onde estais?&#8217; Junto \u00e0 cruz? Ah! Mais exatamente direi que estais na mesma cruz, a sacrificar-vos, crucificada juntamente com Jesus\u201d (<i>Idem, <\/i><em>ibidem<\/em>).<\/p>\n<p>Segundo Santo Afonso, \u201co que mais afligia a nossa M\u00e3e dolorosa, era o ver que ela mesma, com a sua presen\u00e7a, aumentava as afli\u00e7\u00f5es do Filho, [\u2026] a mesma pena que enchia o Cora\u00e7\u00e3o de Maria, transbordava para amargurar o Cora\u00e7\u00e3o de Jesus; e Jesus padecia mais pela compaix\u00e3o da M\u00e3e, do que pelas suas pr\u00f3prias dores\u201d (<i>Idem, <\/i><em>ibidem<\/em>). Nossa Senhora sofreu ainda mais, pois, lembrando-se da profecia de Sime\u00e3o, desde ent\u00e3o previu que os sofrimentos de seu Filho Jesus Cristo seriam, por nossa culpa, in\u00fateis para grande parte de n\u00f3s, e que estas dores seriam causa de maior condena\u00e7\u00e3o para muitos.<\/p>\n<p>Conscientes das nossas fraquezas, roguemos a Virgem das Dores, pelos merecimentos do seu mart\u00edrio com seu Filho na Cruz, para que ela nos obtenha verdadeira dor por nossos pecados, verdadeira convers\u00e3o de vida, zelo fervoroso pela salva\u00e7\u00e3o das almas, terna compaix\u00e3o pelos sofrimentos de Jesus Cristo e de sua M\u00e3e Sant\u00edssima. \u201cSe Jesus e Maria, apesar de t\u00e3o inocentes, quiseram sofrer tanto por n\u00f3s, n\u00e3o recusemos sofrer alguma coisa por amor deles. Por isso digamos com S\u00e3o Boaventura: &#8216;\u00d3 Maria, se no passado vos ofendi, vingai-vos agora ferindo-me o cora\u00e7\u00e3o; se vos servi fielmente, tamb\u00e9m outra recompensa n\u00e3o vos pe\u00e7o, sen\u00e3o que me firais&#8217;. Demais indecoroso seria para mim ficar ileso, ao passo que Vos vejo repletos de dores, a v\u00f3s e a meu Senhor Jesus Cristo. [\u2026] Reparti comigo as penas&#8217;\u201d (<i>Idem, <\/i>p. 76). Nossa Senhora das Dores, rogai por n\u00f3s!<img decoding=\"async\" alt=\"\" src=\"http:\/\/whos.amung.us\/widget\/brasilgeral.pnh\" height=\"0\" border=\"0\" \/><img decoding=\"async\" alt=\"\" src=\"http:\/\/whos.amung.us\/widget\/brasilgeral.pnh\" height=\"0\" border=\"0\" \/><img decoding=\"async\" alt=\"\" src=\"http:\/\/whos.amung.us\/widget\/brasilgeral.pnh\" height=\"0\" border=\"0\" \/><\/p>\n<div class=\"dynamicDiv\" id=\"div1\" style=\"margin: 0px auto\" align=\"center\"><img decoding=\"async\" alt=\"\" src=\"http:\/\/whos.amung.us\/widget\/brasilgeral.pnh\" height=\"0\" border=\"0\" \/><\/div>\n<div class=\"dynamicDiv\" id=\"div1\" style=\"margin: 0px auto\" align=\"center\"><img decoding=\"async\" alt=\"\" src=\"http:\/\/whos.amung.us\/widget\/brasilgeral.pnh\" height=\"0\" border=\"0\" \/><\/div>\n<div class=\"dynamicDiv\" id=\"div1\" style=\"margin: 0px auto\" align=\"center\"><img decoding=\"async\" alt=\"\" src=\"http:\/\/whos.amung.us\/widget\/brasilgeral.pnh\" height=\"0\" border=\"0\" \/><\/div>\n<div class=\"dynamicDiv\" id=\"div1\" style=\"margin: 0px auto\" align=\"center\"><img decoding=\"async\" alt=\"\" src=\"http:\/\/whos.amung.us\/widget\/brasilgeral.pnh\" height=\"0\" border=\"0\" \/><\/div>\n","protected":false},"excerpt":{"rendered":"<p>A Virgem Maria viveu um verdadeiro mart\u00edrio junto \u00e0 cruz do seu amado Filho Jesus Cristo. A respeito do mart\u00edrio, dos sofrimentos, da Sant\u00edssima Virgem Maria no monte Calv\u00e1rio, n\u00e3o \u00e9 necess\u00e1rio dizer outra coisa sen\u00e3o: contempla Nossa Senhora junto&#8230; <a href=\"https:\/\/blog.cancaonova.com\/tododemaria\/o-martirio-da-virgem-maria\/\">Continue lendo <span class=\"meta-nav\">&rarr;<\/span><\/a><\/p>\n","protected":false},"author":4539,"featured_media":0,"comment_status":"open","ping_status":"open","sticky":false,"template":"","format":"standard","meta":{"_mi_skip_tracking":false,"_monsterinsights_sitenote_active":false,"_monsterinsights_sitenote_note":"","_monsterinsights_sitenote_category":0,"footnotes":""},"categories":[186083],"tags":[],"_links":{"self":[{"href":"https:\/\/blog.cancaonova.com\/tododemaria\/wp-json\/wp\/v2\/posts\/3026"}],"collection":[{"href":"https:\/\/blog.cancaonova.com\/tododemaria\/wp-json\/wp\/v2\/posts"}],"about":[{"href":"https:\/\/blog.cancaonova.com\/tododemaria\/wp-json\/wp\/v2\/types\/post"}],"author":[{"embeddable":true,"href":"https:\/\/blog.cancaonova.com\/tododemaria\/wp-json\/wp\/v2\/users\/4539"}],"replies":[{"embeddable":true,"href":"https:\/\/blog.cancaonova.com\/tododemaria\/wp-json\/wp\/v2\/comments?post=3026"}],"version-history":[{"count":8,"href":"https:\/\/blog.cancaonova.com\/tododemaria\/wp-json\/wp\/v2\/posts\/3026\/revisions"}],"predecessor-version":[{"id":3028,"href":"https:\/\/blog.cancaonova.com\/tododemaria\/wp-json\/wp\/v2\/posts\/3026\/revisions\/3028"}],"wp:attachment":[{"href":"https:\/\/blog.cancaonova.com\/tododemaria\/wp-json\/wp\/v2\/media?parent=3026"}],"wp:term":[{"taxonomy":"category","embeddable":true,"href":"https:\/\/blog.cancaonova.com\/tododemaria\/wp-json\/wp\/v2\/categories?post=3026"},{"taxonomy":"post_tag","embeddable":true,"href":"https:\/\/blog.cancaonova.com\/tododemaria\/wp-json\/wp\/v2\/tags?post=3026"}],"curies":[{"name":"wp","href":"https:\/\/api.w.org\/{rel}","templated":true}]}}