{"id":3046,"date":"2014-03-06T04:00:52","date_gmt":"2014-03-06T07:00:52","guid":{"rendered":"http:\/\/blog.cancaonova.com\/tododemaria\/?p=3046"},"modified":"2018-03-24T12:40:35","modified_gmt":"2018-03-24T15:40:35","slug":"a-coroa-das-sete-dores-de-nossa-senhora","status":"publish","type":"post","link":"https:\/\/blog.cancaonova.com\/tododemaria\/a-coroa-das-sete-dores-de-nossa-senhora\/","title":{"rendered":"A Coroa das Sete Dores de Nossa Senhora"},"content":{"rendered":"<p><strong>A ora\u00e7\u00e3o da Coroa das Sete Dores de Nossa Senhora \u00e9 uma antiga devo\u00e7\u00e3o que mant\u00e9m ainda hoje o seu valor para a nossa vida espiritual.<\/strong><\/p>\n<p><a href=\"http:\/\/blog.cancaonova.com\/tododemaria\/files\/2014\/03\/A-Coroa-das-Sete-Dores-de-Nossa-Senhora.jpg\"><img loading=\"lazy\" decoding=\"async\" class=\"alignright size-medium wp-image-3050\" src=\"http:\/\/blog.cancaonova.com\/tododemaria\/files\/2014\/03\/A-Coroa-das-Sete-Dores-de-Nossa-Senhora-225x300.jpg\" alt=\"A ora\u00e7\u00e3o da Coroa das Sete Dores de Nossa Senhora\" width=\"225\" height=\"300\"\/><\/a>A devo\u00e7\u00e3o da Coroa de Nossa Senhora das Dores teve sua origem na It\u00e1lia, em 1617, por iniciativa da <a title=\"Ordem dos Servos de Maria\" href=\"http:\/\/www.servitasbrasil.org\/\" target=\"_blank\" rel=\"noopener\">Ordem dos Servos de Maria<\/a>, tamb\u00e9m conhecida como Ordem dos Servitas. Foram tamb\u00e9m os servitas, ou servos de Maria, que iniciaram o culto \u00e0 M\u00e3e Dolorosa, no s\u00e9culo XIII, com a celebra\u00e7\u00e3o da Santa Missa de <a title=\"Nossa Senhora das Dores\" href=\"http:\/\/santo.cancaonova.com\/santo\/nossa-senhora-das-dores\/\" target=\"_blank\" rel=\"noopener\">Nossa Senhora das Dores<\/a>, celebrada hoje por toda a Igreja no dia 15 de setembro. A Coroa de Nossa Senhora das Dores \u00e9 um dos frutos do carisma mariano da Ordem dos Servitas, cultivado desde a sua funda\u00e7\u00e3o em 1233. A Coroa surgiu inicialmente como alimento da piedade mariana dos leigos da Ordem Terceira dos Servos de Maria. Com o passar do tempo, a devo\u00e7\u00e3o foi se espalhando por toda a It\u00e1lia e posteriormente por todo o mundo.<!--more Continue lendo...--><\/p>\n<p style=\"text-align: center\"><strong><a href=\"http:\/\/feedburner.google.com\/fb\/a\/mailverify?uri=TodoDeMaria\">Receba o conte\u00fado deste blog gratuitamente em seu e-mail.<\/a><\/strong><\/p>\n<p>A Coroa de Nossa Senhora das Dores \u00e9 um excelente aux\u00edlio para a nossa espiritualidade, principalmente na Quaresma. S\u00e3o Pio de Pietrelcina j\u00e1 meditava as as dores de Nossa Senhora na Quaresma e incentivava os fi\u00e9is que tamb\u00e9m o fizessem. Meditar as principais dores da Virgem Maria significa fazer mem\u00f3ria dos sofrimentos pelos quais ela se associou ao mist\u00e9rio de Jesus Cristo, a sua paix\u00e3o, morte e ressurrei\u00e7\u00e3o. As sete dores de Nossa Senhora t\u00eam fundamentos b\u00edblicos: 1) a profecia do velho Sime\u00e3o (cf. Lc 2, 34-35); 2) a fuga para o Egito (cf. Mt 2, 13-14); 3) a perda do menino Jesus (cf. Lc 2, 43b-45); 4) o encontro com Jesus no Calv\u00e1rio (cf. Lc 23, 26-27); 5) a crucifix\u00e3o do Filho (cf. Jo 19, 15-27); 6) a morte de Cristo (cf. Mc 15, 42); 7) a sepultamento de Jesus Cristo (cf. Jo 19, 40-42a).<\/p>\n<p>A Virgem Maria passou por todos estes e muitos outros sofrimentos, mas vive hoje na alegria e na gl\u00f3ria da Ressurrei\u00e7\u00e3o. As l\u00e1grimas derramadas por ela aos p\u00e9s da Cruz \u201ctransformaram-se num sorriso que nada mais apagar\u00e1, embora permane\u00e7a intacta a sua compaix\u00e3o materna por n\u00f3s\u201d (<a title=\"Homilia do Papa Bento XVI na Bas\u00edlica de Nossa Senhora do Ros\u00e1rio em Lourdes, na Fran\u00e7a, no dia 15 de Setembro de 2008.\" href=\"http:\/\/www.vatican.va\/holy_father\/benedict_xvi\/homilies\/2008\/documents\/hf_ben-xvi_hom_20080915_lourdes-malati_po.html\" target=\"_blank\" rel=\"noopener\">Homilia do Papa Bento XVI<\/a> na&nbsp;Bas\u00edlica de Nossa Senhora do Ros\u00e1rio&nbsp;em Lourdes, na Fran\u00e7a, no dia 15 de Setembro de 2008). A interven\u00e7\u00e3o da Virgem Maria em nosso socorro ao longo da hist\u00f3ria atesta a sua solicitude para conosco. \u201cMaria ama cada um dos seus filhos, concentrando a sua aten\u00e7\u00e3o de modo particular naqueles que, como o Filho d\u2019Ela na hora da Paix\u00e3o, se acham mergulhados no sofrimento; ama-os, simplesmente porque s\u00e3o seus filhos, por vontade de Cristo na Cruz\u201d (<i>Idem<\/i>).<\/p>\n<p>Meditando sobre as dores da Virgem Maria, somos chamados a pedir as gra\u00e7as necess\u00e1rias para suportar com paci\u00eancia os sofrimentos pelos quais passamos em nossas vidas e para nos manter afastados do pecado, que nos afasta de Deus e da salva\u00e7\u00e3o eterna. Recordar as dores de Nossa Senhora e invocar o seu aux\u00edlio em nossos sofrimentos nos ajuda em nosso processo de convers\u00e3o, de santifica\u00e7\u00e3o, de purifica\u00e7\u00e3o das nossas mentes e dos nossos cora\u00e7\u00f5es.<\/p>\n<p>Como ensinaram os mission\u00e1rios da Ordem dos frades Servos de Maria, nos beneficiemos da ora\u00e7\u00e3o da Coroa das Sete Dores de Nossa Senhora, especialmente no tempo quaresmal. Meditemos sobre as dores que a Virgem Maria suportou por amor a seu Filho Jesus Cristo e a cada um de n\u00f3s. Pe\u00e7amos o seu aux\u00edlio em nossas dores, em nossos sofrimentos, e em nosso processo de convers\u00e3o, de mudan\u00e7a de vida. Certamente, a devo\u00e7\u00e3o a Nossa Senhora da Dores ajudar\u00e1 a nos associar tamb\u00e9m ao mist\u00e9rio de Cristo e alcan\u00e7ar, como ela, a salva\u00e7\u00e3o eterna. Nossa Senhora das Dores, rogai por n\u00f3s!<\/p>\n<p>Para saber como rezar, clique neste link: <a title=\"Coroa das Sete Dores de Nossa Senhora\" href=\"http:\/\/servitasbrasil.org\/site\/maria\/coroa-de-nossa-senhora-das-dores\/\" target=\"_blank\" rel=\"noopener\">Coroa das Sete Dores de Nossa Senhora<\/a>.<\/p>\n<p><strong>Links relacionados:<\/strong><\/p>\n<p>PADRE PAULO RICARDO.&nbsp;<a href=\"https:\/\/padrepauloricardo.org\/episodios\/a-paixao-de-cristo-e-a-compaixao-da-virgem\" target=\"_blank\" rel=\"noopener\">A Paix\u00e3o de Cristo e a Compaix\u00e3o da Virgem<\/a>.<br \/>\nTODO DE MARIA.&nbsp;<a href=\"http:\/\/blog.cancaonova.com\/tododemaria\/as-dores-de-jesus-e-maria-e-a-reparacao\/\" target=\"_blank\" rel=\"noopener\">As dores de Jesus e Maria e a repara\u00e7\u00e3o<\/a>.<br \/>\nTODO DE MARIA.&nbsp;<a href=\"https:\/\/blog.cancaonova.com\/tododemaria\/terco-das-sete-dores-de-kibeho-para-o-mundo\/\" target=\"_blank\" rel=\"noopener\">Ter\u00e7o das Sete Dores: de Kibeho para o mundo<\/a>.<br \/>\nTODO DE MARIA.&nbsp;<a href=\"https:\/\/blog.cancaonova.com\/tododemaria\/o-oficio-da-imaculada-e-o-terco-das-sete-dores-de-maria\/\" target=\"_blank\" rel=\"noopener\">O Of\u00edcio da Imaculada e o Ter\u00e7o das Sete Dores de Maria<\/a>.<br \/>\nTODO DE MARIA.&nbsp;<a href=\"https:\/\/blog.cancaonova.com\/tododemaria\/rezemos-a-coroa-das-sete-dores-de-maria\/\" target=\"_blank\" rel=\"noopener\">Rezemos a Coroa das Sete Dores de Maria<\/a>.&nbsp;<\/p>\n","protected":false},"excerpt":{"rendered":"<p>A ora\u00e7\u00e3o da Coroa das Sete Dores de Nossa Senhora \u00e9 uma antiga devo\u00e7\u00e3o que mant\u00e9m ainda hoje o seu valor para a nossa vida espiritual. A devo\u00e7\u00e3o da Coroa de Nossa Senhora das Dores teve sua origem na It\u00e1lia,&#8230; <a href=\"https:\/\/blog.cancaonova.com\/tododemaria\/a-coroa-das-sete-dores-de-nossa-senhora\/\">Continue lendo <span class=\"meta-nav\">&rarr;<\/span><\/a><\/p>\n","protected":false},"author":4539,"featured_media":0,"comment_status":"open","ping_status":"open","sticky":false,"template":"","format":"standard","meta":{"_mi_skip_tracking":false,"_monsterinsights_sitenote_active":false,"_monsterinsights_sitenote_note":"","_monsterinsights_sitenote_category":0,"footnotes":""},"categories":[186332],"tags":[],"_links":{"self":[{"href":"https:\/\/blog.cancaonova.com\/tododemaria\/wp-json\/wp\/v2\/posts\/3046"}],"collection":[{"href":"https:\/\/blog.cancaonova.com\/tododemaria\/wp-json\/wp\/v2\/posts"}],"about":[{"href":"https:\/\/blog.cancaonova.com\/tododemaria\/wp-json\/wp\/v2\/types\/post"}],"author":[{"embeddable":true,"href":"https:\/\/blog.cancaonova.com\/tododemaria\/wp-json\/wp\/v2\/users\/4539"}],"replies":[{"embeddable":true,"href":"https:\/\/blog.cancaonova.com\/tododemaria\/wp-json\/wp\/v2\/comments?post=3046"}],"version-history":[{"count":9,"href":"https:\/\/blog.cancaonova.com\/tododemaria\/wp-json\/wp\/v2\/posts\/3046\/revisions"}],"predecessor-version":[{"id":8431,"href":"https:\/\/blog.cancaonova.com\/tododemaria\/wp-json\/wp\/v2\/posts\/3046\/revisions\/8431"}],"wp:attachment":[{"href":"https:\/\/blog.cancaonova.com\/tododemaria\/wp-json\/wp\/v2\/media?parent=3046"}],"wp:term":[{"taxonomy":"category","embeddable":true,"href":"https:\/\/blog.cancaonova.com\/tododemaria\/wp-json\/wp\/v2\/categories?post=3046"},{"taxonomy":"post_tag","embeddable":true,"href":"https:\/\/blog.cancaonova.com\/tododemaria\/wp-json\/wp\/v2\/tags?post=3046"}],"curies":[{"name":"wp","href":"https:\/\/api.w.org\/{rel}","templated":true}]}}