{"id":337,"date":"2012-06-27T08:55:03","date_gmt":"2012-06-27T11:55:03","guid":{"rendered":"http:\/\/blog.cancaonova.com\/tododemaria\/?p=337"},"modified":"2016-01-24T20:51:51","modified_gmt":"2016-01-24T22:51:51","slug":"por-que-temos-medo-da-cruz","status":"publish","type":"post","link":"https:\/\/blog.cancaonova.com\/tododemaria\/por-que-temos-medo-da-cruz\/","title":{"rendered":"Por que temos medo da cruz?"},"content":{"rendered":"<p><strong>Padre Paulo Ricardo nos fala sobre a causa do medo que temos de Deus e da cruz.<\/strong><\/p>\n<p><a href=\"http:\/\/blog.cancaonova.com\/tododemaria\/por-que-temos-medo-da-cruz\/cruz-crucificado_thumb7\/\" rel=\"attachment wp-att-348\"><img loading=\"lazy\" decoding=\"async\" class=\"alignleft size-medium wp-image-348\" src=\"http:\/\/blog.cancaonova.com\/tododemaria\/files\/2012\/06\/cruz-crucificado_thumb7-232x300.jpg\" alt=\"Por que temos medo da cruz e do sofrimento?\" width=\"232\" height=\"300\" srcset=\"https:\/\/blog.cancaonova.com\/tododemaria\/files\/2012\/06\/cruz-crucificado_thumb7-232x300.jpg 232w, https:\/\/blog.cancaonova.com\/tododemaria\/files\/2012\/06\/cruz-crucificado_thumb7.jpg 323w\" sizes=\"(max-width: 232px) 100vw, 232px\" \/><\/a>Por que temos medo da cruz?\u00a0Padre Paulo Ricardo responde a esta quest\u00e3o:\u00a0Todo protestante vai concordar conosco que a vida santa \u00e9 a imita\u00e7\u00e3o de Cristo, s\u00f3 que n\u00f3s olhamos para a cruz de Cristo e a gente se apavora. Se \u00e9 isso que temos que fazer, nos d\u00e1 medo. Mas n\u00e3o tenha medo, Mam\u00e3e est\u00e1 aqui. Quantas vezes me levantei durante a noite, assustado no meu quarto e corri para a cama de mam\u00e3e. Todo medo, diz o Papa Bento XVI, \u00e9 medo de solid\u00e3o, de estar s\u00f3, desamparado. Ela n\u00e3o fazia nada, bastava que ela estivesse acordada. Ela dizia: deita aqui. Colocava-me entre ela e meu pai, dizendo: n\u00e3o se assuste com esses sonhos terr\u00edveis e sat\u00e2nicos; n\u00e3o se assuste, porque tudo que Satan\u00e1s \u00e9 capaz de produzir na sua vida \u00e9 s\u00f3 miragem, \u00e9 s\u00f3 fuma\u00e7a, n\u00e3o tem consist\u00eancia; mam\u00e3e t\u00e1 aqui. Mam\u00e3e, a Virgem Maria, est\u00e1 conosco. Entendeu como \u00e9 que se faz? Entendeu a escola dos m\u00e1rtires? Entendeu como \u00e9 simples? Na hora da tempestade, na hora da agita\u00e7\u00e3o, na hora da trag\u00e9dia, Mam\u00e3e est\u00e1 aqui. Voc\u00ea n\u00e3o est\u00e1 entendendo o motivo do sofrimento, mas Mam\u00e3e est\u00e1 aqui, se entregue. Esse \u00e9 o m\u00e9todo de Deus.<\/p>\n<p><strong>Mas, n\u00e3o podemos recorrer diretamente a Deus?<\/strong><!--more Continue lendo...--><\/p>\n<p style=\"text-align: center\"><strong><a href=\"http:\/\/feedburner.google.com\/fb\/a\/mailverify?uri=TodoDeMaria\" target=\"_blank\">Receba o conte\u00fado deste blog gratuitamente em seu e-mail.<\/a><\/strong><\/p>\n<p>Ele poderia fazer isso diretamente, \u00e9 claro, mas a limita\u00e7\u00e3o n\u00e3o \u00e9 de Deus, \u00e9 nossa. N\u00f3s \u00e9 que somos marcados pelo pecado original e temos medo. A limita\u00e7\u00e3o \u00e9 nossa. Ent\u00e3o, por causa deste limite, o jeitinho da M\u00e3e vai nos dando docilidade at\u00e9 o mart\u00edrio. Aceite a sua cruz, n\u00e3o vai ser ruim, vai ter ressurrei\u00e7\u00e3o. Ela vai confirmando a f\u00e9, porque ela foi a \u00fanica que permaneceu de p\u00e9. Enquanto todos descreram, deixaram de crer, ela continuou crendo. Mesmo recebendo o cad\u00e1ver do seu Filho Jesus, que era o total desmentido da profecia, na qual o anjo havia dito: \u201co Senhor Deus lhe dar\u00e1 o trono de Davi\u201d (Lc 1, 32). Ele estava ali, n\u00e3o sentado, mas deitado. N\u00e3o no trono, mas no colo dela. N\u00e3o vivo e reinante, mas morto e derrotado. L\u00e1 estava a total refuta\u00e7\u00e3o, o total desmentido feito carne. O ate\u00edsmo se fez carne naquela Cruz. No entanto, ela continuou acreditando na promessa, ela continuou firme, n\u00e3o se abalou, mas continuou crendo.<\/p>\n<p>Nesse sacrif\u00edcio de f\u00e9, veja meu irm\u00e3o protestante, voc\u00ea que cr\u00ea na salva\u00e7\u00e3o pela f\u00e9, nesse sacrif\u00edcio de f\u00e9, a f\u00e9 mais perfeita foi desta mulher. Posso dizer isso porque Jesus se fez homem, mas \u00e9, em primeiro lugar, Deus. Ent\u00e3o, a f\u00e9 mais perfeita foi a de Maria. Na ordem da f\u00e9 e da gra\u00e7a, quando o total desmentido da profecia de Deus estava nas suas m\u00e3os, ela acreditou na promessa at\u00e9 o fim. Esta f\u00e9 inabal\u00e1vel, que nos \u00e9 dada quando nos tornamos filhos pequenos nos seus bra\u00e7os, ela diz: Padre Paulo, sua f\u00e9 n\u00e3o presta para nada, sua f\u00e9 \u00e9 t\u00e3o pequenina e miser\u00e1vel, mas confia em mim, eu creio com voc\u00ea, eu creio por voc\u00ea, entregue tudo para mim e eu crerei no seu lugar, entregue tudo para mim.<\/p>\n<p>Assim como o Filho foi gerado no ventre de Maria, o Filho ser\u00e1 gerado em n\u00f3s no ventre de Maria, afirma <a href=\"http:\/\/blog.cancaonova.com\/tododemaria\/biografia-de-sao-luis-maria\/\">S\u00e3o Lu\u00eds Maria<\/a>, no seu <a href=\"http:\/\/blog.cancaonova.com\/tododemaria\/tratado\/\">Tratado da Verdadeira Devo\u00e7\u00e3o<\/a>, que trata da <a href=\"http:\/\/blog.cancaonova.com\/tododemaria\/consagracao\/\">consagra\u00e7\u00e3o total a Virgem Maria<\/a>. O caminho de Deus \u00e9 sempre o mesmo, n\u00e3o muda. N\u00f3s vos louvamos e bendizemos por esta M\u00e3e que nos destes, para nos livrar dos medos que temos por causa do pecado original. Obrigado Senhor por tudo que realizais em nossa vida. Obrigado Senhor pela vossa gra\u00e7a, por tudo que realizastes nela e realizareis em n\u00f3s.<\/p>\n<p>Este \u00e9 a sexto artigo de uma s\u00e9rie, retirados de palestras do Padre Paulo Ricardo no\u00a0<a href=\"http:\/\/consagrate.com\/2011\/09\/\">I Consagra-te de Cuiab\u00e1<\/a>, em 2011. O primeiro post teve como tema \u201c<a href=\"http:\/\/blog.cancaonova.com\/tododemaria\/como-ser-fiel-a-jesus-cristo\/\">Como ser fiel a Jesus Cristo?<\/a>\u201d, o segundo post foi intitulado \u201c<a href=\"http:\/\/blog.cancaonova.com\/tododemaria\/como-ter-a-tempera-dos-martires\/\">Como ter a t\u00eampera dos m\u00e1rtires?<\/a>\u201d o terceiro,\u00a0<a href=\"http:\/\/blog.cancaonova.com\/tododemaria\/maria-o-molde-perfeito-de-jesus-cristo\/\">Maria, o molde perfeito de Jesus Cristo<\/a>, o quarto, \u201c<a href=\"http:\/\/blog.cancaonova.com\/tododemaria\/qual-e-a-diferenca-entre-lucifer-e-a-virgem-maria\/\">Qual \u00e9 a diferen\u00e7a entre L\u00facifer e a Virgem Maria?<\/a>\u201c, e o quinto, &#8220;<a href=\"http:\/\/blog.cancaonova.com\/tododemaria\/porque-e-que-deus-escolheu-o-caminho-da-virgem-maria\/\">Por que \u00e9 que Deus escolheu o caminho da Virgem Maria<\/a>?&#8221;.<\/p>\n","protected":false},"excerpt":{"rendered":"<p>Padre Paulo Ricardo nos fala sobre a causa do medo que temos de Deus e da cruz. Por que temos medo da cruz?\u00a0Padre Paulo Ricardo responde a esta quest\u00e3o:\u00a0Todo protestante vai concordar conosco que a vida santa \u00e9 a imita\u00e7\u00e3o&#8230;<\/p>\n","protected":false},"author":4539,"featured_media":0,"comment_status":"open","ping_status":"open","sticky":false,"template":"","format":"standard","meta":{"_mi_skip_tracking":false,"_monsterinsights_sitenote_active":false,"_monsterinsights_sitenote_note":"","_monsterinsights_sitenote_category":0,"footnotes":""},"categories":[185532],"tags":[],"_links":{"self":[{"href":"https:\/\/blog.cancaonova.com\/tododemaria\/wp-json\/wp\/v2\/posts\/337"}],"collection":[{"href":"https:\/\/blog.cancaonova.com\/tododemaria\/wp-json\/wp\/v2\/posts"}],"about":[{"href":"https:\/\/blog.cancaonova.com\/tododemaria\/wp-json\/wp\/v2\/types\/post"}],"author":[{"embeddable":true,"href":"https:\/\/blog.cancaonova.com\/tododemaria\/wp-json\/wp\/v2\/users\/4539"}],"replies":[{"embeddable":true,"href":"https:\/\/blog.cancaonova.com\/tododemaria\/wp-json\/wp\/v2\/comments?post=337"}],"version-history":[{"count":10,"href":"https:\/\/blog.cancaonova.com\/tododemaria\/wp-json\/wp\/v2\/posts\/337\/revisions"}],"predecessor-version":[{"id":5283,"href":"https:\/\/blog.cancaonova.com\/tododemaria\/wp-json\/wp\/v2\/posts\/337\/revisions\/5283"}],"wp:attachment":[{"href":"https:\/\/blog.cancaonova.com\/tododemaria\/wp-json\/wp\/v2\/media?parent=337"}],"wp:term":[{"taxonomy":"category","embeddable":true,"href":"https:\/\/blog.cancaonova.com\/tododemaria\/wp-json\/wp\/v2\/categories?post=337"},{"taxonomy":"post_tag","embeddable":true,"href":"https:\/\/blog.cancaonova.com\/tododemaria\/wp-json\/wp\/v2\/tags?post=337"}],"curies":[{"name":"wp","href":"https:\/\/api.w.org\/{rel}","templated":true}]}}