{"id":3413,"date":"2014-04-24T04:00:37","date_gmt":"2014-04-24T07:00:37","guid":{"rendered":"http:\/\/blog.cancaonova.com\/tododemaria\/?p=3413"},"modified":"2014-04-25T17:07:04","modified_gmt":"2014-04-25T20:07:04","slug":"por-que-nao-nos-consagramos-direto-para-jesus","status":"publish","type":"post","link":"https:\/\/blog.cancaonova.com\/tododemaria\/por-que-nao-nos-consagramos-direto-para-jesus\/","title":{"rendered":"Por que n\u00e3o nos consagramos direto para Jesus?"},"content":{"rendered":"<p><strong>Saiba porque consagramos nossas vidas pelas m\u00e3os da Virgem Maria e n\u00e3o diretamente para Jesus Cristo.<\/strong><\/p>\n<p><a href=\"http:\/\/blog.cancaonova.com\/tododemaria\/files\/2014\/04\/Por-que-n\u00e3o-nos-consagramos-direto-para-Jesus.jpg\"><img loading=\"lazy\" decoding=\"async\" class=\"alignleft  wp-image-3414\" alt=\"Por que nos consagramos a Virgem Maria e n\u00e3o direto para Jesus Cristo?\" src=\"http:\/\/blog.cancaonova.com\/tododemaria\/files\/2014\/04\/Por-que-n\u00e3o-nos-consagramos-direto-para-Jesus-239x300.jpg\" width=\"239\" height=\"300\" \/><\/a>Muitos de n\u00f3s j\u00e1 foi ou ainda ser\u00e1 questionado, ou talvez se pergunte, a respeito da devo\u00e7\u00e3o e da consagra\u00e7\u00e3o a Sant\u00edssima Virgem Maria: por que n\u00e3o consagramos nossas vidas diretamente para Jesus? Ou, por que eu n\u00e3o posso ir direto para Deus? Ou ainda, por que precisamos da Virgem Maria? Para nos questionar sobre a intercess\u00e3o de Maria, na maioria das vezes, nossos irm\u00e3os protestantes se baseiam na Carta de S\u00e3o Paulo a Tim\u00f3teo: \u201cPois h\u00e1 um s\u00f3 Deus e um s\u00f3 mediador entre Deus e a humanidade: o homem Cristo Jesus, que se entregou como resgate por todos\u201d<sup><a href=\"#sdfootnote1sym\" name=\"sdfootnote1anc\"><sup>1<\/sup><\/a><\/sup>. Para responder \u00e0s quest\u00f5es colocadas acima, partiremos do texto de Tim\u00f3teo, refletiremos outros textos b\u00edblicos, e recorreremos \u00e0 doutrina de <a title=\"Biografia de S\u00e3o Lu\u00eds Maria Grignion de Montfort.\" href=\"http:\/\/blog.cancaonova.com\/tododemaria\/biografia-de-sao-luis-maria\/\" target=\"_blank\">S\u00e3o Lu\u00eds Maria Grignion de Montfort<\/a>.<!--more Continue lendo...--><\/p>\n<p style=\"text-align: center\"><strong><a href=\"http:\/\/feedburner.google.com\/fb\/a\/mailverify?uri=TodoDeMaria\">Receba o conte\u00fado deste blog gratuitamente em seu e-mail.<\/a><\/strong><\/p>\n<p>Para come\u00e7ar nossa reflex\u00e3o, voltemos alguns vers\u00edculos na Carta de S\u00e3o Paulo a Tim\u00f3teo: \u201cAntes de tudo, pe\u00e7o que se fa\u00e7am s\u00faplicas, ora\u00e7\u00f5es, intercess\u00f5es, a\u00e7\u00e3o de gra\u00e7as, por todas as pessoas, pelos reis e pelas autoridades em geral, para que possamos levar uma vida calma e tranquila, com toda a piedade e dignidade\u201d<sup><a href=\"#sdfootnote2sym\" name=\"sdfootnote2anc\"><sup>2<\/sup><\/a><\/sup>. Nestes vers\u00edculos, o Ap\u00f3stolo dos Gentios pede que se \u201cfa\u00e7am s\u00faplicas, ora\u00e7\u00f5es, intercess\u00f5es, a\u00e7\u00e3o de gra\u00e7as\u201d<sup><a href=\"#sdfootnote3sym\" name=\"sdfootnote3anc\"><sup>3<\/sup><\/a><\/sup> pelas necessidades da comunidade e da sociedade. Ele ressalta ainda que \u201cisto \u00e9 bom e agrad\u00e1vel a Deus, nosso Salvador\u201d<sup><a href=\"#sdfootnote4sym\" name=\"sdfootnote4anc\"><sup>4<\/sup><\/a><\/sup>. Paulo pede \u00e0 Tim\u00f3teo e \u00e0 sua comunidade que intercedam por suas necessidades, pois tem a clareza que o \u00danico Mediador \u00e9 a Igreja, \u00e9 o Cristo Total (<i>Christus Totus<\/i>), que \u00e9 formado pela Cabe\u00e7a, que \u00e9 Jesus, e por n\u00f3s, membros do Corpo M\u00edstico de Cristo<sup><a href=\"#sdfootnote5sym\" name=\"sdfootnote5anc\"><sup>5<\/sup><\/a><\/sup>. Fazemos parte do Corpo de Cristo, por isso participamos da media\u00e7\u00e3o do \u00danico Mediador, que \u00e9 Cristo.<\/p>\n<p><span style=\"font-size: 14px;line-height: 1.5em\">Ora, se a Virgem Maria \u00e9 M\u00e3e de Jesus, que \u00e9 a Cabe\u00e7a da Igreja, n\u00e3o ser\u00e1 ela tamb\u00e9m M\u00e3e dos membros do Seu Corpo, que somos n\u00f3s? Sendo Maria a M\u00e3e da Igreja, de Cristo e de seus membros, n\u00e3o ter\u00e1 ela mais direito e autoridade para interceder pelos seus filhos diante do Filho? Foi esta intercess\u00e3o que aconteceu nas Bodas de Can\u00e1, quando Maria pediu a Jesus por aquela festa de casamento: \u201cEles j\u00e1 n\u00e3o tem mais vinho\u201d<\/span><sup style=\"line-height: 1.5em\"><a href=\"#sdfootnote6sym\" name=\"sdfootnote6anc\"><sup>6<\/sup><\/a><\/sup><span style=\"font-size: 14px;line-height: 1.5em\">. Embora relutasse, Jesus faz seu primeiro milagre naquela festa de casamento<\/span><sup style=\"line-height: 1.5em\"><a href=\"#sdfootnote7sym\" name=\"sdfootnote7anc\"><sup>7<\/sup><\/a><\/sup><span style=\"font-size: 14px;line-height: 1.5em\">, adiantando a sua hora<\/span><sup style=\"line-height: 1.5em\"><a href=\"#sdfootnote8sym\" name=\"sdfootnote8anc\"><sup>8<\/sup><\/a><\/sup><span style=\"font-size: 14px;line-height: 1.5em\">, por causa da intercess\u00e3o de Nossa Senhora.<\/span><\/p>\n<p><strong>Assista v\u00eddeo do Padre Paulo Ricardo sobre a Intercess\u00e3o dos Santos:<\/strong>\u00a0<iframe loading=\"lazy\" width=\"640\" height=\"360\" src=\"\/\/www.youtube.com\/embed\/oYFr9q8616Y\" frameborder=\"0\" allowfullscreen><\/iframe><\/p>\n<p><strong>Ou\u00e7a \u00e1udio do Padre Paulo Ricardo sobre a Intercess\u00e3o dos Santos:\u00a0<\/strong><iframe loading=\"lazy\" width=\"100%\" height=\"166\" scrolling=\"no\" frameborder=\"no\" src=\"https:\/\/w.soundcloud.com\/player\/?url=https%3A\/\/api.soundcloud.com\/tracks\/49810425&color=ff5500&show_artwork=false\"><\/iframe><\/p>\n<p>S\u00e3o Lu\u00eds Maria nos questiona a respeito da \u00fanica media\u00e7\u00e3o de Cristo: \u201cn\u00e3o teremos necessidade dum mediador junto do pr\u00f3prio Medianeiro? Ser\u00e1 t\u00e3o grande a nossa pureza que possamos unir-nos diretamente a Ele, e por n\u00f3s mesmos? N\u00e3o \u00e9 Ele Deus, em tudo igual a seu Pai e, por conseguinte, o Santo dos santos, t\u00e3o digno de respeito como o Pai? Pela sua infinita caridade tornou-se a nossa garantia e o nosso Medianeiro junto de Deus, seu Pai, para aplac\u00e1-lo e pagar-lhe o que lhe dev\u00edamos. Mas ser\u00e1 isso uma raz\u00e3o para termos menos respeito e temor \u00e0 sua majestade e santidade?\u201d<sup><a href=\"#sdfootnote9sym\" name=\"sdfootnote9anc\"><sup>9<\/sup><\/a><\/sup>. Olhando para n\u00f3s mesmos, para nossas fraquezas, infidelidades, e sendo sinceros, reconhecemos que \u201ctemos necessidade dum mediador junto do mesmo Medianeiro, e que Maria Sant\u00edssima \u00e9 a pessoa mais capaz de desempenhar esta fun\u00e7\u00e3o caridosa. Foi por Ela que nos veio Jesus Cristo; \u00e9 por Ela que devemos ir a Ele\u201d<sup><a href=\"#sdfootnote10sym\" name=\"sdfootnote10anc\"><sup>10<\/sup><\/a><\/sup>.<\/p>\n<p>Podemos ainda nos questionar: por que n\u00e3o consagramos nossas vidas diretamente para Jesus? Ora, nossas vidas j\u00e1 foram consagradas a Jesus Cristo quando fomos batizados. No Batismo, morremos e renascemos com Cristo para uma vida nova, fazemos parte do Corpo M\u00edstico de Cristo, fomos consagrados, separados, para Deus. Por\u00e9m, por causa das nossas fraquezas, n\u00e3o conseguimos ser fi\u00e9is \u00e0s promessas do nosso Batismo, n\u00e3o conseguimos ser fi\u00e9is a Deus, pois neste mundo nosso cora\u00e7\u00e3o estar\u00e1 sempre dividido entre Ele e o mundo. Por\u00e9m, quando nos consagramos, assumimos a M\u00e3e que Jesus nos entregou, em seu testamento espiritual, para nos ajudar: \u201cEis a\u00ed a tua M\u00e3e\u201d (Jo 19, 27). Entregando sua M\u00e3e ao Disc\u00edpulo Amado, Jesus nos entregou a Sua pr\u00f3pria M\u00e3e para nos ajudar a vencer o Dem\u00f4nio, o mal e o pecado, que nos afastam de Deus e da Sua sant\u00edssima vontade. Da mesma forma que Ad\u00e3o recebeu em Eva um aux\u00edlio para suas necessidades (cf. Gn 2, 18), em Cristo, o novo Ad\u00e3o, recebemos a Virgem Maria, a nova Eva, como aux\u00edlio para nossas fraquezas e necessidades, materiais e espirituais. Temos em Maria uma M\u00e3e, que nos foi dada pelo pr\u00f3prio Filho de Deus. Qual ser\u00e1 a nossa atitude diante dessa entrega? N\u00f3s a acolheremos naquilo que \u00e9 nosso (cf. Jo 19, 27), como o Disc\u00edpulo Amado? Ou vamos reneg\u00e1-la?<\/p>\n<p>Assim, n\u00e3o consagramos nossas vidas diretamente para Jesus, n\u00e3o por que Ele necessite de um mediador, mas porque n\u00f3s necessitamos. Por causa de nossas fraquezas, precisamos de um mediador junto ao \u00danico Mediador, que \u00e9 Cristo, para nos entregar inteiramente a Deus. N\u00e3o podemos ir direto para Deus porque somos imperfeitos, cheios de defeitos, e por n\u00f3s mesmos n\u00e3o conseguimos a perfei\u00e7\u00e3o, a santidade, a comunh\u00e3o plena com Deus. Precisamos da Virgem Maria para chegar a Jesus Cristo, como nos ensina S\u00e3o Bernardo e S\u00e3o Boaventura, nas palavras de S\u00e3o Lu\u00eds Maria: \u201csegundo eles, temos de subir tr\u00eas degraus para chegar at\u00e9 Deus: o primeiro, que est\u00e1 mais perto de n\u00f3s e mais conforme \u00e0 nossa capacidade, \u00e9 Maria; o segundo \u00e9 Jesus Cristo, e o terceiro \u00e9 Deus Pai. Para ir a Jesus \u00e9 preciso ir a Maria: Ela \u00e9 a nossa Medianeira de Intercess\u00e3o. Para ir ao Eterno Pai \u00e9 preciso ir a Jesus: nosso Medianeiro de Reden\u00e7\u00e3o\u201d<sup><a href=\"#sdfootnote11sym\" name=\"sdfootnote11anc\"><sup>11<\/sup><\/a><\/sup>. Por isso, para chegar a Deus Pai,\u00a0<a title=\"Saiba como fazer a consagra\u00e7\u00e3o a Virgem Maria\" href=\"http:\/\/blog.cancaonova.com\/tododemaria\/a-consagracao-a-maria-passo-a-passo\/\" target=\"_blank\">nos consagremos<\/a> de todo cora\u00e7\u00e3o, com os nossos sentimentos, coma a nossa raz\u00e3o, com a nossa vontade, a Virgem Maria, nossa M\u00e3e e mediadora junto ao \u00danico Mediador, Jesus Cristo.<\/p>\n<p><strong>Refer\u00eancias:<\/strong><\/p>\n<div id=\"sdfootnote1\">\n<p><a href=\"#sdfootnote1anc\" name=\"sdfootnote1sym\">1<\/a>\u00a01 Tim 2, 5-6.<\/p>\n<\/div>\n<div id=\"sdfootnote2\">\n<p><a href=\"#sdfootnote2anc\" name=\"sdfootnote2sym\">2<\/a>\u00a01 Tim 2, 1-2.<\/p>\n<\/div>\n<div id=\"sdfootnote3\">\n<p><a href=\"#sdfootnote3anc\" name=\"sdfootnote3sym\">3<\/a>\u00a01 Tim 2, 1.<\/p>\n<\/div>\n<div id=\"sdfootnote4\">\n<p><a href=\"#sdfootnote4anc\" name=\"sdfootnote4sym\">4<\/a>\u00a01 Tim 2, 3.<\/p>\n<\/div>\n<div id=\"sdfootnote5\">\n<p><a href=\"#sdfootnote5anc\" name=\"sdfootnote5sym\">5<\/a>\u00a0A doutrina do Corpo M\u00edstico est\u00e1 presente em v\u00e1rios vers\u00edculos das Cartas de S\u00e3o Paulo, dos quais citamos alguns: 1 Cor 12, 12; Cl 1, 18; Ef 5, 23; Rm 12, 4-5.<\/p>\n<\/div>\n<div id=\"sdfootnote6\">\n<p><a href=\"#sdfootnote6anc\" name=\"sdfootnote6sym\">6<\/a>\u00a0Jo 2, 3.<\/p>\n<\/div>\n<div id=\"sdfootnote7\">\n<p><a href=\"#sdfootnote7anc\" name=\"sdfootnote7sym\">7<\/a>\u00a0Cf. Jo 2, 7-10.<\/p>\n<\/div>\n<div id=\"sdfootnote8\">\n<p><a href=\"#sdfootnote8anc\" name=\"sdfootnote8sym\">8<\/a>\u00a0Cf. Jo 2, 4.<\/p>\n<\/div>\n<div id=\"sdfootnote9\">\n<p><a href=\"#sdfootnote9anc\" name=\"sdfootnote9sym\">9<\/a>\u00a0MONTFORT, S\u00e3o Lu\u00eds Maria Grignion de. <span style=\"color: #000080\"><span style=\"text-decoration: underline\"><a title=\" Tratado da Verdadeira Devo\u00e7\u00e3o \u00e0 Sant\u00edssima Virgem\" href=\"http:\/\/blog.cancaonova.com\/tododemaria\/tratado\/\" target=\"_blank\"><i>Tratado da Verdadeira Devo\u00e7\u00e3o \u00e0 Sant\u00edssima Virgem<\/i><\/a><\/span><\/span>, 85.<\/p>\n<\/div>\n<div id=\"sdfootnote10\">\n<p><a href=\"#sdfootnote10anc\" name=\"sdfootnote10sym\">10<\/a>\u00a0<i>Idem, ibidem.<\/i><\/p>\n<\/div>\n<div id=\"sdfootnote11\">\n<p><a href=\"#sdfootnote11anc\" name=\"sdfootnote11sym\">11<\/a>\u00a0<i>Idem<\/i>, 86.<\/p>\n<\/div>\n","protected":false},"excerpt":{"rendered":"<p>Saiba porque consagramos nossas vidas pelas m\u00e3os da Virgem Maria e n\u00e3o diretamente para Jesus Cristo. Muitos de n\u00f3s j\u00e1 foi ou ainda ser\u00e1 questionado, ou talvez se pergunte, a respeito da devo\u00e7\u00e3o e da consagra\u00e7\u00e3o a Sant\u00edssima Virgem Maria:&#8230; <a href=\"https:\/\/blog.cancaonova.com\/tododemaria\/por-que-nao-nos-consagramos-direto-para-jesus\/\">Continue lendo <span class=\"meta-nav\">&rarr;<\/span><\/a><\/p>\n","protected":false},"author":4539,"featured_media":0,"comment_status":"open","ping_status":"open","sticky":false,"template":"","format":"standard","meta":{"_mi_skip_tracking":false,"_monsterinsights_sitenote_active":false,"_monsterinsights_sitenote_note":"","_monsterinsights_sitenote_category":0,"footnotes":""},"categories":[185532],"tags":[],"_links":{"self":[{"href":"https:\/\/blog.cancaonova.com\/tododemaria\/wp-json\/wp\/v2\/posts\/3413"}],"collection":[{"href":"https:\/\/blog.cancaonova.com\/tododemaria\/wp-json\/wp\/v2\/posts"}],"about":[{"href":"https:\/\/blog.cancaonova.com\/tododemaria\/wp-json\/wp\/v2\/types\/post"}],"author":[{"embeddable":true,"href":"https:\/\/blog.cancaonova.com\/tododemaria\/wp-json\/wp\/v2\/users\/4539"}],"replies":[{"embeddable":true,"href":"https:\/\/blog.cancaonova.com\/tododemaria\/wp-json\/wp\/v2\/comments?post=3413"}],"version-history":[{"count":9,"href":"https:\/\/blog.cancaonova.com\/tododemaria\/wp-json\/wp\/v2\/posts\/3413\/revisions"}],"predecessor-version":[{"id":3579,"href":"https:\/\/blog.cancaonova.com\/tododemaria\/wp-json\/wp\/v2\/posts\/3413\/revisions\/3579"}],"wp:attachment":[{"href":"https:\/\/blog.cancaonova.com\/tododemaria\/wp-json\/wp\/v2\/media?parent=3413"}],"wp:term":[{"taxonomy":"category","embeddable":true,"href":"https:\/\/blog.cancaonova.com\/tododemaria\/wp-json\/wp\/v2\/categories?post=3413"},{"taxonomy":"post_tag","embeddable":true,"href":"https:\/\/blog.cancaonova.com\/tododemaria\/wp-json\/wp\/v2\/tags?post=3413"}],"curies":[{"name":"wp","href":"https:\/\/api.w.org\/{rel}","templated":true}]}}