{"id":3775,"date":"2014-05-31T04:00:03","date_gmt":"2014-05-31T07:00:03","guid":{"rendered":"http:\/\/blog.cancaonova.com\/tododemaria\/?p=3775"},"modified":"2017-05-28T23:29:35","modified_gmt":"2017-05-29T02:29:35","slug":"a-visitacao-de-maria-e-a-graca-do-espirito","status":"publish","type":"post","link":"https:\/\/blog.cancaonova.com\/tododemaria\/a-visitacao-de-maria-e-a-graca-do-espirito\/","title":{"rendered":"A visita\u00e7\u00e3o de Maria e a gra\u00e7a do Esp\u00edrito"},"content":{"rendered":"<p><strong>A visita\u00e7\u00e3o da Virgem Maria e a gra\u00e7a do Esp\u00edrito Santo em nossas vidas.<\/strong><\/p>\n<div id=\"attachment_3776\" style=\"width: 254px\" class=\"wp-caption alignleft\"><a href=\"http:\/\/blog.cancaonova.com\/tododemaria\/files\/2014\/05\/A-visita\u00e7\u00e3o-de-Maria-e-a-gra\u00e7a-do-Esp\u00edrito.jpg\"><img loading=\"lazy\" decoding=\"async\" aria-describedby=\"caption-attachment-3776\" class=\"size-medium wp-image-3776\" title=\"A visita\u00e7\u00e3o de Maria e a gra\u00e7a do Esp\u00edrito\" src=\"http:\/\/blog.cancaonova.com\/tododemaria\/files\/2014\/05\/A-visita\u00e7\u00e3o-de-Maria-e-a-gra\u00e7a-do-Esp\u00edrito-244x300.jpg\" alt=\"A visita\u00e7\u00e3o da Virgem Maria e a gra\u00e7a do Esp\u00edrito Santo\" width=\"244\" height=\"300\" srcset=\"https:\/\/blog.cancaonova.com\/tododemaria\/files\/2014\/05\/A-visita\u00e7\u00e3o-de-Maria-e-a-gra\u00e7a-do-Esp\u00edrito-244x300.jpg 244w, https:\/\/blog.cancaonova.com\/tododemaria\/files\/2014\/05\/A-visita\u00e7\u00e3o-de-Maria-e-a-gra\u00e7a-do-Esp\u00edrito.jpg 1006w\" sizes=\"(max-width: 244px) 100vw, 244px\" \/><\/a><p id=\"caption-attachment-3776\" class=\"wp-caption-text\">Visita\u00e7\u00e3o de Nossa Senhora a Isabel<\/p><\/div>\n<p>A visita\u00e7\u00e3o da Virgem Maria a Isabel<a href=\"#sdfootnote1sym\" name=\"sdfootnote1anc\"><sup>1<\/sup><\/a>\u00a0tem muito a nos ensinar sobre a gra\u00e7a de Jesus Cristo e do Esp\u00edrito Santo em nossas vidas. Depois da Anuncia\u00e7\u00e3o do Anjo<a href=\"#sdfootnote2sym\" name=\"sdfootnote2anc\"><sup>2<\/sup><\/a>, Nossa Senhora, impelida pelo Esp\u00edrito, partiu apressadamente de Nazar\u00e9, na Galileia, at\u00e9 Ain Karin, na Jud\u00e9ia, onde morava sua prima Isabel<a href=\"#sdfootnote3sym\" name=\"sdfootnote3anc\"><sup>3<\/sup><\/a>. A M\u00e3e de Jesus partiu rapidamente para visitar Isabel, pois tinha na sua casa uma miss\u00e3o a realizar. Da mesma forma, Maria tem pressa em nos visitar, pois tem um des\u00edgnio divino a realizar em nossas vidas.<!--more Continue lendo...--><\/p>\n<p style=\"text-align: center\"><strong><a href=\"http:\/\/feedburner.google.com\/fb\/a\/mailverify?uri=TodoDeMaria\">Receba o conte\u00fado deste blog gratuitamente em seu e-mail.<\/a><\/strong><\/p>\n<p>A Virgem Maria, depois de saber que Isabel estava gr\u00e1vida, foi impelida a visitar aquela fam\u00edlia: \u201cIluminada interiormente pelo Esp\u00edrito Santo, conheceu que o Verbo humanado, e j\u00e1 feito seu Filho, queria come\u00e7ar a manifestar ao mundo as riquezas de sua miseric\u00f3rdia\u201d<sup><a href=\"#sdfootnote4sym\" name=\"sdfootnote4anc\"><sup>4<\/sup><\/a><\/sup>. Jesus escolheu come\u00e7ar a distribuir as prim\u00edcias de suas gra\u00e7as por meio de sua M\u00e3e \u00e0 fam\u00edlia de Isabel. Por isso, Nossa Senhora partiu apressadamente para a casa de sua prima<sup><a href=\"#sdfootnote5sym\" name=\"sdfootnote5anc\"><sup>5<\/sup><\/a><\/sup>, sem se preocupar com as dificuldades da viagem.<\/p>\n<p>A visita\u00e7\u00e3o de Maria levou \u00e0quela fam\u00edlia um derramamento de gra\u00e7as. Mal entrou na casa a M\u00e3e do Senhor, Isabel ficou cheia do Esp\u00edrito Santo e Jo\u00e3o Batista foi purificado da culpa original. Por isso, Jo\u00e3o deu esse grande sinal de j\u00fabilo, exultando de alegria no ventre de sua m\u00e3e<sup><a href=\"#sdfootnote6sym\" name=\"sdfootnote6anc\"><sup>6<\/sup><\/a><\/sup>. Ele queria, com isso, manifestar as gra\u00e7as recebidas por meio de Maria, como declarou sua m\u00e3e Isabel: \u201cPorque assim que chegou a voz da tua sauda\u00e7\u00e3o aos meus ouvidos, logo o menino exultou de prazer em minhas entranhas\u201d<sup><a href=\"#sdfootnote7sym\" name=\"sdfootnote7anc\"><sup>7<\/sup><\/a><\/sup>. Em virtude da sauda\u00e7\u00e3o de Maria a Isabel, Jo\u00e3o Batista recebeu a gra\u00e7a do Divino Esp\u00edrito Santo, que o santificou.<\/p>\n<p><strong>Assista homilia do\u00a0Padre Paulo Ricardo na\u00a0&#8220;<a title=\"31 de Maio: Dia da Visita\u00e7\u00e3o da Virgem Maria\" href=\"https:\/\/padrepauloricardo.org\/episodios\/festa-da-visitacao-de-nossa-senhora\" target=\"_blank\" rel=\"noopener noreferrer\">Festa da Visita\u00e7\u00e3o de Nossa Senhora<\/a>&#8220;:\u00a0<\/strong><\/p>\n<table class=\"widefat\" style=\"height: 29px\" width=\"389\">\n<tbody>\n<tr>\n<td><iframe loading=\"lazy\" width=\"640\" height=\"360\" src=\"https:\/\/www.youtube-nocookie.com\/embed\/D7s6urXNKbQ?rel=0\" frameborder=\"0\" allowfullscreen><\/iframe><\/td>\n<\/tr>\n<\/tbody>\n<\/table>\n<p><strong>Ou\u00e7a programa\u00a0do Padre Paulo Ricardo sobre a &#8220;<a title=\"Visita\u00e7\u00e3o de Nossa Senhora - 4\u00ba Domingo do Advento\" href=\"https:\/\/padrepauloricardo.org\/episodios\/visitacao-de-nossa-senhora-4-domingo-do-advento\" target=\"_blank\" rel=\"noopener noreferrer\">Visita\u00e7\u00e3o de Nossa Senhora<\/a>&#8220;:<\/strong><\/p>\n<iframe loading=\"lazy\" width=\"100%\" height=\"166\" scrolling=\"no\" frameborder=\"no\" src=\"https:\/\/w.soundcloud.com\/player\/?url=https%3A\/\/api.soundcloud.com\/tracks\/72256698&color=ff6600&show_artwork=false\"><\/iframe>\n<p>Os primeiros frutos da reden\u00e7\u00e3o passaram pelas m\u00e3os maternas da Virgem Maria. \u201cFoi ela o canal pelo qual foi comunicada a gra\u00e7a a (Jo\u00e3o) Batista, e o Esp\u00edrito Santo a Isabel, o dom da profecia a Zacarias, e tantas outras b\u00ean\u00e7\u00e3os \u00e0quela casa\u201d<sup><a href=\"#sdfootnote8sym\" name=\"sdfootnote8anc\"><sup>8<\/sup><\/a><\/sup>. Estas foram as primeiras gra\u00e7as que foram distribu\u00eddas na terra por Jesus Cristo, o Verbo de Deus humanado. Por isso, \u00e9 muito justo e razo\u00e1vel crer que \u201cDeus constituiu Maria o aqueduto universal, como a chama S\u00e3o Bernardo, pelo qual, depois daquele tempo, passassem todas as outras gra\u00e7as que o Senhor que dispensar-nos\u201d<sup><a href=\"#sdfootnote9sym\" name=\"sdfootnote9anc\"><sup>9<\/sup><\/a><\/sup>.<\/p>\n<p>Assim, a Virgem Maria \u00e9 a tesoureira e dispensadora das gra\u00e7as divinas. Deus depositou em Maria, como num tesouro de miseric\u00f3rdia, todos os dons da gra\u00e7a e deste enriquece os que O servem. Nossa Senhora encontrou a gra\u00e7a incriada, que \u00e9 o pr\u00f3prio Deus feito seu Filho e, juntamente com Ele, todos os bens criados. Por isso, se queremos obter alguma gra\u00e7a, supliquemos esta a M\u00e3e de Deus, que nunca deixou de as alcan\u00e7ar para seus servos. \u201cSe, pois, desejamos gra\u00e7as, \u00e9 necess\u00e1rio que recorramos esta tesoureira e dispensadora das gra\u00e7as, j\u00e1 que \u201ca vontade suprema do Doador de todo bem [\u2026] \u00e9 que todas as gra\u00e7as por m\u00e3o de Maria se dispensem\u201d<a href=\"#sdfootnote10sym\" name=\"sdfootnote10anc\"><sup>10<\/sup><\/a>. Nossa Senhora da Visita\u00e7\u00e3o, rogai por n\u00f3s!<\/p>\n<div id=\"sdfootnote1\">\n<p><strong>Refer\u00eancias bibliogr\u00e1ficas:<\/strong><\/p>\n<p><a href=\"#sdfootnote1anc\" name=\"sdfootnote1sym\">1<\/a>\u00a0Cf. Lc 1, 39-45.<\/p>\n<\/div>\n<div id=\"sdfootnote2\">\n<p><a href=\"#sdfootnote2anc\" name=\"sdfootnote2sym\">2<\/a>\u00a0Cf. Lc 1, 26-38.<\/p>\n<\/div>\n<div id=\"sdfootnote3\">\n<p><a href=\"#sdfootnote3anc\" name=\"sdfootnote3sym\">3<\/a>\u00a0Cf. Lc 1, 39.<\/p>\n<\/div>\n<div id=\"sdfootnote4\">\n<p><a href=\"#sdfootnote4anc\" name=\"sdfootnote4sym\">4<\/a>\u00a0SANTO AFONSO MARIA DE LIG\u00d3RIO. <i>Gl\u00f3rias de Maria. 25<\/i>\u00aa ed. Aparecida: Santu\u00e1rio, 2012, p. 300.<\/p>\n<\/div>\n<div id=\"sdfootnote5\">\n<p><a href=\"#sdfootnote5anc\" name=\"sdfootnote5sym\">5<\/a>\u00a0Cf. Lc 1, 39.<\/p>\n<\/div>\n<div id=\"sdfootnote6\">\n<p><a href=\"#sdfootnote6anc\" name=\"sdfootnote6sym\">6<\/a>\u00a0Cf. Lc 1, 44.<\/p>\n<\/div>\n<div id=\"sdfootnote7\">\n<p><a href=\"#sdfootnote7anc\" name=\"sdfootnote7sym\">7<\/a>\u00a0Lc 1, 44.<\/p>\n<\/div>\n<div id=\"sdfootnote8\">\n<p><a href=\"#sdfootnote8anc\" name=\"sdfootnote8sym\">8<\/a>\u00a0SANTO AFONSO MARIA DE LIG\u00d3RIO. <i>Op. cit.<\/i>, p. 301.<\/p>\n<\/div>\n<div id=\"sdfootnote9\">\n<p><a href=\"#sdfootnote9anc\" name=\"sdfootnote9sym\">9<\/a>\u00a0<i>Idem, ibidem.<\/i><\/p>\n<\/div>\n<div id=\"sdfootnote10\">\n<p><a href=\"#sdfootnote10anc\" name=\"sdfootnote10sym\">10<\/a>\u00a0<i>Idem,<\/i> p. 303-304.<\/p>\n<\/div>\n","protected":false},"excerpt":{"rendered":"<p>A visita\u00e7\u00e3o da Virgem Maria e a gra\u00e7a do Esp\u00edrito Santo em nossas vidas. A visita\u00e7\u00e3o da Virgem Maria a Isabel1\u00a0tem muito a nos ensinar sobre a gra\u00e7a de Jesus Cristo e do Esp\u00edrito Santo em nossas vidas. Depois da&#8230; <a href=\"https:\/\/blog.cancaonova.com\/tododemaria\/a-visitacao-de-maria-e-a-graca-do-espirito\/\">Continue lendo <span class=\"meta-nav\">&rarr;<\/span><\/a><\/p>\n","protected":false},"author":4539,"featured_media":0,"comment_status":"open","ping_status":"open","sticky":false,"template":"","format":"standard","meta":{"_mi_skip_tracking":false,"_monsterinsights_sitenote_active":false,"_monsterinsights_sitenote_note":"","_monsterinsights_sitenote_category":0,"footnotes":""},"categories":[186083],"tags":[],"_links":{"self":[{"href":"https:\/\/blog.cancaonova.com\/tododemaria\/wp-json\/wp\/v2\/posts\/3775"}],"collection":[{"href":"https:\/\/blog.cancaonova.com\/tododemaria\/wp-json\/wp\/v2\/posts"}],"about":[{"href":"https:\/\/blog.cancaonova.com\/tododemaria\/wp-json\/wp\/v2\/types\/post"}],"author":[{"embeddable":true,"href":"https:\/\/blog.cancaonova.com\/tododemaria\/wp-json\/wp\/v2\/users\/4539"}],"replies":[{"embeddable":true,"href":"https:\/\/blog.cancaonova.com\/tododemaria\/wp-json\/wp\/v2\/comments?post=3775"}],"version-history":[{"count":6,"href":"https:\/\/blog.cancaonova.com\/tododemaria\/wp-json\/wp\/v2\/posts\/3775\/revisions"}],"predecessor-version":[{"id":7428,"href":"https:\/\/blog.cancaonova.com\/tododemaria\/wp-json\/wp\/v2\/posts\/3775\/revisions\/7428"}],"wp:attachment":[{"href":"https:\/\/blog.cancaonova.com\/tododemaria\/wp-json\/wp\/v2\/media?parent=3775"}],"wp:term":[{"taxonomy":"category","embeddable":true,"href":"https:\/\/blog.cancaonova.com\/tododemaria\/wp-json\/wp\/v2\/categories?post=3775"},{"taxonomy":"post_tag","embeddable":true,"href":"https:\/\/blog.cancaonova.com\/tododemaria\/wp-json\/wp\/v2\/tags?post=3775"}],"curies":[{"name":"wp","href":"https:\/\/api.w.org\/{rel}","templated":true}]}}