{"id":3847,"date":"2017-06-05T03:00:54","date_gmt":"2017-06-05T06:00:54","guid":{"rendered":"http:\/\/blog.cancaonova.com\/tododemaria\/?p=3847"},"modified":"2017-06-05T10:05:06","modified_gmt":"2017-06-05T13:05:06","slug":"a-devocao-ao-coracao-de-jesus-e-o-coracao-de-maria","status":"publish","type":"post","link":"https:\/\/blog.cancaonova.com\/tododemaria\/a-devocao-ao-coracao-de-jesus-e-o-coracao-de-maria\/","title":{"rendered":"A devo\u00e7\u00e3o ao Cora\u00e7\u00e3o de Jesus e o Cora\u00e7\u00e3o de Maria"},"content":{"rendered":"<p><strong>Conhe\u00e7a a\u00a0\u00edntima liga\u00e7\u00e3o que existe entre as devo\u00e7\u00f5es ao Sagrado Cora\u00e7\u00e3o de Jesus e ao Imaculado Cora\u00e7\u00e3o de Maria.<\/strong><\/p>\n<p>A devo\u00e7\u00e3o ao Sacrat\u00edssimo Cora\u00e7\u00e3o de Jesus e ao Pur\u00edssimo Cora\u00e7\u00e3o de Maria s\u00e3o muito pr\u00f3ximas na piedade dos fi\u00e9is e isto se reflete na Liturgia da Igreja, que fixa a mem\u00f3ria do Imaculado Cora\u00e7\u00e3o de Maria no s\u00e1bado logo depois da Solenidade do Sagrado Cora\u00e7\u00e3o de Jesus, que se d\u00e1 na \u00faltima sexta-feira do m\u00eas Junho. este anos temos uma exce\u00e7\u00e3o, pois a \u00faltima sexta-feira cai no fim do m\u00eas e, por isso, \u00e9 transferida para a sexta anterior, para que no s\u00e1bado seja celebrada a mem\u00f3ria do Imaculado Cora\u00e7\u00e3o de Maria.<\/p>\n<div id=\"attachment_7441\" style=\"width: 610px\" class=\"wp-caption aligncenter\"><a href=\"http:\/\/blog.cancaonova.com\/tododemaria\/files\/2017\/06\/A-devo\u00e7\u00e3o-ao-Cora\u00e7\u00e3o-de-Jesus-e-o-Cora\u00e7\u00e3o-de-Maria.jpg\"><img loading=\"lazy\" decoding=\"async\" aria-describedby=\"caption-attachment-7441\" class=\"size-full wp-image-7441\" src=\"http:\/\/blog.cancaonova.com\/tododemaria\/files\/2017\/06\/A-devo\u00e7\u00e3o-ao-Cora\u00e7\u00e3o-de-Jesus-e-o-Cora\u00e7\u00e3o-de-Maria.jpg\" alt=\"Conhe\u00e7a a \u00edntima liga\u00e7\u00e3o que existe entre as devo\u00e7\u00f5es ao Sagrado Cora\u00e7\u00e3o de Jesus e ao Imaculado Cora\u00e7\u00e3o de Maria.\" width=\"600\" height=\"330\" srcset=\"https:\/\/blog.cancaonova.com\/tododemaria\/files\/2017\/06\/A-devo\u00e7\u00e3o-ao-Cora\u00e7\u00e3o-de-Jesus-e-o-Cora\u00e7\u00e3o-de-Maria.jpg 600w, https:\/\/blog.cancaonova.com\/tododemaria\/files\/2017\/06\/A-devo\u00e7\u00e3o-ao-Cora\u00e7\u00e3o-de-Jesus-e-o-Cora\u00e7\u00e3o-de-Maria-300x165.jpg 300w\" sizes=\"(max-width: 600px) 100vw, 600px\" \/><\/a><p id=\"caption-attachment-7441\" class=\"wp-caption-text\">O Sagrado Cora\u00e7\u00e3o de Jesus e o Imaculado Cora\u00e7\u00e3o de Maria<\/p><\/div>\n<p>Os devotos do Sagrado Cora\u00e7\u00e3o de Jesus s\u00e3o sempre muito devotos do Imaculado Cora\u00e7\u00e3o da Sant\u00edssima Virgem. Por sua vez, os devotos do Imaculado Cora\u00e7\u00e3o de Maria s\u00e3o tamb\u00e9m muito devotos do Sagrado Cora\u00e7\u00e3o de Jesus. Esta \u00edntima liga\u00e7\u00e3o entre estas devo\u00e7\u00f5es existe\u00a0porque toda verdadeira devo\u00e7\u00e3o ao Cora\u00e7\u00e3o de Maria conduz ao Cora\u00e7\u00e3o de Jesus, que no momento derradeiro da sua vida terrena nos confiou \u00e0 sua M\u00e3e<a class=\"sdfootnoteanc\" href=\"#sdfootnote1sym\" name=\"sdfootnote1anc\"><sup>1<\/sup><\/a>. Dessa forma, Maria nos conduz a Cristo, e Cristo nos conduz a Maria.<!--more Continue lendo...--><\/p>\n<p style=\"text-align: center\"><strong><a href=\"http:\/\/feedburner.google.com\/fb\/a\/mailverify?uri=TodoDeMaria\">Receba o conte\u00fado deste blog gratuitamente em seu e-mail.<\/a><\/strong><\/p>\n<p><strong>A unidade da devo\u00e7\u00e3o ao Cora\u00e7\u00e3o de Jesus e de Maria<\/strong><\/p>\n<p>Santa Margarida Maria Alacoque compreendeu t\u00e3o bem a correspond\u00eancia entre as devo\u00e7\u00f5es aos Cora\u00e7\u00f5es de Jesus e de Maria que considerava as duas uma s\u00f3. Por isso, ela tinha o h\u00e1bito de rezar esta jaculat\u00f3ria: \u201cDivino Cora\u00e7\u00e3o de Jesus eu Vos adoro e Vos amo do modo como viveis no Cora\u00e7\u00e3o de Maria e Vos pe\u00e7o que vivais e reineis em todos os cora\u00e7\u00f5es\u201d<a class=\"sdfootnoteanc\" href=\"#sdfootnote2sym\" name=\"sdfootnote2anc\"><sup>2<\/sup><\/a>. O confessor de Santa Margarida, S\u00e3o Cl\u00e1udio de la Colombi\u00e8re, indica o mesmo caminho indicado a n\u00f3s por Jesus: \u201cResolvi n\u00e3o pedir nada a Deus em ora\u00e7\u00e3o que n\u00e3o fosse por meio de Maria\u201d<a class=\"sdfootnoteanc\" href=\"#sdfootnote3sym\" name=\"sdfootnote3anc\"><sup>3<\/sup><\/a>. Outros grandes santos, devotos do Sagrado Cora\u00e7\u00e3o de Jesus, como Santa Br\u00edgida, S\u00e3o Francisco de Sales e S\u00e3o Jo\u00e3o Eudes, referiam-se ao Cora\u00e7\u00e3o de Jesus e de Maria, no singular, para evidenciar a perfeita uni\u00e3o de sentimentos e disposi\u00e7\u00f5es entre o Cora\u00e7\u00e3o da M\u00e3e e do Filho. Este v\u00ednculo tamb\u00e9m se faz presente no lema \u201c<i>Per Mariam ad Cor Iesu<\/i>\u201d (Por Maria ao Cora\u00e7\u00e3o de Jesus), dos Mission\u00e1rios do Sagrado Cora\u00e7\u00e3o e as Filhas de Nossa Senhora do Sagrado Cora\u00e7\u00e3o.<\/p>\n<p>S\u00e3o Jo\u00e3o Eudes, convicto de que esta devo\u00e7\u00e3o tinha sua origem num des\u00edgnio providencial, demonstrou, por argumentos teol\u00f3gicos, que o Cora\u00e7\u00e3o de Jesus e o de Maria n\u00e3o t\u00eam diferen\u00e7as entre si, mas constituem, pela uni\u00e3o existente entre o Filho de Deus e sua M\u00e3e Sant\u00edssima, um s\u00f3 e mesmo Cora\u00e7\u00e3o. Sendo assim, n\u00e3o podemos separar estes Cora\u00e7\u00f5es, que Deus uniu t\u00e3o estreitamente: o Cora\u00e7\u00e3o august\u00edssimo do Filho de Deus e o de sua Bem-aventurada M\u00e3e. Ao contr\u00e1rio, a exemplo dos membros da Congrega\u00e7\u00e3o de Jesus e Maria, fundada pelo Padre Jo\u00e3o Eudes, devemos contemplar e honrar estes dois am\u00e1veis Cora\u00e7\u00f5es como um mesmo Cora\u00e7\u00e3o, em unidade de esp\u00edrito, de sentimento e de afei\u00e7\u00e3o, como est\u00e1 manifestamente expresso na sauda\u00e7\u00e3o que fazem todos os dias ao Divino Cora\u00e7\u00e3o de Jesus e Maria, bem como na ora\u00e7\u00e3o e em v\u00e1rias partes do Of\u00edcio e da Missa que celebram na festa do Sagrado Cora\u00e7\u00e3o de Maria Virgem.<\/p>\n<p><strong>Assista ou ou\u00e7a programa do Padre Paulo Ricardo com o tema: \u201c<a href=\"https:\/\/padrepauloricardo.org\/episodios\/tu-me-amas\" target=\"_blank\" rel=\"noopener noreferrer\">Tu me amas?<\/a>\u201d:<\/strong><\/p>\n<iframe loading=\"lazy\" width=\"640\" height=\"360\" src=\"https:\/\/www.youtube-nocookie.com\/embed\/bN-akL6HgW4?rel=0&amp;showinfo=0\" frameborder=\"0\" allowfullscreen><\/iframe>\n<iframe loading=\"lazy\" width=\"100%\" height=\"166\" scrolling=\"no\" frameborder=\"no\" src=\"https:\/\/w.soundcloud.com\/player\/?url=https%3A\/\/api.soundcloud.com\/tracks\/325522117&amp;color=ff5500&amp;show_artwork=false\"><\/iframe>\n<p><strong>A \u00edntima liga\u00e7ao entre a devo\u00e7\u00e3o\u00a0ao Cora\u00e7\u00e3o de Jesus e ao Cora\u00e7\u00e3o de Maria<\/strong><\/p>\n<p>Por causa desta \u00edntima liga\u00e7\u00e3o entre a devo\u00e7\u00e3o ao Sagrado Cora\u00e7\u00e3o de Jesus e ao Imaculado Cora\u00e7\u00e3o de Maria, o Papa Pio XII nos exorta:<\/p>\n<blockquote><p>A fim de que a devo\u00e7\u00e3o ao Cora\u00e7\u00e3o august\u00edssimo de Jesus produza frutos mais copiosos na fam\u00edlia crist\u00e3 e mesmo em toda a humanidade, procurem os f\u00e9is unir a ela estreitamente a devo\u00e7\u00e3o ao Cora\u00e7\u00e3o Imaculado da M\u00e3e de Deus. Foi vontade de Deus que, na obra da reden\u00e7\u00e3o humana, a sant\u00edssima virgem Maria estivesse inseparavelmente unida a Jesus Cristo; tanto que a nossa salva\u00e7\u00e3o \u00e9 fruto da caridade de Jesus Cristo e dos seus padecimentos, aos quais foram intimamente associados o amor e as dores de sua M\u00e3e. Por isso, conv\u00e9m que o povo crist\u00e3o, que de Jesus Cristo, por interm\u00e9dio de Maria, recebeu a vida divina, depois de prestar ao Sagrado Cora\u00e7\u00e3o o devido culto, renda tamb\u00e9m ao amant\u00edssimo Cora\u00e7\u00e3o de sua M\u00e3e celestial os correspondentes obs\u00e9quios de piedade, de amor, de agradecimento e de repara\u00e7\u00e3o. Em harmonia com esse sapient\u00edssimo e suav\u00edssimo des\u00edgnio da divina Provid\u00eancia, n\u00f3s mesmo, por ato solene, dedicamos e consagramos a santa Igreja e o mundo inteiro ao Cora\u00e7\u00e3o Imaculado da Sant\u00edssima Virgem Maria<a class=\"sdfootnoteanc\" href=\"#sdfootnote4sym\" name=\"sdfootnote4anc\"><sup>4<\/sup><\/a>.<\/p><\/blockquote>\n<p>O movimento universal de consagra\u00e7\u00e3o ao Sagrado Cora\u00e7\u00e3o de Jesus tornou-se completo com o movimento de consagra\u00e7\u00e3o ao Imaculado Cora\u00e7\u00e3o de Maria, que cresceu surpreendetemente\u00a0a partir do pedido feito por Nossa Senhora na <a title=\"Mensagem de F\u00e1tima\" href=\"http:\/\/www.vatican.va\/roman_curia\/congregations\/cfaith\/documents\/rc_con_cfaith_doc_20000626_message-fatima_po.html\" target=\"_blank\" rel=\"noopener noreferrer\">Mensagem de F\u00e1tima<\/a>. As apari\u00e7\u00f5es de Nossa Senhora em F\u00e1tima (1917), Portugal, foram precedidas pelas do Anjo da Paz (1916), ou Anjo de Portugal, que disse aos pastorezinhos: \u201cOs Cora\u00e7\u00f5es de Jesus e de Maria est\u00e3o atentos \u00e0 voz das vossas s\u00faplicas\u201d<a class=\"sdfootnoteanc\" href=\"#sdfootnote5sym\" name=\"sdfootnote5anc\"><sup>5<\/sup><\/a>. Em outra apari\u00e7\u00e3o, o Anjo pediu aos pastorezinhos que oferecessem ora\u00e7\u00f5es e sacrif\u00edcios em repara\u00e7\u00e3o pelas ofensas ao Sagrado Cora\u00e7\u00e3o e pela convers\u00e3o dos pecadores, e disse a eles: \u201cos Cora\u00e7\u00f5es Sant\u00edssimos de Jesus e Maria t\u00eam sobre v\u00f3s des\u00edgnios de miseric\u00f3rdia\u201d<a class=\"sdfootnoteanc\" href=\"#sdfootnote6sym\" name=\"sdfootnote6anc\"><sup>6<\/sup><\/a>. Estas mensagens ang\u00e9licas, que manifestam a \u00edntima uni\u00e3o dos Sagrados Cora\u00e7\u00f5es, se tornariam mais compreens\u00edveis com as palavras da bem-aventurada Jacinta, que em seu leito de morte disse \u00e0 irm\u00e3 L\u00facia: \u201cTu c\u00e1 ficas para dizer que Deus quer estabelecer no mundo a devo\u00e7\u00e3o ao Imaculado Cora\u00e7\u00e3o de Maria. O Cora\u00e7\u00e3o de Jesus quer que, a seu lado, se venere o Cora\u00e7\u00e3o de Maria\u201d<a class=\"sdfootnoteanc\" href=\"#sdfootnote7sym\" name=\"sdfootnote7anc\"><sup>7<\/sup><\/a>.<\/p>\n<p><strong>Assista ou ou\u00e7a programa do Padre Paulo Ricardo sobre \u201c<a href=\"https:\/\/padrepauloricardo.org\/episodios\/como-podem-os-nossos-pecados-ofender-a-deus\" target=\"_blank\" rel=\"noopener noreferrer\">Como podem os nossos pecados ofender a Deus?<\/a>\u201d:<\/strong><\/p>\n<iframe loading=\"lazy\" width=\"640\" height=\"360\" src=\"https:\/\/www.youtube-nocookie.com\/embed\/NpiNAhZHJgw?rel=0&amp;showinfo=0\" frameborder=\"0\" allowfullscreen><\/iframe>\n<iframe loading=\"lazy\" width=\"100%\" height=\"166\" scrolling=\"no\" frameborder=\"no\" src=\"https:\/\/w.soundcloud.com\/player\/?url=https%3A\/\/api.soundcloud.com\/tracks\/325802223&amp;color=ff5500&amp;show_artwork=false\"><\/iframe>\n<p><strong>Paralelos entre as devo\u00e7\u00f5es ao Cora\u00e7\u00e3o de Jesus e ao Cora\u00e7\u00e3o de Maria<\/strong><\/p>\n<p>Muitos outros paralelos entre as devo\u00e7\u00f5es ao Sagrado Cora\u00e7\u00e3o de Jesus e ao Imaculado Cora\u00e7\u00e3o de Maria nos mostram esta \u00edntima liga\u00e7\u00e3o entre ambas: <a href=\"http:\/\/blog.cancaonova.com\/tododemaria\/a-devocao-aos-coracoes-de-jesus-e-de-maria\/\" target=\"_blank\" rel=\"noopener noreferrer\">a devo\u00e7\u00e3o das nove primeiras sextas-feiras e os cinco primeiros s\u00e1bados<\/a>; o esp\u00edrito de ora\u00e7\u00e3o e de repara\u00e7\u00e3o que anima as duas devo\u00e7\u00f5es; a consagra\u00e7\u00e3o da humanidade ao Sagrado Cora\u00e7\u00e3o de Jesus feita pelo Papa Le\u00e3o XIII e o pedido de consagra\u00e7\u00e3o da R\u00fassia ao Imaculado Cora\u00e7\u00e3o feito por Nossa Senhora em F\u00e1tima; a promessa do triunfo final de Nossa Senhora em F\u00e1tima: \u201cPor fim o meu Imaculado Cora\u00e7\u00e3o triunfar\u00e1\u201d, e a promessa repetida v\u00e1rias vezes pelo Sagrado Cora\u00e7\u00e3o de Jesus a Santa Margarida: \u201cEu reinarei\u201d.<\/p>\n<p>Este paralelo sobre o triunfo dos Sagrados Cora\u00e7\u00f5es de Jesus e de Maria torna-se completo no pensamento de <a title=\"Biografia de S\u00e3o Lu\u00eds Maria Grignion de Monrfort\" href=\"http:\/\/blog.cancaonova.com\/tododemaria\/biografia-de-sao-luis-maria\/\" target=\"_blank\" rel=\"noopener noreferrer\">S\u00e3o Lu\u00eds Maria Grignion de Monrfort<\/a>, que considera o Reino de Cristo como consequ\u00eancia do Reino da Virgem: \u201cPara que venha o Vosso Reino, \u00f3 Jesus, venha o Reino de Maria!\u201d<a class=\"sdfootnoteanc\" href=\"#sdfootnote8sym\" name=\"sdfootnote8anc\"><sup>8<\/sup><\/a> S\u00e3o Lu\u00eds Maria acreditou, esperou e pediu por muitos anos a Deus que se realizasse o Reino de Jesus Cristo e da Virgem Maria nos cora\u00e7\u00f5es dos fi\u00e9is. O Santo ainda profetizou: \u201cmais cedo ou mais tarde a Sant\u00edssima Virgem ter\u00e1 um n\u00famero nunca igualado de filhos, servos e escravos de amor, e que, por este meio, Jesus Cristo, meu Mestre muito amado, reinar\u00e1 nos cora\u00e7\u00f5es como nunca\u201d<a class=\"sdfootnoteanc\" href=\"#sdfootnote9sym\" name=\"sdfootnote9anc\"><sup>9<\/sup><\/a>. Como fez o Santo, e em aten\u00e7\u00e3o aos pedidos de Jesus e de Maria, rezemos e ofere\u00e7amos sacrif\u00edcios para que, por meio do Reino do Cora\u00e7\u00e3o de Maria, \u201csobre as ru\u00ednas acumuladas pelo \u00f3dio e a viol\u00eancia, se estabele\u00e7a a civiliza\u00e7\u00e3o do amor, o Reino do Cora\u00e7\u00e3o de Cristo\u201d<a class=\"sdfootnoteanc\" href=\"#sdfootnote10sym\" name=\"sdfootnote10anc\"><sup>10<\/sup><\/a>.<\/p>\n<p>Sagrado Cora\u00e7\u00e3o de Jesus e Imaculado Cora\u00e7\u00e3o de Maria, rogai por n\u00f3s!<\/p>\n<p><strong>Links relacionados:<\/strong><\/p>\n<p>TODO DE MARIA.\u00a0<a href=\"http:\/\/blog.cancaonova.com\/tododemaria\/a-devocao-aos-coracoes-de-jesus-e-de-maria\/\" target=\"_blank\" rel=\"noopener noreferrer\">A devo\u00e7\u00e3o aos Cora\u00e7\u00f5es de Jesus e de Maria<\/a>.<\/p>\n<p>TODO DE MARIA.\u00a0<a href=\"http:\/\/blog.cancaonova.com\/tododemaria\/as-dores-de-jesus-e-maria-e-a-reparacao\/\" target=\"_blank\" rel=\"noopener noreferrer\">As dores de Jesus e Maria e a repara\u00e7\u00e3o<\/a>.<\/p>\n<p>TODO DE MARIA.\u00a0<a href=\"http:\/\/blog.cancaonova.com\/tododemaria\/jesus-e-maria-duas-colunas-e-dois-coracoes\/\" target=\"_blank\" rel=\"noopener noreferrer\">Jesus e Maria: duas colunas e dois cora\u00e7\u00f5es<\/a>.<\/p>\n<p><strong>Refer\u00eancias:<\/strong><\/p>\n<div id=\"sdfootnote1\">\n<p class=\"sdfootnote\"><a class=\"sdfootnotesym\" href=\"#sdfootnote1anc\" name=\"sdfootnote1sym\">1<\/a>\u00a0Cf. Jo 19, 25-27.<\/p>\n<\/div>\n<div id=\"sdfootnote2\">\n<p class=\"sdfootnote\"><a class=\"sdfootnotesym\" href=\"#sdfootnote2anc\" name=\"sdfootnote2sym\">2<\/a>\u00a0ASSOCIA\u00c7\u00c3O APOSTOLADO DO SAGRADO CORA\u00c7\u00c3O DE JESUS. <a title=\"A \u00edntima liga\u00e7\u00e3o entre as devo\u00e7\u00f5es ao Sagrado Cora\u00e7\u00e3o de Jesus e ao Imaculado Cora\u00e7\u00e3o de Maria. A devo\u00e7\u00e3o ao Sacrat\u00edssimo Cora\u00e7\u00e3o de Jesus e ao Pur\u00edssimo Cora\u00e7\u00e3o de Maria s\u00e3o muito pr\u00f3ximas na piedade dos fi\u00e9is e isto se reflete na Liturgia, que fixa mem\u00f3ria do Imaculado Cora\u00e7\u00e3o de Maria no s\u00e1bado logo depois da Solenidade do Sagrado Cora\u00e7\u00e3o de Jesus, que se d\u00e1 na \u00faltima sexta feira do m\u00eas Junho. Os devotos do Sagrado Cora\u00e7\u00e3o de Jesus s\u00e3o sempre muito devotos do Imaculado Cora\u00e7\u00e3o da Sant\u00edssima Virgem. Por sua vez, os devotos do Imaculado Cora\u00e7\u00e3o de Maria s\u00e3o tamb\u00e9m muito devotos do Sagrado Cora\u00e7\u00e3o de Jesus. Esta \u00edntima liga\u00e7\u00e3o entre estas devo\u00e7\u00f5es acontece porque toda verdadeira devo\u00e7\u00e3o ao Cora\u00e7\u00e3o de Maria conduz ao Cora\u00e7\u00e3o de Jesus, que no momento derradeiro da sua vida terrena nos confiou \u00e0 sua M\u00e3e1. Dessa forma, Maria nos conduz a Cristo, e Cristo nos conduz a Maria.\" href=\"http:\/\/www.asc.org.br\/site\/devocao\/intima.htm\" target=\"_blank\" rel=\"noopener noreferrer\"><i>A \u00edntima vincula\u00e7\u00e3o entre as devo\u00e7\u00f5es ao Sagrado Cora\u00e7\u00e3o de Jesus e ao Imaculado Cora\u00e7\u00e3o de Maria.<\/i><\/a><\/p>\n<\/div>\n<div id=\"sdfootnote3\">\n<p class=\"sdfootnote\"><i><a class=\"sdfootnotesym\" href=\"#sdfootnote3anc\" name=\"sdfootnote3sym\">3<\/a>\u00a0Idem, ibidem.<\/i><\/p>\n<\/div>\n<div id=\"sdfootnote4\">\n<p class=\"sdfootnote\"><a class=\"sdfootnotesym\" href=\"#sdfootnote4anc\" name=\"sdfootnote4sym\">4<\/a>\u00a0PAPA PIO XII. <a title=\"Carta Enc\u00edclica Haurietis Aquas sobre o culto do Sagrado Cora\u00e7\u00e3o de Jesus\" href=\"http:\/\/www.vatican.va\/holy_father\/pius_xii\/encyclicals\/documents\/hf_p-xii_enc_15051956_haurietis-aquas_po.html#fnref51\" target=\"_blank\" rel=\"noopener noreferrer\">Carta Enc\u00edclica <i>Haurietis Aquas <\/i>sobre o culto do Sagrado Cora\u00e7\u00e3o de Jesus<\/a>, 74.<\/p>\n<\/div>\n<div id=\"sdfootnote5\">\n<p class=\"sdfootnote\"><a class=\"sdfootnotesym\" href=\"#sdfootnote5anc\" name=\"sdfootnote5sym\">5<\/a>\u00a0PADRE LU\u00cdS KONDOR. <a href=\"http:\/\/www.pastorinhos.com\/_wp\/wp-content\/uploads\/MemoriasI_pt1.pdf\" target=\"_blank\" rel=\"noopener noreferrer\">Mem\u00f3rias da Irm\u00e3 L\u00facia<\/a>, p. 78.<\/p>\n<\/div>\n<div id=\"sdfootnote6\">\n<p class=\"sdfootnote\"><i><a class=\"sdfootnotesym\" href=\"#sdfootnote6anc\" name=\"sdfootnote6sym\">6<\/a>\u00a0Idem, ibidem.<\/i><\/p>\n<\/div>\n<div id=\"sdfootnote7\">\n<p class=\"sdfootnote\"><a class=\"sdfootnotesym\" href=\"#sdfootnote7anc\" name=\"sdfootnote7sym\">7<\/a>\u00a0ASSOCIA\u00c7\u00c3O APOSTOLADO DO SAGRADO CORA\u00c7\u00c3O DE JESUS. <i>Op. cit.<\/i><\/p>\n<\/div>\n<div id=\"sdfootnote8\">\n<p class=\"sdfootnote\"><a class=\"sdfootnotesym\" href=\"#sdfootnote8anc\" name=\"sdfootnote8sym\">8<\/a>\u00a0S\u00c3O LU\u00cdS MARIA GRIGNION DE MONTFORT. <i><a title=\"Tratado da Verdadeira Devo\u00e7\u00e3o \u00e0 Sant\u00edssima Virgem Maria\" href=\"http:\/\/blog.cancaonova.com\/tododemaria\/tratado\/\" target=\"_blank\" rel=\"noopener noreferrer\">Tratado da Verdadeira Devo\u00e7\u00e3o \u00e0 Sant\u00edssima Virgem Maria<\/a>.<\/i> An\u00e1polis: Fraternidade Arca de Maria, 2002, 217.<\/p>\n<\/div>\n<div id=\"sdfootnote9\">\n<p class=\"sdfootnote\"><a class=\"sdfootnotesym\" href=\"#sdfootnote9anc\" name=\"sdfootnote9sym\">9<\/a>\u00a0<i>Idem<\/i><i>,<\/i> 113.<\/p>\n<\/div>\n<div id=\"sdfootnote10\">\n<p class=\"sdfootnote\"><a class=\"sdfootnotesym\" href=\"#sdfootnote10anc\" name=\"sdfootnote10sym\">10<\/a>\u00a0PAPA JO\u00c3O PAULO II. <i><a title=\"Mensagem ao Prep\u00f3sito Geral da Companhia de Jesus (em espanhol)\" href=\"http:\/\/www.vatican.va\/holy_father\/john_paul_ii\/letters\/1986\/documents\/hf_jp-ii_let_19861005_preposito-francia_sp.html\" target=\"_blank\" rel=\"noopener noreferrer\">Mensagem ao Prep\u00f3sito Geral da Companhia de Jesus<\/a>.<\/i> 5 de Outubro de 1986.<\/p>\n<\/div>\n<p>&nbsp;<\/p>\n","protected":false},"excerpt":{"rendered":"<p>Conhe\u00e7a a\u00a0\u00edntima liga\u00e7\u00e3o que existe entre as devo\u00e7\u00f5es ao Sagrado Cora\u00e7\u00e3o de Jesus e ao Imaculado Cora\u00e7\u00e3o de Maria. A devo\u00e7\u00e3o ao Sacrat\u00edssimo Cora\u00e7\u00e3o de Jesus e ao Pur\u00edssimo Cora\u00e7\u00e3o de Maria s\u00e3o muito pr\u00f3ximas na piedade dos fi\u00e9is e&#8230; <a href=\"https:\/\/blog.cancaonova.com\/tododemaria\/a-devocao-ao-coracao-de-jesus-e-o-coracao-de-maria\/\">Continue lendo <span class=\"meta-nav\">&rarr;<\/span><\/a><\/p>\n","protected":false},"author":4539,"featured_media":0,"comment_status":"open","ping_status":"open","sticky":false,"template":"","format":"standard","meta":{"_mi_skip_tracking":false,"_monsterinsights_sitenote_active":false,"_monsterinsights_sitenote_note":"","_monsterinsights_sitenote_category":0,"footnotes":""},"categories":[186332,11671],"tags":[],"_links":{"self":[{"href":"https:\/\/blog.cancaonova.com\/tododemaria\/wp-json\/wp\/v2\/posts\/3847"}],"collection":[{"href":"https:\/\/blog.cancaonova.com\/tododemaria\/wp-json\/wp\/v2\/posts"}],"about":[{"href":"https:\/\/blog.cancaonova.com\/tododemaria\/wp-json\/wp\/v2\/types\/post"}],"author":[{"embeddable":true,"href":"https:\/\/blog.cancaonova.com\/tododemaria\/wp-json\/wp\/v2\/users\/4539"}],"replies":[{"embeddable":true,"href":"https:\/\/blog.cancaonova.com\/tododemaria\/wp-json\/wp\/v2\/comments?post=3847"}],"version-history":[{"count":13,"href":"https:\/\/blog.cancaonova.com\/tododemaria\/wp-json\/wp\/v2\/posts\/3847\/revisions"}],"predecessor-version":[{"id":7445,"href":"https:\/\/blog.cancaonova.com\/tododemaria\/wp-json\/wp\/v2\/posts\/3847\/revisions\/7445"}],"wp:attachment":[{"href":"https:\/\/blog.cancaonova.com\/tododemaria\/wp-json\/wp\/v2\/media?parent=3847"}],"wp:term":[{"taxonomy":"category","embeddable":true,"href":"https:\/\/blog.cancaonova.com\/tododemaria\/wp-json\/wp\/v2\/categories?post=3847"},{"taxonomy":"post_tag","embeddable":true,"href":"https:\/\/blog.cancaonova.com\/tododemaria\/wp-json\/wp\/v2\/tags?post=3847"}],"curies":[{"name":"wp","href":"https:\/\/api.w.org\/{rel}","templated":true}]}}