{"id":3955,"date":"2014-07-17T04:00:17","date_gmt":"2014-07-17T07:00:17","guid":{"rendered":"http:\/\/blog.cancaonova.com\/tododemaria\/?p=3955"},"modified":"2014-07-16T12:13:54","modified_gmt":"2014-07-16T15:13:54","slug":"a-igreja-e-a-caridade-ardente-de-maria","status":"publish","type":"post","link":"https:\/\/blog.cancaonova.com\/tododemaria\/a-igreja-e-a-caridade-ardente-de-maria\/","title":{"rendered":"A Igreja e a caridade ardente de Maria"},"content":{"rendered":"<p align=\"justify\"><strong>A Virgem Maria, com sua caridade ardente, \u00e9 modelo da solicitude da Igreja para com todos os homens.<\/strong><\/p>\n<div id=\"attachment_3956\" style=\"width: 250px\" class=\"wp-caption alignleft\"><a href=\"http:\/\/blog.cancaonova.com\/tododemaria\/files\/2014\/07\/A-Igreja-e-a-caridade-ardente-de-Maria.jpg\"><img loading=\"lazy\" decoding=\"async\" aria-describedby=\"caption-attachment-3956\" class=\"wp-image-3956 size-medium\" src=\"http:\/\/blog.cancaonova.com\/tododemaria\/files\/2014\/07\/A-Igreja-e-a-caridade-ardente-de-Maria-240x300.jpg\" alt=\"A Igreja e a caridade ardente de Maria\" width=\"240\" height=\"300\" srcset=\"https:\/\/blog.cancaonova.com\/tododemaria\/files\/2014\/07\/A-Igreja-e-a-caridade-ardente-de-Maria-240x300.jpg 240w, https:\/\/blog.cancaonova.com\/tododemaria\/files\/2014\/07\/A-Igreja-e-a-caridade-ardente-de-Maria.jpg 1280w\" sizes=\"(max-width: 240px) 100vw, 240px\" \/><\/a><p id=\"caption-attachment-3956\" class=\"wp-caption-text\">Imaculado Cora\u00e7\u00e3o de Maria<\/p><\/div>\n<p align=\"justify\">A Igreja, cada um de n\u00f3s, imita a \u201ccaridade ardente\u201d<sup><a class=\"sdfootnoteanc\" href=\"#sdfootnote1sym\" name=\"sdfootnote1anc\"><sup>1<\/sup><\/a><\/sup> da bem-aventurada Virgem Maria, pois o<span style=\"color: #000000\"> servi\u00e7o de caridade eclesial \u00e9 um \u201cservi\u00e7o mariano\u201d<\/span><sup><span style=\"color: #000000\"><a class=\"sdfootnoteanc\" href=\"#sdfootnote2sym\" name=\"sdfootnote2anc\"><sup>2<\/sup><\/a><\/span><\/sup><span style=\"color: #000000\">.<\/span> Maria empresta o seu sorriso a n\u00f3s para que nos tornemos, \u201cna fidelidade ao seu Filho, fontes de \u00e1gua viva\u201d<sup><a class=\"sdfootnoteanc\" href=\"#sdfootnote3sym\" name=\"sdfootnote3anc\"><sup>3<\/sup><\/a><\/sup> para as pessoas a quem prestamos nosso servi\u00e7o de amor. \u201cA a\u00e7\u00e3o da Igreja no mundo \u00e9 como que um prolongamento da solicitude de Maria\u201d<sup><a class=\"sdfootnoteanc\" href=\"#sdfootnote4sym\" name=\"sdfootnote4anc\"><sup>4<\/sup><\/a><\/sup>. Pois, a Virgem Sant\u00edssima, na Jerusal\u00e9m Celeste, continua a nos amar, ainda mais do que quando esteve aqui na Terra, pois agora ela conhece mais claramente as nossas mis\u00e9rias<a class=\"sdfootnoteanc\" href=\"#sdfootnote5sym\" name=\"sdfootnote5anc\"><sup>5<\/sup><\/a>.<!--more Continue lendo...--><\/p>\n<p style=\"text-align: center\"><strong><a href=\"http:\/\/feedburner.google.com\/fb\/a\/mailverify?uri=TodoDeMaria\">Receba o conte\u00fado deste blog gratuitamente em seu e-mail.<\/a><\/strong><\/p>\n<p align=\"justify\">O amor operoso, eficaz, testemunhado pela Virgem Sant\u00edssima \u2013 em Nazar\u00e9 no acolhimento generoso da vontade do Pai<a class=\"sdfootnoteanc\" href=\"#sdfootnote6sym\" name=\"sdfootnote6anc\"><sup>6<\/sup><\/a>, na visita \u00e0 casa de Isabel nos seus \u00faltimos meses de gravidez<a class=\"sdfootnoteanc\" href=\"#sdfootnote7sym\" name=\"sdfootnote7anc\"><sup>7<\/sup><\/a>, nas bodas de Can\u00e1, em sua solicitude para com as necessidades daqueles que comemoravam um casamento<a class=\"sdfootnoteanc\" href=\"#sdfootnote8sym\" name=\"sdfootnote8anc\"><sup>8<\/sup><\/a>, no Calv\u00e1rio, junto \u00e0 cruz de Jesus<a class=\"sdfootnoteanc\" href=\"#sdfootnote9sym\" name=\"sdfootnote9anc\"><sup>9<\/sup><\/a>, todos estes momentos salv\u00edficos de vasto alcance eclesial \u2013 \u201cencontra a sua continuidade na preocupa\u00e7\u00e3o materna da Igreja para que todos os homens cheguem ao conhecimento da verdade<a class=\"sdfootnoteanc\" href=\"#sdfootnote10sym\" name=\"sdfootnote10anc\"><sup>10<\/sup><\/a>, nos seus cuidados para com os humildes, os pobres e os fracos, e na sua aplica\u00e7\u00e3o constante em favor da paz e da conc\u00f3rdia social, no seu prodigalizar-se, enfim, para que todos os homens tenham parte na Salva\u00e7\u00e3o que a morte de Cristo lhes mereceu\u201d<sup><a class=\"sdfootnoteanc\" href=\"#sdfootnote11sym\" name=\"sdfootnote11anc\"><sup>11<\/sup><\/a><\/sup>.<\/p>\n<p align=\"justify\">A leitura da Palavra de Deus, \u201cfeita sob a\u00e7\u00e3o do Esp\u00edrito Santo e tendo presentes as aquisi\u00e7\u00f5es das ci\u00eancias humanas e as v\u00e1rias situa\u00e7\u00f5es do mundo contempor\u00e2neo, levar\u00e1 a descobrir que Maria pode bem ser tomada como modelo naquilo por que anelam (desejam ardentemente) os homens do nosso tempo\u201d<sup><a class=\"sdfootnoteanc\" href=\"#sdfootnote12sym\" name=\"sdfootnote12anc\"><sup>12<\/sup><\/a><\/sup>. A mulher de hoje, \u201cdesejosa de participar com poder de decis\u00e3o nas op\u00e7\u00f5es da comunidade, contemplar\u00e1 com \u00edntima alegria a Virgem Sant\u00edssima, que, assumida para o di\u00e1logo com Deus, d\u00e1 o seu consentimento ativo e respons\u00e1vel, n\u00e3o para a solu\u00e7\u00e3o dum problema contingente, mas sim da &#8216;obra dos s\u00e9culos&#8217; (a Salva\u00e7\u00e3o da humanidade) como foi designada com justeza a Encarna\u00e7\u00e3o do Verbo\u201d<sup><a class=\"sdfootnoteanc\" href=\"#sdfootnote13sym\" name=\"sdfootnote13anc\"><sup>13<\/sup><\/a><\/sup>.<\/p>\n<p align=\"justify\"><strong>Assista v\u00eddeo do <a title=\"Padre Paulo Ricardo\" href=\"https:\/\/padrepauloricardo.org\/\" target=\"_blank\">Padre Paulo Ricardo<\/a> no programa\u00a0&#8220;<a title=\"A Resposta Cat\u00f3lica: Como o crist\u00e3o deve dar esmolas?\" href=\"https:\/\/padrepauloricardo.org\/episodios\/como-o-cristao-deve-dar-esmolas\" target=\"_blank\">A Resposta Cat\u00f3lica: Como o crist\u00e3o deve dar esmolas?<\/a>&#8220;:<\/strong> <iframe loading=\"lazy\" width=\"640\" height=\"360\" src=\"\/\/www.youtube-nocookie.com\/embed\/j6s5SwZyLtk?rel=0\" frameborder=\"0\" allowfullscreen><\/iframe><\/p>\n<p align=\"justify\"><strong>Ou\u00e7a \u00e1udio do Padre Paulo Ricardo no programa\u00a0&#8220;A Resposta Cat\u00f3lica: Como o crist\u00e3o deve dar esmolas?&#8221;:<\/strong>\u00a0<iframe loading=\"lazy\" width=\"100%\" height=\"166\" scrolling=\"no\" frameborder=\"no\" src=\"https:\/\/w.soundcloud.com\/player\/?url=https%3A\/\/api.soundcloud.com\/tracks\/49810467&color=ff5500&show_artwork=false\"><\/iframe><\/p>\n<p align=\"justify\">A partir do Evangelho, a mulher contempor\u00e2nea se dar\u00e1 conta de que a escolha pela virgindade por parte de Maria, que no des\u00edgnio de Deus a dispunha para a colabora\u00e7\u00e3o no mist\u00e9rio da Encarna\u00e7\u00e3o<a class=\"sdfootnoteanc\" href=\"#sdfootnote14sym\" name=\"sdfootnote14anc\"><sup>14<\/sup><\/a>, n\u00e3o foi um ato de fechamento aos valores do matrim\u00f4nio, mas sim uma op\u00e7\u00e3o corajosa, de se consagrar totalmente ao amor de Deus. Atrav\u00e9s das Escrituras, a mulher do nosso tempo verificar\u00e1 que a Virgem de Nazar\u00e9, apesar de absolutamente abandonada \u00e0 vontade do Senhor, longe de ser uma mulher passivamente submissa ou de viver uma religiosidade alienante, foi uma mulher que n\u00e3o duvidou em prevenir-se de que Deus \u00e9 vingador dos humildes e dos oprimidos e derruba dos seus tronos os poderosos do mundo<a class=\"sdfootnoteanc\" href=\"#sdfootnote15sym\" name=\"sdfootnote15anc\"><sup>15<\/sup><\/a>. Ela reconhecer\u00e1 em Maria, que \u00e9 \u201ca primeira entre os humildes e os pobres do Senhor\u201d<sup><a class=\"sdfootnoteanc\" href=\"#sdfootnote16sym\" name=\"sdfootnote16anc\"><sup>16<\/sup><\/a><\/sup>, uma mulher forte, que conheceu de perto a pobreza e o sofrimento, a fuga e o ex\u00edlio<a class=\"sdfootnoteanc\" href=\"#sdfootnote17sym\" name=\"sdfootnote17anc\"><sup>17<\/sup><\/a>.<\/p>\n<p align=\"justify\">Estas situa\u00e7\u00f5es de sofrimento vividas pela M\u00e3e de Jesus n\u00e3o podem ser esquecidas por quem quiser favorecer, com Esp\u00edrito evang\u00e9lico, as energias libertadoras do homem e da sociedade. Maria n\u00e3o \u00e9 uma m\u00e3e apegadamente voltada somente para o pr\u00f3prio Filho, mas sim aquela \u201cMulher\u201d que favoreceu a f\u00e9 da comunidade apost\u00f3lica em Cristo<a class=\"sdfootnoteanc\" href=\"#sdfootnote18sym\" name=\"sdfootnote18anc\"><sup>18<\/sup><\/a>, \u201ccuja fun\u00e7\u00e3o materna se dilatou, vindo a assumir no Calv\u00e1rio dimens\u00f5es universais\u201d<sup><a class=\"sdfootnoteanc\" href=\"#sdfootnote19sym\" name=\"sdfootnote19anc\"><sup>19<\/sup><\/a><\/sup>.<\/p>\n<p align=\"justify\">Assim, Nossa Senhora tornou-se M\u00e3e de toda a humanidade, por isso, sua figura materna n\u00e3o desilude as nossas aspira\u00e7\u00f5es mais profundas. Pelo contr\u00e1rio, a M\u00e3e da Igreja nos oferece o modelo acabado dos disc\u00edpulos de Jesus Cristo, obreiros da cidade terrena e temporal \u2013 peregrinos que procedem com coragem, iniciativa e sabedoria \u2013 em dire\u00e7\u00e3o \u00e0 cidade celeste e eterna. A Virgem Maria \u00e9 tamb\u00e9m modelo daqueles que promovem a justi\u00e7a, libertam o oprimido, exercem a caridade socorrendo os necessitados, daqueles que s\u00e3o testemunhas operosas do amor de Jesus Cristo nos cora\u00e7\u00f5es. A M\u00e3e de Deus n\u00e3o nos ensina somente como devemos amar, mas tamb\u00e9m cuida de n\u00f3s com seu amor materno e nos d\u00e1 o seu aux\u00edlio, para que, por ela, possamos amar, com sua caridade ardente. Nossa Senhora do Carmo, rogai por n\u00f3s!<\/p>\n<p align=\"justify\"><strong>Refer\u00eancias:<\/strong><\/p>\n<div id=\"sdfootnote1\">\n<p class=\"sdfootnote\"><a class=\"sdfootnotesym\" href=\"#sdfootnote1anc\" name=\"sdfootnote1sym\">1<\/a>\u00a0<a title=\"PAPA PAULO VI\" href=\"http:\/\/www.vatican.va\/holy_father\/paul_vi\/index_po.htm\" target=\"_blank\">PAPA PAULO VI<\/a>. <span lang=\"en-US\"><a title=\"Exorta\u00e7\u00e3o Apost\u00f3lica Marialis cultus\" href=\"http:\/\/www.vatican.va\/holy_father\/paul_vi\/apost_exhortations\/documents\/hf_p-vi_exh_19740202_marialis-cultus_po.html\" target=\"_blank\">Exorta\u00e7\u00e3o Apost\u00f3lica\u00a0<\/a><\/span><span lang=\"en-US\"><i><a title=\"Exorta\u00e7\u00e3o Apost\u00f3lica Marialis cultus\" href=\"http:\/\/www.vatican.va\/holy_father\/paul_vi\/apost_exhortations\/documents\/hf_p-vi_exh_19740202_marialis-cultus_po.html\" target=\"_blank\">Marialis cultus<\/a><\/i><\/span><i>,<\/i> 20.<\/p>\n<\/div>\n<div id=\"sdfootnote2\">\n<p class=\"sdfootnote\"><a class=\"sdfootnotesym\" href=\"#sdfootnote2anc\" name=\"sdfootnote2sym\">2<\/a>\u00a0<a title=\"PAPA BENTO XVI\" href=\"http:\/\/www.vatican.va\/holy_father\/benedict_xvi\/index_po.htm\" target=\"_blank\">PAPA\u00a0BENTO XVI<\/a>, <i>A estrela da Esperan\u00e7a: As peregrina\u00e7\u00f5es de Sua santidade o Papa Bento XVI aos santu\u00e1rios marianos, <\/i>Lisboa, 2011, p. 95.<\/p>\n<\/div>\n<div id=\"sdfootnote3\">\n<p class=\"sdfootnote\"><a class=\"sdfootnotesym\" href=\"#sdfootnote3anc\" name=\"sdfootnote3sym\">3<\/a>\u00a0<span lang=\"en-US\"><i>Id., ibid.<\/i><\/span><\/p>\n<\/div>\n<div id=\"sdfootnote4\">\n<p class=\"sdfootnote\"><a class=\"sdfootnotesym\" href=\"#sdfootnote4anc\" name=\"sdfootnote4sym\">4<\/a>\u00a0<span lang=\"en-US\">PAPA PAULO VI. Exorta\u00e7\u00e3o Apost\u00f3lica <\/span><span lang=\"en-US\"><i>Marialis cultus,<\/i><\/span><span lang=\"en-US\"> 28.<\/span><\/p>\n<\/div>\n<div id=\"sdfootnote5\">\n<p class=\"sdfootnote\"><a class=\"sdfootnotesym\" href=\"#sdfootnote5anc\" name=\"sdfootnote5sym\">5<\/a>\u00a0Cf. SANTO AFONSO MARIA DE LIG\u00d3RIO. <i>Gl\u00f3rias de Maria. <\/i><i>S\u00e3o Paulo:<\/i> Aparecida, 1989, p. 422.<\/p>\n<\/div>\n<div id=\"sdfootnote6\">\n<p class=\"sdfootnote\"><a class=\"sdfootnotesym\" href=\"#sdfootnote6anc\" name=\"sdfootnote6sym\">6<\/a>\u00a0Cf. Lc 1, 26-38.<\/p>\n<\/div>\n<div id=\"sdfootnote7\">\n<p class=\"sdfootnote\"><a class=\"sdfootnotesym\" href=\"#sdfootnote7anc\" name=\"sdfootnote7sym\">7<\/a>\u00a0Cf. Lc 1, 39-56.<\/p>\n<\/div>\n<div id=\"sdfootnote8\">\n<p class=\"sdfootnote\"><a class=\"sdfootnotesym\" href=\"#sdfootnote8anc\" name=\"sdfootnote8sym\">8<\/a>\u00a0Cf. Jo 2, 1-12.<\/p>\n<\/div>\n<div id=\"sdfootnote9\">\n<p class=\"sdfootnote\"><a class=\"sdfootnotesym\" href=\"#sdfootnote9anc\" name=\"sdfootnote9sym\">9<\/a>\u00a0Cf. Jo 19, 25-27.<\/p>\n<\/div>\n<div id=\"sdfootnote10\">\n<p class=\"sdfootnote\"><a class=\"sdfootnotesym\" href=\"#sdfootnote10anc\" name=\"sdfootnote10sym\">10<\/a>\u00a0Cf. 1 Tm 2, 4.<\/p>\n<\/div>\n<div id=\"sdfootnote11\">\n<p class=\"sdfootnote\"><a class=\"sdfootnotesym\" href=\"#sdfootnote11anc\" name=\"sdfootnote11sym\">11<\/a>\u00a0<span lang=\"en-US\">PAPA PAULO VI. Exorta\u00e7\u00e3o Apost\u00f3lica <\/span><span lang=\"en-US\"><i>Marialis cultus,<\/i><\/span><span lang=\"en-US\"> 28.<\/span><\/p>\n<\/div>\n<div id=\"sdfootnote12\">\n<p class=\"sdfootnote\"><a class=\"sdfootnotesym\" href=\"#sdfootnote12anc\" name=\"sdfootnote12sym\">12<\/a>\u00a0<span lang=\"en-US\"><i>Id.,<\/i><\/span><span lang=\"en-US\"> 37.<\/span><\/p>\n<\/div>\n<div id=\"sdfootnote13\">\n<p class=\"sdfootnote\"><a class=\"sdfootnotesym\" href=\"#sdfootnote13anc\" name=\"sdfootnote13sym\">13<\/a>\u00a0<span lang=\"en-US\"><i>I<\/i><\/span><span lang=\"en-US\"><i>d., ibid.<\/i><\/span><\/p>\n<\/div>\n<div id=\"sdfootnote14\">\n<p class=\"sdfootnote\"><a class=\"sdfootnotesym\" href=\"#sdfootnote14anc\" name=\"sdfootnote14sym\">14<\/a>\u00a0Cf. Lc 1, 26-38.<\/p>\n<\/div>\n<div id=\"sdfootnote15\">\n<p class=\"sdfootnote\"><a class=\"sdfootnotesym\" href=\"#sdfootnote15anc\" name=\"sdfootnote15sym\">15<\/a>\u00a0Cf. Lc 1,51-53.<\/p>\n<\/div>\n<div id=\"sdfootnote16\">\n<p class=\"sdfootnote\"><a class=\"sdfootnotesym\" href=\"#sdfootnote16anc\" name=\"sdfootnote16sym\">16<\/a>\u00a0<a title=\"CONC\u00cdLIO ECUM\u00caNICO VATICANO II\" href=\"http:\/\/www.vatican.va\/archive\/hist_councils\/ii_vatican_council\/index_po.htm\" target=\"_blank\"><span lang=\"en-US\">CONC\u00cdLIO <\/span><span lang=\"en-US\">ECUM\u00caNICO <\/span><\/a><span lang=\"en-US\"><a title=\"CONC\u00cdLIO ECUM\u00caNICO VATICANO II\" href=\"http:\/\/www.vatican.va\/archive\/hist_councils\/ii_vatican_council\/index_po.htm\" target=\"_blank\">VATICANO II<\/a>. <a title=\"Constitui\u00e7\u00e3o Dogm\u00e1tica Lumen Gentium\" href=\"http:\/\/www.vatican.va\/archive\/hist_councils\/ii_vatican_council\/documents\/vat-ii_const_19641121_lumen-gentium_po.html\" target=\"_blank\">Constitui\u00e7\u00e3o Dogm\u00e1tica <\/a><\/span><span lang=\"en-US\"><i><a title=\"Constitui\u00e7\u00e3o Dogm\u00e1tica Lumen Gentium\" href=\"http:\/\/www.vatican.va\/archive\/hist_councils\/ii_vatican_council\/documents\/vat-ii_const_19641121_lumen-gentium_po.html\" target=\"_blank\">Lumen Gentium<\/a>,<\/i><\/span><span lang=\"en-US\"> 55.<\/span><\/p>\n<\/div>\n<div id=\"sdfootnote17\">\n<p class=\"sdfootnote\"><a class=\"sdfootnotesym\" href=\"#sdfootnote17anc\" name=\"sdfootnote17sym\">17<\/a>\u00a0Cf. Mt 2, 13-23.<\/p>\n<\/div>\n<div id=\"sdfootnote18\">\n<p class=\"sdfootnote\"><a class=\"sdfootnotesym\" href=\"#sdfootnote18anc\" name=\"sdfootnote18sym\">18<\/a>\u00a0Cf. Jo 2, 1-12.<\/p>\n<\/div>\n<div id=\"sdfootnote19\">\n<p class=\"sdfootnote\"><a class=\"sdfootnotesym\" href=\"#sdfootnote19anc\" name=\"sdfootnote19sym\">19<\/a>\u00a0<span lang=\"en-US\">PAPA PAULO VI. Exorta\u00e7\u00e3o Apost\u00f3lica <\/span><span lang=\"en-US\"><i>Marialis cultus,<\/i><\/span><span lang=\"en-US\">37.<\/span><\/p>\n<\/div>\n","protected":false},"excerpt":{"rendered":"<p>A Virgem Maria, com sua caridade ardente, \u00e9 modelo da solicitude da Igreja para com todos os homens. A Igreja, cada um de n\u00f3s, imita a \u201ccaridade ardente\u201d1 da bem-aventurada Virgem Maria, pois o servi\u00e7o de caridade eclesial \u00e9 um&#8230; <a href=\"https:\/\/blog.cancaonova.com\/tododemaria\/a-igreja-e-a-caridade-ardente-de-maria\/\">Continue lendo <span class=\"meta-nav\">&rarr;<\/span><\/a><\/p>\n","protected":false},"author":4539,"featured_media":0,"comment_status":"open","ping_status":"open","sticky":false,"template":"","format":"standard","meta":{"_mi_skip_tracking":false,"_monsterinsights_sitenote_active":false,"_monsterinsights_sitenote_note":"","_monsterinsights_sitenote_category":0,"footnotes":""},"categories":[14931],"tags":[],"_links":{"self":[{"href":"https:\/\/blog.cancaonova.com\/tododemaria\/wp-json\/wp\/v2\/posts\/3955"}],"collection":[{"href":"https:\/\/blog.cancaonova.com\/tododemaria\/wp-json\/wp\/v2\/posts"}],"about":[{"href":"https:\/\/blog.cancaonova.com\/tododemaria\/wp-json\/wp\/v2\/types\/post"}],"author":[{"embeddable":true,"href":"https:\/\/blog.cancaonova.com\/tododemaria\/wp-json\/wp\/v2\/users\/4539"}],"replies":[{"embeddable":true,"href":"https:\/\/blog.cancaonova.com\/tododemaria\/wp-json\/wp\/v2\/comments?post=3955"}],"version-history":[{"count":4,"href":"https:\/\/blog.cancaonova.com\/tododemaria\/wp-json\/wp\/v2\/posts\/3955\/revisions"}],"predecessor-version":[{"id":3959,"href":"https:\/\/blog.cancaonova.com\/tododemaria\/wp-json\/wp\/v2\/posts\/3955\/revisions\/3959"}],"wp:attachment":[{"href":"https:\/\/blog.cancaonova.com\/tododemaria\/wp-json\/wp\/v2\/media?parent=3955"}],"wp:term":[{"taxonomy":"category","embeddable":true,"href":"https:\/\/blog.cancaonova.com\/tododemaria\/wp-json\/wp\/v2\/categories?post=3955"},{"taxonomy":"post_tag","embeddable":true,"href":"https:\/\/blog.cancaonova.com\/tododemaria\/wp-json\/wp\/v2\/tags?post=3955"}],"curies":[{"name":"wp","href":"https:\/\/api.w.org\/{rel}","templated":true}]}}