{"id":4010,"date":"2017-08-02T03:00:48","date_gmt":"2017-08-02T06:00:48","guid":{"rendered":"http:\/\/blog.cancaonova.com\/tododemaria\/?p=4010"},"modified":"2017-08-02T00:11:42","modified_gmt":"2017-08-02T03:11:42","slug":"a-historia-de-nossa-senhora-dos-anjos","status":"publish","type":"post","link":"https:\/\/blog.cancaonova.com\/tododemaria\/a-historia-de-nossa-senhora-dos-anjos\/","title":{"rendered":"A hist\u00f3ria de Nossa Senhora dos Anjos"},"content":{"rendered":"<p><strong>Conhe\u00e7a a bel\u00edssima hist\u00f3ria de S\u00e3o Francisco com a igreja de Nossa Senhora dos Anjos da Porci\u00fancula.<\/strong><\/p>\n<p>A hist\u00f3ria da igreja de Nossa Senhora dos Anjos da Porci\u00fancula \u00e9 um cap\u00edtulo importante da vida de Giovanni di Pietro di Bernardone, que ficaria mundialmente conhecido como S\u00e3o Francisco de Assis. Este Santo homem, pequeno em estatura, humilde no pensamento e menor por voca\u00e7\u00e3o, \u201cescolheu para si e para os seus um pedacinho do mundo, enquanto aqui tinha de viver, pois n\u00e3o poderia servir a Cristo sem ter alguma coisa do mundo. E n\u00e3o foi sem presci\u00eancia do or\u00e1culo divino que o lugar se chamou Porci\u00fancula (pequena por\u00e7\u00e3o) desde os tempos antigos, lugar que deveria caber por sorte \u00e0queles que deste mundo n\u00e3o queriam ter quase nada\u201d<a class=\"sdfootnoteanc\" href=\"#sdfootnote1sym\" name=\"sdfootnote1anc\"><sup>1<\/sup><\/a>.<\/p>\n<div id=\"attachment_7634\" style=\"width: 610px\" class=\"wp-caption aligncenter\"><a href=\"http:\/\/blog.cancaonova.com\/tododemaria\/files\/2017\/08\/A-hist\u00f3ria-de-Nossa-Senhora-dos-AnjosI.jpg\"><img loading=\"lazy\" decoding=\"async\" aria-describedby=\"caption-attachment-7634\" class=\"size-full wp-image-7634\" src=\"http:\/\/blog.cancaonova.com\/tododemaria\/files\/2017\/08\/A-hist\u00f3ria-de-Nossa-Senhora-dos-AnjosI.jpg\" alt=\"Conhe\u00e7a a bel\u00edssima hist\u00f3ria de S\u00e3o Francisco com a igreja de Nossa Senhora dos Anjos da Porci\u00fancula.\" width=\"600\" height=\"330\" srcset=\"https:\/\/blog.cancaonova.com\/tododemaria\/files\/2017\/08\/A-hist\u00f3ria-de-Nossa-Senhora-dos-AnjosI.jpg 600w, https:\/\/blog.cancaonova.com\/tododemaria\/files\/2017\/08\/A-hist\u00f3ria-de-Nossa-Senhora-dos-AnjosI-300x165.jpg 300w\" sizes=\"(max-width: 600px) 100vw, 600px\" \/><\/a><p id=\"caption-attachment-7634\" class=\"wp-caption-text\">Detalhe interno da igreja de <a href=\"http:\/\/www.assisiofm.it\/galleria-fotografica-648-1.html#\" target=\"_blank\" rel=\"noopener\">Nossa Senhora dos Anjos da Porci\u00fancula<\/a><\/p><\/div>\n<p>Nele foi constru\u00edda uma igreja dedicada a Sant\u00edssima Virgem Maria, que por sua humildade singular mereceu ser cabe\u00e7a de todos os santos logo depois de seu Filho. Em Santa Maria dos Anjos teve in\u00edcio a Ordem dos Frades Menores, a\u00ed se levantou a nobre estrutura de inumer\u00e1vel multid\u00e3o de irm\u00e3os, como que sobre um fundamento est\u00e1vel. \u201cO santo teve uma prefer\u00eancia especial por esse lugar, quis que os frades o venerassem de maneira toda particular e quis que fosse conservado como espelho de toda a sua Ordem na humildade e na alt\u00edssima pobreza, deixando sua propriedade para outros e reservando para si e para os seus apenas o uso\u201d<a class=\"sdfootnoteanc\" href=\"#sdfootnote2sym\" name=\"sdfootnote2anc\"><sup>2<\/sup><\/a>.<!--more Continue lendo...--><\/p>\n<p style=\"text-align: center\"><strong style=\"color: #292929\"><a style=\"color: #364d96\" href=\"http:\/\/feedburner.google.com\/fb\/a\/mailverify?uri=TodoDeMaria\">Receba o conte\u00fado deste blog gratuitamente em seu e-mail.<\/a><\/strong><\/p>\n<p><strong>As tr\u00eas igrejas reformadas por S\u00e3o Francisco<\/strong><\/p>\n<p>S\u00e3o Francisco recebeu de Cristo a ordem de restaurar a sua Igreja e literalmente restaurou tr\u00eas igrejas. O Pai Ser\u00e1fico primeiramente restaurou a igreja de S\u00e3o Dami\u00e3o. Como filho aut\u00eantico da obedi\u00eancia, p\u00f4s-se a trabalhar e a mendigar o material necess\u00e1rio para a reforma. \u201cPor amor de Cristo pobre e crucificado, ele vai pedindo esmola sem qualquer vergonha junto \u00e0queles mesmos que o haviam conhecido como grande senhor\u201d<a class=\"sdfootnoteanc\" href=\"#sdfootnote3sym\" name=\"sdfootnote3anc\"><sup>3<\/sup><\/a>. Apesar de fraco e extenuado pelos severos jejuns que aplicava a si mesmo, carregava nas costas pesados fardos de pedras. Com a ajuda de Deus e a coopera\u00e7\u00e3o do povo, Francisco conseguiu enfim terminar a restaura\u00e7\u00e3o da igreja de S\u00e3o Dami\u00e3o. Para n\u00e3o ficar de bra\u00e7os cruzados, come\u00e7ou e terminou a reconstru\u00e7\u00e3o de outra igreja, dedicada a S\u00e3o Pedro, situada bem distante da cidade de Assis. Mas, o Reconstrutor da Igreja ainda n\u00e3o havia terminado a sua obra-prima.<\/p>\n<p>Depois de reconstruir a igreja de S\u00e3o Pedro, Francisco chegou a um lugar chamado Porci\u00fancula, onde existia uma velha igreja dedicada a Virgem M\u00e3e de Deus, que estava abandonada, sem ningu\u00e9m que dela cuidasse. \u201cFrancisco era grande devoto de Maria Senhora do Mundo, e quando viu a igreja naquele desamparo, come\u00e7ou a morar a\u00ed permanentemente a fim de poder restaur\u00e1-la\u201d<a class=\"sdfootnoteanc\" href=\"#sdfootnote4sym\" name=\"sdfootnote4anc\"><sup>4<\/sup><\/a>. O Santo foi agraciado com a visita frequente dos santos anjos, o que ali\u00e1s n\u00e3o estranhava, uma vez que a igreja se chamava Santa Maria dos Anjos. Ele se fixou neste local por causa de seu respeito pelos anjos e de seu amor a M\u00e3e de Jesus. \u201cSempre amou esse lugar acima de qualquer outro no mundo, pois foi a\u00ed que ele principiou humildemente, progrediu na virtude e atingiu a culmin\u00e2ncia da felicidade. Foi esse lugar que ele confiou aos Irm\u00e3os ao morrer como particularmente caro a Sant\u00edssima Virgem\u201d<a class=\"sdfootnoteanc\" href=\"#sdfootnote5sym\" name=\"sdfootnote5anc\"><sup>5<\/sup><\/a>.<\/p>\n<p>A respeito da pequena igreja de Nossa Senhora dos Anjos, um dos frades menores teve uma vis\u00e3o antes de sua convers\u00e3o. \u201cViu ele em volta dessa igreja uma multid\u00e3o incalcul\u00e1vel de pobres cegos, de joelhos, bra\u00e7os erguidos e semblantes voltados para o c\u00e9u; com gritos e l\u00e1grimas, imploravam todos miseric\u00f3rdia e a luz dos olhos. E eis que uma luz brilhante desceu do c\u00e9u e os envolveu a todos restituindo-lhes a vis\u00e3o e a sa\u00fade que almejavam\u201d<a class=\"sdfootnoteanc\" href=\"#sdfootnote6sym\" name=\"sdfootnote6anc\"><sup>6<\/sup><\/a>. Neste lugar santo, Francisco fundou a Ordem dos Frades Menores, por inspira\u00e7\u00e3o de Deus. A divina Provid\u00eancia fez o Pobre de Assis restaurar tr\u00eas igrejas antes de fundar a Ordem e come\u00e7ar a pregar o Evangelho. Francesco progrediu das coisas materiais em dire\u00e7\u00e3o \u00e0s realiza\u00e7\u00f5es mais espirituais, das coisas menores \u00e0s maiores, na devida ordem. Tudo isso foi sinal prof\u00e9tico da obra que Francisco realizaria mais tarde, pela Provid\u00eancia de Deus. Pois, \u201ca Igreja que devia restaurar n\u00e3o era a de pedra, mas a pr\u00f3pria Igreja de Cristo, enfraquecida na \u00e9poca pelas divis\u00f5es, heresias e pelo apego de seus l\u00edderes \u00e0s riquezas e ao poder\u201d<a class=\"sdfootnoteanc\" href=\"#sdfootnote7sym\" name=\"sdfootnote7anc\"><sup>7<\/sup><\/a>.<\/p>\n<p><strong>Assista ou ou\u00e7a o programa do Padre Paulo Ricardo sobre <\/strong><strong>\u201c<a title=\"Palestrados do Padre Paulo Ricardo no I Consagra-te em Cuiab\u00e1 (MT).\" href=\"https:\/\/padrepauloricardo.org\/episodios\/o-perdao-de-assis\" target=\"_blank\" rel=\"noopener\">O Perd\u00e3o de Assis<\/a>\u201d:<\/strong><\/p>\n<iframe loading=\"lazy\" width=\"640\" height=\"360\" src=\"https:\/\/www.youtube-nocookie.com\/embed\/ofCDRLyLzaY?rel=0&amp;showinfo=0\" frameborder=\"0\" allowfullscreen><\/iframe>\n<iframe loading=\"lazy\" width=\"100%\" height=\"166\" scrolling=\"no\" frameborder=\"no\" src=\"https:\/\/w.soundcloud.com\/player\/?url=https%3A\/\/api.soundcloud.com\/tracks\/276375258&amp;color=ff5500&amp;show_artwork=false\"><\/iframe>\n<p><strong>A predile\u00e7\u00e3o por Santa Maria dos Anjos\u00a0da Porci\u00fancula<\/strong><\/p>\n<p>Na Porci\u00fancula, se observava a disciplina mais r\u00edgida, tanto no sil\u00eancio e no trabalho, quanto em todas as outras pr\u00e1ticas regulares dos frades. \u201cNingu\u00e9m podia entrar, a n\u00e3o ser frades especialmente designados que, reunidos de todas as partes, o santo queria que fossem verdadeiramente devotados a Deus e perfeitos em tudo. Para todas as pessoas seculares, a entrada estava absolutamente fechada. N\u00e3o queria que os frades que l\u00e1 moravam, limitados a um certo n\u00famero, polu\u00edssem seus ouvidos com relacionamento dos seculares, para n\u00e3o deixarem a medita\u00e7\u00e3o das coisas celestes, arrastados para coisas inferiores pelos espalhadores de boatos.<\/p>\n<p>Nesse lugar, ningu\u00e9m podia dizer coisas ociosas, nem narrar as que tinham sido contadas por outros. Quando isso acontecia, aplicava-se ao culpado, para corre\u00e7\u00e3o, uma pena salutar. Os que ali moravam ocupavam-se, dia e noite, com os louvores divinos, levando uma vida angelical, cujo perfume admir\u00e1vel se espalhava por toda parte\u201d<a class=\"sdfootnoteanc\" href=\"#sdfootnote8sym\" name=\"sdfootnote8anc\"><sup>8<\/sup><\/a>. O local era muito apropriado para semelhante viv\u00eancia de f\u00e9 e de santidade, pois, conforme diziam os antigos moradores, tamb\u00e9m se chamava Santa Maria dos Anjos. S\u00e3o Francisco dizia que lhe tinha sido revelado por Deus que Nossa Senhora tinha uma particular predile\u00e7\u00e3o por aquele lugar entre todas as outras igrejas constru\u00eddas no mundo em sua honra. Por isso, o Santo gostava mais dela que de outras igrejas.<\/p>\n<p>O Pobre de Assis, no final de sua vida terrena, dois anos depois de receber os estigmas sagrados, vinte anos ap\u00f3s sua convers\u00e3o, \u201ctrabalhado sob os golpes redobrados das ang\u00fastias e enfermidades, como pedra destinada a entrar na constru\u00e7\u00e3o da Jerusal\u00e9m celeste, batido pelo martelo de m\u00faltiplas tribula\u00e7\u00f5es, devia ser elevado ao cume da perfei\u00e7\u00e3o\u201d<a class=\"sdfootnoteanc\" href=\"#sdfootnote9sym\" name=\"sdfootnote9anc\"><sup>9<\/sup><\/a>. Percebendo que se aproximava o fim de sua vida aqui na Terra, Francisco pediu que o conduzissem a Santa Maria dos Anjos da Porci\u00fancula, a fim de exalar o seu \u00faltimo suspiro, naquele lugar onde anos antes recebera t\u00e3o abundantemente os dons do Espirito. S\u00e3o Francisco de Assis tinha um amor indiz\u00edvel pela M\u00e3e de Cristo, porque fez nosso Irm\u00e3o o Senhor da majestade. O Pobre de Assis consagrava a Virgem dos Anjos louvores especiais, ora\u00e7\u00f5es, afetos, tantos e tais que nenhuma l\u00edngua humana poderia contar. Para grande alegria dos franciscanos, o Servo dos Leprosos constituiu Nossa Senhora como Advogada da sua Ordem e, \u00e0 sua prote\u00e7\u00e3o e guia, confiou at\u00e9 o fim os filhos que ia deixar \u00e0 Advogada dos pobres.<\/p>\n<p>S\u00e3o Francisco de Assis, rogai por n\u00f3s!<\/p>\n<div id=\"attachment_7635\" style=\"width: 610px\" class=\"wp-caption aligncenter\"><a href=\"http:\/\/blog.cancaonova.com\/tododemaria\/files\/2017\/08\/A-hist\u00f3ria-de-Nossa-Senhora-dos-AnjosII.jpg\"><img loading=\"lazy\" decoding=\"async\" aria-describedby=\"caption-attachment-7635\" class=\"size-full wp-image-7635\" src=\"http:\/\/blog.cancaonova.com\/tododemaria\/files\/2017\/08\/A-hist\u00f3ria-de-Nossa-Senhora-dos-AnjosII.jpg\" alt=\"Conhe\u00e7a a bel\u00edssima hist\u00f3ria de S\u00e3o Francisco com a igreja de Nossa Senhora dos Anjos da Porci\u00fancula.\" width=\"600\" height=\"330\" srcset=\"https:\/\/blog.cancaonova.com\/tododemaria\/files\/2017\/08\/A-hist\u00f3ria-de-Nossa-Senhora-dos-AnjosII.jpg 600w, https:\/\/blog.cancaonova.com\/tododemaria\/files\/2017\/08\/A-hist\u00f3ria-de-Nossa-Senhora-dos-AnjosII-300x165.jpg 300w\" sizes=\"(max-width: 600px) 100vw, 600px\" \/><\/a><p id=\"caption-attachment-7635\" class=\"wp-caption-text\">Detalhe externo da igreja de <a href=\"http:\/\/www.assisiofm.it\/galleria-fotografica-648-1.html#\" target=\"_blank\" rel=\"noopener\">Nossa Senhora dos Anjos da Porci\u00fancula<\/a><\/p><\/div>\n<p style=\"text-align: left\" align=\"center\"><b>Ora\u00e7\u00e3o a Nossa Senhora dos Anjos<\/b><\/p>\n<p>\u00d3 Nossa Senhora dos Anjos, na pequena Igreja da Porci\u00fancula, S\u00e3o Francisco recebeu as vossas b\u00ean\u00e7\u00e3os generosas juntamente com sua Ordem. Ele depositara na vossa presen\u00e7a materna uma grande confian\u00e7a e devo\u00e7\u00e3o, sendo atendido em seus pedidos. Continuai a dispensar os vossos favores sobre n\u00f3s e sobre nossas necessidades particulares. N\u00f3s vos suplicamos, dai-nos a gra\u00e7a da penit\u00eancia dos pecados, a corre\u00e7\u00e3o de nossas m\u00e1s inclina\u00e7\u00f5es e fortalecimento nos momentos de fraqueza. Quantos recusam a salva\u00e7\u00e3o e preferem caminhar nas trevas do erro! Tudo \u00e9 poss\u00edvel para aquele que crer, para aquele que se arrepender! V\u00f3s, \u00f3 M\u00e3e, manifestastes a S\u00e3o Francisco o grande desejo de reconciliar os pecadores com Jesus, que se entregou em uma cruz para nos salvar. Rogai por n\u00f3s, agora e na hora de nossa morte. Por isso, com todos os anjos do c\u00e9u, vos saudamos: Ave Maria\u2026<\/p>\n<p>Nossa Senhora dos Anjos, rogai por n\u00f3s!<\/p>\n<p><strong>Links relacionados:<\/strong><\/p>\n<p>TODO DE MARIA.\u00a0<a href=\"https:\/\/blog.cancaonova.com\/tododemaria\/a-rainha-do-ceu-e-os-santos-anjos\/\" target=\"_blank\" rel=\"noopener\">A Rainha do C\u00e9u e os Santos Anjos<\/a>.<\/p>\n<p>TODO DE MARIA.\u00a0<a href=\"https:\/\/blog.cancaonova.com\/tododemaria\/maria-rainha-dos-santos-anjos\/\" target=\"_blank\" rel=\"noopener\">Maria, Rainha dos santos anjos<\/a>.<\/p>\n<p>TODO DE MARIA.\u00a0<a href=\"https:\/\/blog.cancaonova.com\/tododemaria\/o-amor-de-sao-francisco-a-virgem-maria\/\" target=\"_blank\" rel=\"noopener\">O amor de S\u00e3o Francisco a Virgem Maria<\/a>.<\/p>\n<p><strong>Refer\u00eancias:<\/strong><\/p>\n<div id=\"sdfootnote1\">\n<p class=\"sdfootnote\"><a class=\"sdfootnotesym\" href=\"#sdfootnote1anc\" name=\"sdfootnote1sym\">1<\/a>\u00a0CELANO, TOM\u00c1S DE. <a title=\"Primeira vida de S\u00e3o Francisco\" href=\"http:\/\/virgemimaculada.files.wordpress.com\/2010\/12\/vida-sc3a3o-francisco.pdf\" target=\"_blank\" rel=\"noopener\"><em>Primeira vida de S\u00e3o Francisco<\/em><\/a>, Cel I, 18.<\/p>\n<\/div>\n<div id=\"sdfootnote2\">\n<p class=\"sdfootnote\"><i><a class=\"sdfootnotesym\" href=\"#sdfootnote2anc\" name=\"sdfootnote2sym\">2<\/a>\u00a0Idem, ibidem.<\/i><\/p>\n<\/div>\n<div id=\"sdfootnote3\">\n<p class=\"sdfootnote\"><a class=\"sdfootnotesym\" href=\"#sdfootnote3anc\" name=\"sdfootnote3sym\">3<\/a>\u00a0S\u00c3O BOAVENTURA. <a title=\"Legenda Maior: Vida de S\u00e3o Francisco de Assis\" href=\"http:\/\/virgemimaculada.files.wordpress.com\/2010\/12\/vida-sc3a3o-francisco.pdf\" target=\"_blank\" rel=\"noopener\"><i>Legenda Maior: Vida de S\u00e3o Francisco de Assis<\/i><\/a>, LegM 2, 7.<\/p>\n<\/div>\n<div id=\"sdfootnote4\">\n<p class=\"sdfootnote\"><a class=\"sdfootnotesym\" href=\"#sdfootnote4anc\" name=\"sdfootnote4sym\">4<\/a>\u00a0<i>Idem,<\/i> LegM 2, 8.<\/p>\n<\/div>\n<div id=\"sdfootnote5\">\n<p class=\"sdfootnote\"><i><a class=\"sdfootnotesym\" href=\"#sdfootnote5anc\" name=\"sdfootnote5sym\">5<\/a>\u00a0Idem, ibidem.<\/i><\/p>\n<\/div>\n<div id=\"sdfootnote6\">\n<p class=\"sdfootnote\"><i><a class=\"sdfootnotesym\" href=\"#sdfootnote6anc\" name=\"sdfootnote6sym\">6<\/a>\u00a0Idem, ibidem.<\/i><\/p>\n<\/div>\n<div id=\"sdfootnote7\">\n<p class=\"sdfootnote\"><a class=\"sdfootnotesym\" href=\"#sdfootnote7anc\" name=\"sdfootnote7sym\">7<\/a>\u00a0FRANCISCANOS.<em><a title=\"O louco de Assis\" href=\"http:\/\/franciscanos.org.br\/?page_id=1125\" target=\"_blank\" rel=\"noopener\"> O louco de Assis<\/a>.<\/em><\/p>\n<\/div>\n<div id=\"sdfootnote8\">\n<p class=\"sdfootnote\"><a class=\"sdfootnotesym\" href=\"#sdfootnote8anc\" name=\"sdfootnote8sym\">8<\/a>\u00a0CELANO, TOM\u00c1S DE. <em>Primeira vida de S\u00e3o Francisco<\/em>, Cel I,19.<\/p>\n<\/div>\n<div id=\"sdfootnote9\">\n<p class=\"sdfootnote\"><a class=\"sdfootnotesym\" href=\"#sdfootnote9anc\" name=\"sdfootnote9sym\">9<\/a>\u00a0S\u00c3O BOAVENTURA. <i>Legenda Maior: Vida de S\u00e3o Francisco de Assis<\/i>, LegM 14, 3.<\/p>\n<\/div>\n","protected":false},"excerpt":{"rendered":"<p>Conhe\u00e7a a bel\u00edssima hist\u00f3ria de S\u00e3o Francisco com a igreja de Nossa Senhora dos Anjos da Porci\u00fancula. A hist\u00f3ria da igreja de Nossa Senhora dos Anjos da Porci\u00fancula \u00e9 um cap\u00edtulo importante da vida de Giovanni di Pietro di Bernardone,&#8230;<\/p>\n","protected":false},"author":4539,"featured_media":0,"comment_status":"open","ping_status":"open","sticky":false,"template":"","format":"standard","meta":{"_mi_skip_tracking":false,"_monsterinsights_sitenote_active":false,"_monsterinsights_sitenote_note":"","_monsterinsights_sitenote_category":0,"footnotes":""},"categories":[186332,14931],"tags":[],"_links":{"self":[{"href":"https:\/\/blog.cancaonova.com\/tododemaria\/wp-json\/wp\/v2\/posts\/4010"}],"collection":[{"href":"https:\/\/blog.cancaonova.com\/tododemaria\/wp-json\/wp\/v2\/posts"}],"about":[{"href":"https:\/\/blog.cancaonova.com\/tododemaria\/wp-json\/wp\/v2\/types\/post"}],"author":[{"embeddable":true,"href":"https:\/\/blog.cancaonova.com\/tododemaria\/wp-json\/wp\/v2\/users\/4539"}],"replies":[{"embeddable":true,"href":"https:\/\/blog.cancaonova.com\/tododemaria\/wp-json\/wp\/v2\/comments?post=4010"}],"version-history":[{"count":13,"href":"https:\/\/blog.cancaonova.com\/tododemaria\/wp-json\/wp\/v2\/posts\/4010\/revisions"}],"predecessor-version":[{"id":7637,"href":"https:\/\/blog.cancaonova.com\/tododemaria\/wp-json\/wp\/v2\/posts\/4010\/revisions\/7637"}],"wp:attachment":[{"href":"https:\/\/blog.cancaonova.com\/tododemaria\/wp-json\/wp\/v2\/media?parent=4010"}],"wp:term":[{"taxonomy":"category","embeddable":true,"href":"https:\/\/blog.cancaonova.com\/tododemaria\/wp-json\/wp\/v2\/categories?post=4010"},{"taxonomy":"post_tag","embeddable":true,"href":"https:\/\/blog.cancaonova.com\/tododemaria\/wp-json\/wp\/v2\/tags?post=4010"}],"curies":[{"name":"wp","href":"https:\/\/api.w.org\/{rel}","templated":true}]}}