{"id":4017,"date":"2014-08-05T04:00:16","date_gmt":"2014-08-05T07:00:16","guid":{"rendered":"http:\/\/blog.cancaonova.com\/tododemaria\/?p=4017"},"modified":"2016-08-28T20:34:11","modified_gmt":"2016-08-28T23:34:11","slug":"o-cura-dars-e-a-sua-devocao-ao-rosario","status":"publish","type":"post","link":"https:\/\/blog.cancaonova.com\/tododemaria\/o-cura-dars-e-a-sua-devocao-ao-rosario\/","title":{"rendered":"O Cura d'Ars e a sua devo\u00e7\u00e3o ao Ros\u00e1rio"},"content":{"rendered":"<p><strong>O Santo Cura d&#8217;Ars, desde sua inf\u00e2ncia, tinha particular devo\u00e7\u00e3o ao Ros\u00e1rio da Virgem Maria.<\/strong><\/p>\n<div id=\"attachment_4018\" style=\"width: 186px\" class=\"wp-caption alignleft\"><a href=\"http:\/\/blog.cancaonova.com\/tododemaria\/files\/2014\/08\/O-Cura-dArs-e-a-sua-devo\u00e7\u00e3o-ao-Ros\u00e1rio.jpg\"><img loading=\"lazy\" decoding=\"async\" aria-describedby=\"caption-attachment-4018\" class=\"wp-image-4018 size-medium\" src=\"http:\/\/blog.cancaonova.com\/tododemaria\/files\/2014\/08\/O-Cura-dArs-e-a-sua-devo\u00e7\u00e3o-ao-Ros\u00e1rio-176x300.jpg\" alt=\"O Cura d'Ars e a sua devo\u00e7\u00e3o ao Ros\u00e1rio\" width=\"176\" height=\"300\" srcset=\"https:\/\/blog.cancaonova.com\/tododemaria\/files\/2014\/08\/O-Cura-dArs-e-a-sua-devo\u00e7\u00e3o-ao-Ros\u00e1rio-176x300.jpg 176w, https:\/\/blog.cancaonova.com\/tododemaria\/files\/2014\/08\/O-Cura-dArs-e-a-sua-devo\u00e7\u00e3o-ao-Ros\u00e1rio.jpg 273w\" sizes=\"(max-width: 176px) 100vw, 176px\" \/><\/a><p id=\"caption-attachment-4018\" class=\"wp-caption-text\">S\u00e3o Jo\u00e3o Maria Vianney ou Santo Cura d&#8217;Ars<\/p><\/div>\n<p><a title=\"S\u00e3o Jo\u00e3o Maria Vianney\" href=\"http:\/\/santo.cancaonova.com\/santo\/sao-joao-maria-vianney-patrono-dos-vigarios\/\" target=\"_blank\">S\u00e3o Jo\u00e3o Maria Vianney<\/a>, tamb\u00e9m conhecido como Santo Cura &#8216;Ars, desde a sua inf\u00e2ncia nutria terno amor pela Sant\u00edssima Virgem Maria e particular devo\u00e7\u00e3o pelo Santo Ros\u00e1rio. Conta-se que, quando tinha apenas quatro anos, ele possu\u00eda um lindo Ros\u00e1rio que estimava muito. Margarida, sua irm\u00e3 mais nova, viu o Ter\u00e7o e o quis para si. Isso causou uma briga entre os irm\u00e3os, que levou sua m\u00e3e, Maria Belusse, a dizer ao pequeno Jo\u00e3o, com voz branda, mas firme: \u201cFilho, d\u00e1 o teu Ros\u00e1rio a Margarida [\u2026] d\u00e1-lhe de uma vez, por amor de Deus\u201d<a class=\"sdfootnoteanc\" href=\"#sdfootnote1sym\" name=\"sdfootnote1anc\"><sup>1<\/sup><\/a>. O Menino, entre l\u00e1grimas, entregou o Ros\u00e1rio para sua irm\u00e3. Para uma crian\u00e7a como ele, que tinha especial devo\u00e7\u00e3o ao Ros\u00e1rio, certamente foi um grande sacrif\u00edcio. Para compensar o filho pelo gesto de desapego e conter suas l\u00e1grimas, Margarida deu a Jo\u00e3o uma pequena imagem de madeira da Virgem Maria.<br \/>\n<!--more Continue lendo...--><\/p>\n<p style=\"text-align: center\"><strong style=\"color: #292929\"><a style=\"color: #364d96\" href=\"http:\/\/feedburner.google.com\/fb\/a\/mailverify?uri=TodoDeMaria\">Receba o conte\u00fado deste blog gratuitamente em seu e-mail.<\/a><\/strong><\/p>\n<p>Algumas testemunhas dos anos da inf\u00e2ncia de Jo\u00e3o Maria, dentre elas a sua irm\u00e3 Margarida, contam que ao primeiro toque da ora\u00e7\u00e3o mariana do <a title=\"A HORA DO \u00c2NGELUS\" href=\"http:\/\/palavradeguadalupe.blogspot.com.br\/2011\/03\/normal-0-21-false-false-false-pt-br-x.html\" target=\"_blank\">\u00c2ngelus<\/a> ele se ajoelhava, mesmo diante das pessoas, e colocava a sua querida imagem da Sant\u00edssima Virgem sobre uma cadeira e fazia as suas ora\u00e7\u00f5es. Al\u00e9m disso, como lhe ensinou sua m\u00e3e, onde ele estivesse, em casa, no jardim, na rua, Jo\u00e3o Maria \u201cbendizia a hora\u201d, ou seja, cada vez que soava uma nova hora ele respeitosamente fazia o sinal da cruz e rezava uma Ave-Maria.<\/p>\n<p>Em 1793, com apenas sete anos de idade, Jo\u00e3o j\u00e1 era capaz de trabalhar. Seus pais, que tinham uma pequena propriedade rural, lhe confiaram a guarda dos rebanhos de vacas e de ovelhas. No caminho, conduzia pela m\u00e3o a irm\u00e3zinha Margarida, que lhe ajudava, pois os caminhos que levavam para o vale eram tortuosos e cheios de pedras. Chegando no campo, as duas crian\u00e7as se ajoelhavam, conforme lhes recomendava sua m\u00e3e, a fim de oferecer a Deus os seus trabalhos de pequenos pastores. Jo\u00e3o e Margarida vigiavam os animais para que estes n\u00e3o estragassem as planta\u00e7\u00f5es da vizinhan\u00e7a. \u201cE estando no campo, deixava a sua irm\u00e3zinha tecendo meias com l\u00e3 e ele se afastava um pouco, at\u00e9 pr\u00f3ximo a um pequeno riacho, onde erguia com pedras, um altar \u00e0 Virgem Maria e colocava a sua imagem de madeira. Diante dela, ajoelhado, rezava as suas ora\u00e7\u00f5es\u201d<a class=\"sdfootnoteanc\" href=\"#sdfootnote2sym\" name=\"sdfootnote2anc\"><sup>2<\/sup><\/a>.<\/p>\n<p>Desejando ser Padre, Jo\u00e3o Maria chegou com muita dificuldade ao semin\u00e1rio, por causa da guerra, da fome e da persegui\u00e7\u00e3o contra os bons crist\u00e3os. Al\u00e9m disso, ele n\u00e3o frequentou o ensino regular na inf\u00e2ncia e come\u00e7ou a estudar somente por volta dos 19 anos, por isso, foi muito dif\u00edcil para ele aprender o latim, o que atrapalhou os estudos de teologia, que na \u00e9poca era todos feitos nesta l\u00edngua. Por causa das dificuldades, Jo\u00e3o Maria queria desistir da voca\u00e7\u00e3o, mas foi incentivado a continuar pelo Padre Balley, que o havia acolhido semin\u00e1rio. Com as persegui\u00e7\u00f5es por causa da Revolu\u00e7\u00e3o Francesa, o pa\u00eds estava com poucos padres, por isso, o vig\u00e1rio-geral de Lyon foi favor\u00e1vel para com aquele seminarista t\u00e3o esfor\u00e7ado. Este perguntou ao Padre Balley se ele sabia rezar o ros\u00e1rio, ao que ele responde: \u201cSim, \u00e9 um modelo de piedade\u201d. Com o testemunho do Sacerdote a seu favor, Jo\u00e3o Maria foi ordenado e enviado para a par\u00f3quia de Ars, que fica ao norte de Lyon, na Fran\u00e7a. No in\u00edcio, o Cura d&#8217;Ars passava horas em ora\u00e7\u00e3o, com o Ros\u00e1rio nas m\u00e3os, de joelhos diante do Sant\u00edssimo Sacramento. Mas, como a sua fama de santidade se espalhara rapidamente e muitos procuravam Vianney para aconselhamentos e confiss\u00f5es, ele teve de mudar toda a sua rotina de ora\u00e7\u00e3o, passando a dormir muito mais tarde para cumprir suas obriga\u00e7\u00f5es.<\/p>\n<p><strong>Assista <\/strong><strong>o programa<\/strong>\u00a0do <a title=\"Padre Paulo Ricardo\" href=\"https:\/\/padrepauloricardo.org\/\" target=\"_blank\">Padre Paulo Ricardo<\/a>\u00a0sobre &#8220;<a title=\"O santo sacerd\u00f3cio de Jo\u00e3o Maria Vianney\" href=\"https:\/\/www.youtube.com\/watch?v=egTa-etrwnI&amp;list=TLb9TwVU7KeMAsGNHATXwKdPFRCB_yYAGj\" target=\"_blank\">O santo sacerd\u00f3cio de Jo\u00e3o Maria Vianney<\/a>&#8220;:\u00a0<iframe loading=\"lazy\" width=\"640\" height=\"360\" src=\"\/\/www.youtube-nocookie.com\/embed\/egTa-etrwnI?rel=0\" frameborder=\"0\" allowfullscreen><\/iframe><\/p>\n<p><strong>Ou\u00e7a o programa do Padre Paulo Ricardo sobre &#8220;<a title=\"O santo sacerd\u00f3cio de Jo\u00e3o Maria Vianney\" href=\"https:\/\/soundcloud.com\/padrepauloricardo\/av95-o-santo-sacerdocio-de-joao-maria-vianney\" target=\"_blank\">O santo sacerd\u00f3cio de Jo\u00e3o Maria Vianney<\/a>&#8220;:<\/strong>\u00a0<iframe loading=\"lazy\" width=\"100%\" height=\"166\" scrolling=\"no\" frameborder=\"no\" src=\"https:\/\/w.soundcloud.com\/player\/?url=https%3A\/\/api.soundcloud.com\/tracks\/163019544&color=ff5500&show_artwork=false\"><\/iframe><\/p>\n<p>Sebasti\u00e3o Germain, paroquiano de Vianney, era pai de tr\u00eas filhos homens, mas estava triste porque desejava ter uma menina. Certo dia, ele foi visitar o Padre e o encontrou na Pra\u00e7a com alguns Ros\u00e1rios nas m\u00e3os. Sem esperar que aquele pai explicasse o motivo de sua visita, disse o Cura, dando-lhe quatro Ros\u00e1rios: \u201c&#8217;Toma, s\u00e3o para teus filhos&#8217;. Falou Sebasti\u00e3o: &#8216;Mas, senhor Cura, eu s\u00f3 tenho tr\u00eas meninos&#8217;. Disse o Padre: &#8216;Meu Sebasti\u00e3o, o quarto Ros\u00e1rio ser\u00e1 para a tua menina que vai nascer&#8217;\u201d<a class=\"sdfootnoteanc\" href=\"#sdfootnote3sym\" name=\"sdfootnote3anc\"><sup>3<\/sup><\/a>. No ano seguinte, nasceu uma menina, a quem deu o nome de Maria. Ela encheu de alegria o lar da fam\u00edlia Germain. Muitos anos mais tarde, j\u00e1 casada, a senhora Maria Germain Jallat, dizia com alegria a respeito de sua inf\u00e2ncia: \u201cMeu pai me deu este pequeno Ros\u00e1rio de contas de madeira com corrente de ferro, que ainda conservo como preciosa rel\u00edquia do Cura d\u2019Ars\u201d<a class=\"sdfootnoteanc\" href=\"#sdfootnote4sym\" name=\"sdfootnote4anc\"><sup>4<\/sup><\/a>.<\/p>\n<p>O Padre Jo\u00e3o Maria Vianney insistia muito com as crian\u00e7as e adolescentes para que levassem sempre consigo o Ros\u00e1rio, e sempre tinha no bolso alguns extras para aqueles que o tivessem perdido. Em Ars, uma par\u00f3quia que antes estava sempre vazia, com a vinda do Santo Cura passou a ser muito movimentada. Ao som do sino, todos os paroquianos se dirigiam \u00e0 igreja para a Santa Missa, a ora\u00e7\u00e3o do Ros\u00e1rio e da ora\u00e7\u00e3o da noite. A vida e o minist\u00e9rio eram marcados pela espiritualidade mariana. O Cura d&#8217;Ars valorizava tanto a ora\u00e7\u00e3o do Ros\u00e1rio que chegava a dizer: \u201cO meu Ter\u00e7o vale mais que mil serm\u00f5es\u201d<a class=\"sdfootnoteanc\" href=\"#sdfootnote5sym\" name=\"sdfootnote5anc\"><sup>5<\/sup><\/a>. Desde a sua inf\u00e2ncia, o Santo Cura d&#8217;Ars nunca abandonou a devo\u00e7\u00e3o a Virgem Maria e o Santo Ros\u00e1rio. Ao contr\u00e1rio, sempre buscou em Nossa Senhora a presen\u00e7a e o cuidados maternos e o aux\u00edlio em todas as necessidades. J\u00e1 no fim de sua vida, com mais de setenta anos, ele recordava a imagem de Maria que recebera de presente de sua m\u00e3e na inf\u00e2ncia: \u201cQue felicidade! Quanto eu amava aquela imagem! N\u00e3o podia me separar dela, nem de dia e nem \u00e0 noite [\u2026] A Virgem Sant\u00edssima \u00e9 a minha mais antiga afei\u00e7\u00e3o; amei-a mesmo antes de conhec\u00ea-la\u201d<a class=\"sdfootnoteanc\" href=\"#sdfootnote6sym\" name=\"sdfootnote6anc\"><sup>6<\/sup><\/a>, dizia S\u00e3o Jo\u00e3o Maria Vianney. Pe\u00e7amos ao Santo Cura d&#8217;Ars, Padroeiro dos Sacerdotes, semelhante amor a M\u00e3e de Deus e a Jesus Cristo, e a piedosa devo\u00e7\u00e3o ao Santo Ros\u00e1rio. Nossa Senhora do Ros\u00e1rio, rogai por n\u00f3s!<\/p>\n<p><strong>Refer\u00eancias:<\/strong><\/p>\n<div id=\"sdfootnote1\">\n<p class=\"sdfootnote\"><a class=\"sdfootnotesym\" href=\"#sdfootnote1anc\" name=\"sdfootnote1sym\">1<\/a>\u00a0<a title=\"APOSTOLADO SAGRADOS CORA\u00c7\u00d5ES\" href=\"http:\/\/apostoladosagradoscoracoes.angelfire.com\/\" target=\"_blank\">APOSTOLADO SAGRADOS CORA\u00c7\u00d5ES<\/a>. <a title=\"Os primeiros anos\" href=\"http:\/\/apostoladosagradoscoracoes.angelfire.com\/prianos.html\" target=\"_blank\"><i>Os primeiros anos<\/i><\/a>.<\/p>\n<\/div>\n<div id=\"sdfootnote2\">\n<p class=\"sdfootnote\"><i><a class=\"sdfootnotesym\" href=\"#sdfootnote2anc\" name=\"sdfootnote2sym\">2<\/a>\u00a0Idem, ibidem.<\/i><\/p>\n<\/div>\n<div id=\"sdfootnote3\">\n<p class=\"sdfootnote\"><a class=\"sdfootnotesym\" href=\"#sdfootnote3anc\" name=\"sdfootnote3sym\">3<\/a>\u00a0<i>Idem, <\/i><a title=\"Testemunhos da santidade\" href=\"http:\/\/apostoladosagradoscoracoes.angelfire.com\/testesanti.html\" target=\"_blank\"><i>Testemunhos da santidade<\/i><\/a>.<\/p>\n<\/div>\n<div id=\"sdfootnote4\">\n<p class=\"sdfootnote\"><i><a class=\"sdfootnotesym\" href=\"#sdfootnote4anc\" name=\"sdfootnote4sym\">4<\/a>\u00a0Idem, ibidem.<\/i><\/p>\n<\/div>\n<div id=\"sdfootnote5\">\n<p class=\"sdfootnote\"><a class=\"sdfootnotesym\" href=\"#sdfootnote5anc\" name=\"sdfootnote5sym\">5<\/a>\u00a0<a title=\"PADRE PAULO RICARDO\" href=\"https:\/\/padrepauloricardo.org\/\" target=\"_blank\">PADRE PAULO RICARDO<\/a>. <i><a title=\"A santa ira de S\u00e3o Jo\u00e3o Maria Vianney\" href=\"https:\/\/padrepauloricardo.org\/blog\/a-santa-ira-de-sao-joao-maria-vianney\" target=\"_blank\">A santa ira de S\u00e3o Jo\u00e3o Maria Vianney<\/a>.<\/i><\/p>\n<\/div>\n<div id=\"sdfootnote6\">\n<p class=\"sdfootnote\"><i><a class=\"sdfootnotesym\" href=\"#sdfootnote6anc\" name=\"sdfootnote6sym\">6<\/a>\u00a0<\/i>APOSTOLADO SAGRADOS CORA\u00c7\u00d5ES. <i> Os primeiros anos.<\/i><\/p>\n<\/div>\n","protected":false},"excerpt":{"rendered":"<p>O Santo Cura d&#8217;Ars, desde sua inf\u00e2ncia, tinha particular devo\u00e7\u00e3o ao Ros\u00e1rio da Virgem Maria. S\u00e3o Jo\u00e3o Maria Vianney, tamb\u00e9m conhecido como Santo Cura &#8216;Ars, desde a sua inf\u00e2ncia nutria terno amor pela Sant\u00edssima Virgem Maria e particular devo\u00e7\u00e3o pelo&#8230;<\/p>\n","protected":false},"author":4539,"featured_media":0,"comment_status":"open","ping_status":"open","sticky":false,"template":"","format":"standard","meta":{"_mi_skip_tracking":false,"_monsterinsights_sitenote_active":false,"_monsterinsights_sitenote_note":"","_monsterinsights_sitenote_category":0,"footnotes":""},"categories":[145718],"tags":[],"_links":{"self":[{"href":"https:\/\/blog.cancaonova.com\/tododemaria\/wp-json\/wp\/v2\/posts\/4017"}],"collection":[{"href":"https:\/\/blog.cancaonova.com\/tododemaria\/wp-json\/wp\/v2\/posts"}],"about":[{"href":"https:\/\/blog.cancaonova.com\/tododemaria\/wp-json\/wp\/v2\/types\/post"}],"author":[{"embeddable":true,"href":"https:\/\/blog.cancaonova.com\/tododemaria\/wp-json\/wp\/v2\/users\/4539"}],"replies":[{"embeddable":true,"href":"https:\/\/blog.cancaonova.com\/tododemaria\/wp-json\/wp\/v2\/comments?post=4017"}],"version-history":[{"count":8,"href":"https:\/\/blog.cancaonova.com\/tododemaria\/wp-json\/wp\/v2\/posts\/4017\/revisions"}],"predecessor-version":[{"id":4020,"href":"https:\/\/blog.cancaonova.com\/tododemaria\/wp-json\/wp\/v2\/posts\/4017\/revisions\/4020"}],"wp:attachment":[{"href":"https:\/\/blog.cancaonova.com\/tododemaria\/wp-json\/wp\/v2\/media?parent=4017"}],"wp:term":[{"taxonomy":"category","embeddable":true,"href":"https:\/\/blog.cancaonova.com\/tododemaria\/wp-json\/wp\/v2\/categories?post=4017"},{"taxonomy":"post_tag","embeddable":true,"href":"https:\/\/blog.cancaonova.com\/tododemaria\/wp-json\/wp\/v2\/tags?post=4017"}],"curies":[{"name":"wp","href":"https:\/\/api.w.org\/{rel}","templated":true}]}}