{"id":4047,"date":"2014-08-12T04:00:01","date_gmt":"2014-08-12T07:00:01","guid":{"rendered":"http:\/\/blog.cancaonova.com\/tododemaria\/?p=4047"},"modified":"2016-08-28T20:34:03","modified_gmt":"2016-08-28T23:34:03","slug":"uma-paroquia-transformada-pelo-rosario","status":"publish","type":"post","link":"https:\/\/blog.cancaonova.com\/tododemaria\/uma-paroquia-transformada-pelo-rosario\/","title":{"rendered":"Uma Par\u00f3quia transformada pelo Ros\u00e1rio"},"content":{"rendered":"<p class=\"western\"><strong>Conhe\u00e7a a hist\u00f3ria de uma Par\u00f3quia transformada pela ora\u00e7\u00e3o do Ros\u00e1rio da Virgem Maria.<\/strong><\/p>\n<div id=\"attachment_4048\" style=\"width: 292px\" class=\"wp-caption alignleft\"><a href=\"http:\/\/blog.cancaonova.com\/tododemaria\/files\/2014\/08\/Uma-Par\u00f3quia-transformada-pelo-Ros\u00e1rio.jpg\"><img loading=\"lazy\" decoding=\"async\" aria-describedby=\"caption-attachment-4048\" class=\"wp-image-4048 size-medium\" src=\"http:\/\/blog.cancaonova.com\/tododemaria\/files\/2014\/08\/Uma-Par\u00f3quia-transformada-pelo-Ros\u00e1rio-282x300.jpg\" alt=\"Uma Par\u00f3quia transformada pelo Ros\u00e1rio\" width=\"282\" height=\"300\" srcset=\"https:\/\/blog.cancaonova.com\/tododemaria\/files\/2014\/08\/Uma-Par\u00f3quia-transformada-pelo-Ros\u00e1rio-282x300.jpg 282w, https:\/\/blog.cancaonova.com\/tododemaria\/files\/2014\/08\/Uma-Par\u00f3quia-transformada-pelo-Ros\u00e1rio.jpg 425w\" sizes=\"(max-width: 282px) 100vw, 282px\" \/><\/a><p id=\"caption-attachment-4048\" class=\"wp-caption-text\">Nossa Senhora do Ros\u00e1rio<\/p><\/div>\n<p class=\"western\">S\u00e3o Lu\u00eds Maria Grignion de Montfort, no seu livro \u201cO Segredo do Ros\u00e1rio\u201d, conta que certo Padre dinamarqu\u00eas costumava falar com orgulho sobre a transforma\u00e7\u00e3o que tinha obtido em sua Par\u00f3quia, semelhante a que teve o seu Bispo na diocese, atrav\u00e9s da prega\u00e7\u00e3o do Santo Ter\u00e7o da Virgem Maria. O Sacerdote frequentemente contava este fato memor\u00e1vel com grande alegria na alma, porque tal transforma\u00e7\u00e3o na vida dos fi\u00e9is glorificava ao poderoso Deus. O Padre dizia: \u201cTinha pregado, o mais convincente que podia, abrangendo v\u00e1rios aspectos de nossa f\u00e9 santa, e utilizando todo argumento plaus\u00edvel a fim de levar as pessoas a se converterem. Mas, apesar de todo meu esfor\u00e7o, eles continuavam indiferentes da mesma forma como antes; e foi ent\u00e3o que resolvi pregar o Santo Ros\u00e1rio\u201d<a class=\"sdfootnoteanc\" href=\"#sdfootnote1sym\" name=\"sdfootnote1anc\"><sup>1<\/sup><\/a>.<\/p>\n<p class=\"western\"><!--more Continue lendo...--><\/p>\n<p style=\"text-align: center\"><strong style=\"color: #292929\"><a style=\"color: #364d96\" href=\"http:\/\/feedburner.google.com\/fb\/a\/mailverify?uri=TodoDeMaria\">Receba o conte\u00fado deste blog gratuitamente em seu e-mail.<\/a><\/strong><\/p>\n<p>Pouco tempo depois que o Presb\u00edtero come\u00e7ou a pregar o Ter\u00e7o mariano em sua Par\u00f3quia, not\u00e1veis mudan\u00e7as come\u00e7aram a acontecer. Todavia, ele n\u00e3o parou por a\u00ed, mas continuou a pregar o Santo Ros\u00e1rio e a devo\u00e7\u00e3o se enraizou firmemente em sua Par\u00f3quia. Seis meses depois, ele j\u00e1 se alegrava em ver que seus paroquianos tinham mudado de vida. Como \u00e9 verdadeiro que a ora\u00e7\u00e3o do Ter\u00e7o tem \u201co poder de tocar nossos cora\u00e7\u00f5es e ench\u00ea-los de horror ao pecado e de amor \u00e0s virtudes\u201d<a class=\"sdfootnoteanc\" href=\"#sdfootnote2sym\" name=\"sdfootnote2anc\"><sup>2<\/sup><\/a>. Por esta experi\u00eancia, o Sacerdote ficou t\u00e3o convencido da efic\u00e1cia desta ora\u00e7\u00e3o que ensinou sobre o Ros\u00e1rio n\u00e3o somente em sua Par\u00f3quia, mas tamb\u00e9m entre os seus irm\u00e3os religiosos: \u201cDisse a minha congrega\u00e7\u00e3o qu\u00e3o precioso ele \u00e9 e ensinei-lhes a rez\u00e1-lo\u201d<a class=\"sdfootnoteanc\" href=\"#sdfootnote3sym\" name=\"sdfootnote3anc\"><sup>3<\/sup><\/a>.<\/p>\n<p class=\"western\">Grignion de Montfort conta que, um dia, Nossa Senhora apareceu ao Bem-aventurado Alano e disse a respeito da Ave-Maria: \u201cTal qual o Poderoso Deus escolheu a Sauda\u00e7\u00e3o Ang\u00e9lica (Ave-Maria) para concretizar a Encarna\u00e7\u00e3o de Sua Palavra e a Reden\u00e7\u00e3o da humanidade<a class=\"sdfootnoteanc\" href=\"#sdfootnote4sym\" name=\"sdfootnote4anc\"><sup>4<\/sup><\/a>, da mesma forma aqueles que querem realizar reformas morais e que quiserem que as pessoas renas\u00e7am em Jesus Cristo, devem honrar-me e saudar-me com a mesma sauda\u00e7\u00e3o. Eu sou o canal pelo qual Deus veio aos homens, e estou perto de meu Filho Jesus Cristo, e \u00e9 atrav\u00e9s de mim que os homens obt\u00eam gra\u00e7a e virtude\u201d<a class=\"sdfootnoteanc\" href=\"#sdfootnote5sym\" name=\"sdfootnote5anc\"><sup>5<\/sup><\/a>.<\/p>\n<p class=\"western\"><strong>Assista v\u00eddeo do do <a title=\"Padre Paulo Ricardo\" href=\"https:\/\/padrepauloricardo.org\/\" target=\"_blank\">Padre Paulo Ricardo<\/a> sobre o &#8220;<a title=\"O Santo Ros\u00e1rio\" href=\"https:\/\/padrepauloricardo.org\/episodios\/o-santo-rosario\" target=\"_blank\">O Santo Ros\u00e1rio<\/a>&#8220;:\u00a0<\/strong><iframe loading=\"lazy\" width=\"640\" height=\"360\" src=\"\/\/www.youtube-nocookie.com\/embed\/DvieB8r3AlI?rel=0\" frameborder=\"0\" allowfullscreen><\/iframe><\/p>\n<p class=\"western\"><strong>Ou\u00e7a \u00e1udio do Padre Paulo Ricardo sobre o &#8220;O Santo Ros\u00e1rio&#8221;:<\/strong> <iframe loading=\"lazy\" width=\"100%\" height=\"166\" scrolling=\"no\" frameborder=\"no\" src=\"https:\/\/w.soundcloud.com\/player\/?url=https%3A\/\/api.soundcloud.com\/tracks\/52045884&color=ff5500&show_artwork=false\"><\/iframe><\/p>\n<p class=\"western\">S\u00e3o Lu\u00eds Maria ensina que aprendeu por sua pr\u00f3pria experi\u00eancia que \u201co Ros\u00e1rio tem o poder de converter mesmo o cora\u00e7\u00e3o mais endurecido\u201d<a class=\"sdfootnoteanc\" href=\"#sdfootnote6sym\" name=\"sdfootnote6anc\"><sup>6<\/sup><\/a>. Isto o Santo diz a partir da experi\u00eancia que viveu com a prega\u00e7\u00e3o do Santo Ter\u00e7o: \u201cConheci as pessoas que foram \u00e0s miss\u00f5es e que ouviram serm\u00f5es sobre as coisas mais aterrorizantes sem ficaram nem um pouco comovidas; e por\u00e9m, ap\u00f3s terem come\u00e7ado a rezar o Ros\u00e1rio, diariamente, segundo meu conselho, elas eventualmente se converteram e se deram completamente a Deus\u201d<a class=\"sdfootnoteanc\" href=\"#sdfootnote7sym\" name=\"sdfootnote7anc\"><sup>7<\/sup><\/a>. Quando voltou a visitar as par\u00f3quias onde ele tinha realizados miss\u00f5es pregando o Ter\u00e7o mariano, notou uma tremenda diferen\u00e7a: \u201cNaquelas par\u00f3quias onde as pessoas haviam desistido do Ros\u00e1rio, elas geralmente voltaram ao modo pecaminoso, enquanto nos lugares onde o Ros\u00e1rio era rezado fielmente, encontrei as pessoas perseverando na gra\u00e7a de Deus e progredindo a cada dia em virtude\u201d<a class=\"sdfootnoteanc\" href=\"#sdfootnote8sym\" name=\"sdfootnote8anc\"><sup>8<\/sup><\/a>.<\/p>\n<p class=\"western\">Assim, a exemplo desses grandes pregadores, rezemos o Ros\u00e1rio da Sant\u00edssima Virgem Maria e propaguemos com ardor e confian\u00e7a esta santa devo\u00e7\u00e3o. Pois, esta ora\u00e7\u00e3o tem uma maravilhosa efic\u00e1cia se rezada com fervor. A ora\u00e7\u00e3o do Ter\u00e7o tem o poder de tocar at\u00e9 mesmo os cora\u00e7\u00f5es mais endurecidos e de ench\u00ea-los de horror ao pecado e de de amor \u00e0s virtudes. O Ros\u00e1rio nos ajuda em nosso processo de convers\u00e3o, a nos entregar inteiramente a Jesus Cristo e a Virgem Maria. Por fim, o Ros\u00e1rio mariano nos ajuda a perseverar na gra\u00e7a de Deus e a progredir nas virtudes. Nossa Senhora do Ros\u00e1rio, rogai por n\u00f3s!<\/p>\n<p class=\"western\"><strong>Refer\u00eancias:<\/strong><\/p>\n<div id=\"sdfootnote1\">\n<p class=\"sdfootnote-western\"><a class=\"sdfootnotesym\" href=\"#sdfootnote1anc\" name=\"sdfootnote1sym\">1<\/a>\u00a0<a title=\"S\u00c3O LU\u00cdS MARIA GRIGNION DE MONTFORT\" href=\"http:\/\/blog.cancaonova.com\/tododemaria\/biografia-de-sao-luis-maria\/\" target=\"_blank\">S\u00c3O LU\u00cdS MARIA GRIGNION DE MONTFORT<\/a>. <i><a title=\"O Segredo do Ros\u00e1rio\" href=\"http:\/\/api.ning.com\/files\/y3-*sRtNa*Hok64zwXKRO2lkquH3*q6fiHuqQ2wh5dzRN0VaSM8jolqHjXJa4rAg5lYmgH0YJro9RivBx8sewhqwrG3mdEU5\/osegredodorosrio_s.lusmontfort.pdf\" target=\"_blank\">O Segredo do Ros\u00e1rio<\/a>,<\/i> p. 65.<\/p>\n<\/div>\n<div id=\"sdfootnote2\">\n<p class=\"sdfootnote-western\"><i><a class=\"sdfootnotesym\" href=\"#sdfootnote2anc\" name=\"sdfootnote2sym\">2<\/a>\u00a0Idem, ibidem.<\/i><\/p>\n<\/div>\n<div id=\"sdfootnote3\">\n<p class=\"sdfootnote-western\"><i><a class=\"sdfootnotesym\" href=\"#sdfootnote3anc\" name=\"sdfootnote3sym\">3<\/a>\u00a0Idem, ibidem.<\/i><\/p>\n<\/div>\n<div id=\"sdfootnote4\">\n<p class=\"sdfootnote-western\"><a class=\"sdfootnotesym\" href=\"#sdfootnote4anc\" name=\"sdfootnote4sym\">4<\/a>\u00a0Cf. Lc 1, 26-38.<\/p>\n<\/div>\n<div id=\"sdfootnote5\">\n<p class=\"sdfootnote-western\"><a class=\"sdfootnotesym\" href=\"#sdfootnote5anc\" name=\"sdfootnote5sym\">5<\/a>\u00a0S\u00c3O LU\u00cdS MARIA GRIGNION DE MONTFORT.<i> O Segredo do Ros\u00e1rio,<\/i> p. 65.<\/p>\n<\/div>\n<div id=\"sdfootnote6\">\n<p class=\"sdfootnote-western\"><a class=\"sdfootnotesym\" href=\"#sdfootnote6anc\" name=\"sdfootnote6sym\">6<\/a>\u00a0<i>Idem,<\/i> p. 66.<\/p>\n<\/div>\n<div id=\"sdfootnote7\">\n<p class=\"sdfootnote-western\"><i><a class=\"sdfootnotesym\" href=\"#sdfootnote7anc\" name=\"sdfootnote7sym\">7<\/a>\u00a0Idem, ibidem.<\/i><\/p>\n<\/div>\n<div id=\"sdfootnote8\">\n<p class=\"sdfootnote-western\"><i><a class=\"sdfootnotesym\" href=\"#sdfootnote8anc\" name=\"sdfootnote8sym\">8<\/a>\u00a0Idem, ibidem.<\/i><\/p>\n<\/div>\n","protected":false},"excerpt":{"rendered":"<p>Conhe\u00e7a a hist\u00f3ria de uma Par\u00f3quia transformada pela ora\u00e7\u00e3o do Ros\u00e1rio da Virgem Maria. S\u00e3o Lu\u00eds Maria Grignion de Montfort, no seu livro \u201cO Segredo do Ros\u00e1rio\u201d, conta que certo Padre dinamarqu\u00eas costumava falar com orgulho sobre a transforma\u00e7\u00e3o que&#8230;<\/p>\n","protected":false},"author":4539,"featured_media":0,"comment_status":"open","ping_status":"open","sticky":false,"template":"","format":"standard","meta":{"_mi_skip_tracking":false,"_monsterinsights_sitenote_active":false,"_monsterinsights_sitenote_note":"","_monsterinsights_sitenote_category":0,"footnotes":""},"categories":[145718],"tags":[],"_links":{"self":[{"href":"https:\/\/blog.cancaonova.com\/tododemaria\/wp-json\/wp\/v2\/posts\/4047"}],"collection":[{"href":"https:\/\/blog.cancaonova.com\/tododemaria\/wp-json\/wp\/v2\/posts"}],"about":[{"href":"https:\/\/blog.cancaonova.com\/tododemaria\/wp-json\/wp\/v2\/types\/post"}],"author":[{"embeddable":true,"href":"https:\/\/blog.cancaonova.com\/tododemaria\/wp-json\/wp\/v2\/users\/4539"}],"replies":[{"embeddable":true,"href":"https:\/\/blog.cancaonova.com\/tododemaria\/wp-json\/wp\/v2\/comments?post=4047"}],"version-history":[{"count":4,"href":"https:\/\/blog.cancaonova.com\/tododemaria\/wp-json\/wp\/v2\/posts\/4047\/revisions"}],"predecessor-version":[{"id":4053,"href":"https:\/\/blog.cancaonova.com\/tododemaria\/wp-json\/wp\/v2\/posts\/4047\/revisions\/4053"}],"wp:attachment":[{"href":"https:\/\/blog.cancaonova.com\/tododemaria\/wp-json\/wp\/v2\/media?parent=4047"}],"wp:term":[{"taxonomy":"category","embeddable":true,"href":"https:\/\/blog.cancaonova.com\/tododemaria\/wp-json\/wp\/v2\/categories?post=4047"},{"taxonomy":"post_tag","embeddable":true,"href":"https:\/\/blog.cancaonova.com\/tododemaria\/wp-json\/wp\/v2\/tags?post=4047"}],"curies":[{"name":"wp","href":"https:\/\/api.w.org\/{rel}","templated":true}]}}