{"id":4063,"date":"2014-08-16T04:00:30","date_gmt":"2014-08-16T07:00:30","guid":{"rendered":"http:\/\/blog.cancaonova.com\/tododemaria\/?p=4063"},"modified":"2014-08-15T17:09:29","modified_gmt":"2014-08-15T20:09:29","slug":"virgem-maria-junto-a-ti-no-ceu-triunfarei","status":"publish","type":"post","link":"https:\/\/blog.cancaonova.com\/tododemaria\/virgem-maria-junto-a-ti-no-ceu-triunfarei\/","title":{"rendered":"Virgem Maria, junto a ti no C\u00e9u triunfarei"},"content":{"rendered":"<p class=\"western\"><strong>O triunfo da Virgem Maria e a vinda do Reino dos C\u00e9us.<\/strong><\/p>\n<div id=\"attachment_4066\" style=\"width: 216px\" class=\"wp-caption alignright\"><a href=\"http:\/\/blog.cancaonova.com\/tododemaria\/files\/2014\/08\/Virgem-Maria-junto-a-ti-no-c\u00e9u-triunfarei.jpg\"><img loading=\"lazy\" decoding=\"async\" aria-describedby=\"caption-attachment-4066\" class=\"wp-image-4066 size-medium\" src=\"http:\/\/blog.cancaonova.com\/tododemaria\/files\/2014\/08\/Virgem-Maria-junto-a-ti-no-c\u00e9u-triunfarei-206x300.jpg\" alt=\"Virgem Maria, junto a ti no c\u00e9u triunfarei\" width=\"206\" height=\"300\" srcset=\"https:\/\/blog.cancaonova.com\/tododemaria\/files\/2014\/08\/Virgem-Maria-junto-a-ti-no-c\u00e9u-triunfarei-206x300.jpg 206w, https:\/\/blog.cancaonova.com\/tododemaria\/files\/2014\/08\/Virgem-Maria-junto-a-ti-no-c\u00e9u-triunfarei.jpg 550w\" sizes=\"(max-width: 206px) 100vw, 206px\" \/><\/a><p id=\"caption-attachment-4066\" class=\"wp-caption-text\">Imagem peregrina de Nossa Senhora de F\u00e1tima &#8211; Foto: Daniel Mafra<\/p><\/div>\n<p class=\"western\">Na <a title=\"Can\u00e7\u00e3o Nova recebe a visita da imagem peregrina de Nossa Senhora de F\u00e1tima\" href=\"http:\/\/tv.cancaonova.com\/cancao-nova-recebe-a-visita-da-imagem-peregrina-de-nossa-senhora-de-fatima\/\" target=\"_blank\">visita da imagem peregrina de Nossa Senhora de F\u00e1tima<\/a>, Monsenhor Jonas Abib falou sobre o triunfo da Virgem Maria e a vinda do Reino dos C\u00e9us. A visita da Virgem peregrina aconteceu nos dias 12 e 13 deste, por ocasi\u00e3o da comemora\u00e7\u00e3o dos 25 anos da TV Can\u00e7\u00e3o Nova. No dia 13, Monsenhor Jonas presidiu a Eucaristia e nela renovou a consagra\u00e7\u00e3o de toda a Can\u00e7\u00e3o Nova ao Imaculado Cora\u00e7\u00e3o de Maria. Em sua homilia, nosso Pai Fundador falou sobre C\u00e9us Novos e uma Terra Nova<a class=\"sdfootnoteanc\" href=\"#sdfootnote1sym\" name=\"sdfootnote1anc\"><sup>1<\/sup><\/a> e da liga\u00e7\u00e3o destes com o triunfo do Imaculado Cora\u00e7\u00e3o da Virgem Maria<a class=\"sdfootnoteanc\" href=\"#sdfootnote2sym\" name=\"sdfootnote2anc\"><sup>2<\/sup><\/a>. Transcrevemos a homilia praticamente na \u00edntegra para que tenhamos acesso \u00e0 toda riqueza e profundidade de sua mensagem para n\u00f3s, para o nosso tempo.<!--more Continue lendo...--><\/p>\n<p class=\"western\" style=\"text-align: center\"><strong style=\"color: #292929\"><a style=\"color: #364d96\" href=\"http:\/\/feedburner.google.com\/fb\/a\/mailverify?uri=TodoDeMaria\">Receba o conte\u00fado deste blog gratuitamente em seu e-mail.<\/a><\/strong><\/p>\n<p class=\"western\">Meus irm\u00e3os, a primeira leitura come\u00e7ou assim: \u201cEu Jo\u00e3o vi um Novo C\u00e9u e uma Nova Terra, porque o primeiro C\u00e9u e a primeira terra tinham desaparecido\u201d<sup><a class=\"sdfootnoteanc\" href=\"#sdfootnote3sym\" name=\"sdfootnote3anc\"><sup>3<\/sup><\/a><\/sup>. Aquilo que Jo\u00e3o viu antecipadamente \u00e9 o que vai acontecer no fim dos tempos. N\u00f3s apenas temos que aguardar. Deus deu a ele a gra\u00e7a de ver e de anunciar esta verdade, para que n\u00f3s esper\u00e1ssemos, e esperando tiv\u00e9ssemos esperan\u00e7a. Para que, cheios de esperan\u00e7a, pud\u00e9ssemos nos atirar para esta meta, que s\u00e3o estes C\u00e9us Novos e uma Terra Nova. Isto \u00e9 muito importante e est\u00e1 muit\u00edssimo ligado com aquilo que Nossa Senhora disse na Mensagem de F\u00e1tima: \u201cPor fim o meu por fim o meu Imaculado Cora\u00e7\u00e3o triunfar\u00e1\u201d<sup><a class=\"sdfootnoteanc\" href=\"#sdfootnote4sym\" name=\"sdfootnote4anc\"><sup>4<\/sup><\/a><\/sup>. O Imaculado Cora\u00e7\u00e3o de Maria triunfou e triunfar\u00e1, est\u00e1 triunfando e vai triunfar. Triunfou logo no in\u00edcio, quando viu o corpo estra\u00e7alhado de Jesus no Calv\u00e1rio e depois O v\u00ea ressuscitado. Que vit\u00f3ria! Ela triunfou quando, como todo mortal, o Pai quis que ela morresse, porque Jesus tamb\u00e9m morreu, mas depois de sepultada ela foi ressuscitada e assunta ao C\u00e9u, com um corpo glorioso, com o corpo que n\u00f3s teremos e que ela j\u00e1 tem.<\/p>\n<p class=\"western\">Maria est\u00e1 no C\u00e9u com seu corpo glorioso, dizendo: \u201cmeus filhos, eu j\u00e1 estou aqui na frente como penhor\u201d. A gente penhora algum bem para garantir uma posse. Ela est\u00e1 dizendo: \u201ceu estou aqui como um penhor. Penhorando a sua vinda pra c\u00e1 voc\u00ea ter\u00e1, se for fiel, um corpo glorioso como o meu, um corpo ressuscitado como o meu. Aguarde, ven\u00e7a tudo, supere tudo, porque voc\u00ea ter\u00e1 tamb\u00e9m um corpo como o meu\u201d. Maria tem vencido no decorrer da hist\u00f3ria e principalmente ela triunfar\u00e1 nesse triunfo de Jesus, porque quando Ele vier trazendo pra n\u00f3s C\u00e9us Novos e uma Terra Nova, quando Ele vier glorioso do C\u00e9u, Maria ter\u00e1 a primeira participa\u00e7\u00e3o do triunfo de Jesus. Ela vir\u00e1 para recolher os seus filhos. Todos aqueles que durante a vida se portaram como filhos, lutaram para ser filhos, contra o mal, contra o pecado. Ela vir\u00e1 para reuni-los, para que tamb\u00e9m eles, ressuscitados por Jesus, subam com ela e seu Filho para a gl\u00f3ria e l\u00e1 estaremos em C\u00e9us Novos e uma Terra Nova.<\/p>\n<p class=\"western\">Esta \u00e9 a grande vit\u00f3ria de Maria e a vit\u00f3ria de cada um de n\u00f3s. \u00c9 vit\u00f3ria dela porque ela tem lutado e vai lutar por cada um de n\u00f3s, para que n\u00f3s cheguemos l\u00e1, para que n\u00e3o fiquemos pelo caminho, para que n\u00e3o nos percamos pelo caminho. Pelo contr\u00e1rio, ela lutar\u00e1 para que l\u00e1 estejamos. Triunfo de Maria e triunfo nosso. Esta \u00e9 a grande verdade que a Palavra de Deus nos diz hoje: \u201cEu Jo\u00e3o vi um Novo C\u00e9u e uma Nova Terra, porque o primeiro C\u00e9u e a primeira terra tinham desaparecido\u201d<sup><a class=\"sdfootnoteanc\" href=\"#sdfootnote5sym\" name=\"sdfootnote5anc\"><sup>5<\/sup><\/a><\/sup>. Diz ainda um pouco adiante: \u201cEle enxugar\u00e1 toda l\u00e1grima dos seus olhos. A morte n\u00e3o existir\u00e1 mais, e n\u00e3o haver\u00e1 mais luto, nem grito, nem dor, porque as coisas anteriores passaram\u201d<sup><a class=\"sdfootnoteanc\" href=\"#sdfootnote6sym\" name=\"sdfootnote6anc\"><sup>6<\/sup><\/a><\/sup>. Toda morte, todo luto, todo gemido, toda a dor, tudo isso desaparecer\u00e1, pois \u00e9 passageiro. Claro que na hora do sofrimento, da dor, da l\u00e1grima, do luto, d\u00f3i porque somos humanos e \u00e9 natural. O Senhor sabe que d\u00f3i. Para Maria doeu tamb\u00e9m quando Jesus passou por todo Seu sofrimento. Mas \u00e9 passageiro. Quando chegarem C\u00e9us Novos e uma Terra Nova o pr\u00f3prio Senhor enxugar\u00e1 todas as l\u00e1grimas dos nossos olhos.<\/p>\n<p class=\"western\">No dia 13 de agosto de 1917, Nossa Senhora n\u00e3o pode aparecer. Os Pastorinhos estavam indo para o local das apari\u00e7\u00f5es, mas o prefeito tinha armado toda uma situa\u00e7\u00e3o. Primeiro com agrados e depois com mentiras, os prendeu e os levou para a cadeia. Ali eles foram amea\u00e7ados de todas as formas, uma coisa cruel. Eles queriam saber o Segredo de Nossa Senhora. Mas os Pastorinhos diziam que n\u00e3o podiam dizer e que n\u00e3o iam dizer. Foram at\u00e9 mesmo amea\u00e7ados de morte. Disseram que iam coloc\u00e1-los numa caldeira com \u00f3leo quente. Mas o tr\u00eas Pastorinhos n\u00e3o revelaram o segredo. Eram crian\u00e7as, amedrontadas, poderiam ter revelado, mas n\u00e3o revelaram. Como eles n\u00e3o conseguiram nada, soltaram os tr\u00eas, mas j\u00e1 havia passado o hor\u00e1rio do meio-dia, no qual lhes aparecia Nossa Senhora. Por isso, ela apareceu somente no dia 19 de Agosto. O importante para n\u00f3s \u00e9 que eles fazem de tudo para arrancar das crian\u00e7as o Segredo de Nossa Senhora e elas n\u00e3o contam.<\/p>\n<p class=\"western\">Antes de acontecer esse triunfo, de C\u00e9us Novos e uma Terra Nova, a vinda gloriosa de Jesus, n\u00f3s passaremos por tempos dific\u00edlimos. A Sagrada Escritura chama isso de a \u201cgrande tribula\u00e7\u00e3o\u201d<sup><a class=\"sdfootnoteanc\" href=\"#sdfootnote7sym\" name=\"sdfootnote7anc\"><sup>7<\/sup><\/a><\/sup>. Pelos acontecimentos, n\u00f3s n\u00e3o estamos longe disto. \u00c9 s\u00f3 ver o massacre de crist\u00e3os que acontece em pa\u00edses do Oriente. Mas, al\u00e9m desse tipo de massacre, acontece o massacre do cristianismo, dos crist\u00e3os, dos seus princ\u00edpios, da sua moral, da sua \u00e9tica. N\u00f3s estamos sendo massacrados. Nossas crian\u00e7as est\u00e3o sendo massacradas nos seus princ\u00edpios, nossos casamentos, nossas fam\u00edlias. Um verdadeiro massacre. Al\u00e9m da televis\u00e3o, da r\u00e1dio, al\u00e9m das m\u00fasicas terr\u00edveis como temos nos nossos tempos, n\u00f3s temos hoje essa arma que parece inofensiva, mas que est\u00e1 sendo devastadora, que \u00e9 a Internet. Claro, ela tem grande valores, mas como ela est\u00e1 sendo usada para massacrar os princ\u00edpios crist\u00e3os, para massacrar o Evangelho, o pensamento do Evangelho, a sua doutrina, a doutrina da Igreja.<\/p>\n<p class=\"western\"><strong>Ou\u00e7a o \u00e1udio da homilia do <a title=\"Monsenhor Jonas Abib\" href=\"http:\/\/www.cancaonova.com\/portal\/canais\/pejonas\/\" target=\"_blank\">Monsenhor Jonas Abib<\/a> com o tema &#8220;<a title=\"Virgem Maria, junto a ti no C\u00e9u triunfarei\" href=\"http:\/\/www.mixcloud.com\/adailtonrvj\/virgem-maria-junto-a-ti-no-c%C3%A9u-triunfarei\/\" target=\"_blank\">Virgem Maria, junto a ti no C\u00e9u triunfarei<\/a>&#8220;:<\/strong>\u00a0<iframe loading=\"lazy\" width=\"660\" height=\"180\" src=\"\/\/www.mixcloud.com\/widget\/iframe\/?feed=http%3A%2F%2Fwww.mixcloud.com%2Fadailtonrvj%2Fvirgem-maria-junto-a-ti-no-c%25C3%25A9u-triunfarei%2F&embed_uuid=d4241e4b-f3a6-4403-9325-258bc0dad4d2&replace=0&hide_cover=1&embed_type=widget_standard&hide_tracklist=1\" frameborder=\"0\"><\/iframe><div style=\"clear: both; height: 3px; width: 652px;\"><\/div><p style=\"display: block; font-size: 11px; font-family: 'Open Sans', Helvetica, Arial, sans-serif; margin: 0px; padding: 3px 4px; color: rgb(153, 153, 153); width: 652px;\"><a href=\"https:\/\/www.mixcloud.com\/adailtonrvj\/virgem-maria-junto-a-ti-no-c%C3%A9u-triunfarei\/?utm_source=widget&amp;utm_medium=web&amp;utm_campaign=base_links&amp;utm_term=resource_link\" target=\"_blank\" style=\"color:#808080; font-weight:bold;\">Virgem Maria, junto a ti no c\u00e9u triunfarei<\/a><span> by <\/span><a href=\"https:\/\/www.mixcloud.com\/adailtonrvj\/?utm_source=widget&amp;utm_medium=web&amp;utm_campaign=base_links&amp;utm_term=profile_link\" target=\"_blank\" style=\"color:#808080; font-weight:bold;\">Adailton Batista Silva<\/a><span> on <\/span><a href=\"https:\/\/www.mixcloud.com\/?utm_source=widget&utm_medium=web&utm_campaign=base_links&utm_term=homepage_link\" target=\"_blank\" style=\"color:#808080; font-weight:bold;\"> Mixcloud<\/a><\/p><div style=\"clear: both; height: 3px; width: 652px;\"><\/div><\/p>\n<p class=\"western\">Estamos sendo massacrados e \u00e9 a\u00ed que est\u00e1 o importante. Quanto a n\u00f3s, como os tr\u00eas Pastorinhos, precisamos ser firmes, aprender a ser firmes e ensinar, e ajudar, os nossos a serem firmes, a n\u00e3o nos deixar massacrar por tudo isso. N\u00e3o entreguemos o jogo pra ningu\u00e9m e pra nada. N\u00e3o abdiquemos dos princ\u00edpios crist\u00e3os. N\u00e3o abdiquemos do Evangelho. N\u00e3o abdiquemos \u00e0 moral crist\u00e3. Pelo contr\u00e1rio, mantenhamos firmes nos princ\u00edpios de Deus, nos princ\u00edpios do Evangelho, que s\u00e3o os princ\u00edpios da Igreja. \u00c9 uma luta, porque h\u00e1 uma avalanche que \u00e9 totalmente contr\u00e1ria a tudo aquilo que n\u00f3s somos. Mas, \u00e9 a\u00ed que precisamos ser firmes, como os tr\u00eas Pastorinhos, dizendo n\u00e3o a tudo isso. N\u00e3o somente n\u00f3s pessoalmente, mas tamb\u00e9m os nossos filhos, porque por serem mais novos s\u00e3o enganados por isso tudo. Podemos n\u00e3o usar, mas nossos filhos est\u00e3o usando, est\u00e3o navegando nas redes sociais. \u00c8 preciso colocar uma for\u00e7a contr\u00e1ria, porque os nossos n\u00e3o podem se perder. N\u00e3o podem se entregar.<\/p>\n<p class=\"western\">Este \u00e9 um momento forte de luta. Estamos sendo amea\u00e7ados. Se l\u00e1 no Oriente morre-se, aqui morre-se de uma outra maneira. N\u00e3o sei qual \u00e9 a pior morte, porque l\u00e1 acabam sendo m\u00e1rtires, pois morrem pela causa de Cristo. Aqui, morrem por uma causa in\u00fatil, uma causa perniciosa. Por isso, \u00e9 precisamos que nos unamos numa luta contra essa avalanche que vem contra n\u00f3s. Voc\u00ea especialmente que \u00e9 pai, que \u00e9 m\u00e3e, precisa ser um lutador, uma lutadora, para salvar seus filhos. Porque voc\u00ea n\u00e3o quer seu filho apenas aqui, mesmo que seja por oitenta ou noventa anos, voc\u00ea quer seu filho, sua filha, por toda a eternidade. Voc\u00ea quer seus filhos em C\u00e9us Novos e uma Terra Nova e o mundo est\u00e1 contra isso. O mundo que destruir tudo isso, porque n\u00e3o quer que eles estejam em C\u00e9us Novos e numa Terra Nova. O mundo quer negar isso e voc\u00ea \u00e9 o lutador, a lutadora, para que seu filho esteja l\u00e1. Precisamos que nossos filhos estejam em C\u00e9us Novos e numa Terra Nova e n\u00f3s somos os lutadores para que isso aconte\u00e7a. \u00c9 muito s\u00e9rio tudo isso.<\/p>\n<p class=\"western\">Uma vez em F\u00e1tima, um Padre chegou para mim, me contando algo que me encantou. Ele tinha acesso ao Carmelo de Coimbra, onde vivia a Irm\u00e3 L\u00facia. Tinha um trabalho espiritual com as irm\u00e3s e com a Irm\u00e3 L\u00facia tamb\u00e9m. Ent\u00e3o ele me contou que a Madre foi levar um recado para a irm\u00e3 L\u00facia e viu que ela estava falando, e estranhou pois n\u00e3o havia ningu\u00e9m ao seu lado. Ela respeitou e esperou que ela parasse de falar. Depois, passou o recado que precisava dar e perguntou: \u201cL\u00facia, com quem voc\u00ea estava conversando?&#8217; A Irm\u00e3 respondeu: \u201ccom Nossa Senhora\u201d. A Madre questionou: \u201cCom Nossa Senhora?\u201d. \u201cSim Madre, a Senhora n\u00e3o viu?\u201d Pergunta a Irm\u00e3. \u201cMas claro que eu n\u00e3o vi, L\u00facia\u201d, responde a Madre. \u201cDesculpe, a senhora n\u00e3o viu\u201d, disse a Irm\u00e3, \u201cmas isso \u00e9 comum Madre\u201d, explica a Irm\u00e3. \u201cn\u00e3o \u00e9 apenas agora. Ela est\u00e1 sempre aqui conosco. Quando n\u00f3s vamos para o refeit\u00f3rio ela vai junto conosco e fica l\u00e1. Quando vamos para a capela, ela vai junto conosco. Muitas vezes eu estou no quarto e ela chega, \u00e0s vezes at\u00e9 senta-se na cama, e fica ali a conversar comigo\u201d conta Irm\u00e3 L\u00facia. Ent\u00e3o a Madre diz: \u201cL\u00facia, voc\u00ea nunca me disse isso\u201d. Ao que a Irm\u00e3 diz: \u201cdesculpe, eu n\u00e3o sabia que precisava dizer, mas ela esta sempre conosco. \u00c9 que a senhora e as irm\u00e3s n\u00e3o veem e eu tenho a gra\u00e7a de ver\u201d, completa L\u00facia.<\/p>\n<p class=\"western\">Eu fico encantado! N\u00f3s sabemos que Nossa Senhora n\u00e3o apareceu a Irm\u00e3 L\u00facia s\u00f3 naquele tempo das apari\u00e7\u00f5es em 1917, mas apareceu muitas outras vezes. No Carmelo, ela continuava a aparecer, para conversar com L\u00facia. Meu irm\u00e3o, minha irm\u00e3, n\u00f3s n\u00e3o vemos, mas ela est\u00e1. Onde voc\u00ea est\u00e1, ela est\u00e1 tamb\u00e9m. Na sua casa, voc\u00ea n\u00e3o v\u00ea, mas ela est\u00e1. No seu trabalho, ela est\u00e1. No cuidado dos seus filho ela est\u00e1. Estudando, ela est\u00e1. Voc\u00ea apenas n\u00e3o v\u00eas, mas ela est\u00e1. A\u00ed est\u00e1 a grande gra\u00e7a que n\u00f3s precisamos assumir. Nossa Senhora n\u00e3o \u00e9 uma estranha, ela n\u00e3o est\u00e1 longe no C\u00e9u. Ela est\u00e1 pr\u00f3xima, faz parte da nossa vida, ela compartilha vida conosco. Ela est\u00e1 presente nos momentos alegres, de felicidade, mas tamb\u00e9m nos momentos tristes, dif\u00edceis. Tenha certeza e usufrua disso, porque ela est\u00e1. Pede, suplica, busca. Ela est\u00e1.<\/p>\n<p class=\"western\">Voc\u00ea se lembra bem, no Evangelho de Jo\u00e3o, quando Jesus v\u00ea, ao p\u00e9 da Cruz, sua M\u00e3e e o disc\u00edpulo que Ele amava, e diz a ela: \u201cMulher, eis a\u00ed teu filho\u201d<sup><a class=\"sdfootnoteanc\" href=\"#sdfootnote8sym\" name=\"sdfootnote8anc\"><sup>8<\/sup><\/a><\/sup>, e depois diz a Jo\u00e3o: \u201cFilho, eis a\u00ed a tua M\u00e3e\u201d<sup><a class=\"sdfootnoteanc\" href=\"#sdfootnote9sym\" name=\"sdfootnote9anc\"><sup>9<\/sup><\/a><\/sup>. Hoje, mais uma vez, com esta visita de Nossa Senhora a n\u00f3s, pelos meios de comunica\u00e7\u00e3o ela chega at\u00e9 onde voc\u00ea est\u00e1. Onde voc\u00ea tem um desses aparelhos ligados ela est\u00e1 entrando. Jesus est\u00e1 dizendo a ela: \u201cMulher, eis a\u00ed teu filho\u201d<sup><a class=\"sdfootnoteanc\" href=\"#sdfootnote10sym\" name=\"sdfootnote10anc\"><sup>10<\/sup><\/a><\/sup>, eis a\u00ed tua filha. \u00c9 o pr\u00f3prio Jesus apresentando voc\u00ea a Nossa Senhora e Ele diz: \u00e9 filho, \u00e9 filha. \u00c9 claro que ela sabe, mas Ele est\u00e1 recordando. Tenha essa certeza. Mas, ao mesmo tempo, Ele diz: Filho, filha, \u201ceis a\u00ed a tua M\u00e3e\u201d<sup><a class=\"sdfootnoteanc\" href=\"#sdfootnote11sym\" name=\"sdfootnote11anc\"><sup>11<\/sup><\/a><\/sup>, em todos os sentidos. Primeiro na ternura. Voc\u00ea tem uma M\u00e3e! Segundo, como prote\u00e7\u00e3o, confie, entregue-se. Depois, como uma chamada de aten\u00e7\u00e3o: veja bem como voc\u00ea procede, veja como est\u00e1 a sua vida. Filho, filha, \u201ceis a\u00ed a tua M\u00e3e\u201d<sup><a class=\"sdfootnoteanc\" href=\"#sdfootnote12sym\" name=\"sdfootnote12anc\"><sup>12<\/sup><\/a><\/sup>, ela n\u00e3o est\u00e1 longe, ela est\u00e1 com voc\u00ea.<\/p>\n<p class=\"western\">Assim, entendemos a visita de uma imagem. Claro, essa imagem diz muito para n\u00f3s. Mas nas reflex\u00f5es n\u00f3s nos baseamos na Palavra de Deus, que esclarece o que \u00e9 a visita de Nossa Senhora de F\u00e1tima para n\u00f3s. Nossa Senhora, obrigado por tudo isso. Obrigado porque \u00e9s nossa M\u00e3e, porque \u00e9 minha M\u00e3e. Obrigado porque me visitas e me visitando visitas os meus, visitas a minha casa, a minha fam\u00edlia. Obrigado Nossa Senhora porque visitas a minha vida. Muito obrigado, minha M\u00e3e, porque me anuncias C\u00e9us Novos e uma Terra Nova, me anuncias o seu triunfo, do qual eu quero e preciso participar. Ajuda-me porque preciso muito, estou num vale de l\u00e1grimas, num mundo pernicioso. D\u00e1 me a gra\u00e7a, segura-me pela m\u00e3e e livra de todo perigo, de toda cilada. Preciso de sua ajuda. Sei que est\u00e1s comigo, n\u00e3o \u00e9 apenas um s\u00edmbolo, n\u00e3o \u00e9 apenas uma figura, n\u00e3o \u00e9 apenas uma historinha. Est\u00e1s comigo, est\u00e1s onde eu estou. Isso me alenta o cora\u00e7\u00e3o, d\u00e1-me for\u00e7as e d\u00e1-me \u00e2nimo. Mais ainda, d\u00e1-me entusiasmo e eu quero viver nesse entusiasmo de estar caminhando para C\u00e9us Novos e uma Terra Nova. Maria, eu l\u00e1 estarei. Com minha M\u00e3e estarei, na santa gl\u00f3ria um dia, junto a ti, \u00f3 Virgem Maria, no C\u00e9u triunfarei. Am\u00e9m. Louvado seja nosso Senhor Jesus Cristo.<\/p>\n<p class=\"western\"><strong>Refer\u00eancias:<\/strong><\/p>\n<div id=\"sdfootnote1\">\n<p class=\"sdfootnote-western\"><a class=\"sdfootnotesym\" href=\"#sdfootnote1anc\" name=\"sdfootnote1sym\">1<\/a>\u00a0Cf. Ap 21, 1.<\/p>\n<\/div>\n<div id=\"sdfootnote2\">\n<p class=\"sdfootnote-western\"><a class=\"sdfootnotesym\" href=\"#sdfootnote2anc\" name=\"sdfootnote2sym\">2<\/a>\u00a0Cf. CONGREGA\u00c7\u00c3O PARA A DOUTRINA DA F\u00c9. <a title=\"A Mensagem de F\u00e1tima\" href=\"http:\/\/www.vatican.va\/roman_curia\/congregations\/cfaith\/documents\/rc_con_cfaith_doc_20000626_message-fatima_po.html\" target=\"_blank\">A Mensagem de F\u00e1tima<\/a>.<\/p>\n<\/div>\n<div id=\"sdfootnote3\">\n<p class=\"sdfootnote-western\"><a class=\"sdfootnotesym\" href=\"#sdfootnote3anc\" name=\"sdfootnote3sym\">3<\/a>\u00a0Ap 21, 1.<\/p>\n<\/div>\n<div id=\"sdfootnote4\">\n<p class=\"sdfootnote-western\"><a class=\"sdfootnotesym\" href=\"#sdfootnote4anc\" name=\"sdfootnote4sym\">4<\/a>\u00a0CONGREGA\u00c7\u00c3O PARA A DOUTRINA DA F\u00c9. <i>A Mensagem de F\u00e1tima.<\/i><\/p>\n<\/div>\n<div id=\"sdfootnote5\">\n<p class=\"sdfootnote-western\"><a class=\"sdfootnotesym\" href=\"#sdfootnote5anc\" name=\"sdfootnote5sym\">5<\/a>\u00a0Ap 21, 1.<\/p>\n<\/div>\n<div id=\"sdfootnote6\">\n<p class=\"sdfootnote-western\"><a class=\"sdfootnotesym\" href=\"#sdfootnote6anc\" name=\"sdfootnote6sym\">6<\/a>\u00a0Ap 21, 4.<\/p>\n<\/div>\n<div id=\"sdfootnote7\">\n<p class=\"sdfootnote-western\"><a class=\"sdfootnotesym\" href=\"#sdfootnote7anc\" name=\"sdfootnote7sym\">7<\/a>\u00a0Ap 7, 14.<\/p>\n<\/div>\n<div id=\"sdfootnote8\">\n<p class=\"sdfootnote-western\"><a class=\"sdfootnotesym\" href=\"#sdfootnote8anc\" name=\"sdfootnote8sym\">8<\/a>\u00a0Jo 19, 26.<\/p>\n<\/div>\n<div id=\"sdfootnote9\">\n<p class=\"sdfootnote-western\"><a class=\"sdfootnotesym\" href=\"#sdfootnote9anc\" name=\"sdfootnote9sym\">9<\/a>\u00a0Jo 19, 27.<\/p>\n<\/div>\n<div id=\"sdfootnote10\">\n<p class=\"sdfootnote-western\"><a class=\"sdfootnotesym\" href=\"#sdfootnote10anc\" name=\"sdfootnote10sym\">10<\/a>\u00a0Jo 19, 26.<\/p>\n<\/div>\n<div id=\"sdfootnote11\">\n<p class=\"sdfootnote-western\"><a class=\"sdfootnotesym\" href=\"#sdfootnote11anc\" name=\"sdfootnote11sym\">11<\/a>\u00a0Jo 19, 27.<\/p>\n<\/div>\n<div id=\"sdfootnote12\">\n<p class=\"sdfootnote-western\"><a class=\"sdfootnotesym\" href=\"#sdfootnote12anc\" name=\"sdfootnote12sym\">12<\/a>\u00a0<i>Idem.<\/i><\/p>\n<\/div>\n","protected":false},"excerpt":{"rendered":"<p>O triunfo da Virgem Maria e a vinda do Reino dos C\u00e9us. Na visita da imagem peregrina de Nossa Senhora de F\u00e1tima, Monsenhor Jonas Abib falou sobre o triunfo da Virgem Maria e a vinda do Reino dos C\u00e9us. A&#8230;<\/p>\n","protected":false},"author":4539,"featured_media":0,"comment_status":"open","ping_status":"open","sticky":false,"template":"","format":"standard","meta":{"_mi_skip_tracking":false,"_monsterinsights_sitenote_active":false,"_monsterinsights_sitenote_note":"","_monsterinsights_sitenote_category":0,"footnotes":""},"categories":[186083],"tags":[],"_links":{"self":[{"href":"https:\/\/blog.cancaonova.com\/tododemaria\/wp-json\/wp\/v2\/posts\/4063"}],"collection":[{"href":"https:\/\/blog.cancaonova.com\/tododemaria\/wp-json\/wp\/v2\/posts"}],"about":[{"href":"https:\/\/blog.cancaonova.com\/tododemaria\/wp-json\/wp\/v2\/types\/post"}],"author":[{"embeddable":true,"href":"https:\/\/blog.cancaonova.com\/tododemaria\/wp-json\/wp\/v2\/users\/4539"}],"replies":[{"embeddable":true,"href":"https:\/\/blog.cancaonova.com\/tododemaria\/wp-json\/wp\/v2\/comments?post=4063"}],"version-history":[{"count":4,"href":"https:\/\/blog.cancaonova.com\/tododemaria\/wp-json\/wp\/v2\/posts\/4063\/revisions"}],"predecessor-version":[{"id":4068,"href":"https:\/\/blog.cancaonova.com\/tododemaria\/wp-json\/wp\/v2\/posts\/4063\/revisions\/4068"}],"wp:attachment":[{"href":"https:\/\/blog.cancaonova.com\/tododemaria\/wp-json\/wp\/v2\/media?parent=4063"}],"wp:term":[{"taxonomy":"category","embeddable":true,"href":"https:\/\/blog.cancaonova.com\/tododemaria\/wp-json\/wp\/v2\/categories?post=4063"},{"taxonomy":"post_tag","embeddable":true,"href":"https:\/\/blog.cancaonova.com\/tododemaria\/wp-json\/wp\/v2\/tags?post=4063"}],"curies":[{"name":"wp","href":"https:\/\/api.w.org\/{rel}","templated":true}]}}