{"id":4169,"date":"2014-09-13T04:00:56","date_gmt":"2014-09-13T07:00:56","guid":{"rendered":"http:\/\/blog.cancaonova.com\/tododemaria\/?p=4169"},"modified":"2014-09-12T16:41:51","modified_gmt":"2014-09-12T19:41:51","slug":"a-veneracao-as-dores-de-nossa-senhora","status":"publish","type":"post","link":"https:\/\/blog.cancaonova.com\/tododemaria\/a-veneracao-as-dores-de-nossa-senhora\/","title":{"rendered":"A venera\u00e7\u00e3o \u00e0s dores de Nossa Senhora"},"content":{"rendered":"<p><strong>A devo\u00e7\u00e3o a Nossa Senhora tem como uma das express\u00f5es mais piedosas e profundas a venera\u00e7\u00e3o \u00e0s suas dores.<\/strong><\/p>\n<div id=\"attachment_4170\" style=\"width: 210px\" class=\"wp-caption alignleft\"><a href=\"http:\/\/blog.cancaonova.com\/tododemaria\/files\/2014\/09\/A-venera\u00e7\u00e3o-\u00e0s-dores-de-Nossa-Senhora.jpg\"><img loading=\"lazy\" decoding=\"async\" aria-describedby=\"caption-attachment-4170\" class=\"wp-image-4170 size-medium\" src=\"http:\/\/blog.cancaonova.com\/tododemaria\/files\/2014\/09\/A-venera\u00e7\u00e3o-\u00e0s-dores-de-Nossa-Senhora-200x300.jpg\" alt=\"A venera\u00e7\u00e3o \u00e0s dores de Nossa Senhora\" width=\"200\" height=\"300\" srcset=\"https:\/\/blog.cancaonova.com\/tododemaria\/files\/2014\/09\/A-venera\u00e7\u00e3o-\u00e0s-dores-de-Nossa-Senhora-200x300.jpg 200w, https:\/\/blog.cancaonova.com\/tododemaria\/files\/2014\/09\/A-venera\u00e7\u00e3o-\u00e0s-dores-de-Nossa-Senhora.jpg 400w\" sizes=\"(max-width: 200px) 100vw, 200px\" \/><\/a><p id=\"caption-attachment-4170\" class=\"wp-caption-text\">Nossa Senhora das Dores<\/p><\/div>\n<p>A venera\u00e7\u00e3o e a devo\u00e7\u00e3o \u00e0s dores de Nossa Senhora tem sua express\u00e3o lit\u00fargica no tempo quaresmal e no dia 15 de Setembro. Entretanto, antes destas celebra\u00e7\u00f5es, o povo crist\u00e3o j\u00e1 consagrava a terna lembran\u00e7a e a venera\u00e7\u00e3o \u00e0s dores da M\u00e3e de Deus. A devo\u00e7\u00e3o a <a title=\"Nossa Senhora das Dores\" href=\"http:\/\/santo.cancaonova.com\/santo\/nossa-senhora-das-dores-nos-aponta-para-uma-nova-vida\/\" target=\"_blank\">Nossa Senhora das Dores<\/a>, que tamb\u00e9m \u00e9 conhecida como Nossa Senhora da Piedade, remonta o s\u00e9culo XIII e teve como os maiores propagadores os frades da Ordem dos Servos de Maria, mais conhecidos como Servitas, que foi fundada em 1240. A Virgem Maria, M\u00e3e de Deus, que por amor a n\u00f3s resignou-se diante do sacrif\u00edcio de seu Filho Jesus Cristo, \u00e9 digna de nossa piedade e de nossa gratid\u00e3o. Pois, mais lhe custou sofrer estas dores do que suportar mil mortes. Se n\u00e3o podemos corresponder dignamente a tanto amor, demoremo-nos hoje, pelo menos por algum tempo, na considera\u00e7\u00e3o de t\u00e3o cru\u00e9is dores que suportou a Virgem Maria. T\u00e3o atrozes foram as suas dores que, por excederem \u00e0s dos m\u00e1rtires em dura\u00e7\u00e3o e em intensidade, Nossa Senhora \u00e9 tamb\u00e9m \u00e9 lembrada como a Rainha dos M\u00e1rtires.<!--more Continue lendo...--><\/p>\n<p style=\"text-align: center\">\u00a0<strong><a href=\"http:\/\/feedburner.google.com\/fb\/a\/mailverify?uri=TodoDeMaria\">Receba o conte\u00fado deste blog gratuitamente em seu e-mail.<\/a><\/strong><\/p>\n<p>A coroa com a qual a M\u00e3e de Deus foi constitu\u00edda Rainha dos M\u00e1rtires foi justamente a sua dor, que excedeu \u00e0 de todos os m\u00e1rtires juntos. \u00c0 semelhan\u00e7a de seu Filho, a Virgem Maria sofreu o mart\u00edrio durante toda a sua vida. S\u00e3o Alberto Magno ensina que um dos significados do nome de Maria \u00e9 \u201camargura do mar\u201d<a class=\"sdfootnoteanc\" href=\"#sdfootnote1sym\" name=\"sdfootnote1anc\"><sup>1<\/sup><\/a>. Por isso, ele aplica a ela o texto de Jeremias: \u201cGrande como o mar \u00e9 a minha dor\u201d<a class=\"sdfootnoteanc\" href=\"#sdfootnote2sym\" name=\"sdfootnote2anc\"><sup>2<\/sup><\/a>. Como o mar, amargo e salgado, toda a vida de Maria foi cheia de amarguras. A espada de dor, prenunciada por Sime\u00e3o, transpassou a alma da Virgem Maria todos os dias de sua vida<a class=\"sdfootnoteanc\" href=\"#sdfootnote3sym\" name=\"sdfootnote3anc\"><sup>3<\/sup><\/a>. Por isso, com raz\u00e3o, dizia ela como Davi: \u201cA minha vida se consome na dor e os meus anos em gemidos\u201d<a class=\"sdfootnoteanc\" href=\"#sdfootnote4sym\" name=\"sdfootnote4anc\"><sup>4<\/sup><\/a>; e dizia tamb\u00e9m: \u201cA minha dor est\u00e1 sempre ante meus olhos\u201d<a class=\"sdfootnoteanc\" href=\"#sdfootnote5sym\" name=\"sdfootnote5anc\"><sup>5<\/sup><\/a>. O tempo n\u00e3o aliviou seus sofrimentos, ao contr\u00e1rio, aumentava-lhe cada vez mais em seu cora\u00e7\u00e3o de M\u00e3e a dor de perder seu Filho. \u201cComo crescem os espinhos \u00e0 medida que a rosa desabrocha, cresceram tamb\u00e9m em Maria \u2013 Rosa M\u00edstica \u2013 os penetrantes espinhos das afli\u00e7\u00f5es\u201d<a class=\"sdfootnoteanc\" href=\"#sdfootnote6sym\" name=\"sdfootnote6anc\"><sup>6<\/sup><\/a> pela Paix\u00e3o de seu Filho.<\/p>\n<p>A Virgem Maria \u00e9 Rainha dos M\u00e1rtires, pois, entre todos os mart\u00edrios o seu foi o mais longo e tamb\u00e9m o mais doloroso. Por isso, atribui-se a M\u00e3e do Senhor este trecho das Sagradas Escrituras: \u201cPorque \u00e9 grande como o mar o teu desfalecimento. Quem te remediou?\u201d<a class=\"sdfootnoteanc\" href=\"#sdfootnote7sym\" name=\"sdfootnote7anc\"><sup>7<\/sup><\/a>. A respeito destas palavras do profeta Jeremias, ensina Hugo de S\u00e3o Vitor: \u201c\u00d3 Virgem bendita, como a amargura do mar excede todas as amarguras, assim tua dor excede todas as outras dores. [\u2026] A dor de Maria era suficiente para causar-lhe a morte a cada instante, se Deus n\u00e3o lhe tivesse conservado a vida por um singular milagre\u201d<a class=\"sdfootnoteanc\" href=\"#sdfootnote8sym\" name=\"sdfootnote8anc\"><sup>8<\/sup><\/a>. A intensidade do sofrimento da M\u00e3e da Igreja foi t\u00e3o destruidora que, dividida por todos os homens, bastaria para fazer morrer todos, subitamente. O mart\u00edrio de Maria foi mais doloroso que o de todos os m\u00e1rtires, pois estes sofreram o mart\u00edrio no corpo, enquanto ela padeceu o mart\u00edrio em sua alma. Por isso, dela profetizou Sime\u00e3o: \u201cE uma espada transpassar\u00e1 at\u00e9 a tua alma\u201d<a class=\"sdfootnoteanc\" href=\"#sdfootnote9sym\" name=\"sdfootnote9anc\"><sup>9<\/sup><\/a>. No Calv\u00e1rio, enquanto o Filho sacrificava seu corpo pela morte, sua M\u00e3e sacrificava sua alma pela compaix\u00e3o.<\/p>\n<p>Os m\u00e1rtires sofreram sacrificando suas pr\u00f3prias vidas, enquanto Maria sofreu sacrificando a vida do Filho, \u00e0 qual amava mais do que a pr\u00f3pria vida. A Virgem das dores padeceu em seu cora\u00e7\u00e3o todos os supl\u00edcios que sofreu em seu corpo o amado Filho Jesus. \u201cAs mesmas chagas que estavam espalhadas pelo corpo de Jesus, se achavam todas reunidas no cora\u00e7\u00e3o de Maria\u201d<a class=\"sdfootnoteanc\" href=\"#sdfootnote10sym\" name=\"sdfootnote10anc\"><sup>10<\/sup><\/a>. Al\u00e9m disso, diferente dos m\u00e1rtires, que sofreram consolados pelo Senhor, Nossa Senhora sofreu dores indiz\u00edveis na alma, sem al\u00edvio algum, na Paix\u00e3o de seu Filho. Por isso, com raz\u00e3o podemos atribuir a Maria as palavras de Jeremias: \u201c\u00d3 v\u00f3s todos que passais pelo caminho, atendei e vede se h\u00e1 dor semelhante \u00e0 minha dor\u201d<a class=\"sdfootnoteanc\" href=\"#sdfootnote11sym\" name=\"sdfootnote11anc\"><sup>11<\/sup><\/a>.<\/p>\n<p>Assim, Maria, a Rainha dos M\u00e1rtires, t\u00e3o compassiva e benigna, preferiu sofrer todas as dores a ver-nos privados da reden\u00e7\u00e3o e entregues \u00e0 antiga mis\u00e9ria. S\u00e3o Alberto Magno dizia que \u201csomos obrigados a Jesus pela Paix\u00e3o que sofreu por nosso amor, mas o somos tamb\u00e9m a Maria pelo mart\u00edrio que, na morte do Filho, quis sofrer espontaneamente pela nossa salva\u00e7\u00e3o\u201d<a class=\"sdfootnoteanc\" href=\"#sdfootnote12sym\" name=\"sdfootnote12anc\"><sup>12<\/sup><\/a>. Pois, o sofrimento de Nossa Senhora pela morte do Jesus excedeu os de todos os m\u00e1rtires juntos. O \u00fanico consolo da Virgem dolorosa em meio \u00e0s indiz\u00edveis dores pela Paix\u00e3o do Filho era pensar no mundo resgatado e ver reconciliados com Deus os homens que outrora estavam em inimizade com Ele. Este grande sofrimento da Virgem Maria por amor de n\u00f3s merece a nossa gratid\u00e3o e o nosso amor. A mem\u00f3ria destes padecimentos, a medita\u00e7\u00e3o de suas dores, \u00e9 agrad\u00e1vel a Virgem Maria e ao seu Filho. O pr\u00f3prio Jesus revelou a Santa Ver\u00f4nica de Binasco que a Ele mais agrada a medita\u00e7\u00e3o dos sofrimentos de Maria, do que a contempla\u00e7\u00e3o das suas dores: \u201ccaras me s\u00e3o as l\u00e1grimas derramadas sobre minha Paix\u00e3o; mas, como amo imensamente a minha M\u00e3e, ainda me \u00e9 mais cara a medita\u00e7\u00e3o das dores que ela padeceu, vendo-me morrer\u201d<a class=\"sdfootnoteanc\" href=\"#sdfootnote13sym\" name=\"sdfootnote13anc\"><sup>13<\/sup><\/a>. Por tudo isso, em gratid\u00e3o a Jesus e a Maria, <a title=\"Veneremos as sete dores de Nossa Senhora\" href=\"http:\/\/www.perfeitadevocao.org\/nsbs\/7dores\/DevocaoSeteDoresNossaSenhora.pdf\" target=\"_blank\">veneremos as dores de Nossa Senhora<\/a>. Pois, al\u00e9m de agradar a M\u00e3e e o Filho, a devo\u00e7\u00e3o \u00e0s dores da Virgem Maria \u00e9 \u00fatil para alcan\u00e7ar-nos a salva\u00e7\u00e3o eterna em Jesus Cristo. Nossa Senhora das Dores, rogai por n\u00f3s!<\/p>\n<p><strong>Refer\u00eancias:<\/strong><\/p>\n<div id=\"sdfootnote1\">\n<p class=\"sdfootnote\"><a class=\"sdfootnotesym\" href=\"#sdfootnote1anc\" name=\"sdfootnote1sym\">1<\/a>\u00a0<a title=\"SANTO AFONSO MARIA DE LIG\u00d3RIO\" href=\"http:\/\/santo.cancaonova.com\/santo\/santo-afonso-maria-de-ligorio-santo-bispo-e-doutor-da-igreja\/\" target=\"_blank\">SANTO AFONSO MARIA DE LIG\u00d3RIO<\/a>. <a title=\"Livro Gl\u00f3rias de Maria\" href=\"http:\/\/livrariatheotokos.com.br\/index.php?route=product\/product&amp;product_id=232\" target=\"_blank\"><i>Gl\u00f3rias de Maria<\/i><\/a>. 3\u00aa ed. Aparecida: Santu\u00e1rio, 1989, p. 358.<\/p>\n<\/div>\n<div id=\"sdfootnote2\">\n<p class=\"sdfootnote\"><a class=\"sdfootnotesym\" href=\"#sdfootnote2anc\" name=\"sdfootnote2sym\">2<\/a>\u00a0Jr 2, 13.<\/p>\n<\/div>\n<div id=\"sdfootnote3\">\n<p class=\"sdfootnote\"><a class=\"sdfootnotesym\" href=\"#sdfootnote3anc\" name=\"sdfootnote3sym\">3<\/a>\u00a0Cf. Lc 2, 35.<\/p>\n<\/div>\n<div id=\"sdfootnote4\">\n<p class=\"sdfootnote\"><a class=\"sdfootnotesym\" href=\"#sdfootnote4anc\" name=\"sdfootnote4sym\">4<\/a>\u00a0Sl 30, 11.<\/p>\n<\/div>\n<div id=\"sdfootnote5\">\n<p class=\"sdfootnote\"><a class=\"sdfootnotesym\" href=\"#sdfootnote5anc\" name=\"sdfootnote5sym\">5<\/a>\u00a0Sl 37, 18.<\/p>\n<\/div>\n<div id=\"sdfootnote6\">\n<p class=\"sdfootnote\"><a class=\"sdfootnotesym\" href=\"#sdfootnote6anc\" name=\"sdfootnote6sym\">6<\/a>\u00a0SANTO AFONSO MARIA DE LIG\u00d3RIO. <i>Op. cit<\/i>., p. 360.<\/p>\n<\/div>\n<div id=\"sdfootnote7\">\n<p class=\"sdfootnote\"><a class=\"sdfootnotesym\" href=\"#sdfootnote7anc\" name=\"sdfootnote7sym\">7<\/a>\u00a0Lm 2, 13.<\/p>\n<\/div>\n<div id=\"sdfootnote8\">\n<p class=\"sdfootnote\"><a class=\"sdfootnotesym\" href=\"#sdfootnote8anc\" name=\"sdfootnote8sym\">8<\/a>\u00a0SANTO AFONSO MARIA DE LIG\u00d3RIO. <i>Op. cit<\/i>., p. 360.<\/p>\n<\/div>\n<div id=\"sdfootnote9\">\n<p class=\"sdfootnote\"><a class=\"sdfootnotesym\" href=\"#sdfootnote9anc\" name=\"sdfootnote9sym\">9<\/a>\u00a0Lc 2, 35.<\/p>\n<\/div>\n<div id=\"sdfootnote10\">\n<p class=\"sdfootnote\"><a class=\"sdfootnotesym\" href=\"#sdfootnote10anc\" name=\"sdfootnote10sym\">10<\/a>\u00a0SANTO AFONSO MARIA DE LIG\u00d3RIO. <i>Op. cit<\/i>., p. 361.<\/p>\n<\/div>\n<div id=\"sdfootnote11\">\n<p class=\"sdfootnote\"><a class=\"sdfootnotesym\" href=\"#sdfootnote11anc\" name=\"sdfootnote11sym\">11<\/a>\u00a0Lm 1, 12.<\/p>\n<\/div>\n<div id=\"sdfootnote12\">\n<p class=\"sdfootnote\"><a class=\"sdfootnotesym\" href=\"#sdfootnote12anc\" name=\"sdfootnote12sym\">12<\/a>\u00a0SANTO AFONSO MARIA DE LIG\u00d3RIO. <i>Op. cit<\/i>., p. 367.<\/p>\n<\/div>\n<div id=\"sdfootnote13\">\n<p class=\"sdfootnote\"><a class=\"sdfootnotesym\" href=\"#sdfootnote13anc\" name=\"sdfootnote13sym\">13<\/a>\u00a0<i>Idem,<\/i> p. 368.<\/p>\n<\/div>\n","protected":false},"excerpt":{"rendered":"<p>A devo\u00e7\u00e3o a Nossa Senhora tem como uma das express\u00f5es mais piedosas e profundas a venera\u00e7\u00e3o \u00e0s suas dores. A venera\u00e7\u00e3o e a devo\u00e7\u00e3o \u00e0s dores de Nossa Senhora tem sua express\u00e3o lit\u00fargica no tempo quaresmal e no dia 15&#8230;<\/p>\n","protected":false},"author":4539,"featured_media":0,"comment_status":"open","ping_status":"open","sticky":false,"template":"","format":"standard","meta":{"_mi_skip_tracking":false,"_monsterinsights_sitenote_active":false,"_monsterinsights_sitenote_note":"","_monsterinsights_sitenote_category":0,"footnotes":""},"categories":[186332],"tags":[],"_links":{"self":[{"href":"https:\/\/blog.cancaonova.com\/tododemaria\/wp-json\/wp\/v2\/posts\/4169"}],"collection":[{"href":"https:\/\/blog.cancaonova.com\/tododemaria\/wp-json\/wp\/v2\/posts"}],"about":[{"href":"https:\/\/blog.cancaonova.com\/tododemaria\/wp-json\/wp\/v2\/types\/post"}],"author":[{"embeddable":true,"href":"https:\/\/blog.cancaonova.com\/tododemaria\/wp-json\/wp\/v2\/users\/4539"}],"replies":[{"embeddable":true,"href":"https:\/\/blog.cancaonova.com\/tododemaria\/wp-json\/wp\/v2\/comments?post=4169"}],"version-history":[{"count":3,"href":"https:\/\/blog.cancaonova.com\/tododemaria\/wp-json\/wp\/v2\/posts\/4169\/revisions"}],"predecessor-version":[{"id":4174,"href":"https:\/\/blog.cancaonova.com\/tododemaria\/wp-json\/wp\/v2\/posts\/4169\/revisions\/4174"}],"wp:attachment":[{"href":"https:\/\/blog.cancaonova.com\/tododemaria\/wp-json\/wp\/v2\/media?parent=4169"}],"wp:term":[{"taxonomy":"category","embeddable":true,"href":"https:\/\/blog.cancaonova.com\/tododemaria\/wp-json\/wp\/v2\/categories?post=4169"},{"taxonomy":"post_tag","embeddable":true,"href":"https:\/\/blog.cancaonova.com\/tododemaria\/wp-json\/wp\/v2\/tags?post=4169"}],"curies":[{"name":"wp","href":"https:\/\/api.w.org\/{rel}","templated":true}]}}