{"id":4242,"date":"2014-09-30T04:00:03","date_gmt":"2014-09-30T07:00:03","guid":{"rendered":"http:\/\/blog.cancaonova.com\/tododemaria\/?p=4242"},"modified":"2014-10-01T17:35:18","modified_gmt":"2014-10-01T20:35:18","slug":"maria-o-feminino-e-a-maternidade","status":"publish","type":"post","link":"https:\/\/blog.cancaonova.com\/tododemaria\/maria-o-feminino-e-a-maternidade\/","title":{"rendered":"Maria, o feminino e a maternidade"},"content":{"rendered":"<p class=\"western\"><strong>A feminilidade e a maternidade da Virgem Maria e o seu ser espelho para toda a Igreja.<\/strong><\/p>\n<p class=\"western\"><a href=\"http:\/\/blog.cancaonova.com\/tododemaria\/files\/2014\/09\/Maria-o-feminino-e-a-maternidade1.jpg\"><img loading=\"lazy\" decoding=\"async\" class=\"alignright size-medium wp-image-4247\" src=\"http:\/\/blog.cancaonova.com\/tododemaria\/files\/2014\/09\/Maria-o-feminino-e-a-maternidade1-195x300.jpg\" alt=\"Maria, o feminino e a maternidade\" width=\"195\" height=\"300\" srcset=\"https:\/\/blog.cancaonova.com\/tododemaria\/files\/2014\/09\/Maria-o-feminino-e-a-maternidade1-195x300.jpg 195w, https:\/\/blog.cancaonova.com\/tododemaria\/files\/2014\/09\/Maria-o-feminino-e-a-maternidade1.jpg 293w\" sizes=\"(max-width: 195px) 100vw, 195px\" \/><\/a>Na Sant\u00edssima Virgem Maria, a feminilidade e tamb\u00e9m a maternidade se realizaram plenamente. \u201cEla \u00e9 espelho da mulher, pois nela se encontra o verdadeiro projeto do Pai em rela\u00e7\u00e3o \u00e0s Suas filhas. A sua maternidade, o seu ser esposa e o seu ser filha completam o ser feminino de Maria, e representam tudo o que a mulher pode ser\u201d<sup><a class=\"sdfootnoteanc\" href=\"#sdfootnote1sym\" name=\"sdfootnote1anc\"><sup>1<\/sup><\/a><\/sup>. Pois, para a mulher, a maternidade, o ser m\u00e3e, \u00e9 a plenitude do seu ser feminino: \u201cO mist\u00e9rio da feminilidade se manifesta e revela em toda a sua profundidade mediante a maternidade\u201d<a class=\"sdfootnoteanc\" href=\"#sdfootnote2sym\" name=\"sdfootnote2anc\"><sup>2<\/sup><\/a>. Na Virgem Maria, esta maternidade, que n\u00e3o \u00e9 apenas biol\u00f3gica, mas tamb\u00e9m espiritual, assume um car\u00e1ter eclesial, que diz respeito n\u00e3o somente \u00e0 todas as mulheres, mas tamb\u00e9m \u00e0 toda a Igreja.<!--more Continue lendo...--><\/p>\n<p class=\"western\" style=\"text-align: center\"><strong><a href=\"http:\/\/feedburner.google.com\/fb\/a\/mailverify?uri=TodoDeMaria\">Receba o conte\u00fado deste blog gratuitamente em seu e-mail.<\/a><\/strong><\/p>\n<p class=\"western\">Toda mulher \u00e9 chamada \u00e0 fecundidade, \u00e0 maternidade, a gerar um novo ser humano<a class=\"sdfootnoteanc\" href=\"#sdfootnote3sym\" name=\"sdfootnote3anc\"><sup>3<\/sup><\/a>, seja biol\u00f3gica ou espiritualmente. Como toda a mulher, a Virgem de Nazar\u00e9 tamb\u00e9m tinha esta voca\u00e7\u00e3o maternal. Entretanto, ela foi escolhida por Deus para uma gravidez incomum, para uma nova maternidade. O Alt\u00edssimo escolheu Nossa Senhora para ser a M\u00e3e do Verbo de Deus encarnado, de Jesus Cristo, o Salvador dos homens<a class=\"sdfootnoteanc\" href=\"#sdfootnote4sym\" name=\"sdfootnote4anc\"><sup>4<\/sup><\/a>. Mais ainda, cooperando de modo singular, com a sua f\u00e9, esperan\u00e7a e ardente caridade, na obra do Salvador, para restaurar nas almas a vida sobrenatural, a Virgem Maria tornou-se nossa \u201cm\u00e3e na ordem da gra\u00e7a\u201d<sup><a class=\"sdfootnoteanc\" href=\"#sdfootnote5sym\" name=\"sdfootnote5anc\"><sup>5<\/sup><\/a><\/sup>. No Calv\u00e1rio, quando Cristo lhe confiou o Disc\u00edpulo Amado, e nele cada um de n\u00f3s<a class=\"sdfootnoteanc\" href=\"#sdfootnote6sym\" name=\"sdfootnote6anc\"><sup>6<\/sup><\/a>, a maternidade de Maria assumiu dimens\u00f5es universais, tornando-se M\u00e3e de toda a humanidade.<\/p>\n<p class=\"western\">Esta maternidade de Nossa Senhora sobre a humanidade est\u00e1 intimamente relacionada com a Igreja. A maternidade da Virgem Maria, que gerou o Filho Unig\u00eanito do Pai por obra do Esp\u00edrito Santo, \u00e9 o \u201cfundamento e o modelo do nascimento sacramental de Cristo por obra do Esp\u00edrito Santo da Virgem Igreja\u201d<sup><a class=\"sdfootnoteanc\" href=\"#sdfootnote7sym\" name=\"sdfootnote7anc\"><sup>7<\/sup><\/a><\/sup>. No Sacramento do Batismo, a Igreja torna-se m\u00e3e de todos os fi\u00e9is por obra do Esp\u00edrito, permanecendo virgem. Imitando a M\u00e3e de Deus, \u201ca Santa Igreja \u00e9 virgem e d\u00e1 \u00e0 luz\u201d<sup><a class=\"sdfootnoteanc\" href=\"#sdfootnote8sym\" name=\"sdfootnote8anc\"><sup>8<\/sup><\/a><\/sup> e, tamb\u00e9m \u00e0 imita\u00e7\u00e3o dela, d\u00e1 \u00e0 luz e permanece virgem. Tal gera\u00e7\u00e3o virginal somente \u00e9 poss\u00edvel gra\u00e7as \u00e0 a\u00e7\u00e3o sobrenatural do Esp\u00edrito presente nos Sacramentos, especialmente no Batismo. Neste Sacramento, no Esp\u00edrito Santo, a \u201cIgreja gera os membros de Cristo\u201d<sup><a class=\"sdfootnoteanc\" href=\"#sdfootnote9sym\" name=\"sdfootnote9anc\"><sup>9<\/sup><\/a><\/sup> e nisso ela \u00e9 semelhante a Virgem Maria, tornando-se ela tamb\u00e9m m\u00e3e dos crist\u00e3os. Consequentemente, como membros do Corpo M\u00edstico de Cristo, somos tamb\u00e9m chamados a gerar novos crist\u00e3os, no Esp\u00edrito, especialmente pela caridade, pela prega\u00e7\u00e3o e pelo testemunho do Evangelho.<\/p>\n<p class=\"western\"><strong>Assista aula do <a title=\"Padre Paulo Ricardo\" href=\"https:\/\/padrepauloricardo.org\/\" target=\"_blank\">Padre Paulo Ricardo<\/a> sobre a &#8220;<a title=\"Maternidade\" href=\"https:\/\/padrepauloricardo.org\/episodios\/maternidade\" target=\"_blank\">Maternidade<\/a>&#8220;:<\/strong>\u00a0<iframe loading=\"lazy\" width=\"640\" height=\"360\" src=\"\/\/www.youtube-nocookie.com\/embed\/wrFS1MX8JFE?rel=0\" frameborder=\"0\" allowfullscreen><\/iframe><\/p>\n<p class=\"western\"><strong>Ou\u00e7a aula do Padre Paulo Ricardo sobre a &#8220;Maternidade&#8221;:<\/strong>\u00a0<iframe loading=\"lazy\" width=\"100%\" height=\"166\" scrolling=\"no\" frameborder=\"no\" src=\"https:\/\/w.soundcloud.com\/player\/?url=https%3A\/\/api.soundcloud.com\/tracks\/89442228&color=ff6600&show_artwork=false\"><\/iframe><\/p>\n<p class=\"western\" align=\"justify\">A M\u00e3e de Jesus recebeu por gra\u00e7a a mais alta das capacidades de f\u00e9 e de amor, por isso tornou-se, ao mesmo tempo, \u201cimagem primordial proeminente\u201d<sup><a class=\"sdfootnoteanc\" href=\"#sdfootnote10sym\" name=\"sdfootnote10anc\"><sup>10<\/sup><\/a><\/sup> da Igreja e \u201cmodelo a imitar\u201d<sup><a class=\"sdfootnoteanc\" href=\"#sdfootnote11sym\" name=\"sdfootnote11anc\"><sup>11<\/sup><\/a><\/sup>. A Igreja j\u00e1 est\u00e1 presente na Encarna\u00e7\u00e3o do Verbo, por\u00e9m ainda n\u00e3o enquanto institui\u00e7\u00e3o organizada. \u201cEm Maria a Igreja j\u00e1 assumiu a figura corp\u00f3rea antes de estar antes de estar organizada em Pedro\u201d<sup><a class=\"sdfootnoteanc\" href=\"#sdfootnote12sym\" name=\"sdfootnote12anc\"><sup>12<\/sup><\/a><\/sup>. Como Maria, a Igreja \u00e9, desde o princ\u00edpio, m\u00e3e e tem como miss\u00e3o realizar essa maternidade, que significa gerar os filhos de Deus. A Igreja \u00e9 essencialmente feminina, no sentido que ela \u00e9, \u00e0 semelhan\u00e7a de Maria, esposa e m\u00e3e, por isso, deve abrir-se ao Esp\u00edrito Santo, para que aconte\u00e7a a gera\u00e7\u00e3o dos filhos de Deus. A voca\u00e7\u00e3o feminina, esponsal e materna da Sant\u00edssima Virgem nos ajuda a compreender que \u201ca ess\u00eancia da Igreja \u00e9 &#8216;mariana&#8217;\u201d<sup><a class=\"sdfootnoteanc\" href=\"#sdfootnote13sym\" name=\"sdfootnote13anc\"><sup>13<\/sup><\/a><\/sup>, por isso, antes de ser institui\u00e7\u00e3o organizada em Pedro<a class=\"sdfootnoteanc\" href=\"#sdfootnote14sym\" name=\"sdfootnote14anc\"><sup>14<\/sup><\/a>, a primeira miss\u00e3o da Igreja \u00e9 ser mariana. Em tempos nos quais a devo\u00e7\u00e3o a Maria tem sido esquecida ou desprezada por muitos e vivemos uma espiritualidade restrita \u00e0 B\u00edblia e aos Sacramentos, resgatar o ser mariano da Igreja \u00e9 uma tarefa fundamental para que a Igreja seja o que ela \u00e9: m\u00e3e!<\/p>\n<p class=\"western\" align=\"justify\">Assim, a Virgem Maria \u00e9 a primeira Igreja, o primeiro templo vivo de Deus, por isso, ela n\u00e3o \u00e9 somente espelho para a mulher, mas tamb\u00e9m para toda a Igreja. Pois, a voca\u00e7\u00e3o materna da M\u00e3e de Deus, o seu ser esposa e M\u00e3e, que completam seu ser feminino, nos ajuda a compreender que tamb\u00e9m a Igreja \u00e9 chamada a ser esposa e m\u00e3e. Da mesma forma que, para a mulher, a maternidade \u00e9 a plenitude do seu ser feminino, podemos dizer que, pelo fato da Igreja ter nascido feminina em Maria, o mist\u00e9rio da feminilidade eclesial se manifesta e se revela, em toda a sua profundidade, mediante a maternidade, na gera\u00e7\u00e3o dos filhos de Deus. Esta maternidade espiritual da Igreja, que se realiza sacramentalmente no Batismo e nos outros sacramentos, se realiza espiritualmente na vida de todos os filhos de Deus que, \u00e0 semelhan\u00e7a de Maria, se entregam inteiramente \u00e0 vontade do Senhor<a class=\"sdfootnoteanc\" href=\"#sdfootnote15sym\" name=\"sdfootnote15anc\"><sup>15<\/sup><\/a>. Nossa Senhora. M\u00e3e da Igreja, rogai por n\u00f3s!<\/p>\n<p class=\"western\" align=\"justify\"><strong>Refer\u00eancias:<\/strong><\/p>\n<div id=\"sdfootnote1\">\n<p class=\"sdfootnote-western\"><a class=\"sdfootnotesym\" href=\"#sdfootnote1anc\" name=\"sdfootnote1sym\">1<\/a>\u00a0<a title=\"Sandro arquejada\" href=\"https:\/\/www.facebook.com\/sandro.arquejada\" target=\"_blank\">ARQUEJADA, Sandro<\/a>. <a title=\"Maria: humana como n\u00f3s\" href=\"http:\/\/loja.cancaonova.com\/products\/19944-livro-maria-humana-como-nos\" target=\"_blank\">Maria: humana como n\u00f3s<\/a>. S\u00e3o Paulo: Can\u00e7\u00e3o Nova, 2012, p. 36.<\/p>\n<\/div>\n<div id=\"sdfootnote2\">\n<p class=\"sdfootnote-western\"><a class=\"sdfootnotesym\" href=\"#sdfootnote2anc\" name=\"sdfootnote2sym\">2<\/a>\u00a0<a title=\"PAPA JO\u00c3O PAULO II\" href=\"http:\/\/www.vatican.va\/holy_father\/john_paul_ii\/index_po.htm\" target=\"_blank\">PAPA JO\u00c3O PAULO II<\/a>. <a title=\"Audi\u00eancia geral do Papa Jo\u00e3o Paulo II em 12 de Mar\u00e7o de 1980\" href=\"http:\/\/www.vatican.va\/holy_father\/john_paul_ii\/audiences\/1980\/documents\/hf_jp-ii_aud_19800312_po.html\" target=\"_blank\">Audi\u00eancia geral de 12 de Mar\u00e7o de 1980<\/a>.<\/p>\n<\/div>\n<div id=\"sdfootnote3\">\n<p class=\"sdfootnote-western\"><a class=\"sdfootnotesym\" href=\"#sdfootnote3anc\" name=\"sdfootnote3sym\">3<\/a>\u00a0Cf. Gn 1, 28.<\/p>\n<\/div>\n<div id=\"sdfootnote4\">\n<p class=\"sdfootnote-western\"><a class=\"sdfootnotesym\" href=\"#sdfootnote4anc\" name=\"sdfootnote4sym\">4<\/a>\u00a0Cf. Lc 1, 26-38.<\/p>\n<\/div>\n<div id=\"sdfootnote5\">\n<p class=\"sdfootnote-western\"><a class=\"sdfootnotesym\" href=\"#sdfootnote5anc\" name=\"sdfootnote5sym\">5<\/a>\u00a0<span lang=\"en-US\"><a title=\"CONC\u00cdLIO VATICANO II\" href=\"http:\/\/www.vatican.va\/archive\/hist_councils\/ii_vatican_council\/index_po.htm\" target=\"_blank\">CONC\u00cdLIO VATICANO II<\/a>. <a title=\"Constitui\u00e7\u00e3o Dogm\u00e1tica Lumen Gentium\" href=\"http:\/\/www.vatican.va\/archive\/hist_councils\/ii_vatican_council\/documents\/vat-ii_const_19641121_lumen-gentium_po.html\" target=\"_blank\">Constitui\u00e7\u00e3o Dogm\u00e1tica <\/a><\/span><a title=\"Constitui\u00e7\u00e3o Dogm\u00e1tica Lumen Gentium\" href=\"http:\/\/www.vatican.va\/archive\/hist_councils\/ii_vatican_council\/documents\/vat-ii_const_19641121_lumen-gentium_po.html\" target=\"_blank\"><span lang=\"en-US\"><i>Lumen Gentium<\/i><\/span><\/a><span lang=\"en-US\">, <\/span><span lang=\"en-US\">61.<\/span><\/p>\n<\/div>\n<div id=\"sdfootnote6\">\n<p class=\"sdfootnote-western\"><a class=\"sdfootnotesym\" href=\"#sdfootnote6anc\" name=\"sdfootnote6sym\">6<\/a>\u00a0Cf. Jo 19, 26.<\/p>\n<\/div>\n<div id=\"sdfootnote7\">\n<p class=\"sdfootnote-western\"><a class=\"sdfootnotesym\" href=\"#sdfootnote7anc\" name=\"sdfootnote7sym\">7<\/a>\u00a0CANTALAMESSA, Raniero. <i><a title=\"Maria, um espelho para a Igreja\" href=\"http:\/\/loja.editorasantuario.com.br\/produtos\/detalhe\/985\/MARIA_UM_ESPELHO_PARA_A_IGREJA\" target=\"_blank\">Maria, um espelho para a Igreja<\/a>. <\/i>Aparecida: Santu\u00e1rio, 1992, p. 164.<\/p>\n<\/div>\n<div id=\"sdfootnote8\">\n<p class=\"sdfootnote-western\"><a class=\"sdfootnotesym\" href=\"#sdfootnote8anc\" name=\"sdfootnote8sym\">8<\/a>\u00a0<span lang=\"en-US\"><i>Id., ibid.<\/i><\/span><\/p>\n<\/div>\n<div id=\"sdfootnote9\">\n<p class=\"sdfootnote-western\"><a class=\"sdfootnotesym\" href=\"#sdfootnote9anc\" name=\"sdfootnote9sym\">9<\/a>\u00a0<span lang=\"en-US\"><i>Id.,<\/i><\/span><span lang=\"en-US\"> p. 165. <\/span><\/p>\n<\/div>\n<div id=\"sdfootnote10\">\n<p class=\"sdfootnote-western\"><a class=\"sdfootnotesym\" href=\"#sdfootnote10anc\" name=\"sdfootnote10sym\">10<\/a>\u00a0<span lang=\"en-US\">RATZINGER, Cardeal Joseph; BALTHASAR, Hans Urs Von. <\/span><span lang=\"en-US\"><i><a title=\"Maria, Primeira Igreja\" href=\"https:\/\/www.livrarialoyola.com.br\/detalhes.asp?secao=livrosimp&amp;CodId=2&amp;ProductId=268496&amp;Menu=2\" target=\"_blank\">Maria, Primeira Igreja<\/a>. <\/i><\/span><span lang=\"en-US\">Coimbra: Coimbra, 1997,<\/span><span lang=\"en-US\"> p. 109.<\/span><\/p>\n<\/div>\n<div id=\"sdfootnote11\">\n<p class=\"sdfootnote-western\"><a class=\"sdfootnotesym\" href=\"#sdfootnote11anc\" name=\"sdfootnote11sym\">11<\/a>\u00a0<i>Id., ibid.<\/i><\/p>\n<\/div>\n<div id=\"sdfootnote12\">\n<p class=\"sdfootnote-western\" align=\"justify\"><a class=\"sdfootnotesym\" href=\"#sdfootnote12anc\" name=\"sdfootnote12sym\">12<\/a>\u00a0CHAGAS, Francisco das. \u201cO perfil mariano da Igreja\u201d. in <i><a title=\"Maria no cora\u00e7\u00e3o da Igreja: m\u00faltiplos olhares sobre a Mariologia\" href=\"http:\/\/www.paulinas.org.br\/loja\/?system=produtos&amp;action=detalhes&amp;produto=519413\" target=\"_blank\">Maria no cora\u00e7\u00e3o da Igreja: m\u00faltiplos olhares sobre a Mariologia<\/a>.<\/i> S\u00e3o Paulo: Paulinas, 2011, p. 106.<\/p>\n<\/div>\n<div id=\"sdfootnote13\">\n<p class=\"sdfootnote-western\"><a class=\"sdfootnotesym\" href=\"#sdfootnote13anc\" name=\"sdfootnote13sym\">13<\/a>\u00a0<i>Id., ibid.<\/i><\/p>\n<\/div>\n<div id=\"sdfootnote14\">\n<p class=\"sdfootnote-western\"><a class=\"sdfootnotesym\" href=\"#sdfootnote14anc\" name=\"sdfootnote14sym\">14<\/a>\u00a0Cf. Mt 16, 18.<\/p>\n<\/div>\n<div id=\"sdfootnote15\">\n<p class=\"sdfootnote-western\"><a class=\"sdfootnotesym\" href=\"#sdfootnote15anc\" name=\"sdfootnote15sym\">15<\/a>\u00a0Cf. Lc 1, 38.<\/p>\n<\/div>\n","protected":false},"excerpt":{"rendered":"<p>A feminilidade e a maternidade da Virgem Maria e o seu ser espelho para toda a Igreja. Na Sant\u00edssima Virgem Maria, a feminilidade e tamb\u00e9m a maternidade se realizaram plenamente. \u201cEla \u00e9 espelho da mulher, pois nela se encontra o&#8230;<\/p>\n","protected":false},"author":4539,"featured_media":0,"comment_status":"open","ping_status":"open","sticky":false,"template":"","format":"standard","meta":{"_mi_skip_tracking":false,"_monsterinsights_sitenote_active":false,"_monsterinsights_sitenote_note":"","_monsterinsights_sitenote_category":0,"footnotes":""},"categories":[186083,14931],"tags":[],"_links":{"self":[{"href":"https:\/\/blog.cancaonova.com\/tododemaria\/wp-json\/wp\/v2\/posts\/4242"}],"collection":[{"href":"https:\/\/blog.cancaonova.com\/tododemaria\/wp-json\/wp\/v2\/posts"}],"about":[{"href":"https:\/\/blog.cancaonova.com\/tododemaria\/wp-json\/wp\/v2\/types\/post"}],"author":[{"embeddable":true,"href":"https:\/\/blog.cancaonova.com\/tododemaria\/wp-json\/wp\/v2\/users\/4539"}],"replies":[{"embeddable":true,"href":"https:\/\/blog.cancaonova.com\/tododemaria\/wp-json\/wp\/v2\/comments?post=4242"}],"version-history":[{"count":5,"href":"https:\/\/blog.cancaonova.com\/tododemaria\/wp-json\/wp\/v2\/posts\/4242\/revisions"}],"predecessor-version":[{"id":4254,"href":"https:\/\/blog.cancaonova.com\/tododemaria\/wp-json\/wp\/v2\/posts\/4242\/revisions\/4254"}],"wp:attachment":[{"href":"https:\/\/blog.cancaonova.com\/tododemaria\/wp-json\/wp\/v2\/media?parent=4242"}],"wp:term":[{"taxonomy":"category","embeddable":true,"href":"https:\/\/blog.cancaonova.com\/tododemaria\/wp-json\/wp\/v2\/categories?post=4242"},{"taxonomy":"post_tag","embeddable":true,"href":"https:\/\/blog.cancaonova.com\/tododemaria\/wp-json\/wp\/v2\/tags?post=4242"}],"curies":[{"name":"wp","href":"https:\/\/api.w.org\/{rel}","templated":true}]}}