{"id":4298,"date":"2014-10-14T04:00:57","date_gmt":"2014-10-14T07:00:57","guid":{"rendered":"http:\/\/blog.cancaonova.com\/tododemaria\/?p=4298"},"modified":"2014-10-13T15:12:40","modified_gmt":"2014-10-13T18:12:40","slug":"100-anos-do-movimento-de-schoenstatt","status":"publish","type":"post","link":"https:\/\/blog.cancaonova.com\/tododemaria\/100-anos-do-movimento-de-schoenstatt\/","title":{"rendered":"100 anos do Movimento de Schoenstatt"},"content":{"rendered":"<p><strong>O Movimento Apost\u00f3lico de Schoenstatt comemora 100 anos da Alian\u00e7a de Amor com Maria.<\/strong><\/p>\n<div id=\"attachment_4304\" style=\"width: 279px\" class=\"wp-caption alignleft\"><a href=\"http:\/\/blog.cancaonova.com\/tododemaria\/files\/2014\/10\/100-anos-do-Movimento-de-Schoenstatt.jpg\"><img loading=\"lazy\" decoding=\"async\" aria-describedby=\"caption-attachment-4304\" class=\"wp-image-4304 size-medium\" src=\"http:\/\/blog.cancaonova.com\/tododemaria\/files\/2014\/10\/100-anos-do-Movimento-de-Schoenstatt-269x300.jpg\" alt=\"100-anos-do-Movimento-de-Schoenstatt\" width=\"269\" height=\"300\" \/><\/a><p id=\"caption-attachment-4304\" class=\"wp-caption-text\">100 anos da Alian\u00e7a de Amor com Maria<\/p><\/div>\n<p>Em 2014, o <a title=\"Movimento Apost\u00f3lico de Schoenstatt\" href=\"http:\/\/www.schoenstatt.org\/pt\/\" target=\"_blank\">Movimento Apost\u00f3lico de Schoenstatt<\/a> completa 100 anos de exist\u00eancia. Conhecido tamb\u00e9m como <a title=\"Alian\u00e7a de Amor com Maria\" href=\"http:\/\/www.schoenstatt.org\/pt\/conhecendo-schoenstatt\/a-virgem-maria.htm\" target=\"_blank\">Alian\u00e7a de Amor com Maria<\/a>, uma forma de consagra\u00e7\u00e3o a M\u00e3e de Deus, o Movimento foi fundado em 18 de Outubro de 1914 pelo\u00a0<a title=\"Padre Jos\u00e9 Kentenich\" href=\"http:\/\/www.schoenstatt.org\/pt\/conhecendo-schoenstatt\/o-fundador-p-jose-kentenich.htm\" target=\"_blank\">Padre Jos\u00e9 Kentenich<\/a> (1885-1968), em uma pequena capela\u00a0no vale de Schoenstatt, na Alemanha. Em 1915, pela provid\u00eancia divina a imagem oficial do Movimento tornou-se a\u00a0M\u00e3e Rainha e Vencedora Tr\u00eas Vezes Admir\u00e1vel de Schoenstatt. De 1 a 7 de fevereiro de 2009, a Confer\u00eancia 2014 deu in\u00edcio, em n\u00edvel mundial, a prepara\u00e7\u00e3o para o\u00a0centen\u00e1rio da Alian\u00e7a de Amor. A\u00a0Fam\u00edlia Internacional de Schoenstatt, viveu\u00a0conjuntamente o tri\u00eanio: Ano da corrente do Pai (18\/10\/2010 &#8211; 18\/10\/2011);\u00a0Ano da corrente do Santu\u00e1rio (18\/10\/2011 &#8211; 18\/10\/2012);\u00a0Ano da corrente mission\u00e1ria (18\/10\/2012 &#8211; 18\/10\/2013). No ano de 2014 (18\/10\/13 &#8211; 18\/10\/14), Schoenstatt vive o ano de gra\u00e7a e ano jubilar do Movimento, o ano da\u00a0Alian\u00e7a de Amor.\u00a0O\u00a0encerramento deste ano jubilar ser\u00e1 no dia 18 de outubro de 2014, com uma grande peregrina\u00e7\u00e3o ao Santu\u00e1rio Original de Schoenstatt, na Alemanha, a\u00a0partir de\u00a0Roma, na It\u00e1lia.<\/p>\n<p><!--more Continue lendo...--><\/p>\n<p style=\"text-align: center\"><strong><a href=\"http:\/\/feedburner.google.com\/fb\/a\/mailverify?uri=TodoDeMaria\">Receba o conte\u00fado deste blog gratuitamente em seu e-mail.<\/a><\/strong><\/p>\n<p>O Movimento\u00a0de Schoenstatt internacional vive\u00a0um momento hist\u00f3rico, est\u00e1 fraternalmente unido, seus membros caminham juntos para levar a Alian\u00e7a de Amor at\u00e9 os confins do mundo. Para conhecer um pouco mais sobre esta obra de Deus e da Virgem Maria, assista\u00a0uma s\u00e9rie de reportagens especiais que a <a title=\"TV Can\u00e7\u00e3o Nova\" href=\"http:\/\/tv.cancaonova.com\/\" target=\"_blank\">TV Can\u00e7\u00e3o Nova<\/a> preparou sobre os 100\u00a0anos do Movimento de Schoenstatt. Nesta primeira mat\u00e9ria, <a title=\"Conhe\u00e7a a hist\u00f3ria do Movimento de Schoenstatt\" href=\"https:\/\/www.youtube.com\/watch?v=ceX3m1ePHGM\" target=\"_blank\">conhe\u00e7a o in\u00edcio da hist\u00f3ria do Movimento de Schoenstatt<\/a>, que chegou no Brasil no ano de 1935, com as primeiras mission\u00e1rias, em Londrina, no Paran\u00e1.<\/p>\n<iframe loading=\"lazy\" width=\"640\" height=\"360\" src=\"\/\/www.youtube-nocookie.com\/embed\/ceX3m1ePHGM?rel=0\" frameborder=\"0\" allowfullscreen><\/iframe>\n<p>A pedra fundamental do Santu\u00e1rio de Schoenstatt no Brasil foi colocada no dia 7 de setembro 1947, que na hist\u00f3ria \u00e9 um dia\u00a0especial para a na\u00e7\u00e3o brasileira. Nesta reportagem especial sobre o Movimento Apost\u00f3lico de Schoenstatt, <a title=\"Conhe\u00e7a o Santu\u00e1rio de Schoenstatt no Brasil\" href=\"https:\/\/www.youtube.com\/watch?v=picyIBueIjw\" target=\"_blank\">saiba como come\u00e7ou\u00a0a constru\u00e7\u00e3o do Santu\u00e1rio de\u00a0Santa Maria<\/a>, no Rio Grande do Sul, o primeiro em nosso pa\u00eds.<\/p>\n<iframe loading=\"lazy\" width=\"640\" height=\"360\" src=\"\/\/www.youtube-nocookie.com\/embed\/picyIBueIjw?rel=0\" frameborder=\"0\" allowfullscreen><\/iframe>\n<p>Na terceira reportagem do especial dos 100\u00a0anos\u00a0do Movimento de Schoenstatt, <a title=\"Conhe\u00e7a o in\u00edcio da devo\u00e7\u00e3o a Nossa Senhora de Schoenstatt no Brasil\" href=\"https:\/\/www.youtube.com\/watch?v=is3dr8HVEuU\" target=\"_blank\">vamos conhecer a origem da devo\u00e7\u00e3o \u00e0 M\u00e3e Peregrina<\/a>, que come\u00e7ou pelas m\u00e3os do di\u00e1cono Jo\u00e3o Luiz Pozzobon.<\/p>\n<iframe loading=\"lazy\" width=\"640\" height=\"360\" src=\"\/\/www.youtube-nocookie.com\/embed\/is3dr8HVEuU?rel=0\" frameborder=\"0\" allowfullscreen><\/iframe>\n<p>Nesta reportagem sobre o centen\u00e1rio do Movimento de Schoenstatt, <a title=\"Entenda a espiritualidade do Movimento de Sch\u00f6enstatt\" href=\"https:\/\/www.youtube.com\/watch?v=qk6jd03urSI\" target=\"_blank\">vamos aprofundar a viv\u00eancia da espiritualidade da Alian\u00e7a de Amor com Maria<\/a>.<\/p>\n<iframe loading=\"lazy\" width=\"640\" height=\"360\" src=\"\/\/www.youtube-nocookie.com\/embed\/qk6jd03urSI?rel=0\" frameborder=\"0\" allowfullscreen><\/iframe>\n<p>Neste especial dos\u00a0100 anos do Movimento de Schoenstatt, <a title=\"50 mil fam\u00edlias recebem a visita da 'M\u00e3e Peregrina', no RJ\" href=\"https:\/\/www.youtube.com\/watch?v=_GXFYNblECQ\" target=\"_blank\">conhe\u00e7a\u00a0o Santu\u00e1rio localizado na cidade maravilhosa, Rio de Janeiro<\/a>, e a devo\u00e7\u00e3o dos cariocas a Virgem Maria.<\/p>\n<iframe loading=\"lazy\" width=\"640\" height=\"360\" src=\"\/\/www.youtube-nocookie.com\/embed\/_GXFYNblECQ?rel=0\" frameborder=\"0\" allowfullscreen><\/iframe>\n<p>Na celebra\u00e7\u00e3o dos 100 anos do Movimento de Schoenstatt, uma\u00a0equipe da TV Can\u00e7\u00e3o Nova visitou a cidade de S\u00e3o Paulo para mostrar <a title=\"Conhe\u00e7a o Santu\u00e1rio de Schoenstatt em S\u00e3o Paulo\" href=\"https:\/\/www.youtube.com\/watch?v=s2xsZX5hIFQ\" target=\"_blank\">um verdadeiro o\u00e1sis em meio \u00e0 agita\u00e7\u00e3o e correria<\/a> desta grande metr\u00f3pole.<\/p>\n<iframe loading=\"lazy\" width=\"640\" height=\"360\" src=\"\/\/www.youtube-nocookie.com\/embed\/s2xsZX5hIFQ?rel=0\" frameborder=\"0\" allowfullscreen><\/iframe>\n<p>Centenas de fi\u00e9is do Movimento que venera Nossa Senhora M\u00e3e Rainha participaram, no dia 28 de Setembro, da <a title=\"Fi\u00e9is comemoram 100 anos do Movimento de Sch\u00f6enstatt no Brasil \" href=\"https:\/\/www.youtube.com\/watch?v=b8rLeMDt7jk\" target=\"_blank\">celebra\u00e7\u00e3o da Santa Missa em a\u00e7\u00e3o de gra\u00e7as pelos 100 anos de hist\u00f3ria do apostolado<\/a> no pa\u00eds, na Catedral da S\u00e9, em S\u00e3o Paulo.\u00a0Assista v\u00eddeo da TV Can\u00e7\u00e3o Nova com a reportagem sobre o evento:<\/p>\n<iframe loading=\"lazy\" width=\"640\" height=\"360\" src=\"\/\/www.youtube-nocookie.com\/embed\/b8rLeMDt7jk?rel=0\" frameborder=\"0\" allowfullscreen><\/iframe>\n<p>No encerramento do jubileu de <a title=\"100 anos da Alian\u00e7a de Amor com Maria\" href=\"http:\/\/www.schoenstatt.org\/pt\/noticias\/2014-2.htm\" target=\"_blank\">100 anos da Alian\u00e7a de Amor com Maria<\/a>, acontecer\u00e1 uma\u00a0peregrina\u00e7\u00e3o aberta ao Santu\u00e1rio Original, no dia 18 de outubro de 2014\u00a0e, de modo especial, a\u00a0celebra\u00e7\u00e3o no local de origem, em conex\u00e3o simult\u00e2nea com toda Fam\u00edlia do Movimento de Schoenstatt espalhada por todo o mundo. O encerramento do ano jubilar manifesta a amplitude da irradia\u00e7\u00e3o da corrente de gra\u00e7as que nasceu no Santu\u00e1rio Original e a grande fecundidade do Movimento, que retorna a Schoenstatt depois de 100 anos. A celebra\u00e7\u00e3o\u00a0do jubileu\u00a0ter\u00e1\u00a0como outro p\u00f3lo Roma, a Cidade Eterna. Com seu\u00a0Pai, Padre Kentenich, os membros se unem\u00a0no cora\u00e7\u00e3o da Igreja para renovar o\u00a0compromisso eclesial e acentuar o\u00a0car\u00e1ter mission\u00e1rio do Movimento. Juntos, levar\u00e3o\u00a0os frutos de todos\u00a0os\u00a0Santu\u00e1rios e seus projetos apost\u00f3licos como presente ao\u00a0Papa Francisco\u00a0e pedir\u00e3o a b\u00ean\u00e7\u00e3o de envio. Dessa forma, realiza-se\u00a0o desejo do Fundador, que est\u00e1 expresso no Santu\u00e1rio de Belmonte, em Roma, em latim: <em>Omnia Matri Ecclesiae\u00a0<\/em>(tudo para a M\u00e3e da Igreja).\u00a0M\u00e3e Rainha e Vencedora Tr\u00eas Vezes Admir\u00e1vel de Schoenstatt, rogai por n\u00f3s!<\/p>\n<p><strong>Confira a programa\u00e7\u00e3o da TV Can\u00e7\u00e3o Nova na comemora\u00e7\u00e3o dos\u00a0100 anos do Movimento de Schoenstatt:<\/strong><\/p>\n<p><strong><a title=\"TV Can\u00e7\u00e3o Nova transmite celebra\u00e7\u00f5es dos 100 anos de Schoenstatt\" href=\"http:\/\/noticias.cancaonova.com\/tv-cancao-nova-transmite-celebracoes-dos-100-anos-de-schoenstatt\/\" target=\"_blank\">TV Can\u00e7\u00e3o Nova transmite celebra\u00e7\u00f5es dos 100 anos de Schoenstatt<\/a><\/strong><\/p>\n","protected":false},"excerpt":{"rendered":"<p>O Movimento Apost\u00f3lico de Schoenstatt comemora 100 anos da Alian\u00e7a de Amor com Maria. Em 2014, o Movimento Apost\u00f3lico de Schoenstatt completa 100 anos de exist\u00eancia. Conhecido tamb\u00e9m como Alian\u00e7a de Amor com Maria, uma forma de consagra\u00e7\u00e3o a M\u00e3e&#8230;<\/p>\n","protected":false},"author":4539,"featured_media":0,"comment_status":"open","ping_status":"open","sticky":false,"template":"","format":"standard","meta":{"_mi_skip_tracking":false,"_monsterinsights_sitenote_active":false,"_monsterinsights_sitenote_note":"","_monsterinsights_sitenote_category":0,"footnotes":""},"categories":[47],"tags":[],"_links":{"self":[{"href":"https:\/\/blog.cancaonova.com\/tododemaria\/wp-json\/wp\/v2\/posts\/4298"}],"collection":[{"href":"https:\/\/blog.cancaonova.com\/tododemaria\/wp-json\/wp\/v2\/posts"}],"about":[{"href":"https:\/\/blog.cancaonova.com\/tododemaria\/wp-json\/wp\/v2\/types\/post"}],"author":[{"embeddable":true,"href":"https:\/\/blog.cancaonova.com\/tododemaria\/wp-json\/wp\/v2\/users\/4539"}],"replies":[{"embeddable":true,"href":"https:\/\/blog.cancaonova.com\/tododemaria\/wp-json\/wp\/v2\/comments?post=4298"}],"version-history":[{"count":21,"href":"https:\/\/blog.cancaonova.com\/tododemaria\/wp-json\/wp\/v2\/posts\/4298\/revisions"}],"predecessor-version":[{"id":4311,"href":"https:\/\/blog.cancaonova.com\/tododemaria\/wp-json\/wp\/v2\/posts\/4298\/revisions\/4311"}],"wp:attachment":[{"href":"https:\/\/blog.cancaonova.com\/tododemaria\/wp-json\/wp\/v2\/media?parent=4298"}],"wp:term":[{"taxonomy":"category","embeddable":true,"href":"https:\/\/blog.cancaonova.com\/tododemaria\/wp-json\/wp\/v2\/categories?post=4298"},{"taxonomy":"post_tag","embeddable":true,"href":"https:\/\/blog.cancaonova.com\/tododemaria\/wp-json\/wp\/v2\/tags?post=4298"}],"curies":[{"name":"wp","href":"https:\/\/api.w.org\/{rel}","templated":true}]}}