{"id":4691,"date":"2015-11-04T08:00:40","date_gmt":"2015-11-04T10:00:40","guid":{"rendered":"http:\/\/blog.cancaonova.com\/tododemaria\/?p=4691"},"modified":"2015-12-12T11:52:56","modified_gmt":"2015-12-12T13:52:56","slug":"a-virgem-maria-sinal-de-salvacao","status":"publish","type":"post","link":"https:\/\/blog.cancaonova.com\/tododemaria\/a-virgem-maria-sinal-de-salvacao\/","title":{"rendered":"A Virgem Maria: sinal de salva\u00e7\u00e3o"},"content":{"rendered":"<p class=\"western\"><b>A verdadeira devo\u00e7\u00e3o a Virgem Maria como sinal infal\u00edvel de salva\u00e7\u00e3o para o g\u00eanero humano.<\/b><\/p>\n<div id=\"attachment_4693\" style=\"width: 256px\" class=\"wp-caption alignright\"><a href=\"http:\/\/blog.cancaonova.com\/tododemaria\/files\/2015\/11\/A-Virgem-Maria-sinal-de-salva\u00e7\u00e3o.jpg\"><img loading=\"lazy\" decoding=\"async\" aria-describedby=\"caption-attachment-4693\" class=\"size-medium wp-image-4693\" src=\"http:\/\/blog.cancaonova.com\/tododemaria\/files\/2015\/11\/A-Virgem-Maria-sinal-de-salva\u00e7\u00e3o-246x300.jpg\" alt=\"A verdadeira devo\u00e7\u00e3o a Virgem Maria como sinal infal\u00edvel de salva\u00e7\u00e3o para a humanidade\" width=\"246\" height=\"300\" srcset=\"https:\/\/blog.cancaonova.com\/tododemaria\/files\/2015\/11\/A-Virgem-Maria-sinal-de-salva\u00e7\u00e3o-246x300.jpg 246w, https:\/\/blog.cancaonova.com\/tododemaria\/files\/2015\/11\/A-Virgem-Maria-sinal-de-salva\u00e7\u00e3o.jpg 1023w\" sizes=\"(max-width: 246px) 100vw, 246px\" \/><\/a><p id=\"caption-attachment-4693\" class=\"wp-caption-text\">Imaculada Concei\u00e7\u00e3o<\/p><\/div>\n<p class=\"western\">Na hist\u00f3ria da Igreja, o amor e a devo\u00e7\u00e3o a Sant\u00edssima Virgem Maria \u00e9 um dos sinais da salva\u00e7\u00e3o, da vit\u00f3ria de Jesus Cristo no madeiro da Cruz. No Antigo Testamento, \u201ca virgem, o madeiro e a morte foram os sinais da nossa derrota. A virgem era Eva, pois ainda n\u00e3o conhecera var\u00e3o. O madeiro era a \u00e1rvore; a morte, o castigo de Ad\u00e3o. Mas agora, a virgem, o madeiro e a morte, que foram os sinais da nossa derrota, tornaram-se os sinais da nossa vit\u00f3ria. Com efeito, em vez de Eva est\u00e1 Maria; em vez da \u00e1rvore do bem e do mal est\u00e1 o madeiro da cruz; em vez da morte de Ad\u00e3o est\u00e1 a morte de Cristo\u201d<a class=\"sdfootnoteanc\" href=\"#sdfootnote1sym\" name=\"sdfootnote1anc\"><sup>1<\/sup><\/a>. Dessa forma, na Nova Cria\u00e7\u00e3o, temos a Virgem Maria, o madeiro da Cruz e a morte de Cristo como sinais da Salva\u00e7\u00e3o. A respeito do primeiro sinal de salva\u00e7\u00e3o, Isa\u00edas j\u00e1 havia profetizado: \u201cPor isso, o pr\u00f3prio Senhor vos dar\u00e1 um sinal: uma virgem conceber\u00e1 e dar\u00e1 \u00e0 luz um filho, e o chamar\u00e1 &#8216;Deus Conosco&#8217;\u201d<a class=\"sdfootnoteanc\" href=\"#sdfootnote2sym\" name=\"sdfootnote2anc\"><sup>2<\/sup><\/a>. Na Nova Alian\u00e7a, a Virgem Maria, a Nova Eva<a class=\"sdfootnoteanc\" href=\"#sdfootnote3sym\" name=\"sdfootnote3anc\"><sup>3<\/sup><\/a>, precede Jesus Cristo, o \u201cNovo Ad\u00e3o\u201d<a class=\"sdfootnoteanc\" href=\"#sdfootnote4sym\" name=\"sdfootnote4anc\"><sup>4<\/sup><\/a>.<!--more Continue lendo...--><\/p>\n<p class=\"western\" style=\"text-align: center\"><strong><a href=\"http:\/\/feedburner.google.com\/fb\/a\/mailverify?uri=TodoDeMaria\" target=\"_blank\">Receba o conte\u00fado deste blog gratuitamente em seu e-mail.<\/a><\/strong><\/p>\n<p class=\"western\"><b>O sinal da Virgem Maria<\/b><\/p>\n<p class=\"western\">A Cruz e a morte de Cristo se fazem presentes em nossas vidas atrav\u00e9s do seguimento do Senhor, da renuncia de n\u00f3s mesmos e do tomar a nossa cruz<a class=\"sdfootnoteanc\" href=\"#sdfootnote5sym\" name=\"sdfootnote5anc\"><sup>5<\/sup><\/a>, e estes s\u00e3o sinais infal\u00edveis de salva\u00e7\u00e3o por excel\u00eancia. Mas, como se manifesta o sinal da Virgem Maria em nossa exist\u00eancia terrena? <a href=\"http:\/\/blog.cancaonova.com\/tododemaria\/biografia-de-sao-luis-maria\/\" target=\"_blank\">S\u00e3o Lu\u00eds Maria Grignion de Montfort<\/a> ensina, no seu livro \u201c<a href=\"http:\/\/blog.cancaonova.com\/tododemaria\/tratado\/\" target=\"_blank\">Tratado da Verdadeira Devo\u00e7\u00e3o \u00e0 Sant\u00edssima Virgem<\/a>\u201d, que \u201co sinal mais infal\u00edvel e indubit\u00e1vel para distinguir um her\u00e9tico, um homem de m\u00e1 doutrina, um r\u00e9probo de um predestinado, \u00e9 que o her\u00e9tico e o r\u00e9probo n\u00e3o t\u00eam sen\u00e3o desprezo ou indiferen\u00e7a pela Sant\u00edssima Virgem. Com suas palavras e exemplos, abertamente ou \u00e0s ocultas, esfor\u00e7am-se por lhe diminuir o culto e o amor, e isso por vezes sob belos pretextos. Ah! Deus Pai n\u00e3o disse a Maria para habitar com eles, porque s\u00e3o Esa\u00fas\u201d<a class=\"sdfootnoteanc\" href=\"#sdfootnote6sym\" name=\"sdfootnote6anc\"><sup>6<\/sup><\/a>.<\/p>\n<p class=\"western\"><b>Sinal infal\u00edvel de condena\u00e7\u00e3o: n\u00e3o ter estima e amor a Maria<\/b><\/p>\n<p class=\"western\">A este respeito desses \u201cEsa\u00fas\u201d, que s\u00e3o figura dos condenados, \u201co douto e piedoso Su\u00e1rez, da Companhia de Jesus, o s\u00e1bio e devoto Justo L\u00edpsio, doutor da universidade de Lovaina, e muitos outros, provaram incontestavelmente, apoiados na opini\u00e3o dos Santos Padres, entre outros, Santo Agostinho, Santo Efr\u00e9m, di\u00e1cono de Edessa, S\u00e3o Cirilo de Jerusal\u00e9m, S\u00e3o Germano de Constantinopla, S\u00e3o Jo\u00e3o de Damasco, Santo Anselmo, S\u00e3o Bernardo, S\u00e3o Bernardino, Santo Tom\u00e1s e S\u00e3o Boaventura, que a devo\u00e7\u00e3o \u00e0 Sant\u00edssima Virgem \u00e9 necess\u00e1ria \u00e0 salva\u00e7\u00e3o, e que \u00e9 um sinal infal\u00edvel de condena\u00e7\u00e3o \u2013 opini\u00e3o do pr\u00f3prio Ecolamp\u00e1dio e v\u00e1rios outros hereges \u2013 n\u00e3o ter estima e amor \u00e0 Sant\u00edssima Virgem. Ao contr\u00e1rio, \u00e9 ind\u00edcio certo de predestina\u00e7\u00e3o, ser-lhe inteira e verdadeiramente devotado\u201d<a class=\"sdfootnoteanc\" href=\"#sdfootnote7sym\" name=\"sdfootnote7anc\"><sup>7<\/sup><\/a>.<\/p>\n<p class=\"western\"><b>Sinal de salva\u00e7\u00e3o: a devo\u00e7\u00e3o a Nossa Senhora<\/b><\/p>\n<p class=\"western\">Segundo o S\u00e3o Lu\u00eds Maria, \u201conde est\u00e1 Maria, n\u00e3o entra o esp\u00edrito maligno; e um dos sinais mais infal\u00edveis de que se est\u00e1 sendo conduzido pelo bom Esp\u00edrito, \u00e9 a circunst\u00e2ncia de ser muito devoto de Maria, de pensar nela muitas vezes, e de falar-lhe frequentemente. \u00c9 esta a opini\u00e3o de um santo<a class=\"sdfootnoteanc\" href=\"#sdfootnote8sym\" name=\"sdfootnote8anc\"><sup>8<\/sup><\/a> que acrescenta que, como a respira\u00e7\u00e3o \u00e9 sinal inconfund\u00edvel de que o corpo n\u00e3o est\u00e1 morto, o pensamento ass\u00edduo e a invoca\u00e7\u00e3o amorosa de Maria \u00e9 um sinal certo de que a alma n\u00e3o est\u00e1 morta pelo pecado\u201d<a class=\"sdfootnoteanc\" href=\"#sdfootnote9sym\" name=\"sdfootnote9anc\"><sup>9<\/sup><\/a>. Nesta certeza, Montfort convida: \u201cos fi\u00e9is servos da Sant\u00edssima Virgem digam, portanto, com a ousadia de S\u00e3o Jo\u00e3o Damasceno: \u201cTenho confian\u00e7a em V\u00f3s, \u00f3 M\u00e3e de Deus, serei salvo. Tendo a Vossa prote\u00e7\u00e3o, nada temerei. Com o Vosso socorro combaterei e porei em debandada os meus inimigos: porque a Vossa Devo\u00e7\u00e3o \u00e9 uma arma de salva\u00e7\u00e3o que Deus d\u00e1 aos que quer salvar!\u201d<a class=\"sdfootnoteanc\" href=\"#sdfootnote10sym\" name=\"sdfootnote10anc\"><sup>10<\/sup><\/a>.<\/p>\n<p class=\"western\"><strong>Assista programa\u00a0do Padre Paulo Ricardo sobre a &#8220;<a href=\"https:\/\/padrepauloricardo.org\/episodios\/devocao-a-santissima-virgem-maria\" target=\"_blank\">Devo\u00e7\u00e3o \u00e0 Sant\u00edssima Virgem Maria<\/a>&#8220;:<\/strong><\/p>\n<p class=\"western\"><iframe loading=\"lazy\" width=\"640\" height=\"360\" src=\"https:\/\/www.youtube-nocookie.com\/embed\/gJJVP2ZyTFk?rel=0\" frameborder=\"0\" allowfullscreen><\/iframe><\/p>\n<p class=\"western\"><strong>Ou\u00e7a programa\u00a0do Padre Paulo Ricardo sobre a &#8220;Devo\u00e7\u00e3o \u00e0 Sant\u00edssima Virgem Maria&#8221;:<\/strong><\/p>\n<p class=\"western\"><iframe loading=\"lazy\" width=\"100%\" height=\"166\" scrolling=\"no\" frameborder=\"no\" src=\"https:\/\/w.soundcloud.com\/player\/?url=https%3A\/\/api.soundcloud.com\/tracks\/52024003&color=ff5500&show_artwork=false\"><\/iframe><\/p>\n<p class=\"western\"><b>Sinal de predestina\u00e7\u00e3o: a imita\u00e7\u00e3o das virtudes de Maria<\/b><\/p>\n<p class=\"western\">Al\u00e9m da devo\u00e7\u00e3o mariana, \u201cos predestinados seguem os caminhos da Sant\u00edssima Virgem, sua boa M\u00e3e. Isto \u00e9, imitam-na, e \u00e9 nisto que consiste verdadeiramente a sua felicidade e devo\u00e7\u00e3o. \u00c9 este o sinal infal\u00edvel da sua predestina\u00e7\u00e3o como lhes assegura esta boa M\u00e3e: &#8216;Bem-aventurados os que praticam as minhas virtudes e caminham nas pegadas da minha vida, com o aux\u00edlio da divina gra\u00e7a&#8217;<a class=\"sdfootnoteanc\" href=\"#sdfootnote11sym\" name=\"sdfootnote11anc\"><sup>11<\/sup><\/a>. S\u00e3o felizes neste mundo, durante a vida, pela abund\u00e2ncia das gra\u00e7as e do\u00e7uras que da minha plenitude lhes comunico mais abundantemente que \u00e0queles que n\u00e3o me imitam de t\u00e3o perto. S\u00e3o felizes na morte, que \u00e9 doce e tranquila, e a que assisto ordinariamente, para os conduzir, eu mesma, \u00e0s alegrias eternas. Finalmente, ser\u00e3o felizes na eternidade, porque nunca nenhum dos meus servos dedicados, que imitou as minhas virtudes durante a vida, se veio a perder\u201d<a class=\"sdfootnoteanc\" href=\"#sdfootnote12sym\" name=\"sdfootnote12anc\"><sup>12<\/sup><\/a>. Os condenados, ao contr\u00e1rio, \u201cs\u00e3o infelizes durante a vida, na morte e na eternidade, porque n\u00e3o imitam as virtudes de Maria. Contentam-se t\u00e3o somente de pertencer a alguma de suas confrarias, de recitar qualquer prece em sua honra, ou de realizar alguma outra devo\u00e7\u00e3o externa\u201d<a class=\"sdfootnoteanc\" href=\"#sdfootnote13sym\" name=\"sdfootnote13anc\"><sup>13<\/sup><\/a>.<\/p>\n<p class=\"western\"><b>Sinal de condena\u00e7\u00e3o: desprezo \u00e0 Ave-Maria e ao Ter\u00e7o<\/b><\/p>\n<p class=\"western\">A respeito da ora\u00e7\u00e3o da Ave-Maria, a Sant\u00edssima Virgem revelou ao Bem-aventurado Alano da Rocha: \u201cFica sabendo, meu filho, e f\u00e1-lo saber a todos, que um sinal prov\u00e1vel e pr\u00f3ximo de condena\u00e7\u00e3o eterna \u00e9 ter avers\u00e3o, tibieza e neglig\u00eancia em rezar a Sauda\u00e7\u00e3o Ang\u00e9lica, que salvou todo o mundo\u201d<a class=\"sdfootnoteanc\" href=\"#sdfootnote14sym\" name=\"sdfootnote14anc\"><sup>14<\/sup><\/a>. Palavras consoladoras e, ao mesmo tempo, terr\u00edveis, que dificilmente acreditar\u00edamos se n\u00e3o tiv\u00e9ssemos este testemunho, bem como de S\u00e3o Domingos e de muitos outros grandes homens de Deus. \u201cSempre se verificou que os que trazem o sinal da condena\u00e7\u00e3o, como todos os hereges, os \u00edmpios, os orgulhosos e os mundanos odeiam e desprezam a Ave-Maria e o\u00a0Ter\u00e7o. Os hereges ainda aprendem e rezam o Pai-Nosso, mas n\u00e3o a Ave-Maria, nem o Ter\u00e7o. T\u00eam-lhes horror; preferiam trazer consigo uma serpente a um Ter\u00e7o. Os orgulhosos, embora cat\u00f3licos, como t\u00eam as mesmas inclina\u00e7\u00f5es que seu pai L\u00facifer, tamb\u00e9m desprezam ou votam indiferen\u00e7a \u00e0 Ave-Maria, considerando o Ter\u00e7o como uma devo\u00e7\u00e3o para efeminados, pr\u00f3pria para ignorantes e analfabetos. Pelo contr\u00e1rio, a experi\u00eancia tem mostrado que aqueles e aquelas que apresentam<\/p>\n<p class=\"western\">grandes sinais de predestina\u00e7\u00e3o amam, saboreiam e rezam com prazer a Ave-Maria, e que quanto mais s\u00e3o de Deus, tanto mais gostam desta ora\u00e7\u00e3o\u201d<a class=\"sdfootnoteanc\" href=\"#sdfootnote15sym\" name=\"sdfootnote15anc\"><sup>15<\/sup><\/a>.<\/p>\n<p class=\"western\"><strong>Assista programa\u00a0do Padre Paulo Ricardo sobre &#8220;<a href=\"https:\/\/padrepauloricardo.org\/episodios\/a-oracao-da-ave-maria\" target=\"_blank\">A ora\u00e7\u00e3o &#8216;Ave Maria&#8217;<\/a>\u201d:<\/strong><\/p>\n<p class=\"western\"><iframe loading=\"lazy\" width=\"640\" height=\"360\" src=\"https:\/\/www.youtube-nocookie.com\/embed\/lzITCD2encE?rel=0\" frameborder=\"0\" allowfullscreen><\/iframe><\/p>\n<p class=\"western\"><strong>Ou\u00e7a programa\u00a0do Padre Paulo Ricardo sobre &#8220;A ora\u00e7\u00e3o &#8216;Ave Maria&#8217;\u201d:<\/strong><\/p>\n<p class=\"western\"><iframe loading=\"lazy\" width=\"100%\" height=\"166\" scrolling=\"no\" frameborder=\"no\" src=\"https:\/\/w.soundcloud.com\/player\/?url=https%3A\/\/api.soundcloud.com\/tracks\/167401820&color=ff5500&show_artwork=false\"><\/iframe><\/p>\n<p class=\"western\"><b>Exame de consci\u00eancia: Maria, sinal de salva\u00e7\u00e3o ou de condena\u00e7\u00e3o?<\/b><\/p>\n<p class=\"western\">Portanto, a Virgem Maria \u00e9 um desses tr\u00eas sinais de salva\u00e7\u00e3o \u2013 que nos foi dado a conhecer pela Palavra de Deus e pela Tradi\u00e7\u00e3o da Igreja \u2013 juntamente com o sinal do madeiro da Cruz e da morte de Cristo. Sem negar a superioridade infinita do Mist\u00e9rio Pascal de Jesus Cristo \u2013 da Sua Paix\u00e3o, Morte e Ressurrei\u00e7\u00e3o \u2013 em compara\u00e7\u00e3o com o Mist\u00e9rio de Maria, apresentamos de forma especial o sinal da Sant\u00edssima Virgem. Fizemos isto n\u00e3o para poss\u00edveis compara\u00e7\u00f5es ou acusa\u00e7\u00f5es, ou ainda para julgamentos de outras pessoas como predestinadas ou condenadas \u2013 mas para que n\u00f3s fa\u00e7amos um bom exame de consci\u00eancia: para n\u00f3s, o sinal da Virgem Sant\u00edssima \u00e9 sinal de salva\u00e7\u00e3o ou de condena\u00e7\u00e3o? Temos desprezo ou indiferen\u00e7a para com Maria? Amamos e estimamos a M\u00e3e de Deus, que tanto nos ama? Somos verdadeiros devotos da Virgem, pensamos sempre nela e invocamos amorosamente seu nome? Imitamos as virtudes da M\u00e3e da Igreja e caminhamos segundo as suas pegadas? Amamos, saboreamos e rezamos com prazer a Ave-Maria e o Ter\u00e7o? Todas estas perguntas nos ajudar\u00e3o a avaliar se a Virgem Sant\u00edssima \u00e9 para n\u00f3s sinal de salva\u00e7\u00e3o ou de condena\u00e7\u00e3o. Que Nossa Senhora nos ajude a reconhecer nossos pecados, nossas dificuldades, e a crescer na devo\u00e7\u00e3o mariana, que nos aproxima de Jesus Cristo e da salva\u00e7\u00e3o.<\/p>\n<p class=\"western\">Natalino Ueda, escravo in\u00fatil da Virgem Maria.<\/p>\n<div id=\"sdfootnote1\">\n<p class=\"sdfootnote-western\"><a class=\"sdfootnotesym\" href=\"#sdfootnote1anc\" name=\"sdfootnote1sym\">1<\/a>\u00a0S\u00c3O JO\u00c3O CRIS\u00d3STOMO. <a href=\"http:\/\/www.diocesedeblumenau.org.br\/site\/blog\/junto-a-cruz-de-jesus-estava-sua-mae-sao-joao-crisostomo-c-345-407-presbiterode-antioquia-bispo-de-constantinopla-doutor-da-igreja\/\" target=\"_blank\">Serm\u00e3o para Sexta feira Santa sobre a Cruz<\/a>, 2 ; PG 49, 396.<\/p>\n<\/div>\n<div id=\"sdfootnote2\">\n<p class=\"sdfootnote-western\"><a class=\"sdfootnotesym\" href=\"#sdfootnote2anc\" name=\"sdfootnote2sym\">2<\/a>\u00a0Is 7, 14.<\/p>\n<\/div>\n<div id=\"sdfootnote3\">\n<p class=\"sdfootnote-western\"><a class=\"sdfootnotesym\" href=\"#sdfootnote3anc\" name=\"sdfootnote3sym\">3<\/a>\u00a0Cf. SANTO IRENEU. <i>Adversus haereses<\/i>, III 21, 10-22, 4.<\/p>\n<\/div>\n<div id=\"sdfootnote4\">\n<p class=\"sdfootnote-western\"><a class=\"sdfootnotesym\" href=\"#sdfootnote4anc\" name=\"sdfootnote4sym\">4<\/a>\u00a0Cf. 1 Cor 15, 21-22.45.<\/p>\n<\/div>\n<div id=\"sdfootnote5\">\n<p class=\"sdfootnote-western\"><a class=\"sdfootnotesym\" href=\"#sdfootnote5anc\" name=\"sdfootnote5sym\">5<\/a>\u00a0Cf. Mc 8, 34b.<\/p>\n<\/div>\n<div id=\"sdfootnote6\">\n<p class=\"sdfootnote-western\"><a class=\"sdfootnotesym\" href=\"#sdfootnote6anc\" name=\"sdfootnote6sym\">6<\/a>\u00a0Cf. TVD 30. Para S\u00e3o Lu\u00eds Maria, Esa\u00fa representa a figura dos r\u00e9probos ou condenados.<\/p>\n<\/div>\n<div id=\"sdfootnote7\">\n<p class=\"sdfootnote-western\"><a class=\"sdfootnotesym\" href=\"#sdfootnote7anc\" name=\"sdfootnote7sym\">7<\/a>\u00a0TVD 40.<\/p>\n<\/div>\n<div id=\"sdfootnote8\">\n<p class=\"sdfootnote-western\"><a class=\"sdfootnotesym\" href=\"#sdfootnote8anc\" name=\"sdfootnote8sym\">8<\/a>\u00a0S\u00c3O GERMANO. <i>Orat. in Encaenia veneranda aedis<\/i> B. V.<\/p>\n<\/div>\n<div id=\"sdfootnote9\">\n<p class=\"sdfootnote-western\"><a class=\"sdfootnotesym\" href=\"#sdfootnote9anc\" name=\"sdfootnote9sym\">9<\/a>\u00a0TVD 166.<\/p>\n<\/div>\n<div id=\"sdfootnote10\">\n<p class=\"sdfootnote-western\"><a class=\"sdfootnotesym\" href=\"#sdfootnote10anc\" name=\"sdfootnote10sym\">10<\/a>\u00a0<i>Idem,<\/i> 182.<\/p>\n<\/div>\n<div id=\"sdfootnote11\">\n<p class=\"sdfootnote-western\"><a class=\"sdfootnotesym\" href=\"#sdfootnote11anc\" name=\"sdfootnote11sym\">11<\/a>\u00a0Pr 8, 32.<\/p>\n<\/div>\n<div id=\"sdfootnote12\">\n<p class=\"sdfootnote-western\"><a class=\"sdfootnotesym\" href=\"#sdfootnote12anc\" name=\"sdfootnote12sym\">12<\/a>\u00a0TVD 200.<\/p>\n<\/div>\n<div id=\"sdfootnote13\">\n<p class=\"sdfootnote-western\"><a class=\"sdfootnotesym\" href=\"#sdfootnote13anc\" name=\"sdfootnote13sym\">13<\/a>\u00a0<i>Idem, ibidem<\/i>.<\/p>\n<\/div>\n<div id=\"sdfootnote14\">\n<p class=\"sdfootnote-western\"><a class=\"sdfootnotesym\" href=\"#sdfootnote14anc\" name=\"sdfootnote14sym\">14<\/a>\u00a0TVD 250.<\/p>\n<\/div>\n<div id=\"sdfootnote15\">\n<p class=\"sdfootnote-western\"><a class=\"sdfootnotesym\" href=\"#sdfootnote15anc\" name=\"sdfootnote15sym\">15<\/a>\u00a0<i>Idem, ibidem<\/i>.<\/p>\n<\/div>\n","protected":false},"excerpt":{"rendered":"<p>A verdadeira devo\u00e7\u00e3o a Virgem Maria como sinal infal\u00edvel de salva\u00e7\u00e3o para o g\u00eanero humano. Na hist\u00f3ria da Igreja, o amor e a devo\u00e7\u00e3o a Sant\u00edssima Virgem Maria \u00e9 um dos sinais da salva\u00e7\u00e3o, da vit\u00f3ria de Jesus Cristo no&#8230;<\/p>\n","protected":false},"author":4539,"featured_media":0,"comment_status":"open","ping_status":"open","sticky":false,"template":"","format":"standard","meta":{"_mi_skip_tracking":false,"_monsterinsights_sitenote_active":false,"_monsterinsights_sitenote_note":"","_monsterinsights_sitenote_category":0,"footnotes":""},"categories":[186332],"tags":[],"_links":{"self":[{"href":"https:\/\/blog.cancaonova.com\/tododemaria\/wp-json\/wp\/v2\/posts\/4691"}],"collection":[{"href":"https:\/\/blog.cancaonova.com\/tododemaria\/wp-json\/wp\/v2\/posts"}],"about":[{"href":"https:\/\/blog.cancaonova.com\/tododemaria\/wp-json\/wp\/v2\/types\/post"}],"author":[{"embeddable":true,"href":"https:\/\/blog.cancaonova.com\/tododemaria\/wp-json\/wp\/v2\/users\/4539"}],"replies":[{"embeddable":true,"href":"https:\/\/blog.cancaonova.com\/tododemaria\/wp-json\/wp\/v2\/comments?post=4691"}],"version-history":[{"count":3,"href":"https:\/\/blog.cancaonova.com\/tododemaria\/wp-json\/wp\/v2\/posts\/4691\/revisions"}],"predecessor-version":[{"id":4914,"href":"https:\/\/blog.cancaonova.com\/tododemaria\/wp-json\/wp\/v2\/posts\/4691\/revisions\/4914"}],"wp:attachment":[{"href":"https:\/\/blog.cancaonova.com\/tododemaria\/wp-json\/wp\/v2\/media?parent=4691"}],"wp:term":[{"taxonomy":"category","embeddable":true,"href":"https:\/\/blog.cancaonova.com\/tododemaria\/wp-json\/wp\/v2\/categories?post=4691"},{"taxonomy":"post_tag","embeddable":true,"href":"https:\/\/blog.cancaonova.com\/tododemaria\/wp-json\/wp\/v2\/tags?post=4691"}],"curies":[{"name":"wp","href":"https:\/\/api.w.org\/{rel}","templated":true}]}}