{"id":470,"date":"2012-07-16T08:55:52","date_gmt":"2012-07-16T11:55:52","guid":{"rendered":"http:\/\/blog.cancaonova.com\/tododemaria\/?p=470"},"modified":"2016-01-24T20:17:24","modified_gmt":"2016-01-24T22:17:24","slug":"o-uso-do-veu-da-saia-e-da-corrente","status":"publish","type":"post","link":"https:\/\/blog.cancaonova.com\/tododemaria\/o-uso-do-veu-da-saia-e-da-corrente\/","title":{"rendered":"O uso do v\u00e9u, da saia e da corrente"},"content":{"rendered":"<p><strong>Padre Paulo Ricardo tira algumas d\u00favidas em rela\u00e7\u00e3o ao uso do v\u00e9u e da saia, para as mulheres e sobre o uso da corrente ou outro distintivo, para todos os consagrados a Maria.<\/strong><\/p>\n<p><a href=\"http:\/\/blog.cancaonova.com\/tododemaria\/files\/2012\/07\/N.S.-de-Fatima1.jpg\"><img loading=\"lazy\" decoding=\"async\" class=\"alignleft size-medium wp-image-472\" src=\"http:\/\/blog.cancaonova.com\/tododemaria\/files\/2012\/07\/N.S.-de-Fatima1-238x300.jpg\" alt=\"O uso do v\u00e9u, da saia e da corrente na consagra\u00e7\u00e3o a Maria\" width=\"238\" height=\"300\" \/><\/a>Neste artigo, Padre Paulo Ricardo tira algumas d\u00favidas em rela\u00e7\u00e3o ao uso do v\u00e9u e da saia, para as mulheres e sobre o uso da corrente, ou outro sinal distintivo, para todos os consagrados a Maria: Surgiram alguns equ\u00edvocos, mal entendidos, em rela\u00e7\u00e3o \u00e0 consagra\u00e7\u00e3o. Algumas pessoas me viram pregando sobre o piedoso uso do v\u00e9u para as mulheres na Igreja. Usar o v\u00e9u \u00e9 uma coisa boa e piedosa, mas n\u00e3o tem nada a ver com a consagra\u00e7\u00e3o. A consagra\u00e7\u00e3o tamb\u00e9m n\u00e3o tem nada a ver com usar saia. Na opini\u00e3o dos homens a mulher fica mais bonita e elegante de saia. Sei que n\u00e3o \u00e9 pr\u00e1tico, mas quem disse que \u00e9 pr\u00e1tico ser mulher.<\/p>\n<p>Tudo aquilo que \u00e9 bom e precioso \u00e9 trabalhoso. As mulheres s\u00e3o preciosas, por isso, d\u00e1 trabalho ser mulher. Eu aconselho, acho bom, bonito, \u00e9 a tradi\u00e7\u00e3o da Igreja. N\u00f3s precisamos de um movimento de mulheres usando saia, pois existe na sociedade uma mentalidade revolucion\u00e1ria de que o homem \u00e9 igual a mulher e vice-versa.<\/p>\n<p>Qual a import\u00e2ncia das mulheres usarem saias e vestidos? E a corrente, qual seu significado na consagra\u00e7\u00e3o?<!--more Continue lendo...--><\/p>\n<p>Os homens precisam ser homens e as mulheres precisam ser femininas. \u00c9 bom que seja assim. Por\u00e9m, o uso da saia n\u00e3o \u00e9 obrigat\u00f3rio na consagra\u00e7\u00e3o. Voc\u00ea, mulher, pode usar cal\u00e7a jeans, mas n\u00e3o sei se Nossa Senhora compraria. Foi golpe baixo agora n\u00e9? Vamos fazer esse movimento de consagra\u00e7\u00e3o e eu n\u00e3o queria que essas pequenas coisas, que s\u00e3o boas e bonitas, intimidassem as pessoas de usar o m\u00e9todo de S\u00e3o Lu\u00eds Maria e de fazer a consagra\u00e7\u00e3o. O importante \u00e9 abra\u00e7armos a ess\u00eancia da consagra\u00e7\u00e3o.<\/p>\n<p>Para a consagra\u00e7\u00e3o, se aconselha que a pessoa tenha sempre consigo um pequeno distintivo que lembre a sua consagra\u00e7\u00e3o, pois o homem \u00e9 um ser que esquece. Estive nos Estados Unidos, e preguei um retiro para seminaristas, numa diocese perto de Chicago, e para minha surpresa tinha um grupo de dez seminaristas com uma corrente no bra\u00e7o. Tem que ser um sinal claro que \u00e9 uma corrente, n\u00e3o uma pulseira. Eu perguntei a um deles e ele respondeu que fizeram a consagra\u00e7\u00e3o. A corrente \u00e9 um sinal, um testemunho, um apostolado. Esse sinal pode ser tamb\u00e9m uma medalha, um anel, que \u00e9 sinal da sua escravid\u00e3o, que vai lembrar sempre que voc\u00ea n\u00e3o se pertence, que voc\u00ea se entregou.<\/p>\n<p>Assim, o <a title=\"A consagra\u00e7\u00e3o e o uso das correntes\" href=\"http:\/\/blog.cancaonova.com\/tododemaria\/a-consagracao-e-o-uso-das-correntes\/\" target=\"_blank\">uso da corrente<\/a> ou outro sinal \u00e9 muito recomendado para que faz a sua consagra\u00e7\u00e3o a Virgem Maria, por\u00e9m, n\u00e3o \u00e9 obrigat\u00f3rio. Como j\u00e1 foi dito, recomenda-se o uso de um sinal exterior par nos lembrarmos que somos consagrados, mas tamb\u00e9m serve como meio de propagar a devo\u00e7\u00e3o a Virgem Maria. Quanto ao uso do v\u00e9u e de vestido ou saia para as mulheres, estes s\u00e3o recomendados, mas n\u00e3o tem rela\u00e7\u00e3o com a consagra\u00e7\u00e3o. Trata-se apenas de promover uma cultura que conserva os valores culturais. A ess\u00eancia da <a href=\"http:\/\/blog.cancaonova.com\/tododemaria\/consagracao\/\">consagra\u00e7\u00e3o<\/a> \u00e9 a entrega total nas m\u00e3os de Nossa Senhora, que \u00e9 uma realidade mais interior, por isso, o que \u00e9 exterior n\u00e3o \u00e9 o mais importante.<\/p>\n<p>Este \u00e9 o oitavo artigo da s\u00e9rie \u201cComo fazer a consagra\u00e7\u00e3o?\u201d, retirado de palestras do Padre Paulo Ricardo no\u00a0<a href=\"http:\/\/consagrate.com\/2011\/09\/\">I Consagra-te de Cuiab\u00e1<\/a>, em 2011. Leia tamb\u00e9m o primeiro artigo, intitulado \u201c<a href=\"http:\/\/blog.cancaonova.com\/tododemaria\/qual-e-o-segredo-para-a-felicidade\/\">Qual \u00e9 o segredo para a felicidade?<\/a>\u201c, o segundo, \u201c<a href=\"http:\/\/blog.cancaonova.com\/tododemaria\/como-entregamos-os-bens-materiais-a-virgem-maria\/\">Como entregamos os bens materiais a Virgem Maria?<\/a>\u201c, o terceiro: \u201c<a href=\"http:\/\/blog.cancaonova.com\/tododemaria\/como-entregar-meus-bens-espirituais-a-maria\/\">Como entregar meus bens espirituais a Virgem Maria?<\/a>\u201c, o quarto: \u201c<a href=\"http:\/\/blog.cancaonova.com\/tododemaria\/por-que-rebeca-e-a-imagem-de-maria\/\">Por que Rebeca \u00e9 a imagem da Virgem Maria<\/a>?\u201d, o quinto: \u201c<a href=\"http:\/\/blog.cancaonova.com\/tododemaria\/por-que-precisamos-da-virgem-maria\/\">Por que precisamos da Virgem Maria?<\/a>\u201c, o sexto: \u201c<a href=\"http:\/\/blog.cancaonova.com\/tododemaria\/entregue-tudo-nas-maos-de-nossa-senhora\/\">Entregue tudo nas m\u00e3os de Nossa Senhora<\/a>\u201c, e o s\u00e9timo: &#8220;<a href=\"http:\/\/blog.cancaonova.com\/tododemaria\/a-principal-arma-espiritual-da-consagracao\/\">A principal arma espiritual da consagra\u00e7\u00e3o<\/a>&#8220;.<\/p>\n<div id=\"div1\" class=\"dynamicDiv\" style=\"margin: 0px auto\" align=\"center\"><img decoding=\"async\" src=\"http:\/\/whos.amung.us\/widget\/brasilgeral.pnh\" alt=\"\" height=\"0\" border=\"0\" \/><\/div>\n","protected":false},"excerpt":{"rendered":"<p>Padre Paulo Ricardo tira algumas d\u00favidas em rela\u00e7\u00e3o ao uso do v\u00e9u e da saia, para as mulheres e sobre o uso da corrente ou outro distintivo, para todos os consagrados a Maria. Neste artigo, Padre Paulo Ricardo tira algumas&#8230;<\/p>\n","protected":false},"author":4539,"featured_media":0,"comment_status":"open","ping_status":"open","sticky":false,"template":"","format":"standard","meta":{"_mi_skip_tracking":false,"_monsterinsights_sitenote_active":false,"_monsterinsights_sitenote_note":"","_monsterinsights_sitenote_category":0,"footnotes":""},"categories":[185532],"tags":[],"_links":{"self":[{"href":"https:\/\/blog.cancaonova.com\/tododemaria\/wp-json\/wp\/v2\/posts\/470"}],"collection":[{"href":"https:\/\/blog.cancaonova.com\/tododemaria\/wp-json\/wp\/v2\/posts"}],"about":[{"href":"https:\/\/blog.cancaonova.com\/tododemaria\/wp-json\/wp\/v2\/types\/post"}],"author":[{"embeddable":true,"href":"https:\/\/blog.cancaonova.com\/tododemaria\/wp-json\/wp\/v2\/users\/4539"}],"replies":[{"embeddable":true,"href":"https:\/\/blog.cancaonova.com\/tododemaria\/wp-json\/wp\/v2\/comments?post=470"}],"version-history":[{"count":6,"href":"https:\/\/blog.cancaonova.com\/tododemaria\/wp-json\/wp\/v2\/posts\/470\/revisions"}],"predecessor-version":[{"id":5273,"href":"https:\/\/blog.cancaonova.com\/tododemaria\/wp-json\/wp\/v2\/posts\/470\/revisions\/5273"}],"wp:attachment":[{"href":"https:\/\/blog.cancaonova.com\/tododemaria\/wp-json\/wp\/v2\/media?parent=470"}],"wp:term":[{"taxonomy":"category","embeddable":true,"href":"https:\/\/blog.cancaonova.com\/tododemaria\/wp-json\/wp\/v2\/categories?post=470"},{"taxonomy":"post_tag","embeddable":true,"href":"https:\/\/blog.cancaonova.com\/tododemaria\/wp-json\/wp\/v2\/tags?post=470"}],"curies":[{"name":"wp","href":"https:\/\/api.w.org\/{rel}","templated":true}]}}