{"id":4982,"date":"2015-12-23T03:00:23","date_gmt":"2015-12-23T05:00:23","guid":{"rendered":"http:\/\/blog.cancaonova.com\/tododemaria\/?p=4982"},"modified":"2015-12-22T23:12:32","modified_gmt":"2015-12-23T01:12:32","slug":"o-verdadeiro-sentido-do-natal-de-jesus","status":"publish","type":"post","link":"https:\/\/blog.cancaonova.com\/tododemaria\/o-verdadeiro-sentido-do-natal-de-jesus\/","title":{"rendered":"O verdadeiro sentido do Natal de Jesus"},"content":{"rendered":"<p class=\"western\" align=\"JUSTIFY\"><b>Uma reflex\u00e3o sobre o verdadeiro sentido do Natal e a segunda vinda de Jesus Cristo ao mundo.<\/b><\/p>\n<p class=\"western\" align=\"JUSTIFY\">No final do Tempo do Advento e na proximidade das festas natalinas, o verdadeiro sentido do Natal, da vinda de Jesus Cristo ao mundo, pode ficar obscurecido em meio a tantas coisas que podemos julgar importantes, mas na realidade n\u00e3o s\u00e3o. Neste tempo, \u00e9 normal que nos preocupemos com a ceia de Natal, com os presentes, com a roupa que vestiremos e tantos outros detalhes que fazem parte das comemora\u00e7\u00f5es. No entanto, celebrar o Natal n\u00e3o \u00e9 simplesmente festejar o anivers\u00e1rio de Jesus Cristo. Em festas de anivers\u00e1rio, normalmente a prepara\u00e7\u00e3o se limita ao cuidado com o lugar da festa, as comidas, as bebidas, a lista de convidados e outros detalhes exteriores. Mas, celebrar o nascimento de Jesus Cristo, \u201cDeus conosco\u201d<a class=\"sdfootnoteanc\" href=\"#sdfootnote1sym\" name=\"sdfootnote1anc\"><sup>1<\/sup><\/a>, exige muito mais do que a simples prepara\u00e7\u00e3o exterior. A este respeito, podemos at\u00e9 dizer que nos confessamos e fizemos atos de caridade, que neste tempo s\u00e3o pr\u00e1ticas comuns. Estas nos ajudam a nos preparar para o Natal, mas n\u00e3o suficientes. O Menino Deus precisa ser acolhido e, para saber se estamos prontos para isso, podemos fazer a n\u00f3s mesmos algumas perguntas: temos lugar para Deus em nossas vidas? Onde acolheremos o Senhor? Qual ser\u00e1 a nossa atitude depois de acolher Jesus Cristo em nossas vidas? Responder a estas perguntas pode nos revelar qual \u00e9 o verdadeiro sentido do Natal.<\/p>\n<div id=\"attachment_4984\" style=\"width: 610px\" class=\"wp-caption aligncenter\"><a href=\"http:\/\/blog.cancaonova.com\/tododemaria\/files\/2015\/12\/O-verdadeiro-sentido-do-Natal-de-Jesus2.jpg\"><img loading=\"lazy\" decoding=\"async\" aria-describedby=\"caption-attachment-4984\" class=\"wp-image-4984 size-full\" src=\"http:\/\/blog.cancaonova.com\/tododemaria\/files\/2015\/12\/O-verdadeiro-sentido-do-Natal-de-Jesus2.jpg\" alt=\"Uma reflex\u00e3o sobre o verdadeiro sentido do Natal e a vinda de Jesus Cristo ao mundo.\" width=\"600\" height=\"350\" srcset=\"https:\/\/blog.cancaonova.com\/tododemaria\/files\/2015\/12\/O-verdadeiro-sentido-do-Natal-de-Jesus2.jpg 600w, https:\/\/blog.cancaonova.com\/tododemaria\/files\/2015\/12\/O-verdadeiro-sentido-do-Natal-de-Jesus2-300x175.jpg 300w\" sizes=\"(max-width: 600px) 100vw, 600px\" \/><\/a><p id=\"caption-attachment-4984\" class=\"wp-caption-text\">A Virgem Maria e S\u00e3o Jos\u00e9 pedindo um lugar na hospedaria em Bel\u00e9m<\/p><\/div>\n<p class=\"western\" align=\"JUSTIFY\"><!--more Continue lendo...--><\/p>\n<p class=\"western\" style=\"text-align: center\" align=\"JUSTIFY\"><strong><a href=\"http:\/\/feedburner.google.com\/fb\/a\/mailverify?uri=TodoDeMaria\" target=\"_blank\">Receba o conte\u00fado deste blog gratuitamente em seu e-mail.<\/a><\/strong><\/p>\n<p class=\"western\" align=\"JUSTIFY\"><b>N\u00e3o havia lugar para acolher a Sagrada Fam\u00edlia<\/b><\/p>\n<p class=\"western\" align=\"JUSTIFY\">Em Bel\u00e9m, ningu\u00e9m quis acolher <a href=\"http:\/\/santo.cancaonova.com\/santo\/sao-jose-operario-protetor-e-modelo-de-todos-os-trabalhadores\/\" target=\"_blank\">S\u00e3o Jos\u00e9<\/a> e a Virgem Maria, e com ela o Menino Deus. Neste fato, temos uma imagem da realidade espiritual de que, quando deixamos de acolher a M\u00e3e, deixamos de acolher tamb\u00e9m o Filho. Como n\u00e3o havia outro lugar, a Sant\u00edssima Virgem \u201cdeu \u00e0 luz seu filho primog\u00eanito, e, envolvendo-o em faixas, reclinou-o num pres\u00e9pio; porque n\u00e3o havia lugar para eles na hospedaria\u201d<sup><a class=\"sdfootnoteanc\" href=\"#sdfootnote2sym\" name=\"sdfootnote2anc\"><sup>2<\/sup><\/a><\/sup>. Esta hospedaria \u00e9 a imagem dos cora\u00e7\u00f5es ingratos, que acolhem qualquer tipo de pessoas, mas n\u00e3o tem lugar para Deus. A este respeito, \u201cMaria Sant\u00edssima disse a uma alma devota: Foi uma disposi\u00e7\u00e3o divina que a mim e a meu Filho nos faltasse agasalho da parte dos homens, afim de que as almas cativadas pelo amor de Jesus se oferecessem a si pr\u00f3prias para o acolherem e o convidassem amorosamente a tomar morada em seus cora\u00e7\u00f5es\u201d<sup><a class=\"sdfootnoteanc\" href=\"#sdfootnote3sym\" name=\"sdfootnote3anc\"><sup>3<\/sup><\/a><\/sup>. Depois de dois mil anos, Jesus Cristo continua a vir e procurar um lugar para nascer. Entretanto, quantas vezes n\u00e3o somos n\u00f3s mesmos que n\u00e3o temos lugar para Ele, por que amamos muito mais as criaturas do que o Criador<a class=\"sdfootnoteanc\" href=\"#sdfootnote4sym\" name=\"sdfootnote4anc\"><sup>4<\/sup><\/a>? Por vezes, nossos cora\u00e7\u00f5es s\u00e3o como uma p\u00e9ssima hospedaria, cheia de h\u00f3spedes das piores estirpes: ego\u00edstas, mentirosos, arrogantes, pregui\u00e7osos, amantes do prazer. Quantas vezes dizemos que n\u00e3o temos tempo para rezar, mas na correria do dia a dia temos tempo para tudo e para todos, menos para o Senhor do tempo<a class=\"sdfootnoteanc\" href=\"#sdfootnote5sym\" name=\"sdfootnote5anc\"><sup>5<\/sup><\/a>? Por estas e outras raz\u00f5es que nos venham ao pensamento nestas reflex\u00f5es, este Natal \u00e9 um convite para que preparemos o nosso interior e acolhamos o Menino Jesus, que far\u00e1 morada Sua em nossos cora\u00e7\u00f5es<a class=\"sdfootnoteanc\" href=\"#sdfootnote6sym\" name=\"sdfootnote6anc\"><sup>6<\/sup><\/a>.<\/p>\n<p class=\"western\" align=\"JUSTIFY\"><strong>Assista v\u00eddeo do Play Can\u00e7\u00e3o Nova sobre\u00a0\u201c<a href=\"http:\/\/play.cancaonova.com\/play\/webseries\/natal\/como-preparar-o-coracao-para-o-natal\/\" target=\"_blank\">Como preparar o cora\u00e7\u00e3o para o Natal?<\/a>\u201d:<\/strong><\/p>\n<p class=\"western\" align=\"JUSTIFY\"><iframe loading=\"lazy\" src=\"https:\/\/fast.player.liquidplatform.com\/pApiv2\/embed\/fb8707a09b4825a397d6d7d8ea1d7f37\/7825e8b094f9e724b46207943520c815?redirectURL=https:\/\/play.cancaonova.com\/play\/webseries\/natal\/como-preparar-o-coracao-para-o-natal\/&startOutput=360p\" width=\"674\" height=\"375\" frameborder=\"0\"><\/iframe><\/p>\n<p class=\"western\" align=\"JUSTIFY\"><b>O Menino Deus procura um lugar para ser acolhido<\/b><\/p>\n<p class=\"western\" align=\"JUSTIFY\">Jesus Cristo veio ao mundo, que \u201cfoi criado por ele e para ele\u201d<a class=\"sdfootnoteanc\" href=\"#sdfootnote7sym\" name=\"sdfootnote7anc\"><sup>7<\/sup><\/a>, mas n\u00e3o foi acolhido pelos homens: \u201cVeio para o que era seu e os seus n\u00e3o o receberam\u201d<a class=\"sdfootnoteanc\" href=\"#sdfootnote8sym\" name=\"sdfootnote8anc\"><sup>8<\/sup><\/a>. Por isso, o Natal \u00e9 sempre um convite para preparar os nossos cora\u00e7\u00f5es para acolher o Menino Jesus. Pois, \u201ca Verdade que salva a vida acende o cora\u00e7\u00e3o de quem a recebe com um amor para com o pr\u00f3ximo que move a liberdade a voltar a dar aquilo que se recebeu gratuitamente\u201d<sup><a class=\"sdfootnoteanc\" href=\"#sdfootnote9sym\" name=\"sdfootnote9anc\"><sup>9<\/sup><\/a><\/sup>. Esta \u00e9 uma oportunidade que n\u00e3o devemos desprezar, j\u00e1 que \u201cser alcan\u00e7ados pela presen\u00e7a de Deus, que se faz pr\u00f3ximo de n\u00f3s no Natal, \u00e9 um dom inestim\u00e1vel. Dom capaz de nos fazer &#8216;viver no abra\u00e7o universal dos amigos de Deus&#8217; naquela &#8216;rede de amizade com Cristo, que une c\u00e9u e terra&#8217;, que alarga a liberdade humana para o seu cumprimento e que, se for vivida na sua verdade, floresce &#8216;num amor gratuito e cheio de solicitude pelo bem de todos os homens&#8217;. Nada \u00e9 mais belo, urgente e importante que voltar a dar gratuitamente aos homens o que recebemos gratuitamente de Deus!\u201d<sup><a class=\"sdfootnoteanc\" href=\"#sdfootnote10sym\" name=\"sdfootnote10anc\"><sup>10<\/sup><\/a><\/sup> Nada nos dispensa ou livra deste grave e fascinante compromisso. Dessa forma, \u201ca alegria do Natal, que j\u00e1 conhecemos, enquanto nos enche de esperan\u00e7a, estimula-nos ao mesmo tempo a anunciar a todos a presen\u00e7a de Deus no meio de n\u00f3s\u201d<sup><a class=\"sdfootnoteanc\" href=\"#sdfootnote11sym\" name=\"sdfootnote11anc\"><sup>11<\/sup><\/a><\/sup>.<\/p>\n<p class=\"western\" align=\"JUSTIFY\"><strong>Assista ou ou\u00e7a homilia do Padre Paulo Ricardo com o tema \u201c<a href=\"https:\/\/padrepauloricardo.org\/episodios\/segunda-feira-da-4-semana-do-advento-a-profecia-de-santa-isabel\" target=\"_blank\">A profecia de Santa Isabel<\/a>\u201d:<\/strong><\/p>\n<p class=\"western\" align=\"JUSTIFY\"><iframe loading=\"lazy\" width=\"640\" height=\"360\" src=\"https:\/\/www.youtube-nocookie.com\/embed\/nuCVxvK39kM?rel=0\" frameborder=\"0\" allowfullscreen><\/iframe><\/p>\n<p class=\"western\" align=\"JUSTIFY\"><iframe loading=\"lazy\" width=\"100%\" height=\"166\" scrolling=\"no\" frameborder=\"no\" src=\"https:\/\/w.soundcloud.com\/player\/?url=https%3A\/\/api.soundcloud.com\/tracks\/238494361&color=ff5500&show_artwork=false\"><\/iframe><\/p>\n<p class=\"western\" align=\"JUSTIFY\"><b>O verdadeiro an\u00fancio \u00e9 levar Jesus Cristo<\/b><\/p>\n<p class=\"western\" align=\"JUSTIFY\">Neste an\u00fancio, temos a Virgem Maria como modelo incompar\u00e1vel de evangeliza\u00e7\u00e3o, pois ela \u201ccomunicou ao mundo n\u00e3o uma ideia, mas Jesus, Verbo encarnado\u201d<sup><a class=\"sdfootnoteanc\" href=\"#sdfootnote12sym\" name=\"sdfootnote12anc\"><sup>12<\/sup><\/a><\/sup>. Depois de receber o an\u00fancio do Arcanjo S\u00e3o Gabriel e da realiza\u00e7\u00e3o do Mist\u00e9rio da Encarna\u00e7\u00e3o do Verbo, a Virgem de Nazar\u00e9 partiu apressadamente para as montanhas, a uma cidade de Jud\u00e1. Entrou na casa de Zacarias e saudou sua prima Santa Isabel. \u201cOra, apenas Isabel ouviu a sauda\u00e7\u00e3o de Maria, a crian\u00e7a estremeceu no seu seio; e Isabel ficou cheia do Esp\u00edrito Santo\u201d<sup><a class=\"sdfootnoteanc\" href=\"#sdfootnote13sym\" name=\"sdfootnote13anc\"><sup>13<\/sup><\/a><\/sup>. Em Santa Isabel e em seu filho <a href=\"http:\/\/santo.cancaonova.com\/santo\/solenidade-do-nascimento-de-joao-batista-grande-anunciador-do-reino\/\" target=\"_blank\">S\u00e3o Jo\u00e3o Batista<\/a>, ainda em seu ventre, se realiza o primeiro milagre de Jesus Cristo na ordem da gra\u00e7a. Ambos recebem o Esp\u00edrito Santo atrav\u00e9s da simples sauda\u00e7\u00e3o da Sant\u00edssima Virgem, pois ela levou o Menino Deus em seu seio \u00e0 casa de <a href=\"http:\/\/santo.cancaonova.com\/santo\/sao-zacarias-e-santa-isabel-os-pais-de-joao-batista\/\" target=\"_blank\">S\u00e3o Zacarias e Santa Isabel<\/a>. O Evangelho ainda n\u00e3o fora anunciado por Jesus Cristo, mas Ele, a Boa Nova em pessoa, estava no ventre de Maria. A Virgem Maria sempre leva seu Filho Jesus nos l\u00e1bios e no cora\u00e7\u00e3o, por isso, sua a\u00e7\u00e3o foi t\u00e3o eficaz. Por isso, invoquemos Nossa Senhora com confian\u00e7a, para que recebamos a gra\u00e7a de levar Jesus Cristo, o Salvador, aos homens do nosso tempo. Dessa forma, cada um de n\u00f3s deve sentir a alegria de partilhar com os outros a Boa Nova do Filho de Deus: \u201cde tal modo Deus amou o mundo, que lhe deu seu Filho \u00fanico, para que todo o que nele crer n\u00e3o pere\u00e7a, mas tenha a vida eterna\u201d<sup><a class=\"sdfootnoteanc\" href=\"#sdfootnote14sym\" name=\"sdfootnote14anc\"><sup>14<\/sup><\/a><\/sup>. Jesus Cristo est\u00e1 presente no meio de n\u00f3s. Ele \u00e9 o <i>Emanuel,<\/i> que significa Deus conosco<a class=\"sdfootnoteanc\" href=\"#sdfootnote15sym\" name=\"sdfootnote15anc\"><sup>15<\/sup><\/a>. Jesus n\u00e3o \u00e9 um Deus distante, mas est\u00e1 sempre presente em nossas vidas. Esta presen\u00e7a de Jesus Cristo \u00e9 o motivo de nossa alegria, que nos impulsiona a anunciar esta Boa Nova, e o verdadeiro sentido do Natal.<\/p>\n<div id=\"attachment_4985\" style=\"width: 610px\" class=\"wp-caption aligncenter\"><a href=\"http:\/\/blog.cancaonova.com\/tododemaria\/files\/2015\/12\/O-verdadeiro-sentido-do-Natal-de-Jesus.jpg\"><img loading=\"lazy\" decoding=\"async\" aria-describedby=\"caption-attachment-4985\" class=\"size-full wp-image-4985\" src=\"http:\/\/blog.cancaonova.com\/tododemaria\/files\/2015\/12\/O-verdadeiro-sentido-do-Natal-de-Jesus.jpg\" alt=\"Uma reflex\u00e3o sobre o verdadeiro sentido do Natal e a vinda de Jesus Cristo ao mundo.\" width=\"600\" height=\"350\" srcset=\"https:\/\/blog.cancaonova.com\/tododemaria\/files\/2015\/12\/O-verdadeiro-sentido-do-Natal-de-Jesus.jpg 600w, https:\/\/blog.cancaonova.com\/tododemaria\/files\/2015\/12\/O-verdadeiro-sentido-do-Natal-de-Jesus-300x175.jpg 300w\" sizes=\"(max-width: 600px) 100vw, 600px\" \/><\/a><p id=\"caption-attachment-4985\" class=\"wp-caption-text\">Nossa Senhora e S\u00e3o Jos\u00e9 na gruta em Bel\u00e9m<\/p><\/div>\n<p class=\"western\" align=\"JUSTIFY\"><strong>Ou\u00e7a homilia do Padre Paulo Ricardo com o tema \u201c<a title=\"Maria, ensina-nos a amar Jesus\" href=\"http:\/\/blog.cancaonova.com\/tododemaria\/maria-ensina-nos-a-amar-jesus\/\" target=\"_blank\">Maria, ensina-nos a amar Jesus<\/a>\u201d:<\/strong><\/p>\n<p class=\"western\" align=\"JUSTIFY\"><iframe loading=\"lazy\" width=\"660\" height=\"180\" src=\"https:\/\/www.mixcloud.com\/widget\/iframe\/?embed_type=widget_standard&embed_uuid=a35ca7bd-9e2b-4c9e-8445-10fecf875988&feed=https%3A%2F%2Fwww.mixcloud.com%2Ftododemaria%2Fmaria-ensina-nos-a-amar-jesus%2F&hide_cover=1&hide_tracklist=1&light=1&replace=0\" frameborder=\"0\"><\/iframe><div style=\"clear: both; height: 3px; width: 652px;\"><\/div><p style=\"display: block; font-size: 11px; font-family: 'Open Sans', Helvetica, Arial, sans-serif; margin: 0px; padding: 3px 4px; color: rgb(153, 153, 153); width: 652px;\"><a href=\"https:\/\/www.mixcloud.com\/tododemaria\/maria-ensina-nos-a-amar-jesus\/?utm_source=widget&utm_medium=web&utm_campaign=base_links&utm_term=resource_link\" target=\"_blank\" style=\"color:#808080; font-weight:bold;\">Maria, ensina-nos a amar Jesus<\/a><span> by <\/span><a href=\"https:\/\/www.mixcloud.com\/tododemaria\/?utm_source=widget&utm_medium=web&utm_campaign=base_links&utm_term=profile_link\" target=\"_blank\" style=\"color:#808080; font-weight:bold;\">Todo De Maria<\/a><span> on <\/span><a href=\"https:\/\/www.mixcloud.com\/?utm_source=widget&utm_medium=web&utm_campaign=base_links&utm_term=homepage_link\" target=\"_blank\" style=\"color:#808080; font-weight:bold;\"> Mixcloud<\/a><\/p><div style=\"clear: both; height: 3px; width: 652px;\"><\/div><\/p>\n<p class=\"western\" align=\"JUSTIFY\"><b>O Natal e a expectativa da vinda gloriosa de Jesus Cristo<\/b><\/p>\n<p class=\"western\" align=\"JUSTIFY\">Portanto, o verdadeiro sentido do Natal \u00e9 que Jesus Cristo veio ao mundo e permanece em nosso meio: \u201cEis que estou convosco todos os dias, at\u00e9 o fim do mundo\u201d<a class=\"sdfootnoteanc\" href=\"#sdfootnote16sym\" name=\"sdfootnote16anc\"><sup>16<\/sup><\/a>. O <i>Emanuel<\/i> est\u00e1 e estar\u00e1 sempre presente, nos sacr\u00e1rios por toda a terra, na celebra\u00e7\u00e3o dos Sacramentos, mas principalmente em nossos cora\u00e7\u00f5es, at\u00e9 sua vinda definitiva no fim dos tempos<a class=\"sdfootnoteanc\" href=\"#sdfootnote17sym\" name=\"sdfootnote17anc\"><sup>17<\/sup><\/a>. Neste sentido, a prepara\u00e7\u00e3o para o Natal se reveste de um car\u00e1ter permanente. Pois, o Senhor Jesus est\u00e1 sempre conosco, mas ao mesmo tempo, a sua presen\u00e7a se renova atrav\u00e9s dos Sacramentos, especialmente na Liturgia. Al\u00e9m disso, devemos vigiar e orar<a class=\"sdfootnoteanc\" href=\"#sdfootnote18sym\" name=\"sdfootnote18anc\"><sup>18<\/sup><\/a>, pois podemos perder a presen\u00e7a do Senhor por causa de nossos pecados e tamb\u00e9m por que n\u00e3o sabemos o dia nem a hora<a class=\"sdfootnoteanc\" href=\"#sdfootnote19sym\" name=\"sdfootnote19anc\"><sup>19<\/sup><\/a>, se estamos ou n\u00e3o na imin\u00eancia da segunda e definitiva vinda de Jesus Cristo<a class=\"sdfootnoteanc\" href=\"#sdfootnote20sym\" name=\"sdfootnote20anc\"><sup>20<\/sup><\/a>. Na expectativa da vinda gloriosa do Senhor, devemos preparar continuamente os nossos cora\u00e7\u00f5es. No entanto, na segunda vinda do Senhor, n\u00e3o seremos mais n\u00f3s que O acolheremos em nossos cora\u00e7\u00f5es. Mas, ser\u00e1 o pr\u00f3prio Filho de Deus quem preparar\u00e1 um lugar para n\u00f3s<a class=\"sdfootnoteanc\" href=\"#sdfootnote21sym\" name=\"sdfootnote21anc\"><sup>21<\/sup><\/a> e nos acolher\u00e1: \u201cVinde, benditos de meu Pai, tomai posse do Reino que vos est\u00e1 preparado desde a cria\u00e7\u00e3o do mundo\u201d<a class=\"sdfootnoteanc\" href=\"#sdfootnote22sym\" name=\"sdfootnote22anc\"><sup>22<\/sup><\/a>. Sendo assim, o Natal \u00e9 tempo de alegria pela vinda do Menino Jesus ao mundo, mas tamb\u00e9m \u00e9 o tempo prop\u00edcio para renovarmos o compromisso de nos preparar continuamente para a segunda vinda do Senhor. Pois, s\u00e3o \u201cfelizes aqueles que lavam as suas vestes [e as alvejaram no sangue do Cordeiro<a class=\"sdfootnoteanc\" href=\"#sdfootnote23sym\" name=\"sdfootnote23anc\"><sup>23<\/sup><\/a>] para ter direito \u00e0 \u00e1rvore da vida e poder entrar na cidade pelas portas<a class=\"sdfootnoteanc\" href=\"#sdfootnote24sym\" name=\"sdfootnote24anc\"><sup>24<\/sup><\/a>. Isto posto, a partir deste Ano Santo da Miseric\u00f3rdia, acolhamos a miseric\u00f3rdia de Deus em nossas vidas e assumamos com <a href=\"http:\/\/www.comunidadekenosis.com.br\/index.php?option=com_content&amp;view=article&amp;id=230:santa-teresa-e-a-determinada-determinacao&amp;catid=34:espiritualidade&amp;Itemid=53\" target=\"_blank\">determinada determina\u00e7\u00e3o<\/a> a nossa vida espiritual. Por fim, acolhamos com amor a Virgem Maria em nossos cora\u00e7\u00f5es, pois com ela acolheremos seu divino Filho, e vivamos com alegria a expectativa da vinda gloriosa do Salvador: \u201cVem, Senhor Jesus!\u201d<a class=\"sdfootnoteanc\" href=\"#sdfootnote25sym\" name=\"sdfootnote25anc\"><sup>25<\/sup><\/a><\/p>\n<p class=\"western\" align=\"JUSTIFY\">Natalino Ueda, escravo in\u00fatil de Jesus por Maria.<\/p>\n<p class=\"western\" align=\"JUSTIFY\"><strong>Links relacionados:<\/strong><\/p>\n<p class=\"western\" align=\"JUSTIFY\">TODO DE MARIA.\u00a0<a href=\"http:\/\/blog.cancaonova.com\/tododemaria\/a-visitacao-de-maria-e-a-graca-do-espirito\/\" target=\"_blank\">A visita\u00e7\u00e3o de Maria e a gra\u00e7a do Esp\u00edrito<\/a>.<\/p>\n<p class=\"western\" align=\"JUSTIFY\">TODO DE MARIA.\u00a0<a href=\"http:\/\/blog.cancaonova.com\/tododemaria\/o-caminho-com-jesus-maria-e-jose\/\" target=\"_blank\">O caminho com Jesus, Maria e Jos\u00e9<\/a>.<\/p>\n<p class=\"western\" align=\"JUSTIFY\"><strong>Refer\u00eancias:<\/strong><\/p>\n<div id=\"sdfootnote1\">\n<p class=\"sdfootnote-western\"><a class=\"sdfootnotesym\" href=\"#sdfootnote1anc\" name=\"sdfootnote1sym\">1<\/a> Cf. Mt 1, 23; Is 7, 14.<\/p>\n<\/div>\n<div id=\"sdfootnote2\">\n<p class=\"sdfootnote-western\"><a class=\"sdfootnotesym\" href=\"#sdfootnote2anc\" name=\"sdfootnote2sym\">2<\/a> Lc 2, 7.<\/p>\n<\/div>\n<div id=\"sdfootnote3\">\n<p class=\"sdfootnote-western\"><a class=\"sdfootnotesym\" href=\"#sdfootnote3anc\" name=\"sdfootnote3sym\">3<\/a> SANTO AFONSO MARIA DE LIG\u00d3RIO. Medita\u00e7\u00f5es: Para todos os Dias e Festas do Ano: Tomo Primeiro: Desde o primeiro Domingo do Advento at\u00e9 Semana Santa inclusive. Friburgo: Herder &amp; Cia, 1921, p. 75-76.<\/p>\n<\/div>\n<div id=\"sdfootnote4\">\n<p class=\"sdfootnote-western\"><a class=\"sdfootnotesym\" href=\"#sdfootnote4anc\" name=\"sdfootnote4sym\">4<\/a> Cf. Rm 1, 25.<\/p>\n<\/div>\n<div id=\"sdfootnote5\">\n<p class=\"sdfootnote-western\"><a class=\"sdfootnotesym\" href=\"#sdfootnote5anc\" name=\"sdfootnote5sym\">5<\/a> Cf. Dn 2, 21.<\/p>\n<\/div>\n<div id=\"sdfootnote6\">\n<p class=\"sdfootnote-western\"><a class=\"sdfootnotesym\" href=\"#sdfootnote6anc\" name=\"sdfootnote6sym\">6<\/a> Cf. Jo 14, 23.<\/p>\n<\/div>\n<div id=\"sdfootnote7\">\n<p class=\"sdfootnote-western\"><a class=\"sdfootnotesym\" href=\"#sdfootnote7anc\" name=\"sdfootnote7sym\">7<\/a> Col 1, 16.<\/p>\n<\/div>\n<div id=\"sdfootnote8\">\n<p class=\"sdfootnote-western\"><a class=\"sdfootnotesym\" href=\"#sdfootnote8anc\" name=\"sdfootnote8sym\">8<\/a> Jo 1, 11.<\/p>\n<\/div>\n<div id=\"sdfootnote9\">\n<p class=\"sdfootnote-western\"><a class=\"sdfootnotesym\" href=\"#sdfootnote9anc\" name=\"sdfootnote9sym\">9<\/a> PAPA BENTO XVI. <a href=\"https:\/\/w2.vatican.va\/content\/benedict-xvi\/pt\/angelus\/2007\/documents\/hf_ben-xvi_ang_20071223.html\" target=\"_blank\"><i>Angelus<\/i>, 23 de Dezembro de 2007<\/a>.<\/p>\n<\/div>\n<div id=\"sdfootnote10\">\n<p class=\"sdfootnote-western\"><a class=\"sdfootnotesym\" href=\"#sdfootnote10anc\" name=\"sdfootnote10sym\">10<\/a><i> Idem.<\/i><\/p>\n<\/div>\n<div id=\"sdfootnote11\">\n<p class=\"sdfootnote-western\"><a class=\"sdfootnotesym\" href=\"#sdfootnote11anc\" name=\"sdfootnote11sym\">11<\/a><i> Idem.<\/i><\/p>\n<\/div>\n<div id=\"sdfootnote12\">\n<p class=\"sdfootnote-western\"><a class=\"sdfootnotesym\" href=\"#sdfootnote12anc\" name=\"sdfootnote12sym\">12<\/a><i> Idem.<\/i><\/p>\n<\/div>\n<div id=\"sdfootnote13\">\n<p class=\"sdfootnote-western\"><a class=\"sdfootnotesym\" href=\"#sdfootnote13anc\" name=\"sdfootnote13sym\">13<\/a> Lc 1, 41.<\/p>\n<\/div>\n<div id=\"sdfootnote14\">\n<p class=\"sdfootnote-western\"><a class=\"sdfootnotesym\" href=\"#sdfootnote14anc\" name=\"sdfootnote14sym\">14<\/a> Jo 3, 16.<\/p>\n<\/div>\n<div id=\"sdfootnote15\">\n<p class=\"sdfootnote-western\"><a class=\"sdfootnotesym\" href=\"#sdfootnote15anc\" name=\"sdfootnote15sym\">15<\/a> Cf. Mt 1, 23; Is 7, 14.<\/p>\n<\/div>\n<div id=\"sdfootnote16\">\n<p class=\"sdfootnote-western\"><a class=\"sdfootnotesym\" href=\"#sdfootnote16anc\" name=\"sdfootnote16sym\">16<\/a> Mt 28, 20.<\/p>\n<\/div>\n<div id=\"sdfootnote17\">\n<p class=\"sdfootnote-western\"><a class=\"sdfootnotesym\" href=\"#sdfootnote17anc\" name=\"sdfootnote17sym\">17<\/a> Cf. Ap 21, 7.12.<\/p>\n<\/div>\n<div id=\"sdfootnote18\">\n<p class=\"sdfootnote-western\"><a class=\"sdfootnotesym\" href=\"#sdfootnote18anc\" name=\"sdfootnote18sym\">18<\/a> Cf. Mt 26, 41.<\/p>\n<\/div>\n<div id=\"sdfootnote19\">\n<p class=\"sdfootnote-western\"><a class=\"sdfootnotesym\" href=\"#sdfootnote19anc\" name=\"sdfootnote19sym\">19<\/a> Cf. Mt 25, 13; cf. Mc 13, 33.<\/p>\n<\/div>\n<div id=\"sdfootnote20\">\n<p class=\"sdfootnote-western\"><a class=\"sdfootnotesym\" href=\"#sdfootnote20anc\" name=\"sdfootnote20sym\">20<\/a> Cf. Jo 14, 3.<\/p>\n<\/div>\n<div id=\"sdfootnote21\">\n<p class=\"sdfootnote-western\"><a class=\"sdfootnotesym\" href=\"#sdfootnote21anc\" name=\"sdfootnote21sym\">21<\/a> Cf. Jo 14, 2.<\/p>\n<\/div>\n<div id=\"sdfootnote22\">\n<p class=\"sdfootnote-western\"><a class=\"sdfootnotesym\" href=\"#sdfootnote22anc\" name=\"sdfootnote22sym\">22<\/a> Mt 25, 34.<\/p>\n<\/div>\n<div id=\"sdfootnote23\">\n<p class=\"sdfootnote-western\"><a class=\"sdfootnotesym\" href=\"#sdfootnote23anc\" name=\"sdfootnote23sym\">23<\/a> Cf. Ap 7, 14.<\/p>\n<\/div>\n<div id=\"sdfootnote24\">\n<p class=\"sdfootnote-western\"><a class=\"sdfootnotesym\" href=\"#sdfootnote24anc\" name=\"sdfootnote24sym\">24<\/a> Cf. Ap 21, 14.<\/p>\n<\/div>\n<div id=\"sdfootnote25\">\n<p class=\"sdfootnote-western\"><a class=\"sdfootnotesym\" href=\"#sdfootnote25anc\" name=\"sdfootnote25sym\">25<\/a> Ap 22, 20.<\/p>\n<\/div>\n","protected":false},"excerpt":{"rendered":"<p>Uma reflex\u00e3o sobre o verdadeiro sentido do Natal e a segunda vinda de Jesus Cristo ao mundo. No final do Tempo do Advento e na proximidade das festas natalinas, o verdadeiro sentido do Natal, da vinda de Jesus Cristo ao&#8230;<\/p>\n","protected":false},"author":4539,"featured_media":0,"comment_status":"open","ping_status":"open","sticky":false,"template":"","format":"standard","meta":{"_mi_skip_tracking":false,"_monsterinsights_sitenote_active":false,"_monsterinsights_sitenote_note":"","_monsterinsights_sitenote_category":0,"footnotes":""},"categories":[11671],"tags":[],"_links":{"self":[{"href":"https:\/\/blog.cancaonova.com\/tododemaria\/wp-json\/wp\/v2\/posts\/4982"}],"collection":[{"href":"https:\/\/blog.cancaonova.com\/tododemaria\/wp-json\/wp\/v2\/posts"}],"about":[{"href":"https:\/\/blog.cancaonova.com\/tododemaria\/wp-json\/wp\/v2\/types\/post"}],"author":[{"embeddable":true,"href":"https:\/\/blog.cancaonova.com\/tododemaria\/wp-json\/wp\/v2\/users\/4539"}],"replies":[{"embeddable":true,"href":"https:\/\/blog.cancaonova.com\/tododemaria\/wp-json\/wp\/v2\/comments?post=4982"}],"version-history":[{"count":8,"href":"https:\/\/blog.cancaonova.com\/tododemaria\/wp-json\/wp\/v2\/posts\/4982\/revisions"}],"predecessor-version":[{"id":4992,"href":"https:\/\/blog.cancaonova.com\/tododemaria\/wp-json\/wp\/v2\/posts\/4982\/revisions\/4992"}],"wp:attachment":[{"href":"https:\/\/blog.cancaonova.com\/tododemaria\/wp-json\/wp\/v2\/media?parent=4982"}],"wp:term":[{"taxonomy":"category","embeddable":true,"href":"https:\/\/blog.cancaonova.com\/tododemaria\/wp-json\/wp\/v2\/categories?post=4982"},{"taxonomy":"post_tag","embeddable":true,"href":"https:\/\/blog.cancaonova.com\/tododemaria\/wp-json\/wp\/v2\/tags?post=4982"}],"curies":[{"name":"wp","href":"https:\/\/api.w.org\/{rel}","templated":true}]}}