{"id":5037,"date":"2016-01-01T03:00:32","date_gmt":"2016-01-01T05:00:32","guid":{"rendered":"http:\/\/blog.cancaonova.com\/tododemaria\/?p=5037"},"modified":"2017-12-30T14:50:33","modified_gmt":"2017-12-30T16:50:33","slug":"maria-mae-de-deus-e-mensageira-da-paz","status":"publish","type":"post","link":"https:\/\/blog.cancaonova.com\/tododemaria\/maria-mae-de-deus-e-mensageira-da-paz\/","title":{"rendered":"Maria, M\u00e3e de Deus e mensageira da paz"},"content":{"rendered":"<p class=\"western\" style=\"text-align: left\" align=\"JUSTIFY\"><b>A Virgem Maria, M\u00e3e de Deus, e a verdadeira mensagem de paz para o mundo atual.<\/b><\/p>\n<p class=\"western\" style=\"text-align: left\" align=\"JUSTIFY\">A Sant\u00edssima Virgem Maria, celebrada no \u00faltimo dia da Oitava de Natal com o t\u00edtulo de M\u00e3e de Deus, tem se mostrado na hist\u00f3ria como verdadeira mensageira de paz para o mundo, especialmente em nossos dias. Neste sentido, \u00e9 significativo que no primeiro dia do ano civil, no qual celebramos a <a href=\"http:\/\/santo.cancaonova.com\/santo\/solenidade-de-santa-maria-mae-de-deus\/\" target=\"_blank\" rel=\"noopener\">Solenidade de Santa Maria M\u00e3e de Deus<\/a>, tamb\u00e9m celebremos o <a href=\"http:\/\/w2.vatican.va\/content\/paul-vi\/pt\/messages\/peace\/documents\/hf_p-vi_mes_19671208_i-world-day-for-peace.html\" target=\"_blank\" rel=\"noopener\">Dia Mundial da Paz<\/a>, a pedido do Papa Paulo VI, desde 1968. Pois, Nossa Senhora deu ao mundo n\u00e3o uma paz exterior e passageira, mas uma paz interior e eterna: Jesus Cristo, o \u201cPr\u00edncipe da Paz\u201d<a class=\"sdfootnoteanc\" href=\"#sdfootnote1sym\" name=\"sdfootnote1anc\"><sup>1<\/sup><\/a>. O Filho de Deus veio ao mundo nos dar a sua paz: \u201cDeixo-vos a paz, dou-vos a minha paz\u201d<sup><a class=\"sdfootnoteanc\" href=\"#sdfootnote2sym\" name=\"sdfootnote2anc\"><sup>2<\/sup><\/a><\/sup>. No entanto, fiquemos atentos, pois a paz que o Senhor nos d\u00e1 n\u00e3o \u00e9 a paz do mundo: \u201cN\u00e3o vo-la dou como o mundo a d\u00e1\u201d<sup><a class=\"sdfootnoteanc\" href=\"#sdfootnote3sym\" name=\"sdfootnote3anc\"><sup>3<\/sup><\/a><\/sup>. Em outras passagens, o Senhor parece at\u00e9 Se contradizer a respeito, quando diz: \u201cN\u00e3o julgueis que vim trazer a paz \u00e0 terra. Vim trazer n\u00e3o a paz, mas a espada\u201d<sup><a class=\"sdfootnoteanc\" href=\"#sdfootnote4sym\" name=\"sdfootnote4anc\"><sup>4<\/sup><\/a><\/sup>.&nbsp;<\/p>\n<div id=\"attachment_5038\" style=\"width: 610px\" class=\"wp-caption aligncenter\"><a href=\"http:\/\/blog.cancaonova.com\/tododemaria\/files\/2015\/12\/Maria-M\u00e3e-de-Deus-e-mensageira-da-paz.jpg\"><img loading=\"lazy\" decoding=\"async\" aria-describedby=\"caption-attachment-5038\" class=\"size-full wp-image-5038\" src=\"http:\/\/blog.cancaonova.com\/tododemaria\/files\/2015\/12\/Maria-M\u00e3e-de-Deus-e-mensageira-da-paz.jpg\" alt=\"A Virgem Maria, M\u00e3e de Deus, e a verdadeira mensagem de paz para o mundo atual.\" width=\"600\" height=\"350\" srcset=\"https:\/\/blog.cancaonova.com\/tododemaria\/files\/2015\/12\/Maria-M\u00e3e-de-Deus-e-mensageira-da-paz.jpg 600w, https:\/\/blog.cancaonova.com\/tododemaria\/files\/2015\/12\/Maria-M\u00e3e-de-Deus-e-mensageira-da-paz-300x175.jpg 300w\" sizes=\"(max-width: 600px) 100vw, 600px\" \/><\/a><p id=\"caption-attachment-5038\" class=\"wp-caption-text\">S\u00e3o Domingos de Gusm\u00e3o e Nossa Senhora do Ros\u00e1rio<\/p><\/div>\n<p>Na apresenta\u00e7\u00e3o do Menino Jesus no Templo, o velho Sime\u00e3o profetiza esta realidade a respeito da M\u00e3e de Deus: \u201cuma espada transpassar\u00e1 a tua alma\u201d<sup><a class=\"sdfootnoteanc\" href=\"#sdfootnote5sym\" name=\"sdfootnote5anc\">5<\/a><\/sup>. Esta foi uma realidade para Virgem de Nazar\u00e9 e ainda \u00e9 para n\u00f3s, porque a paz que Jesus Cristo veio nos dar n\u00e3o \u00e9 a paz do mundo, a aus\u00eancia de problemas, mas a paz que a Sua presen\u00e7a nos d\u00e1. Nossa Senhora \u00e9 mensageira da paz por que nos leva ao pr\u00f3prio Cristo, o Pr\u00edncipe da Paz, e n\u00e3o \u00e0 paz do mundo. Em Jesus Cristo nos reconciliamos com Deus e nisto consiste a verdadeira paz que Ele veio trazer \u00e0 humanidade. Por isso, em v\u00e1rias apari\u00e7\u00f5es, especialmente em F\u00e1tima, em Portugal, a Virgem Sant\u00edssima pediu <a href=\"https:\/\/padrepauloricardo.org\/blog\/o-pedido-esquecido-de-nossa-senhora\" target=\"_blank\" rel=\"noopener\">ora\u00e7\u00f5es, penit\u00eancias, sacrif\u00edcios, pelos pecadores<\/a>: \u201cRezai, rezai muito e fazei sacrif\u00edcios pelos pecadores. Muitas almas v\u00e3o para o inferno por n\u00e3o haver quem reze e se sacrifique por elas\u201d<sup><a class=\"sdfootnoteanc\" href=\"#sdfootnote6sym\" name=\"sdfootnote6anc\">6<\/a><\/sup>. Dessa forma, a M\u00e3e de Deus nos convida a ser tamb\u00e9m mensageiros da paz, a levar Jesus Cristo e a Sua salva\u00e7\u00e3o aos pobres pecadores, muitos deles mergulhados na falsa paz do mundo.<\/p>\n<p class=\"western\" style=\"text-align: left\" align=\"JUSTIFY\"><!--more Continue lendo...--><\/p>\n<p class=\"western\" style=\"text-align: center\" align=\"JUSTIFY\"><strong><a href=\"http:\/\/feedburner.google.com\/fb\/a\/mailverify?uri=TodoDeMaria\" target=\"_blank\" rel=\"noopener\">Receba o conte\u00fado deste blog gratuitamente em seu e-mail.<\/a><\/strong><\/p>\n<p class=\"western\" style=\"text-align: left\" align=\"JUSTIFY\"><b>O Santo Ros\u00e1rio e a paz no mundo<\/b><\/p>\n<p class=\"western\" style=\"text-align: left\" align=\"JUSTIFY\">Em v\u00e1rias apari\u00e7\u00f5es, a M\u00e3e de Deus pediu insistentemente que rez\u00e1ssemos o Ros\u00e1rio. Esta ora\u00e7\u00e3o mariana e, ao mesmo tempo, cristoc\u00eantrica<a class=\"sdfootnoteanc\" href=\"#sdfootnote7sym\" name=\"sdfootnote7anc\"><sup>7<\/sup><\/a>, foi revelada no s\u00e9culo XIII por Nossa Senhora a <a href=\"http:\/\/santo.cancaonova.com\/santo\/sao-domingos-de-gusmao-homem-de-oracao\/\" target=\"_blank\" rel=\"noopener\">S\u00e3o Domingos de Gusm\u00e3o<\/a>, justamente num tempo no qual muitas almas corriam o risco de perder-se no inferno por causa da heresia dos <a href=\"http:\/\/cleofas.com.br\/os-cataros-quem-eram\/\" target=\"_blank\" rel=\"noopener\">c\u00e1taros<\/a>. Al\u00e9m disso, os c\u00e1taros eram uma amea\u00e7a \u00e0 paz, pois por vezes impunham suas heresias com amea\u00e7as e at\u00e9 viol\u00eancia f\u00edsica. Desde ent\u00e3o, em v\u00e1rias apari\u00e7\u00f5es, Nossa senhora pediu insistentemente que rez\u00e1ssemos o Santo Ros\u00e1rio. Em F\u00e1tima, a Virgem Maria apareceu sob o t\u00edtulo de Nossa Senhora do Ros\u00e1rio e insistiu muitas vezes aos <a href=\"http:\/\/www.santuario-fatima.pt\/portal\/index.php?id=1312\" target=\"_blank\" rel=\"noopener\">tr\u00eas pastorinhos, L\u00facia, Francisco e Jacinta<\/a>, que rezassem o Santo Ter\u00e7o, pela paz no mundo e pela salva\u00e7\u00e3o dos pecadores<a class=\"sdfootnoteanc\" href=\"#sdfootnote8sym\" name=\"sdfootnote8anc\"><sup>8<\/sup><\/a>. Sem d\u00favida, o Ros\u00e1rio da Virgem Maria \u00e9 uma ora\u00e7\u00e3o de extraordin\u00e1ria efic\u00e1cia sobrenatural, comprovada pela hist\u00f3ria de S\u00e3o Domingos, grande pregador do Ros\u00e1rio, e de tantos outros santos e santas. Al\u00e9m disso, o Ros\u00e1rio foi proposto, por diversas vezes, por v\u00e1rios Papas, inclusive por S\u00e3o Jo\u00e3o Paulo II, como ora\u00e7\u00e3o pela paz: \u201cNo in\u00edcio de um Mil\u00eanio, que come\u00e7ou com as cenas assustadoras do atentado de 11 de Setembro de 2001 e que registra, cada dia, em tantas partes do mundo, novas situa\u00e7\u00f5es de sangue e viol\u00eancia, descobrir novamente o Ros\u00e1rio significa mergulhar na contempla\u00e7\u00e3o do mist\u00e9rio d&#8217;Aquele que &#8216;\u00e9 a nossa paz&#8217;, tendo feito &#8216;de dois povos um s\u00f3, destruindo o muro da inimizade que os separava&#8217;\u201d<sup><a class=\"sdfootnoteanc\" href=\"#sdfootnote9sym\" name=\"sdfootnote9anc\"><sup>9<\/sup><\/a><\/sup>. O Ros\u00e1rio \u00e9 uma ora\u00e7\u00e3o orientada para a paz, justamente por que sua ess\u00eancia \u00e9 a contempla\u00e7\u00e3o de Cristo, o \u201cPr\u00edncipe da Paz\u201d<a class=\"sdfootnoteanc\" href=\"#sdfootnote10sym\" name=\"sdfootnote10anc\"><sup>10<\/sup><\/a> e Aquele que \u00e9 \u201ca nossa paz\u201d<a class=\"sdfootnoteanc\" href=\"#sdfootnote11sym\" name=\"sdfootnote11anc\"><sup>11<\/sup><\/a>. Quem acolhe o mist\u00e9rio de Cristo em sua vida, mist\u00e9rio que o Ros\u00e1rio contempla e nos chama a acolher, apreende o segredo da paz e dele faz um projeto de vida. Al\u00e9m disso, o car\u00e1cter meditativo do Ros\u00e1rio, com a serena recita\u00e7\u00e3o das Ave-Marias, pacifica a nossa alma, predispondo-nos a receber e experimentar, no mais profundo de nosso cora\u00e7\u00e3o e a espalhar ao nosso redor, aquela paz verdadeira, que \u00e9 um dom especial do Ressuscitado<a class=\"sdfootnoteanc\" href=\"#sdfootnote12sym\" name=\"sdfootnote12anc\"><sup>12<\/sup><\/a>. Dessa forma, compreendemos que somos os primeiros beneficiados com a ora\u00e7\u00e3o do Ros\u00e1rio. Entendemos tamb\u00e9m que a urg\u00eancia de rezarmos pela paz no mundo e pelos pobres pecadores. Ademais, como mensageiros da paz, a exemplo de Nossa Senhora, n\u00f3s tamb\u00e9m somos chamados a ensinar esta a outros esta ora\u00e7\u00e3o.<\/p>\n<p class=\"western\" style=\"text-align: left\" align=\"JUSTIFY\"><strong>Assista ou ou\u00e7a programa&nbsp;do Padre Paulo Ricardo sobre&nbsp;\u201c<a title=\"Preparando e vivendo a consagra\u00e7\u00e3o - parte 2\" href=\"https:\/\/padrepauloricardo.org\/episodios\/o-santo-rosario\" target=\"_blank\" rel=\"noopener\">O Santo Ros\u00e1rio<\/a>\u201d:<\/strong><\/p>\n<p class=\"western\" style=\"text-align: left\" align=\"JUSTIFY\"><iframe loading=\"lazy\" width=\"640\" height=\"360\" src=\"https:\/\/www.youtube-nocookie.com\/embed\/DvieB8r3AlI?rel=0\" frameborder=\"0\" allowfullscreen><\/iframe><\/p>\n<p class=\"western\" style=\"text-align: left\" align=\"JUSTIFY\"><iframe loading=\"lazy\" width=\"100%\" height=\"166\" scrolling=\"no\" frameborder=\"no\" src=\"https:\/\/w.soundcloud.com\/player\/?url=https%3A\/\/api.soundcloud.com\/tracks\/52045884&color=ff5500&show_artwork=false\"><\/iframe><\/p>\n<p class=\"western\" style=\"text-align: left\" align=\"JUSTIFY\"><b>A devo\u00e7\u00e3o dos cinco Primeiros S\u00e1bados e a paz no mundo<\/b><\/p>\n<p class=\"western\" style=\"text-align: left\" align=\"JUSTIFY\">A Virgem Maria pediu <b><a href=\"http:\/\/blog.cancaonova.com\/tododemaria\/a-devocao-dos-cinco-primeiros-sabados\/\" target=\"_blank\" rel=\"noopener\">a devo\u00e7\u00e3o da comunh\u00e3o reparadora dos Primeiros S\u00e1bados<\/a><\/b> em uma de suas apari\u00e7\u00f5es \u00e0 Irm\u00e3 L\u00facia, no dia 10 de Dezembro de 1925, em Pontevedra, na Espanha. Nesta apari\u00e7\u00e3o, Nossa Senhora mostra seu Cora\u00e7\u00e3o Imaculado cercado de espinhos e diz \u00e0 Irm\u00e3 L\u00facia: \u201cOlha, minha filha, o meu cora\u00e7\u00e3o cercado de espinhos que os homens ingratos a todos os momentos me cravam com blasf\u00eamias e ingratid\u00f5es. Tu, ao menos, procura consolar-me e diz que prometo assistir na hora da morte, com todas as gra\u00e7as necess\u00e1rias para a salva\u00e7\u00e3o, a todos os que, no Primeiro S\u00e1bado de cinco meses seguidos, se confessarem, receberem a Sagrada Comunh\u00e3o, rezarem um Ter\u00e7o e me fizerem companhia durante quinze minutos, meditando nos 15 mist\u00e9rios do Ros\u00e1rio com o fim de me desagravar\u201d<sup><a class=\"sdfootnoteanc\" href=\"#sdfootnote13sym\" name=\"sdfootnote13anc\"><sup>13<\/sup><\/a><\/sup>. Estes espinhos no Cora\u00e7\u00e3o Imaculado de Maria eram os nossos pecados, que feriam seu Cora\u00e7\u00e3o de M\u00e3e. Nossa Senhora pediu que pratic\u00e1ssemos a devo\u00e7\u00e3o reparadora dos cinco Primeiros S\u00e1bados para tirar estes espinhos de seu Cora\u00e7\u00e3o. Em recompensa, a Sant\u00edssima Virgem prometeu-nos \u201ctodas as gra\u00e7as necess\u00e1rias para a salva\u00e7\u00e3o\u201d<sup><a class=\"sdfootnoteanc\" href=\"#sdfootnote14sym\" name=\"sdfootnote14anc\"><sup>14<\/sup><\/a><\/sup>. Nos dois anos seguintes, Jesus apareceu a Irm\u00e3 L\u00facia mostrando seu Sagrado Cora\u00e7\u00e3o e insistiu para que propag\u00e1ssemos esta devo\u00e7\u00e3o. A este respeito, L\u00facia escreveu: \u201cDa pr\u00e1tica da devo\u00e7\u00e3o dos Primeiros S\u00e1bados, unida \u00e0 consagra\u00e7\u00e3o ao Imaculado Cora\u00e7\u00e3o de Maria, depende a guerra ou a paz do mundo\u201d<sup><a class=\"sdfootnoteanc\" href=\"#sdfootnote15sym\" name=\"sdfootnote15anc\"><sup>15<\/sup><\/a><\/sup>. Desse modo, compreendemos que tamb\u00e9m a pr\u00e1tica e a propaga\u00e7\u00e3o desta devo\u00e7\u00e3o dos cinco Primeiros S\u00e1bados \u00e9 important\u00edssima para alcan\u00e7armos a salva\u00e7\u00e3o e a paz.<\/p>\n<p class=\"western\" style=\"text-align: left\" align=\"JUSTIFY\"><strong>Assista ou ou\u00e7a&nbsp;programa do Padre Paulo Ricardo&nbsp;sobre&nbsp;<a title=\"Em que consiste a devo\u00e7\u00e3o dos cinco primeiros s\u00e1bados do m\u00eas em honra \u00e0 Virgem de F\u00e1tima?\" href=\"https:\/\/padrepauloricardo.org\/episodios\/em-que-consiste-a-devocao-dos-cinco-primeiros-sabados-do-mes-em-honra-a-virgem-de-fatima\" target=\"_blank\" rel=\"noopener\">a devo\u00e7\u00e3o dos cinco Primeiros S\u00e1bados<\/a>:<\/strong><\/p>\n<p class=\"western\" style=\"text-align: left\" align=\"JUSTIFY\"><iframe loading=\"lazy\" width=\"640\" height=\"360\" src=\"https:\/\/www.youtube-nocookie.com\/embed\/WwAbZmpgbE8?rel=0\" frameborder=\"0\" allowfullscreen><\/iframe><\/p>\n<p class=\"western\" style=\"text-align: left\" align=\"JUSTIFY\"><iframe loading=\"lazy\" width=\"100%\" height=\"166\" scrolling=\"no\" frameborder=\"no\" src=\"https:\/\/w.soundcloud.com\/player\/?url=https%3A\/\/api.soundcloud.com\/tracks\/156426594&color=ff5500&show_artwork=false\"><\/iframe><\/p>\n<p class=\"western\" style=\"text-align: left\" align=\"JUSTIFY\"><b>A consagra\u00e7\u00e3o ao Imaculado Cora\u00e7\u00e3o de Maria e a paz mundial<\/b><\/p>\n<p class=\"western\" style=\"text-align: left\" align=\"JUSTIFY\">Como vimos, a guerra ou a paz do mundo depende da devo\u00e7\u00e3o dos cinco Primeiros S\u00e1bados unida com a consagra\u00e7\u00e3o ao Imaculado Cora\u00e7\u00e3o de Maria. Esta consagra\u00e7\u00e3o pode ser feita atrav\u00e9s de uma das v\u00e1rias <a href=\"http:\/\/www.derradeirasgracas.com\/2.%20segunda%20p%C3%A1gina\/As%20Devo%C3%A7%C3%B5es\/2.%20DEVO%C3%87%C3%95ES%20A%20MARIA%20SANT%C3%8DSSIMA\/Ao%20Imaculado%20Cora%C3%A7%C3%A3o%20de%20Maria\/Ora%C3%A7%C3%B5es%20ao%20Imaculado%20Cora%C3%A7%C3%A3o%20de%20Maria..htm\" target=\"_blank\" rel=\"noopener\">f\u00f3rmulas de consagra\u00e7\u00e3o<\/a> existentes. No entanto, o <a href=\"http:\/\/blog.cancaonova.com\/tododemaria\/o-metodo-de-consagracao-a-maria\/\" target=\"_blank\" rel=\"noopener\">m\u00e9todo<\/a> do livro \u201c<a href=\"http:\/\/blog.cancaonova.com\/tododemaria\/tratado\/\" target=\"_blank\" rel=\"noopener\">Tratado da Verdadeira Devo\u00e7\u00e3o a Sant\u00edssima Virgem<\/a>\u201d, criado e ensinado por <a href=\"http:\/\/blog.cancaonova.com\/tododemaria\/biografia-de-sao-luis-maria\/\" target=\"_blank\" rel=\"noopener\">S\u00e3o Lu\u00eds Maria Grignion de Montfort<\/a>, \u00e9 comprovadamente o mais eficaz para a consagra\u00e7\u00e3o a Nossa Senhora. Pois, este foi <a href=\"http:\/\/blog.cancaonova.com\/tododemaria\/como-ser-fiel-a-jesus-cristo\/\" target=\"_blank\" rel=\"noopener\">posto \u00e0 prova num tempo de grande persegui\u00e7\u00e3o contra a Igreja<\/a>, principalmente na Fran\u00e7a, a partir do s\u00e9culo XVIII. O auge da persegui\u00e7\u00e3o aconteceu com a Revolu\u00e7\u00e3o Francesa, na qual milhares de Padres, Religiosos e Religiosas foram mortos por causa da f\u00e9. As pessoas que haviam se consagrado pelo m\u00e9todo de S\u00e3o Lu\u00eds Maria n\u00e3o negaram a f\u00e9 em Jesus Cristo, ainda que por isso pudessem perder suas vidas. Al\u00e9m desse, temos o testemunho de outros santos que se consagraram a Virgem Maria por este m\u00e9todo: <a href=\"http:\/\/blog.cancaonova.com\/tododemaria\/o-cura-dars-e-a-sua-devocao-ao-rosario\/\" target=\"_blank\" rel=\"noopener\">S\u00e3o Jo\u00e3o Maria Vianney<\/a> (Cura d&#8217;Ars), <a href=\"http:\/\/blog.cancaonova.com\/tododemaria\/dom-bosco-e-nossa-senhora\/\" target=\"_blank\" rel=\"noopener\">S\u00e3o Jo\u00e3o Bosco<\/a> (Dom Bosco), <a href=\"http:\/\/blog.cancaonova.com\/tododemaria\/a-cruz-de-cristo-misterio-do-amor-e-do-sofrimento\/\" target=\"_blank\" rel=\"noopener\">S\u00e3o Pio de Pietrelcina<\/a> (Padre Pio), <a href=\"http:\/\/santo.cancaonova.com\/santo\/santo-antonio-de-santanna-galvao-homem-de-paz-e-caridade\/\" target=\"_blank\" rel=\"noopener\">Santo Ant\u00f4nio de Santana Galv\u00e3o<\/a> (Frei Galv\u00e3o) e muitos outros. Entretanto, o mais conhecido pela sua consagra\u00e7\u00e3o total a Virgem Maria \u00e9 certamente <a href=\"http:\/\/blog.cancaonova.com\/tododemaria\/joao-paulo-ii-um-papa-consagrado-a-maria\/\" target=\"_blank\" rel=\"noopener\">S\u00e3o Jo\u00e3o Paulo II<\/a>. Este grande Pont\u00edfice compreendeu a import\u00e2ncia desta consagra\u00e7\u00e3o, por isso se consagrou, ainda na \u00e9poca do semin\u00e1rio, e foi um dos maiores propagadores desta devo\u00e7\u00e3o nos \u00faltimos tempos. Com o Santo Padre, a consagra\u00e7\u00e3o a Sant\u00edssima Virgem tornou-se conhecida por todo mundo e hoje em dia esta devo\u00e7\u00e3o \u00e9 praticada cada vez mais. Sem sombra de d\u00favida, a consagra\u00e7\u00e3o a Jesus por Maria contribui eficazmente n\u00e3o s\u00f3 para a santifica\u00e7\u00e3o e a salva\u00e7\u00e3o pessoal, mas tamb\u00e9m para a santifica\u00e7\u00e3o e a salva\u00e7\u00e3o de muitos, como podemos comprovar pela sua extraordin\u00e1ria efic\u00e1cia na vida dos santos que praticaram esta devo\u00e7\u00e3o. Estes conduziram muitos a Jesus Cristo e \u00e0 salva\u00e7\u00e3o, e continuam a levar, atrav\u00e9s de suas obras e de seus m\u00e9ritos e preces. Como prometeu a M\u00e3e de Deus, com a devo\u00e7\u00e3o dos Primeiros S\u00e1bados e a consagra\u00e7\u00e3o ao Imaculado Cora\u00e7\u00e3o de Maria acontecer\u00e1 a reconcilia\u00e7\u00e3o com Deus e a paz no mundo. Por isso, propaguemos e pratiquemos estas devo\u00e7\u00f5es ensinadas pela Sant\u00edssima Virgem para colaborar com a paz mundial e a salva\u00e7\u00e3o dos pecadores.<\/p>\n<p class=\"western\" style=\"text-align: left\" align=\"JUSTIFY\"><strong>Assista ou ou\u00e7a programa sobre&nbsp;\u201c<a title=\"Preparando e vivendo a consagra\u00e7\u00e3o - parte 2\" href=\"https:\/\/padrepauloricardo.org\/episodios\/como-padre-paulo-ricardo-se-tornou-um-devoto-de-maria\" target=\"_blank\" rel=\"noopener\">Como Padre Paulo Ricardo se tornou um devoto de Maria<\/a>\u201d:<\/strong><\/p>\n<p class=\"western\" style=\"text-align: left\" align=\"JUSTIFY\"><iframe loading=\"lazy\" width=\"640\" height=\"360\" src=\"https:\/\/www.youtube-nocookie.com\/embed\/1RrLq_I6JMI?rel=0\" frameborder=\"0\" allowfullscreen><\/iframe><\/p>\n<p class=\"western\" style=\"text-align: left\" align=\"JUSTIFY\"><iframe loading=\"lazy\" width=\"100%\" height=\"166\" scrolling=\"no\" frameborder=\"no\" src=\"https:\/\/w.soundcloud.com\/player\/?url=https%3A\/\/api.soundcloud.com\/tracks\/115608061&color=ff6600&show_artwork=false\"><\/iframe><\/p>\n<p class=\"western\" style=\"text-align: left\" align=\"JUSTIFY\"><b>A M\u00e3e de Deus: verdadeira mensageira da paz<\/b><\/p>\n<p class=\"western\" style=\"text-align: left\" align=\"JUSTIFY\">Portanto, ao celebrar a Solenidade da M\u00e3e de Deus e o Dia Mundial da Paz, nada mais justo que reconhecer a Virgem Maria como verdadeira mensageira da paz. Pois, Nossa Senhora n\u00e3o comunicou a paz do mundo, da aus\u00eancia de conflitos e problemas, a paz sem Deus, mas nos comunicou Jesus Cristo, o \u201cPr\u00edncipe da Paz\u201d<a class=\"sdfootnoteanc\" href=\"#sdfootnote16sym\" name=\"sdfootnote16anc\"><sup>16<\/sup><\/a>, aquele que nos d\u00e1 a verdadeira paz, que \u00e9 a paz de Deus<a class=\"sdfootnoteanc\" href=\"#sdfootnote17sym\" name=\"sdfootnote17anc\"><sup>17<\/sup><\/a>. O que diferencia a verdadeira paz \u00e9 que ela n\u00e3o nos deixa paralisados ou fechados em n\u00f3s mesmos, como na falsa paz do mundo, mas nos leva ao encontro do pr\u00f3ximo&nbsp;e&nbsp;ao sacrif\u00edcio de n\u00f3s mesmos, por amor a Deus. Quando a Virgem de Nazar\u00e9 recebeu o Filho de Deus em seu ventre, a paz envolvente de Deus, que tomou conta de todo o seu ser, a fez partir apressadamente para a casa de sua prima Santa Isabel<a class=\"sdfootnoteanc\" href=\"#sdfootnote18sym\" name=\"sdfootnote18anc\"><sup>18<\/sup><\/a>. Pois, quando recebemos Jesus Cristo, e com Ele a Sua paz, somos impelidos pelo Esp\u00edrito Santo a levar esta experi\u00eancia a outros. Chegando \u00e0 casa de S\u00e3o Zacarias, a Sant\u00edssima Virgem saudou sua prima Isabel provavelmente com a express\u00e3o hebraica <i>Shalom, <\/i>que significa o \u201cdesejo que se estabelecesse na vida do outro a t\u00e3o esperada &#8216;realiza\u00e7\u00e3o messi\u00e2nica&#8217;, ou seja, toda felicidade e paz que deveria advir com a chegada do Messias\u201d<a class=\"sdfootnoteanc\" href=\"#sdfootnote19sym\" name=\"sdfootnote19anc\"><sup>19<\/sup><\/a>. Ao ouvir a sauda\u00e7\u00e3o de Maria, Jo\u00e3o Batista estremeceu no ventre de Isabel, que ficou cheia do Esp\u00edrito Santo<a class=\"sdfootnoteanc\" href=\"#sdfootnote20sym\" name=\"sdfootnote20anc\"><sup>20<\/sup><\/a>. Este primeiro milagre na ordem da gra\u00e7a aconteceu por que o \u201can\u00fancio [da Virgem de Nazar\u00e9] n\u00e3o \u00e9 formal, \u00e9 plenamente prof\u00e9tico e real, pois o Messias vir\u00e1 pelo seu seio. Por isso ao saudar com o <i>Shalom<\/i>, Maria o fez como ningu\u00e9m antes poderia ter feito, pois ela trazia o <i>Shalom<\/i> do Pai comunicado ao mundo\u201d<a class=\"sdfootnoteanc\" href=\"#sdfootnote21sym\" name=\"sdfootnote21anc\"><sup>21<\/sup><\/a>. Dessa forma, a Virgem M\u00e3e de Deus \u00e9 a verdadeira mensageira da paz, pois trouxe Jesus Cristo, o <i>Shalom<\/i> esperado pelos judeus, ao mundo. Esta \u00e9 a paz que devemos pedir e comunicar ao mundo: Jesus Cristo, o Salvador da humanidade. No entanto, o instrumento que usaremos n\u00e3o ser\u00e1 mais o <i>Shalom<\/i>, pois o Messias j\u00e1 veio ao mundo. Os instrumentos a Sant\u00edssima Virgem pediu que us\u00e1ssemos neste tempo s\u00e3o: o Santo Ros\u00e1rio, a devo\u00e7\u00e3o dos Primeiros S\u00e1bados e a consagra\u00e7\u00e3o ao Imaculado Cora\u00e7\u00e3o da Virgem Maria. Por estes, a paz de Jesus Cristo vir\u00e1 ao mundo e tamb\u00e9m aos nossos cora\u00e7\u00f5es, e nos preparar\u00e1 para a Sua segunda e definitiva vinda. \u201cVem, Senhor Jesus!\u201d<a class=\"sdfootnoteanc\" href=\"#sdfootnote22sym\" name=\"sdfootnote22anc\"><sup>22<\/sup><\/a> Santa Maria, M\u00e3e de Deus e Rainha da Paz, rogai por n\u00f3s!<\/p>\n<p class=\"western\" style=\"text-align: left\" align=\"JUSTIFY\">Natalino Ueda, escravo in\u00fatil de Jesus por Maria.<\/p>\n<p class=\"western\" style=\"text-align: left\" align=\"JUSTIFY\"><b>Links relacionados:<\/b><\/p>\n<p class=\"western\" style=\"text-align: left\" align=\"JUSTIFY\">TODO DE MARIA.&nbsp;<a href=\"http:\/\/blog.cancaonova.com\/tododemaria\/a-consagracao-a-maria-passo-a-passo\/\" target=\"_blank\" rel=\"noopener\">A consagra\u00e7\u00e3o a Maria passo a passo<\/a>.<\/p>\n<p class=\"western\" style=\"text-align: left\" align=\"JUSTIFY\">TODO DE MARIA.&nbsp;<a href=\"http:\/\/blog.cancaonova.com\/tododemaria\/a-mae-de-deus-e-o-dom-da-paz\/\" target=\"_blank\" rel=\"noopener\">A M\u00e3e de Deus e o dom da paz<\/a>.<\/p>\n<p class=\"western\" style=\"text-align: left\" align=\"JUSTIFY\">TODO DE MARIA.&nbsp;<a href=\"http:\/\/blog.cancaonova.com\/tododemaria\/maria-mae-de-deus-e-nossa\/\" target=\"_blank\" rel=\"noopener\">Maria, M\u00e3e de Deus e nossa<\/a>.<\/p>\n<p class=\"western\" style=\"text-align: left\" align=\"JUSTIFY\"><b>Refer\u00eancias:<\/b><\/p>\n<div id=\"sdfootnote1\" style=\"text-align: left\">\n<p class=\"sdfootnote-western\"><a class=\"sdfootnotesym\" href=\"#sdfootnote1anc\" name=\"sdfootnote1sym\">1<\/a>&nbsp;Is 9, 5.<\/p>\n<\/div>\n<div id=\"sdfootnote2\" style=\"text-align: left\">\n<p class=\"sdfootnote-western\"><a class=\"sdfootnotesym\" href=\"#sdfootnote2anc\" name=\"sdfootnote2sym\">2<\/a>&nbsp;Jo 14, 27.<\/p>\n<\/div>\n<div id=\"sdfootnote3\" style=\"text-align: left\">\n<p class=\"sdfootnote-western\"><a class=\"sdfootnotesym\" href=\"#sdfootnote3anc\" name=\"sdfootnote3sym\">3<\/a>&nbsp;<i>Idem, ibidem.<\/i><\/p>\n<\/div>\n<div id=\"sdfootnote4\" style=\"text-align: left\">\n<p class=\"sdfootnote-western\"><a class=\"sdfootnotesym\" href=\"#sdfootnote4anc\" name=\"sdfootnote4sym\">4<\/a>&nbsp;Mt 10, 34.<\/p>\n<\/div>\n<div id=\"sdfootnote5\" style=\"text-align: left\">\n<p class=\"sdfootnote-western\"><a class=\"sdfootnotesym\" href=\"#sdfootnote5anc\" name=\"sdfootnote5sym\">5<\/a>&nbsp;Lc 2, 35.<\/p>\n<\/div>\n<div id=\"sdfootnote6\" style=\"text-align: left\">\n<p class=\"sdfootnote-western\"><a class=\"sdfootnotesym\" href=\"#sdfootnote6anc\" name=\"sdfootnote6sym\">6<\/a>&nbsp;SANTU\u00c1RIO FATIMA. <a href=\"http:\/\/www.santuariofatima.org.br\/mensagemdefatima.htm\" target=\"_blank\" rel=\"noopener\">Mensagem de F\u00e1tima<\/a>.<\/p>\n<\/div>\n<div id=\"sdfootnote7\" style=\"text-align: left\">\n<p class=\"sdfootnote-western\"><a class=\"sdfootnotesym\" href=\"#sdfootnote7anc\" name=\"sdfootnote7sym\">7<\/a>&nbsp;A ora\u00e7\u00e3o cristoc\u00eantrica tem Jesus Cristo como centro.<\/p>\n<\/div>\n<div id=\"sdfootnote8\" style=\"text-align: left\">\n<p class=\"sdfootnote-western\"><a class=\"sdfootnotesym\" href=\"#sdfootnote8anc\" name=\"sdfootnote8sym\">8<\/a>&nbsp;Cf. SANTU\u00c1RIO FATIMA. Mensagem de F\u00e1tima.<\/p>\n<\/div>\n<div id=\"sdfootnote9\" style=\"text-align: left\">\n<p class=\"sdfootnote-western\"><a class=\"sdfootnotesym\" href=\"#sdfootnote9anc\" name=\"sdfootnote9sym\">9<\/a>&nbsp;PAPA JO\u00c3O PAULO II. <a href=\"http:\/\/w2.vatican.va\/content\/john-paul-ii\/pt\/apost_letters\/2002\/documents\/hf_jp-ii_apl_20021016_rosarium-virginis-mariae.html\" target=\"_blank\" rel=\"noopener\">Carta Apost\u00f3lica <i>Rosarium Virginis Mariae<\/i><\/a>, 6. (Ef 2, 14)<\/p>\n<\/div>\n<div id=\"sdfootnote10\" style=\"text-align: left\">\n<p class=\"sdfootnote-western\"><a class=\"sdfootnotesym\" href=\"#sdfootnote10anc\" name=\"sdfootnote10sym\">10<\/a>&nbsp;Is 9, 5.<\/p>\n<\/div>\n<div id=\"sdfootnote11\" style=\"text-align: left\">\n<p class=\"sdfootnote-western\"><a class=\"sdfootnotesym\" href=\"#sdfootnote11anc\" name=\"sdfootnote11sym\">11<\/a>&nbsp;Ef 2, 14.<\/p>\n<\/div>\n<div id=\"sdfootnote12\" style=\"text-align: left\">\n<p class=\"sdfootnote-western\"><a class=\"sdfootnotesym\" href=\"#sdfootnote12anc\" name=\"sdfootnote12sym\">12<\/a>&nbsp;Cf. Jo 14, 27; 20, 21.<\/p>\n<\/div>\n<div id=\"sdfootnote13\" style=\"text-align: left\">\n<p class=\"sdfootnote-western\"><a class=\"sdfootnotesym\" href=\"#sdfootnote13anc\" name=\"sdfootnote13sym\">13<\/a>&nbsp;F\u00c1TIMA. <a href=\"http:\/\/www.fatima.pt\/portal\/index.php?id=2415\" target=\"_blank\" rel=\"noopener\">Comunh\u00e3o Reparadora nos Primeiros S\u00e1bados<\/a>.<\/p>\n<\/div>\n<div id=\"sdfootnote14\" style=\"text-align: left\">\n<p class=\"sdfootnote-western\"><a class=\"sdfootnotesym\" href=\"#sdfootnote14anc\" name=\"sdfootnote14sym\">14<\/a>&nbsp;<i>Idem, ibibem.<\/i><\/p>\n<\/div>\n<div id=\"sdfootnote15\" style=\"text-align: left\">\n<p class=\"sdfootnote-western\"><a class=\"sdfootnotesym\" href=\"#sdfootnote15anc\" name=\"sdfootnote15sym\">15<\/a>&nbsp;<i>Idem, ibibem.<\/i><\/p>\n<\/div>\n<div id=\"sdfootnote16\" style=\"text-align: left\">\n<p class=\"sdfootnote-western\"><a class=\"sdfootnotesym\" href=\"#sdfootnote16anc\" name=\"sdfootnote16sym\">16<\/a>&nbsp;Is 9, 5.<\/p>\n<\/div>\n<div id=\"sdfootnote17\" style=\"text-align: left\">\n<p class=\"sdfootnote-western\"><a class=\"sdfootnotesym\" href=\"#sdfootnote17anc\" name=\"sdfootnote17sym\">17<\/a>&nbsp;Cf. Jo 14, 27.<\/p>\n<\/div>\n<div id=\"sdfootnote18\" style=\"text-align: left\">\n<p class=\"sdfootnote-western\"><a class=\"sdfootnotesym\" href=\"#sdfootnote18anc\" name=\"sdfootnote18sym\">18<\/a>&nbsp;Cf. Lc 1, 39.<\/p>\n<\/div>\n<div id=\"sdfootnote19\" style=\"text-align: left\">\n<p class=\"sdfootnote-western\"><a class=\"sdfootnotesym\" href=\"#sdfootnote19anc\" name=\"sdfootnote19sym\">19<\/a>&nbsp;COMUNIDADE SHALOM. <a href=\"http:\/\/www.comshalom.org\/visita-de-maria-a-sua-prima-isabel\/\" target=\"_blank\" rel=\"noopener\">Visita de Maria \u00e0 sua Prima Isabel<\/a>.<\/p>\n<\/div>\n<div id=\"sdfootnote20\" style=\"text-align: left\">\n<p class=\"sdfootnote-western\"><a class=\"sdfootnotesym\" href=\"#sdfootnote20anc\" name=\"sdfootnote20sym\">20<\/a>&nbsp;Cf. Lc 40-41.<\/p>\n<\/div>\n<div id=\"sdfootnote21\" style=\"text-align: left\">\n<p class=\"sdfootnote-western\"><a class=\"sdfootnotesym\" href=\"#sdfootnote21anc\" name=\"sdfootnote21sym\">21<\/a>&nbsp;COMUNIDADE SHALOM. <i>Op. cit.<\/i><\/p>\n<\/div>\n<div id=\"sdfootnote22\">\n<p class=\"sdfootnote-western\" style=\"text-align: left\"><a class=\"sdfootnotesym\" href=\"#sdfootnote22anc\" name=\"sdfootnote22sym\">22<\/a>&nbsp;Ap 22, 20.<\/p>\n<\/div>\n","protected":false},"excerpt":{"rendered":"<p>A Virgem Maria, M\u00e3e de Deus, e a verdadeira mensagem de paz para o mundo atual. A Sant\u00edssima Virgem Maria, celebrada no \u00faltimo dia da Oitava de Natal com o t\u00edtulo de M\u00e3e de Deus, tem se mostrado na hist\u00f3ria&#8230;<\/p>\n","protected":false},"author":4539,"featured_media":0,"comment_status":"open","ping_status":"open","sticky":false,"template":"","format":"standard","meta":{"_mi_skip_tracking":false,"_monsterinsights_sitenote_active":false,"_monsterinsights_sitenote_note":"","_monsterinsights_sitenote_category":0,"footnotes":""},"categories":[14931],"tags":[],"_links":{"self":[{"href":"https:\/\/blog.cancaonova.com\/tododemaria\/wp-json\/wp\/v2\/posts\/5037"}],"collection":[{"href":"https:\/\/blog.cancaonova.com\/tododemaria\/wp-json\/wp\/v2\/posts"}],"about":[{"href":"https:\/\/blog.cancaonova.com\/tododemaria\/wp-json\/wp\/v2\/types\/post"}],"author":[{"embeddable":true,"href":"https:\/\/blog.cancaonova.com\/tododemaria\/wp-json\/wp\/v2\/users\/4539"}],"replies":[{"embeddable":true,"href":"https:\/\/blog.cancaonova.com\/tododemaria\/wp-json\/wp\/v2\/comments?post=5037"}],"version-history":[{"count":9,"href":"https:\/\/blog.cancaonova.com\/tododemaria\/wp-json\/wp\/v2\/posts\/5037\/revisions"}],"predecessor-version":[{"id":8136,"href":"https:\/\/blog.cancaonova.com\/tododemaria\/wp-json\/wp\/v2\/posts\/5037\/revisions\/8136"}],"wp:attachment":[{"href":"https:\/\/blog.cancaonova.com\/tododemaria\/wp-json\/wp\/v2\/media?parent=5037"}],"wp:term":[{"taxonomy":"category","embeddable":true,"href":"https:\/\/blog.cancaonova.com\/tododemaria\/wp-json\/wp\/v2\/categories?post=5037"},{"taxonomy":"post_tag","embeddable":true,"href":"https:\/\/blog.cancaonova.com\/tododemaria\/wp-json\/wp\/v2\/tags?post=5037"}],"curies":[{"name":"wp","href":"https:\/\/api.w.org\/{rel}","templated":true}]}}