{"id":5307,"date":"2016-02-19T03:00:33","date_gmt":"2016-02-19T05:00:33","guid":{"rendered":"http:\/\/blog.cancaonova.com\/tododemaria\/?p=5307"},"modified":"2016-09-24T19:16:39","modified_gmt":"2016-09-24T22:16:39","slug":"a-medalha-milagrosa-e-as-gracas-a-humanidade","status":"publish","type":"post","link":"https:\/\/blog.cancaonova.com\/tododemaria\/a-medalha-milagrosa-e-as-gracas-a-humanidade\/","title":{"rendered":"A Medalha Milagrosa e as gra\u00e7as \u00e0 humanidade"},"content":{"rendered":"<p class=\"western\" style=\"text-align: left\"><b>Nossa Senhora tem derramado abundantes gra\u00e7as sobre a humanidade atrav\u00e9s da Medalha Milagrosa.<\/b><\/p>\n<p class=\"western\" style=\"text-align: left\">A Medalha Milagrosa de Nossa Senhora das Gra\u00e7as tem se mostrado um grande canal da Provid\u00eancia divina para a humanidade em nossos tempos. Em 27 de Novembro de 1830, Nossa Senhora apareceu a <a href=\"http:\/\/santo.cancaonova.com\/santo\/santa-catarina-laboure-privilegiada-com-a-aparicao-de-nossa-senhora\/\" target=\"_blank\">Santa Catarina Labour\u00e9<\/a>, com bra\u00e7os estendidos e dedos ornados por an\u00e9is que irradiavam luz, e estava rodeada por uma frase que dizia: \u201cOh Maria, concebida sem pecado, rogai por n\u00f3s que recorremos a v\u00f3s\u201d<sup><a class=\"sdfootnoteanc\" href=\"#sdfootnote1sym\" name=\"sdfootnote1anc\"><sup>1<\/sup><\/a><\/sup>. A Virgem Maria ainda disse a Catarina: \u201cFazei cunhar uma medalha sob este modelo. As pessoas que a usarem, com confian\u00e7a, receber\u00e3o muitas gra\u00e7as\u201d<sup><a class=\"sdfootnoteanc\" href=\"#sdfootnote2sym\" name=\"sdfootnote2anc\"><sup>2<\/sup><\/a><\/sup>. Catarina perguntou por que alguns an\u00e9is n\u00e3o irradiavam luz, e soube que era pelas gra\u00e7as que n\u00e3o eram pedidas.<\/p>\n<div id=\"attachment_5310\" style=\"width: 610px\" class=\"wp-caption aligncenter\"><a href=\"http:\/\/blog.cancaonova.com\/tododemaria\/files\/2016\/01\/A-Medalha-Milagrosa-e-as-gra\u00e7as-\u00e0-humanidade.jpg\"><img loading=\"lazy\" decoding=\"async\" aria-describedby=\"caption-attachment-5310\" class=\"size-full wp-image-5310\" src=\"http:\/\/blog.cancaonova.com\/tododemaria\/files\/2016\/01\/A-Medalha-Milagrosa-e-as-gra\u00e7as-\u00e0-humanidade.jpg\" alt=\"Nossa Senhora tem derramado abundantes gra\u00e7as sobre a humanidade atrav\u00e9s da Medalha Milagrosa.\" width=\"600\" height=\"350\" srcset=\"https:\/\/blog.cancaonova.com\/tododemaria\/files\/2016\/01\/A-Medalha-Milagrosa-e-as-gra\u00e7as-\u00e0-humanidade.jpg 600w, https:\/\/blog.cancaonova.com\/tododemaria\/files\/2016\/01\/A-Medalha-Milagrosa-e-as-gra\u00e7as-\u00e0-humanidade-300x175.jpg 300w\" sizes=\"(max-width: 600px) 100vw, 600px\" \/><\/a><p id=\"caption-attachment-5310\" class=\"wp-caption-text\">Medalha Milagrosa de Nossa Senhora das Gra\u00e7as<\/p><\/div>\n<p style=\"text-align: left\">Apesar dos insistentes pedidos de Irm\u00e3 Catarina ao Bispo local, a Medalha Milagrosa s\u00f3 foi conhecida em\u00a0fevereiro de 1832, quando uma epidemia de c\u00f3lera atingiu Paris e deixou mais de 20.000 mortos.\u00a0Com tantas mortes, o Bispo autorizou e Catarina Labour\u00e9 e as demais Filhas da Caridade come\u00e7am a distribuir as primeiras medalhas. A partir do in\u00edcio da distribui\u00e7\u00e3o das medalhas, as curas milagrosas multiplicaram-se por toda a Fran\u00e7a, bem como os sinais da prote\u00e7\u00e3o de Nossa Senhora e as convers\u00f5es a Jesus Cristo. Algo realmente extraordin\u00e1rio estava acontecendo, e o povo de Paris, que testemunhou todos esses prod\u00edgios, passou a chamar a medalha de Nossa Senhora das Gra\u00e7as de \u201cMedalha Milagrosa\u201d.<\/p>\n<p class=\"western\" style=\"text-align: left\"><!--more Continue lendo...--><\/p>\n<p class=\"western\" style=\"text-align: center\"><strong><a href=\"http:\/\/feedburner.google.com\/fb\/a\/mailverify?uri=TodoDeMaria\" target=\"_blank\">Receba o conte\u00fado deste blog gratuitamente em seu e-mail.<\/a><\/strong><\/p>\n<p class=\"western\" style=\"text-align: left\"><strong>A Virgem Maria: Imaculada Concei\u00e7\u00e3o e Medianeira de Todas as Gra\u00e7as<\/strong><\/p>\n<p class=\"western\" style=\"text-align: left\">Em Fevereiro de 1832, foram cunhadas as primeiras duas mil medalhas<sup><a class=\"sdfootnoteanc\" href=\"#sdfootnote3sym\" name=\"sdfootnote3anc\"><sup>3<\/sup><\/a><\/sup>. Desde ent\u00e3o, a devo\u00e7\u00e3o se espalhou pelo mundo e n\u00e3o parou de crescer. Dessa apari\u00e7\u00e3o nos vem duas certezas:<\/p>\n<p class=\"western\" style=\"text-align: left\">1\u00aa \u2013 A Imaculada Concei\u00e7\u00e3o de Maria. Foi a primeira revela\u00e7\u00e3o particular em que a Virgem se declara nascida sem a mancha do pecado. Revela\u00e7\u00e3o feita antes da proclama\u00e7\u00e3o do dogma da Imaculada que s\u00f3 aconteceu em 8 de Dezembro 1854<sup><a class=\"sdfootnoteanc\" href=\"#sdfootnote4sym\" name=\"sdfootnote4anc\"><sup>4<\/sup><\/a><\/sup>, e das apari\u00e7\u00f5es em Lourdes, em 25 de Mar\u00e7o de 1858<sup><a class=\"sdfootnoteanc\" href=\"#sdfootnote5sym\" name=\"sdfootnote5anc\"><sup>5<\/sup><\/a><\/sup>, que atestaram essa certeza de f\u00e9.<\/p>\n<p class=\"western\" style=\"text-align: left\">2\u00aa \u2013 Ela \u00e9 medianeira. Das m\u00e3os de Nossa Senhora derramam-se gra\u00e7as sobre a humanidade. No livro \u201cTratado a Verdadeira Devo\u00e7\u00e3o a Sant\u00edssima Virgem\u201d, S\u00e3o Lu\u00eds Maria Montfort diz que \u201cDeus Esp\u00edrito Santo comunicou a Maria, seus dons inef\u00e1veis, escolhendo-a para dispensadora de tudo que ele possui. [\u2026] Dom nenhum \u00e9 concedido aos homens, que n\u00e3o passe por suas m\u00e3os virginais\u201d<sup><a class=\"sdfootnoteanc\" href=\"#sdfootnote6sym\" name=\"sdfootnote6anc\"><sup>6<\/sup><\/a><\/sup>. Dessa forma, o Criador em Sua infinita Sabedoria, quis colocar Nossa Senhora entre n\u00f3s e Sua bondade.<\/p>\n<p class=\"western\" style=\"text-align: left\"><strong>Assista ou ou\u00e7a programa do Padre Paulo Ricardo\u00a0sobre\u00a0<\/strong><b>\u201c<a href=\"https:\/\/padrepauloricardo.org\/episodios\/a-impressionante-historia-de-nossa-senhora-de-lourdes\" target=\"_blank\">A impressionante hist\u00f3ria de Nossa Senhora de Lourdes<\/a>\u201d:<\/b><\/p>\n<p class=\"western\" style=\"text-align: left\"><iframe loading=\"lazy\" width=\"640\" height=\"360\" src=\"https:\/\/www.youtube-nocookie.com\/embed\/WgYTRg7bvaU?rel=0\" frameborder=\"0\" allowfullscreen><\/iframe><\/p>\n<p class=\"western\" style=\"text-align: left\"><iframe loading=\"lazy\" width=\"100%\" height=\"166\" scrolling=\"no\" frameborder=\"no\" src=\"https:\/\/w.soundcloud.com\/player\/?url=https%3A\/\/api.soundcloud.com\/tracks\/135521533&color=ff5500\"><\/iframe><\/p>\n<p class=\"western\" style=\"text-align: left\"><strong>Devemos pedir com confian\u00e7a as gra\u00e7as e estas ser\u00e3o concedidas<\/strong><\/p>\n<p class=\"western\" style=\"text-align: left\">Na apari\u00e7\u00e3o de Nossa Senhora, o que impressionou a vidente, e a n\u00f3s tamb\u00e9m, s\u00e3o os an\u00e9is que n\u00e3o emitiam luz e o significado disso. Gra\u00e7as que n\u00e3o s\u00e3o concedidas porque as pessoas n\u00e3o as pedem. Vejamos! Se todas as gra\u00e7as devem passar pelas m\u00e3os de Maria, sejamos razo\u00e1veis e chegaremos a conclus\u00e3o que aquilo que \u00e9 pedido diretamente ao Senhor, tamb\u00e9m \u00e9 intermediado pela M\u00e3e do C\u00e9u, mesmo que a pessoa n\u00e3o lhe tenha essa devo\u00e7\u00e3o. Ent\u00e3o, compreendemos que tal fato se d\u00e1 por um esfriamento dos cora\u00e7\u00f5es dos homens em rela\u00e7\u00e3o a Deus. O ser humano tem deixado de amar e de confiar no Alt\u00edssimo.<\/p>\n<p class=\"western\" style=\"text-align: left\"><strong>Assista v\u00eddeo da\u00a0Capela Nossa Senhora da Medalha Milagrosa\u00a0sobre\u00a0<\/strong><b>\u201c<a href=\"https:\/\/www.youtube.com\/watch?v=7rNlHgoeIPk\" target=\"_blank\">Santa Catarina Labour\u00e9<\/a>\u201d:<\/b><\/p>\n<p class=\"western\" style=\"text-align: left\"><iframe loading=\"lazy\" width=\"640\" height=\"480\" src=\"https:\/\/www.youtube-nocookie.com\/embed\/7rNlHgoeIPk?rel=0\" frameborder=\"0\" allowfullscreen><\/iframe><\/p>\n<p class=\"western\" style=\"text-align: left\"><strong>A\u00a0Medalha Milagrosa \u00e9 um grande meio para que nos voltemos para Deus<\/strong><\/p>\n<p class=\"western\" style=\"text-align: left\">A apari\u00e7\u00e3o de Nossa Senhora a Catarina vem nos chamar a aten\u00e7\u00e3o para isso, e a Medalha Milagrosa \u00e9 mais um recurso, ou melhor dizendo, um grande meio que o C\u00e9u nos d\u00e1 para que voltemos para o Senhor, para Seu amor e a bondade infinitos, que Ele tem por n\u00f3s. Deus quer que pe\u00e7amos grandes gra\u00e7as, n\u00e3o poucas, n\u00e3o s\u00f3 por situa\u00e7\u00f5es corriqueiras, mas que roguemos por grandes situa\u00e7\u00f5es, pelas fam\u00edlias, pelo bem da humanidade, por leis a favor da vida, pelo nosso pa\u00eds. Supliquemos que o Senhor intervenha nas trag\u00e9dias que est\u00e3o acontecendo e pela paz no mundo. Pe\u00e7amos milagres, rezemos pelos imposs\u00edveis.<\/p>\n<p class=\"western\" style=\"text-align: left\"><strong>Assista ou ou\u00e7a programa do Padre Paulo Ricardo\u00a0sobre\u00a0<\/strong><b>\u201c<a href=\"https:\/\/padrepauloricardo.org\/episodios\/a-medalha-milagrosa\" target=\"_blank\">A Medalha Milagrosa<\/a>\u201d:<\/b><\/p>\n<p class=\"western\" style=\"text-align: left\"><iframe loading=\"lazy\" width=\"640\" height=\"360\" src=\"https:\/\/www.youtube-nocookie.com\/embed\/TD-1PRL2pL0?rel=0\" frameborder=\"0\" allowfullscreen><\/iframe><\/p>\n<p class=\"western\" style=\"text-align: left\"><iframe loading=\"lazy\" width=\"100%\" height=\"166\" scrolling=\"no\" frameborder=\"no\" src=\"https:\/\/w.soundcloud.com\/player\/?url=https%3A\/\/api.soundcloud.com\/tracks\/234391504&color=ff5500&show_artwork=false\"><\/iframe><\/p>\n<p class=\"western\" style=\"text-align: left\"><strong>A\u00a0Medalha Milagrosa na hist\u00f3ria de Monsenhor Jonas e \u00a0da Can\u00e7\u00e3o Nova<\/strong><\/p>\n<p class=\"western\" style=\"text-align: left\">Al\u00e9m das promessas \u00e0queles que usarem a Medalha Milagrosa, na Can\u00e7\u00e3o Nova, aprendemos com <a href=\"http:\/\/padrejonas.cancaonova.com\/biografia\/\" target=\"_blank\">Monsenhor Jonas Abib<\/a> a plantar a medalhinha, como uma semente que gerar\u00e1 o milagre. Nos in\u00edcios da Comunidade, Padre Jonas tinha o desejo de adquirir o terreno onde hoje \u00e9 a sede da Can\u00e7\u00e3o Nova. Algo imposs\u00edvel na \u00e9poca. Ent\u00e3o, ele foi at\u00e9 o terreno e jogou a Medalha de Nossa Senhora das Gra\u00e7as, confiando nos des\u00edgnios de Deus<sup><a class=\"sdfootnoteanc\" href=\"#sdfootnote7sym\" name=\"sdfootnote7anc\"><sup>7<\/sup><\/a><\/sup>. Algum tempo depois, o propriet\u00e1rio do terreno ofertou-o a Can\u00e7\u00e3o Nova, parcelando o pagamento, porque sentiu que devia vend\u00ea-lo para a Comunidade e a mais ningu\u00e9m. Mesmo sem ter total condi\u00e7\u00e3o, nosso administrador Eto e Mons. Jonas deram o passo na f\u00e9 e adquiriram o lote. E o dinheiro chegava conforme os pagamentos venciam. Acredite! A Medalha Milagrosa tem poder.<\/p>\n<p class=\"western\" style=\"text-align: left\">Sandro Aparecido Arquejada, mission\u00e1rio da <a href=\"http:\/\/comunidade.cancaonova.com\/\" target=\"_blank\">Comunidade Can\u00e7\u00e3o Nova<\/a> desde 2005, autor dos livros: \u201c<a href=\"http:\/\/loja.cancaonova.com\/products\/19944-livro-maria-humana-como-nos\" target=\"_blank\">Maria, humana como n\u00f3s<\/a>\u201d; \u201c<a href=\"http:\/\/loja.cancaonova.com\/products\/31587-livro-as-cinco-fases-do-namoro-reedicao\" target=\"_blank\">As Cinco Fases do Namoro<\/a>\u201d; e \u201c<a href=\"http:\/\/loja.cancaonova.com\/products\/33390-livro-terco-dos-homens-e-a-grande-missao-masculina\" target=\"_blank\">Ter\u00e7o dos homens e a grande miss\u00e3o masculina<\/a>\u201d.<\/p>\n<p class=\"western\" style=\"text-align: left\"><strong>Links relacionados:<\/strong><\/p>\n<p class=\"western\" style=\"text-align: left\">MONSENHOR JONAS ABIB. <a href=\"http:\/\/padrejonas.cancaonova.com\/mensagem-do-dia\/o-senhor-nao-vai-fazer-o-milagre-sozinho\/\" target=\"_blank\">O Senhor n\u00e3o vai fazer o milagre sozinho<\/a>.<\/p>\n<p class=\"western\" style=\"text-align: left\">PADRE PAULO RICARDO.\u00a0<a href=\"https:\/\/padrepauloricardo.org\/blog\/aprenda-a-rezar-a-novena-da-medalha-milagrosa\" target=\"_blank\">Aprenda a rezar a Novena da Medalha Milagrosa<\/a>.<\/p>\n<p class=\"western\" style=\"text-align: left\">TODO DE MARIA.\u00a0<a href=\"http:\/\/blog.cancaonova.com\/tododemaria\/a-associacao-da-medalha-milagrosa\/\" target=\"_blank\">A Associa\u00e7\u00e3o da Medalha Milagrosa<\/a>.<\/p>\n<p class=\"western\" style=\"text-align: left\">TODO DE MARIA.\u00a0<a href=\"http:\/\/blog.cancaonova.com\/tododemaria\/nossa-senhora-das-gracas-e-a-medalha-milagrosa\/\" target=\"_blank\">Nossa Senhora das Gra\u00e7as e a Medalha Milagrosa.<\/a><\/p>\n<p class=\"western\" style=\"text-align: left\">Para receber gratuitamente a Medalha Milagrosa, clique neste link:\u00a0<a href=\"http:\/\/www.adf.org.br\/medalha\/faca-seu-pedido\" target=\"_blank\">A Medalha Milagrosa <\/a><br \/>\n<a href=\"http:\/\/www.adf.org.br\/medalha\/faca-seu-pedido\" target=\"_blank\">vai mudar a sua vida<\/a>.<\/p>\n<p class=\"western\" style=\"text-align: left\"><strong>Refer\u00eancias:<\/strong><\/p>\n<div id=\"sdfootnote1\" style=\"text-align: left\">\n<p class=\"sdfootnote-western\"><a class=\"sdfootnotesym\" href=\"#sdfootnote1anc\" name=\"sdfootnote1sym\">1<\/a> CAPELA NOSSA SENHORA DA MEDALHA MILAGROSA. <a href=\"http:\/\/www.chapellenotredamedelamedaillemiraculeuse.com\/langues\/portugues\/as-aparicoes-a-medalha\/\" target=\"_blank\">As apari\u00e7\u00f5es \u2013 A Medalha<\/a>.<\/p>\n<\/div>\n<div id=\"sdfootnote2\" style=\"text-align: left\">\n<p class=\"sdfootnote-western\"><a class=\"sdfootnotesym\" href=\"#sdfootnote2anc\" name=\"sdfootnote2sym\">2<\/a> <i>Idem.<\/i><\/p>\n<\/div>\n<div id=\"sdfootnote3\" style=\"text-align: left\">\n<p class=\"sdfootnote-western\"><a class=\"sdfootnotesym\" href=\"#sdfootnote3anc\" name=\"sdfootnote3sym\">3<\/a> <i>Idem.<\/i><\/p>\n<\/div>\n<div id=\"sdfootnote4\" style=\"text-align: left\">\n<p class=\"sdfootnote-western\"><a class=\"sdfootnotesym\" href=\"#sdfootnote4anc\" name=\"sdfootnote4sym\">4<\/a> PAPA PIO IX. <a href=\"http:\/\/www.nospassosdemaria.com.br\/Textos\/Ineffabilis%20Deus%20Carta%20apost%C3%B3lica%20Dogma%20da%20Imaculada%20Concei%C3%A7%C3%A3o.pdf\" target=\"_blank\">Bula <i>Ineffabilis Deus <\/i>sobre a Imaculada Concei\u00e7\u00e3o<\/a>. Este documento, promulgado em 8 de dezembro de 1854, declarou o dogma da Imaculada Concei\u00e7\u00e3o da Sant\u00edssima Virgem Maria.<\/p>\n<\/div>\n<div id=\"sdfootnote5\" style=\"text-align: left\">\n<p class=\"sdfootnote-western\"><a class=\"sdfootnotesym\" href=\"#sdfootnote5anc\" name=\"sdfootnote5sym\">5<\/a> PADRE PAULO RICARDO. <a href=\"https:\/\/padrepauloricardo.org\/episodios\/a-impressionante-historia-de-nossa-senhora-de-lourdes\" target=\"_blank\">A impressionante hist\u00f3ria de Nossa Senhora de Lourdes<\/a>. No dia 25 de mar\u00e7o de 1858, festa da Anuncia\u00e7\u00e3o, Nossa Senhora apareceu a Santa Bernade Soubirous e disse: \u201c<i>Que soy era Immaculada Councepciou<\/i> \u2013 Eu sou a Imaculada Concei\u00e7\u00e3o\u201d.<\/p>\n<\/div>\n<div id=\"sdfootnote6\" style=\"text-align: left\">\n<p class=\"sdfootnote-western\"><a class=\"sdfootnotesym\" href=\"#sdfootnote6anc\" name=\"sdfootnote6sym\">6<\/a> S\u00c3O LU\u00cdS MARIA GRIGNION DE MONTFORT. <a href=\"http:\/\/loja.cancaonova.com\/products\/31884-livro-tratado-da-verdadeira-devocao-a-santissima-virgem\" target=\"_blank\">Tratado a Verdadeira Devo\u00e7\u00e3o \u00e0 Sant\u00edssima Virgem<\/a>, 25.<\/p>\n<\/div>\n<div id=\"sdfootnote7\">\n<p class=\"sdfootnote-western\" style=\"text-align: left\"><a class=\"sdfootnotesym\" href=\"#sdfootnote7anc\" name=\"sdfootnote7sym\">7<\/a> INFRAESTRUTURA. <a href=\"http:\/\/blog.cancaonova.com\/infraestrutura\/acolhida\/tour-cancao-nova\/\" target=\"_blank\">Tour Can\u00e7\u00e3o Nova<\/a>.<\/p>\n<\/div>\n","protected":false},"excerpt":{"rendered":"<p>Nossa Senhora tem derramado abundantes gra\u00e7as sobre a humanidade atrav\u00e9s da Medalha Milagrosa. A Medalha Milagrosa de Nossa Senhora das Gra\u00e7as tem se mostrado um grande canal da Provid\u00eancia divina para a humanidade em nossos tempos. Em 27 de Novembro&#8230;<\/p>\n","protected":false},"author":4539,"featured_media":0,"comment_status":"open","ping_status":"open","sticky":false,"template":"","format":"standard","meta":{"_mi_skip_tracking":false,"_monsterinsights_sitenote_active":false,"_monsterinsights_sitenote_note":"","_monsterinsights_sitenote_category":0,"footnotes":""},"categories":[186332,185271],"tags":[],"_links":{"self":[{"href":"https:\/\/blog.cancaonova.com\/tododemaria\/wp-json\/wp\/v2\/posts\/5307"}],"collection":[{"href":"https:\/\/blog.cancaonova.com\/tododemaria\/wp-json\/wp\/v2\/posts"}],"about":[{"href":"https:\/\/blog.cancaonova.com\/tododemaria\/wp-json\/wp\/v2\/types\/post"}],"author":[{"embeddable":true,"href":"https:\/\/blog.cancaonova.com\/tododemaria\/wp-json\/wp\/v2\/users\/4539"}],"replies":[{"embeddable":true,"href":"https:\/\/blog.cancaonova.com\/tododemaria\/wp-json\/wp\/v2\/comments?post=5307"}],"version-history":[{"count":9,"href":"https:\/\/blog.cancaonova.com\/tododemaria\/wp-json\/wp\/v2\/posts\/5307\/revisions"}],"predecessor-version":[{"id":5496,"href":"https:\/\/blog.cancaonova.com\/tododemaria\/wp-json\/wp\/v2\/posts\/5307\/revisions\/5496"}],"wp:attachment":[{"href":"https:\/\/blog.cancaonova.com\/tododemaria\/wp-json\/wp\/v2\/media?parent=5307"}],"wp:term":[{"taxonomy":"category","embeddable":true,"href":"https:\/\/blog.cancaonova.com\/tododemaria\/wp-json\/wp\/v2\/categories?post=5307"},{"taxonomy":"post_tag","embeddable":true,"href":"https:\/\/blog.cancaonova.com\/tododemaria\/wp-json\/wp\/v2\/tags?post=5307"}],"curies":[{"name":"wp","href":"https:\/\/api.w.org\/{rel}","templated":true}]}}