{"id":5432,"date":"2016-02-24T03:00:56","date_gmt":"2016-02-24T06:00:56","guid":{"rendered":"http:\/\/blog.cancaonova.com\/tododemaria\/?p=5432"},"modified":"2016-02-27T20:54:14","modified_gmt":"2016-02-27T23:54:14","slug":"maria-o-caminho-de-amor-ao-coracao-de-jesus","status":"publish","type":"post","link":"https:\/\/blog.cancaonova.com\/tododemaria\/maria-o-caminho-de-amor-ao-coracao-de-jesus\/","title":{"rendered":"Maria, o caminho de amor ao Cora\u00e7\u00e3o de Jesus"},"content":{"rendered":"<p class=\"western\" style=\"text-align: left\"><b>A Virgem Maria \u00e9 o caminho de amor para chegar ao Cora\u00e7\u00e3o de Jesus Cristo.<\/b><\/p>\n<p class=\"western\" style=\"text-align: left\">Neste artigo, temos um testemunho, desta vez de uma de nossas leitoras, que descreve a Virgem Maria como \u201co caminho de amor ao cora\u00e7\u00e3o de Jesus\u201d. Tha\u00eds Oliveira, de Minas Gerais, depois de ler o recente testemunho de Carlos Eduardo Moraes, quis partilhar o seu, sobre a presen\u00e7a de Nossa Senhora em sua vida. Agradecemos a Carlos Eduardo e a Tha\u00eds por terem nos enviado seus testemunhos e parabenizamos pela coragem de ambos em partilhar suas vidas, para nosso maior conhecimento de Maria e para maior gl\u00f3ria de Deus. Apresentamos o testemunho de Tha\u00eds na \u00edntegra; acrescentamos apenas os subt\u00edtulos e os \u00e1udios e v\u00eddeos:<\/p>\n<div id=\"attachment_5433\" style=\"width: 610px\" class=\"wp-caption aligncenter\"><a href=\"http:\/\/blog.cancaonova.com\/tododemaria\/files\/2016\/02\/Maria-o-caminho-de-amor-ao-cora\u00e7\u00e3o-de-Jesus3.jpg\"><img loading=\"lazy\" decoding=\"async\" aria-describedby=\"caption-attachment-5433\" class=\"size-full wp-image-5433\" src=\"http:\/\/blog.cancaonova.com\/tododemaria\/files\/2016\/02\/Maria-o-caminho-de-amor-ao-cora\u00e7\u00e3o-de-Jesus3.jpg\" alt=\"A Virgem Maria \u00e9 o caminho de amor para chegar ao cora\u00e7\u00e3o de Jesus Cristo.\" width=\"600\" height=\"350\" srcset=\"https:\/\/blog.cancaonova.com\/tododemaria\/files\/2016\/02\/Maria-o-caminho-de-amor-ao-cora\u00e7\u00e3o-de-Jesus3.jpg 600w, https:\/\/blog.cancaonova.com\/tododemaria\/files\/2016\/02\/Maria-o-caminho-de-amor-ao-cora\u00e7\u00e3o-de-Jesus3-300x175.jpg 300w\" sizes=\"(max-width: 600px) 100vw, 600px\" \/><\/a><p id=\"caption-attachment-5433\" class=\"wp-caption-text\">Nossa Senhora de F\u00e1tima<\/p><\/div>\n<blockquote>\n<p class=\"western\" style=\"text-align: left\">Tudo come\u00e7ou na minha inf\u00e2ncia, quando tinha 9 anos. Estava na escola, esperando meu pai me buscar, e enquanto ele n\u00e3o chegava estava brincando de pique esconde com minha irm\u00e3 e umas colegas. N\u00e3o consegui me esconder em nenhum lugar, ent\u00e3o segui minha irm\u00e3 e uma outra menina que pularam uma rampa e se esconderam em cima de um telhado, que era de f\u00e1cil acesso. Elas n\u00e3o queriam que eu subisse ali tamb\u00e9m, mas mesmo assim eu fui.<!--more Continue lendo...--><\/p>\n<\/blockquote>\n<p class=\"western\" style=\"text-align: center\"><strong><a href=\"http:\/\/feedburner.google.com\/fb\/a\/mailverify?uri=TodoDeMaria\" target=\"_blank\">Receba o conte\u00fado deste blog gratuitamente em seu e-mail.<\/a><\/strong><\/p>\n<p class=\"western\" style=\"text-align: left\"><b>A primeira experi\u00eancia com Nossa Senhora<\/b><\/p>\n<blockquote>\n<p class=\"western\" style=\"text-align: left\">Aquele telhado era de uma sala onde se guardava as carteiras velhas, que estavam enferrujadas ou quebradas. Quando eu pisei na telha de amianto e me agachei, a telha n\u00e3o aguentou meu peso e s\u00f3 eu cai. As carteiras estavam empilhadas e todas com os p\u00e9s para cima. Ent\u00e3o, pode-se imaginar que seria um estrago feio, seria perfurada por aquelas carteiras. Mas, foi ai que Nossa Senhora me segurou pelos bra\u00e7os e me fez cair em cima da \u00fanica mesa que estava com os p\u00e9s para baixo. Lembro que desmaiei, acordei um tempo depois chorando e chamando minha m\u00e3e, mas n\u00e3o tive sequer uma fratura, n\u00e3o quebrei nada, s\u00f3 tive uns arranh\u00f5es e nada mais.<\/p>\n<\/blockquote>\n<p class=\"western\" style=\"text-align: left\"><strong>Assista v\u00eddeo do Play Can\u00e7\u00e3o Nova,\u00a0com Juliana de Paula e Alexandre Santos,\u00a0sobre\u00a0o tema \u201c<a href=\"http:\/\/play.cancaonova.com\/play\/musica\/maria,-passa-na-frente\/\" target=\"_blank\">Maria, passa na frente<\/a>\u201d:<\/strong><\/p>\n<p class=\"western\" style=\"text-align: left\"><iframe loading=\"lazy\" src=\"https:\/\/fast.player.liquidplatform.com\/pApiv2\/embed\/fb8707a09b4825a397d6d7d8ea1d7f37\/43f27386193b07e9e194f3f4059e73b2?redirectURL=https:\/\/play.cancaonova.com\/play\/musica\/maria,-passa-na-frente\/&startOutput=360p\" width=\"674\" height=\"375\" frameborder=\"0\"><\/iframe><\/p>\n<p class=\"western\" style=\"text-align: left\"><b>Uma experi\u00eancia profunda com a Virgem Maria<\/b><\/p>\n<blockquote>\n<p class=\"western\" style=\"text-align: left\">Na \u00e9poca, n\u00e3o sabia que Nossa Senhora havia me pegado nos bra\u00e7os. Mas, algum tempo depois, num encontro de jovens da RCC, tive uma experi\u00eancia profunda com Nossa Senhora, onde senti o seu perfume a me embalar, e tive a certeza de como ela sempre esteve comigo, principalmente naquele dia. Desde ent\u00e3o, s\u00f3 fui me aproximando ainda mais dela. Posso sentir como ela est\u00e1 perto, sempre que a ela recorro, e procuro a sua presen\u00e7a de m\u00e3e, amiga e intercessora.<\/p>\n<\/blockquote>\n<p class=\"western\" style=\"text-align: left\"><strong>Assista ou ou\u00e7a programa\u00a0do sobre \u201c<a href=\"https:\/\/padrepauloricardo.org\/episodios\/como-padre-paulo-ricardo-se-tornou-um-devoto-de-maria\" target=\"_blank\">Como Padre Paulo Ricardo se tornou um devoto de Maria<\/a>\u201d:<\/strong><\/p>\n<p class=\"western\" style=\"text-align: left\"><iframe loading=\"lazy\" width=\"640\" height=\"360\" src=\"https:\/\/www.youtube-nocookie.com\/embed\/1RrLq_I6JMI?rel=0\" frameborder=\"0\" allowfullscreen><\/iframe><\/p>\n<p class=\"western\" style=\"text-align: left\"><iframe loading=\"lazy\" width=\"100%\" height=\"166\" scrolling=\"no\" frameborder=\"no\" src=\"https:\/\/w.soundcloud.com\/player\/?url=https%3A\/\/api.soundcloud.com\/tracks\/115608061&color=ff6600&show_artwork=false\"><\/iframe><\/p>\n<p class=\"western\" style=\"text-align: left\"><b>A escravid\u00e3o de amor a Jesus por Maria em minha vida<\/b><\/p>\n<blockquote>\n<p class=\"western\" style=\"text-align: left\">Decidi me tornar escrava de amor a Jesus por meio dela. H\u00e1 pouco mais de um ano, me consagrei pelo m\u00e9todo de S\u00e3o Lu\u00eds Maria Grignion de Montfort. Nossa Senhora est\u00e1 t\u00e3o presente em minha vida, nas minhas decis\u00f5es, e na minha caminhada de f\u00e9, que algumas pessoas j\u00e1 me falaram sentir a presen\u00e7a dela estando perto de mim, e de ver tra\u00e7os dela comigo. Gl\u00f3ria a Deus por nos ter dado Maria como m\u00e3e, e gl\u00f3ria a ela que em sua humildade e obedi\u00eancia disse sim, e nos leva a cada dia pra mais perto de Jesus!<\/p>\n<\/blockquote>\n<p class=\"western\" style=\"text-align: left\"><strong>Assista v\u00eddeo do Play Can\u00e7\u00e3o Nova\u00a0com\u00a0o tema \u201c<a href=\"http:\/\/play.cancaonova.com\/play\/webseries\/pontificado-jpii\/jpii--_--um-homem-consagrado-a-virgem-maria\/\" target=\"_blank\">Jo\u00e3o Paulo II, um homem consagrado a Virgem Maria<\/a>\u201d:<\/strong><\/p>\n<p class=\"western\" style=\"text-align: left\"><iframe loading=\"lazy\" src=\"https:\/\/fast.player.liquidplatform.com\/pApiv2\/embed\/fb8707a09b4825a397d6d7d8ea1d7f37\/abd52f5a44a4274ffffbe923f5cd5dbb?redirectURL=https:\/\/play.cancaonova.com\/play\/webseries\/pontificado-jpii\/jpii--_--um-homem-consagrado-a-virgem-maria\/&startOutput=360p\" width=\"674\" height=\"375\" frameborder=\"0\"><\/iframe><\/p>\n<p class=\"western\" style=\"text-align: left\"><b>A Virgem Maria como caminho de amor ao Cora\u00e7\u00e3o de Jesus Cristo<\/b><\/p>\n<blockquote>\n<p class=\"western\" style=\"text-align: left\">Nossa Senhora n\u00e3o \u00e9 algu\u00e9m distante, ela se faz presente mesmo quando n\u00e3o a chamamos ou permitimos, e hoje n\u00e3o sei pedir nada para minha vida ou para os meus irm\u00e3os que n\u00e3o passe pelas m\u00e3os dela. Ela \u00e9 o caminho de amor ao Cora\u00e7\u00e3o de Jesus! Esse \u00e9 meu testemunho. Que Nossa Senhora nos guarde sempre!\u201d.<\/p>\n<p class=\"western\" style=\"text-align: left\">Tha\u00eds Oliveira \u2013 MG.<\/p>\n<\/blockquote>\n<p class=\"western\" style=\"text-align: left\"><strong>Links relacionados:<\/strong><\/p>\n<p class=\"western\" style=\"text-align: left\">CL\u00c9OFAS.\u00a0<a href=\"http:\/\/cleofas.com.br\/salvo-da-morte-por-maria\/\" target=\"_blank\">Salvo da morte por Maria<\/a>.<\/p>\n<p class=\"western\" style=\"text-align: left\">TODO DE MARIA.\u00a0<a href=\"http:\/\/blog.cancaonova.com\/tododemaria\/a-consagracao-de-caio-a-maria\/\" target=\"_blank\">A consagra\u00e7\u00e3o de Caio a Maria<\/a>.<\/p>\n<p class=\"western\" style=\"text-align: left\">TODO DE MARIA.\u00a0<a href=\"http:\/\/blog.cancaonova.com\/tododemaria\/joao-paulo-ii-um-papa-consagrado-a-maria\/\" target=\"_blank\">Jo\u00e3o Paulo II: um papa consagrado a Maria<\/a><\/p>\n<p class=\"western\" style=\"text-align: left\">TODO DE MARIA.\u00a0<a href=\"http:\/\/blog.cancaonova.com\/tododemaria\/nossa-senhora-aparecida-em-minha-vida\/\" target=\"_blank\">Nossa Senhora Aparecida em minha vida<\/a>.<\/p>\n","protected":false},"excerpt":{"rendered":"<p>A Virgem Maria \u00e9 o caminho de amor para chegar ao Cora\u00e7\u00e3o de Jesus Cristo. Neste artigo, temos um testemunho, desta vez de uma de nossas leitoras, que descreve a Virgem Maria como \u201co caminho de amor ao cora\u00e7\u00e3o de&#8230;<\/p>\n","protected":false},"author":4539,"featured_media":0,"comment_status":"open","ping_status":"open","sticky":false,"template":"","format":"standard","meta":{"_mi_skip_tracking":false,"_monsterinsights_sitenote_active":false,"_monsterinsights_sitenote_note":"","_monsterinsights_sitenote_category":0,"footnotes":""},"categories":[101],"tags":[],"_links":{"self":[{"href":"https:\/\/blog.cancaonova.com\/tododemaria\/wp-json\/wp\/v2\/posts\/5432"}],"collection":[{"href":"https:\/\/blog.cancaonova.com\/tododemaria\/wp-json\/wp\/v2\/posts"}],"about":[{"href":"https:\/\/blog.cancaonova.com\/tododemaria\/wp-json\/wp\/v2\/types\/post"}],"author":[{"embeddable":true,"href":"https:\/\/blog.cancaonova.com\/tododemaria\/wp-json\/wp\/v2\/users\/4539"}],"replies":[{"embeddable":true,"href":"https:\/\/blog.cancaonova.com\/tododemaria\/wp-json\/wp\/v2\/comments?post=5432"}],"version-history":[{"count":5,"href":"https:\/\/blog.cancaonova.com\/tododemaria\/wp-json\/wp\/v2\/posts\/5432\/revisions"}],"predecessor-version":[{"id":5473,"href":"https:\/\/blog.cancaonova.com\/tododemaria\/wp-json\/wp\/v2\/posts\/5432\/revisions\/5473"}],"wp:attachment":[{"href":"https:\/\/blog.cancaonova.com\/tododemaria\/wp-json\/wp\/v2\/media?parent=5432"}],"wp:term":[{"taxonomy":"category","embeddable":true,"href":"https:\/\/blog.cancaonova.com\/tododemaria\/wp-json\/wp\/v2\/categories?post=5432"},{"taxonomy":"post_tag","embeddable":true,"href":"https:\/\/blog.cancaonova.com\/tododemaria\/wp-json\/wp\/v2\/tags?post=5432"}],"curies":[{"name":"wp","href":"https:\/\/api.w.org\/{rel}","templated":true}]}}