{"id":5558,"date":"2016-03-21T03:00:56","date_gmt":"2016-03-21T06:00:56","guid":{"rendered":"http:\/\/blog.cancaonova.com\/tododemaria\/?p=5558"},"modified":"2016-03-20T22:07:14","modified_gmt":"2016-03-21T01:07:14","slug":"o-amor-de-sao-jose-a-jesus-a-maria-e-a-nos","status":"publish","type":"post","link":"https:\/\/blog.cancaonova.com\/tododemaria\/o-amor-de-sao-jose-a-jesus-a-maria-e-a-nos\/","title":{"rendered":"O amor de S\u00e3o Jos\u00e9 a Jesus, a Maria e a n\u00f3s"},"content":{"rendered":"<p class=\"western\" style=\"text-align: left\"><b>Consideremos o profundo amor que S\u00e3o Jos\u00e9 dedicou a Jesus Cristo e a Virgem Maria, e dedica a cada um de n\u00f3s, como nosso pai e protetor.<\/b><\/p>\n<p class=\"western\" style=\"text-align: left\">O glorioso S\u00e3o Jos\u00e9, o grande patriarca do Novo Testamento, consagrou todo o seu amor a Jesus Cristo, a Virgem Maria e a cada um de n\u00f3s. Normalmente, a longa familiaridade com as pessoas faz, muitas vezes, esfriar o amor. Pois, quanto mais convivemos, mais conhecemos os defeitos uns dos outros. No entanto, com S\u00e3o Jos\u00e9 n\u00e3o foi assim. Quanto mais o Justo convivia com o divino Redentor e com a Sant\u00edssima Virgem, mais conhecia-lhes a santidade. Sendo assim, podemos concluir que extraordinariamente grande era o seu amor para com Jesus e Maria, aqueles que o Senhor lhe concedeu ter como companhia por longos anos.<\/p>\n<div id=\"attachment_5561\" style=\"width: 610px\" class=\"wp-caption aligncenter\"><a href=\"http:\/\/blog.cancaonova.com\/tododemaria\/files\/2016\/03\/O-amor-de-S\u00e3o-Jos\u00e9-a-Jesus-a-Maria-e-a-n\u00f3s.jpg\"><img loading=\"lazy\" decoding=\"async\" aria-describedby=\"caption-attachment-5561\" class=\"size-full wp-image-5561\" src=\"http:\/\/blog.cancaonova.com\/tododemaria\/files\/2016\/03\/O-amor-de-S\u00e3o-Jos\u00e9-a-Jesus-a-Maria-e-a-n\u00f3s.jpg\" alt=\"Consideremos o profundo amor que S\u00e3o Jos\u00e9 dedicou a Jesus Cristo e a Virgem Maria, e dedica a cada um de n\u00f3s, como nosso pai e protetor.\" width=\"600\" height=\"350\" srcset=\"https:\/\/blog.cancaonova.com\/tododemaria\/files\/2016\/03\/O-amor-de-S\u00e3o-Jos\u00e9-a-Jesus-a-Maria-e-a-n\u00f3s.jpg 600w, https:\/\/blog.cancaonova.com\/tododemaria\/files\/2016\/03\/O-amor-de-S\u00e3o-Jos\u00e9-a-Jesus-a-Maria-e-a-n\u00f3s-300x175.jpg 300w\" sizes=\"(max-width: 600px) 100vw, 600px\" \/><\/a><p id=\"caption-attachment-5561\" class=\"wp-caption-text\">O sonho de Jos\u00e9, de\u00a0<a href=\"https:\/\/www.museodelprado.es\/en\/the-collection\/art-work\/josephs-dream\/933bf488-5283-40e4-bc82-2c4296dbf2e7?searchid=6f2347a4-d827-06a7-8870-943d5ba47466\" target=\"_blank\">Vicente L\u00f3pez Porta\u00f1a<\/a>.<\/p><\/div>\n<p class=\"western\" style=\"text-align: left\">Deus concedeu aos outros Santos o poder de nos proteger em uma necessidade especial. Mas, a S\u00e3o Jos\u00e9 o Senhor concedeu a gra\u00e7a de ser nosso protetor em todas as necessidades, como atestam a palavra dos santos e do Magist\u00e9rio da Igreja e a experi\u00eancia de muitos fi\u00e9is. O Santo Patriarca n\u00e3o somente tem vontade de nos ajudar, mas, de certo modo, sente-se obrigado, visto que, por nossa causa, ele foi elevado a t\u00e3o alta dignidade. Por isso, podemos imaginar que o Senhor, vendo as nossas afli\u00e7\u00f5es, diz a cada um de n\u00f3s o que o Fara\u00f3 disse ao povo do Egito no tempo da fome: \u201cIde a Jos\u00e9, e fazei o que ele vos disser\u201d<sup><a class=\"sdfootnoteanc\" href=\"#sdfootnote1sym\" name=\"sdfootnote1anc\"><sup>1<\/sup><\/a><\/sup> (cf. Gn 41, 55).<!--more Continue lendo...--><\/p>\n<p class=\"western\" style=\"text-align: center\"><strong><a href=\"http:\/\/feedburner.google.com\/fb\/a\/mailverify?uri=TodoDeMaria\" target=\"_blank\">Receba o conte\u00fado deste blog gratuitamente em seu e-mail.<\/a><\/strong><\/p>\n<p class=\"western\" style=\"text-align: left\"><b>O amor e o cuidado paternos de S\u00e3o Jos\u00e9 a Jesus Cristo<\/b><\/p>\n<p class=\"western\" style=\"text-align: left\">Consideremos, em primeiro lugar, o grande amor que S\u00e3o Jos\u00e9 teve por Jesus Cristo. J\u00e1 que Deus destinou o Santo para ser pai adotivo do Verbo humanado, com certeza infundiu no seu cora\u00e7\u00e3o um amor de pai de um filho t\u00e3o am\u00e1vel que, ao mesmo tempo, era Deus. \u201cO amor de Jos\u00e9 n\u00e3o foi, portanto, um amor puramente humano, como o dos outros pais, mas um amor sobre-humano, visto que na mesma pessoa via seu Filho e seu Deus\u201d<sup><a class=\"sdfootnoteanc\" href=\"#sdfootnote2sym\" name=\"sdfootnote2anc\"><sup>2<\/sup><\/a><\/sup>.<\/p>\n<p class=\"western\" style=\"text-align: left\">Pela revela\u00e7\u00e3o divina recebida por meio de um Anjo do Senhor em sonho, S\u00e3o Jos\u00e9 sabia que o Menino Jesus, que via continuamente em sua companhia, era o Verbo divino, feito homem por amor a n\u00f3s, por toda a humanidade, mas especialmente por ele. Jos\u00e9 sabia que o pr\u00f3prio Verbo o havia escolhido entre todos os homens para ser o guardi\u00e3o de Sua vida e que queria ser chamado seu Filho. A este respeito, Santo Afonso Maria de Lig\u00f3rio nos convida e refletir:<\/p>\n<blockquote>\n<p class=\"western\" style=\"text-align: left\">&#8230;de que inc\u00eandio de amor n\u00e3o devia estar abrasado o cora\u00e7\u00e3o de Jos\u00e9, ao considerar tudo isso e ao ver seu Senhor, que lhe servia como oficial, ora abrindo e fechando a loja, ora ajudando-o a serrar a madeira, ora manejando a plaina ou o machado, ora ajuntando os cavacos e varrendo a casa; numa palavra, que lhe obedecia em tudo que lhe mandava, e n\u00e3o fazia nada sem o consentimento daquele que considerava como seu pai.<\/p>\n<\/blockquote>\n<p class=\"western\" style=\"text-align: left\">Que afetos n\u00e3o deviam ser despertados no cora\u00e7\u00e3o de S\u00e3o Jos\u00e9, quando tinha o Jesus nos bra\u00e7os, o acariciava, ou recebia as car\u00edcias daquele doce Menino! \u201cquando escutava as palavras de vida eterna, que foram como outras tantas setas a ferirem-lhe o cora\u00e7\u00e3o! especialmente quando observava os santos exemplos de todas as virtudes que o divino Menino lhe dava!\u201d<sup><a class=\"sdfootnoteanc\" href=\"#sdfootnote3sym\" name=\"sdfootnote3anc\"><sup>3<\/sup><\/a><\/sup>. A longa conviv\u00eancia de pessoas que se amam mutuamente, muitas vezes resfria o amor com o passar do tempo. Pois, quanto mais convivemos com as pessoas, mais descobrimos os defeitos uns dos outros. Na Sagrada Fam\u00edlia n\u00e3o foi assim, porque quanto mais Jos\u00e9 convivia com Jesus, mais descobria a Sua santidade. Depois desta reflex\u00e3o, podemos imaginar o quanto Jos\u00e9 deve ter amado Jesus, durante os longos anos que passou com Ele, desde o Seu nascimento em Bel\u00e9m, nos anos de escondimento no Egito e na tranquilidade de Nazar\u00e9 (cf. Mt 2, 13-23).<\/p>\n<p class=\"western\"><strong>Assista ou ou\u00e7a programa do Padre Paulo Ricardo sobre \u201c<a href=\"https:\/\/padrepauloricardo.org\/episodios\/o-glorioso-sao-jose\" target=\"_blank\">O glorioso S\u00e3o Jos\u00e9<\/a>\u201d:<\/strong><\/p>\n<p class=\"western\"><iframe loading=\"lazy\" width=\"640\" height=\"360\" src=\"https:\/\/www.youtube-nocookie.com\/embed\/hVL-Ihs3nLg?rel=0\" frameborder=\"0\" allowfullscreen><\/iframe><\/p>\n<p class=\"western\"><iframe loading=\"lazy\" width=\"100%\" height=\"166\" scrolling=\"no\" frameborder=\"no\" src=\"https:\/\/w.soundcloud.com\/player\/?url=https%3A\/\/api.soundcloud.com\/tracks\/196717098&color=ff5500&show_artwork=false\"><\/iframe><\/p>\n<p class=\"western\" style=\"text-align: left\"><b>O amor e a devo\u00e7\u00e3o de S\u00e3o Jos\u00e9 a Virgem Maria<\/b><\/p>\n<p class=\"western\" style=\"text-align: left\">Em segundo lugar, meditemos a respeito do amor que S\u00e3o Jos\u00e9 nutriu pela Virgem Maria, sua santa esposa. \u201cEra ela a mais perfeita entre todas as mulheres, a mais humilde, a mais mansa, a mais pura, a mais obediente e a mais amante de Deus, como nunca houve nem haver\u00e1 outra entre todos os homens e anjos. Era, pois, merecedora de todo o amor de Jos\u00e9, que era t\u00e3o amante da virtude\u201d<sup><a class=\"sdfootnoteanc\" href=\"#sdfootnote4sym\" name=\"sdfootnote4anc\"><sup>4<\/sup><\/a><\/sup>. Acrescentemos a isso o amor com que se via amado por Maria, que certamente preferia no amor seu Esposo a todas as criaturas. S\u00e3o Jos\u00e9 considerava a Virgem Maria como a predileta de Deus, escolhida para ser M\u00e3e do Filho unig\u00eanito. Em vista dos encantos naturais e sobrenaturais da Virgem Maria, consideremos qu\u00e3o grande devia ser o afeto que o cora\u00e7\u00e3o justo e grato de Jos\u00e9 nutria para com a sua Esposa amabil\u00edssima.<\/p>\n<p class=\"western\" style=\"text-align: left\">Aquilo que dissemos a respeito da conviv\u00eancia de Jos\u00e9 com Jesus, podemos dizer tamb\u00e9m quanto a Nossa Senhora. A longa conviv\u00eancia com a Sant\u00edssima Virgem, ao inv\u00e9s de resfriar o amor com o passar dos anos, mais o fazia aumentar. Pois, quanto mais S\u00e3o Jos\u00e9 convivia com a Virgem de Nazar\u00e9, mais descobria a Sua santidade. Dessa forma, a alma piedosa de Jos\u00e9 tornava-se cada vez devota daquela Mulher que, como num eco das palavras do Fara\u00f3, disse aos serventes e diz a cada um de n\u00f3s a respeito de seu Filho: \u201cFazei o que ele vos disser!\u201d (Jo 2, 5). Pois, da mesma forma que Jos\u00e9 foi instrumento de salva\u00e7\u00e3o para o Povo de Deus no Egito, Jesus \u00e9 o instrumento de salva\u00e7\u00e3o para o Novo Povo de Deus, que somos n\u00f3s.<\/p>\n<p class=\"western\" style=\"text-align: left\"><b>Ora\u00e7\u00e3o de Santo Afonso Maria de Lig\u00f3rio a S\u00e3o Jos\u00e9, a Jesus e a Maria<\/b><\/p>\n<blockquote>\n<p class=\"western\" style=\"text-align: left\">\u2020 Meu santo Patriarca, alegro-me com vossa ventura e grandeza, por serdes julgado digno da conviv\u00eancia com Maria Sant\u00edssima e de governar como pai a Jesus e de vos fazer obedecer por aquele a quem o c\u00e9u e a terra obedecem. \u00d3 meu Santo, visto como um Deus vos quis servir, tamb\u00e9m eu quero p\u00f4r-me no n\u00famero de vossos servos. De hoje em diante quero servir-vos, honrar-vos e amar-vos como a meu senhor. Aceitai-me debaixo de vosso patroc\u00ednio e ordenai-me o que quiserdes. Sei que tudo que me queirais impor ser\u00e1 para meu bem e para gl\u00f3ria de meu e vosso Redentor. S\u00e3o Jos\u00e9, rogai a Jesus por mim. Ele certamente n\u00e3o vos negar\u00e1 nada, depois de ter obedecido na terra a todas as vossas vontades. Dizei-Lhe que me perdoe as ofensas que Lhe tenho feito. Dizei-Lhe que me desprenda das criaturas e de mim mesmo, que me abrase em seu amor e depois fa\u00e7a de mim conforme a sua vontade. \u2014 E v\u00f3s, \u00f3 Maria Sant\u00edssima, pelo amor que vos teve S\u00e3o Jos\u00e9, acolhei-me debaixo do vosso manto e rogai a vosso santo Esposo que me aceite como seu servo.<\/p>\n<p class=\"western\" style=\"text-align: left\">Meu querido Jesus, V\u00f3s que para pagar as minhas desobedi\u00eancias, quisestes humilhar-Vos e obedecer a um homem, suplico-Vos pela obedi\u00eancia que na terra mostrastes a S\u00e3o Jos\u00e9, concedei-me a gra\u00e7a de obedecer de hoje por diante a todos os vossos divinos desejos. Pelo amor que tivestes a Jos\u00e9 e pelo que ele Vos teve, dai-me um grande amor a V\u00f3s, bondade infinita, digna de ser amada de todo o cora\u00e7\u00e3o. Esquecei as inj\u00farias que Vos fiz e tende piedade de mim. Amo-Vos, Jesus, meu amor, amo-Vos, meu Deus, e quero amar-Vos sempre<sup><a class=\"sdfootnoteanc\" href=\"#sdfootnote5sym\" name=\"sdfootnote5anc\"><sup>5<\/sup><\/a><\/sup>.<\/p>\n<\/blockquote>\n<p class=\"western\" style=\"text-align: left\"><strong>Assista ou ou\u00e7a palestra do Padre Paulo Ricardo sobre \u201c<a href=\"http:\/\/blog.cancaonova.com\/tododemaria\/sao-jose-o-maior-devoto-de-maria\/\" target=\"_blank\">S\u00e3o Jos\u00e9: o maior devoto de Maria<\/a>\u201d:<\/strong><\/p>\n<p class=\"western\" style=\"text-align: left\"><iframe loading=\"lazy\" width=\"640\" height=\"360\" src=\"https:\/\/www.youtube-nocookie.com\/embed\/DM_D_asIrNs?rel=0\" frameborder=\"0\" allowfullscreen><\/iframe><\/p>\n<p class=\"western\" style=\"text-align: left\"><iframe loading=\"lazy\" width=\"100%\" height=\"120\" src=\"https:\/\/www.mixcloud.com\/widget\/iframe\/?feed=https%3A%2F%2Fwww.mixcloud.com%2Ftododemaria%2Fs%25C3%25A3o-jos%25C3%25A9-o-maior-devoto-da-virgem-sant%25C3%25ADssima%2F&hide_cover=1&hide_artwork=1&light=1\" frameborder=\"0\"><\/iframe><\/p>\n<p class=\"western\" style=\"text-align: left\"><b>O amor e a prote\u00e7\u00e3o de S\u00e3o Jos\u00e9 a cada um de n\u00f3s em particular<\/b><\/p>\n<p class=\"western\" style=\"text-align: left\">Santo Tom\u00e1s de Aquino ensina que \u201cDeus concedeu aos demais Santos o serem protetores numa necessidade especial; mas a S\u00e3o Jos\u00e9 concedeu o ser protetor universal\u201d<sup><a class=\"sdfootnoteanc\" href=\"#sdfootnote6sym\" name=\"sdfootnote6anc\"><sup>6<\/sup><\/a><\/sup>. A este respeito, Santa Teresa d\u2019\u00c1vila acrescenta que a experi\u00eancia comprova o singular aux\u00edlio do Santo Patriarca. O testemunho do Povo de Deus confirma que S\u00e3o Jos\u00e9 socorre a todos que se recomendam a ele, em todas as necessidades.<\/p>\n<p class=\"western\" style=\"text-align: left\">S\u00e3o Jos\u00e9 nos socorrer\u00e1 n\u00e3o somente pela pr\u00f3pria vontade, mas tamb\u00e9m porque, de certa maneira, reconhece-se obrigado a proteger a n\u00f3s, e especialmente quem a ele recorre. Pois, \u00e9 por nossa causa que Jos\u00e9 recebeu a honra insigne de fazer as vezes de pai de Jesus. Se n\u00e3o fosse necess\u00e1ria a nossa Reden\u00e7\u00e3o, S\u00e3o Jos\u00e9 ficara privado de t\u00e3o grande honra e gra\u00e7a. Deus recomendou ao Santo o cuidado do Redentor e, ao mesmo tempo, encarregou-o do cuidado de todos os remidos, a fim de que nos ajude a conseguir o fruto da Reden\u00e7\u00e3o, que \u00e9 a salva\u00e7\u00e3o eterna.<\/p>\n<p class=\"western\" style=\"text-align: left\">Poderoso \u00e9 o patroc\u00ednio de S\u00e3o Jos\u00e9, tanto que, juntamente com a Virgem Maria, teve a gra\u00e7a da familiaridade mais \u00edntima de Jesus Cristo. Esta intimidade com o Filho de Deus nos leva a crer que a santidade de S\u00e3o Jos\u00e9 excede a de todos os demais santos, com exce\u00e7\u00e3o de Maria. Consequentemente, a intercess\u00e3o de S\u00e3o Jos\u00e9, depois da de Maria, \u00e9 a mais poderosa diante de Deus, mais do que a de qualquer outro santo. Al\u00e9m disso, a Virgem de Nazar\u00e9, como que para recompensar o amor que S\u00e3o Jos\u00e9 teve por ela e os servi\u00e7os que lhe prestou em vida, faz todo o poss\u00edvel para que os pedidos de seu santo Esposo sejam atendidos. Por isso, quem tem a prote\u00e7\u00e3o de Jos\u00e9, ao mesmo tempo, tem o amparo de Maria.<\/p>\n<p class=\"western\" style=\"text-align: left\">Assim, consagremo-nos hoje de uma maneira especial a S\u00e3o Jos\u00e9, colocando-nos debaixo da sua prote\u00e7\u00e3o valios\u00edssima e recorramos a ele todos os dias, ou antes muitas vezes por dia, em cada necessidade. Roguemos a ele tamb\u00e9m pelas necessidades da santa M\u00e3e Igreja. Por fim, roguemos ao santo Patriarca, que nos comunique uma parte de seu amor a Jesus e Maria e, ao mesmo tempo, esforcemo-nos para imitar as suas virtudes.<\/p>\n<p class=\"western\"><strong>Assista ou ou\u00e7a programa do Padre Paulo Ricardo sobre \u201c<a href=\"https:\/\/padrepauloricardo.org\/episodios\/sao-jose-esposo-de-nossa-senhora\" target=\"_blank\">S\u00e3o Jos\u00e9, esposo de Nossa Senhora<\/a>\u201d:<\/strong><\/p>\n<p class=\"western\"><iframe loading=\"lazy\" width=\"640\" height=\"360\" src=\"https:\/\/www.youtube-nocookie.com\/embed\/jGFb7h1r7fI?rel=0\" frameborder=\"0\" allowfullscreen><\/iframe><\/p>\n<p class=\"western\"><iframe loading=\"lazy\" width=\"100%\" height=\"166\" scrolling=\"no\" frameborder=\"no\" src=\"https:\/\/w.soundcloud.com\/player\/?url=https%3A\/\/api.soundcloud.com\/tracks\/253166737&color=ff5500&show_artwork=false\"><\/iframe><\/p>\n<p class=\"western\" style=\"text-align: left\"><b>Ora\u00e7\u00e3o e consagra\u00e7\u00e3o a S\u00e3o Jos\u00e9<\/b><\/p>\n<blockquote>\n<p class=\"western\" style=\"text-align: left\">\u2020 \u00d3 glorioso S\u00e3o Jos\u00e9, escolhido por Deus para ser o pai putativo<a class=\"sdfootnoteanc\" href=\"#sdfootnote7sym\" name=\"sdfootnote7anc\"><sup>7<\/sup><\/a> de Jesus, pur\u00edssimo Esposo de Maria sempre Virgem, e chefe da sagrada Fam\u00edlia, escolhido por isso pelo Vig\u00e1rio de Cristo, para ser o celeste Padroeiro e Protetor da Igreja fundada por Jesus: com a maior confian\u00e7a imploro neste instante o vosso aux\u00edlio poderoso para a Igreja militante. Protegei de um modo especial, com amor verdadeiramente paterno, ao Sumo Pont\u00edfice, a todos os bispos e sacerdotes, unidos na santa f\u00e9 de Pedro. Sede o defensor de todos aqueles que, entre as ang\u00fastias e tribula\u00e7\u00f5es desta vida, trabalham para a salva\u00e7\u00e3o das almas, e fazei com que todos os povos se submetam com docilidade \u00e0 Igreja, para todos o meio indispens\u00e1vel de salva\u00e7\u00e3o.<\/p>\n<p class=\"western\" style=\"text-align: left\">\u201cDignai-vos, \u00f3 amad\u00edssimo S\u00e3o Jos\u00e9, aceitar a consagra\u00e7\u00e3o que de mim mesmo vos fa\u00e7o. A v\u00f3s me consagro inteiramente, a fim de que sejais sempre meu Pai, meu Protetor, meu Guia no caminho da salva\u00e7\u00e3o. Impetrai-me uma grande pureza de cora\u00e7\u00e3o e grande amor \u00e0 vida interior. Fazei com que, a vosso exemplo, todas as minhas a\u00e7\u00f5es se dirijam para a maior gl\u00f3ria de Deus em uni\u00e3o com o Cora\u00e7\u00e3o divino de Jesus, com o Cora\u00e7\u00e3o imaculado de Maria e convosco. Finalmente rogai por mim a fim de que possa ter parte na paz e alegria que gozastes na vossa santa morte.\u201d<sup><a class=\"sdfootnoteanc\" href=\"#sdfootnote8sym\" name=\"sdfootnote8anc\"><sup>8<\/sup><\/a><\/sup><\/p>\n<p class=\"western\" style=\"text-align: left\">\u201cE V\u00f3s, Senhor, que na vossa inef\u00e1vel provid\u00eancia Vos dignastes escolher o bem-aventurado Jos\u00e9 para esposo de vossa sant\u00edssima M\u00e3e, concedei-me prop\u00edcio, que mere\u00e7a ter como intercessor no c\u00e9u aquele a quem na terra venero como meu Protetor.\u201d<sup><a class=\"sdfootnoteanc\" href=\"#sdfootnote9sym\" name=\"sdfootnote9anc\"><sup>9<\/sup><\/a><\/sup> Fazei-o pelo amor de Jesus e Maria<sup><a class=\"sdfootnoteanc\" href=\"#sdfootnote10sym\" name=\"sdfootnote10anc\"><sup>10<\/sup><\/a><\/sup>.<\/p>\n<\/blockquote>\n<p class=\"western\" style=\"text-align: left\">S\u00e3o Jos\u00e9, nosso pai e protetor, rogai por n\u00f3s! Am\u00e9m.<\/p>\n<p class=\"western\" style=\"text-align: left\">Natalino Ueda, servo in\u00fatil de Jesus em Maria.<\/p>\n<p class=\"western\" style=\"text-align: left\"><b>Links relacionados:<\/b><\/p>\n<p class=\"western\" style=\"text-align: left\">PADRE PAULO RICARDO.\u00a0<a href=\"https:\/\/padrepauloricardo.org\/blog\/sao-jose-e-o-amor-da-vida-escondida\" target=\"_blank\">S\u00e3o Jos\u00e9 e o amor da vida escondida<\/a>.<\/p>\n<p class=\"western\" style=\"text-align: left\">TODO DE MARIA.\u00a0<a href=\"http:\/\/blog.cancaonova.com\/tododemaria\/maria-e-jose-na-vida-de-jesus\/\" target=\"_blank\">Maria e Jos\u00e9 na vida de Jesus<\/a>.<\/p>\n<p class=\"western\" style=\"text-align: left\">TODO DE MARIA.\u00a0<a href=\"http:\/\/blog.cancaonova.com\/tododemaria\/o-caminho-com-jesus-maria-e-jose\/\" target=\"_blank\">O caminho com Jesus, Maria e Jos\u00e9<\/a>.<\/p>\n<p class=\"western\" style=\"text-align: left\"><b>Refer\u00eancias:<\/b><\/p>\n<div id=\"sdfootnote1\" style=\"text-align: left\">\n<p class=\"sdfootnote-western\"><a class=\"sdfootnotesym\" href=\"#sdfootnote1anc\" name=\"sdfootnote1sym\">1<\/a> SANTO AFONSO MARIA DE LIG\u00d3RIO. <a href=\"http:\/\/alexandriacatolica.blogspot.com.br\/2011\/03\/fonte-meditacoes-para-todos-os-dias-e.html\" target=\"_blank\">Medita\u00e7\u00f5es: Para todos os Dias e Festas do Ano<\/a>: Tomo II: Desde o Domingo da P\u00e1scoa at\u00e9 a Und\u00e9cima Semana depois de Pentecostes inclusive. Friburgo: Herder &amp; Cia, 1921, p. 44.<\/p>\n<\/div>\n<div id=\"sdfootnote2\" style=\"text-align: left\">\n<p class=\"sdfootnote-western\"><a class=\"sdfootnotesym\" href=\"#sdfootnote2anc\" name=\"sdfootnote2sym\">2<\/a> <i>Idem<\/i>, 52.<\/p>\n<\/div>\n<div id=\"sdfootnote3\" style=\"text-align: left\">\n<p class=\"sdfootnote-western\"><a class=\"sdfootnotesym\" href=\"#sdfootnote3anc\" name=\"sdfootnote3sym\">3<\/a> <i>Idem<\/i>, 53.<\/p>\n<\/div>\n<div id=\"sdfootnote4\" style=\"text-align: left\">\n<p class=\"sdfootnote-western\"><a class=\"sdfootnotesym\" href=\"#sdfootnote4anc\" name=\"sdfootnote4sym\">4<\/a><i> Idem, ibidem.<\/i><\/p>\n<\/div>\n<div id=\"sdfootnote5\" style=\"text-align: left\">\n<p class=\"sdfootnote-western\"><a class=\"sdfootnotesym\" href=\"#sdfootnote5anc\" name=\"sdfootnote5sym\">5<\/a><i> Idem<\/i>, p. 53-54.<\/p>\n<\/div>\n<div id=\"sdfootnote6\" style=\"text-align: left\">\n<p class=\"sdfootnote-western\"><a class=\"sdfootnotesym\" href=\"#sdfootnote6anc\" name=\"sdfootnote6sym\">6<\/a><i> Idem<\/i>, p. 44<\/p>\n<\/div>\n<div id=\"sdfootnote7\" style=\"text-align: left\">\n<p class=\"sdfootnote-western\"><a class=\"sdfootnotesym\" href=\"#sdfootnote7anc\" name=\"sdfootnote7sym\">7<\/a> S\u00e3o Jos\u00e9 foi pai putativo de Jesus, ou seja, foi atribu\u00eddo a ele a miss\u00e3o de pai, sem o ser realmente.<\/p>\n<\/div>\n<div id=\"sdfootnote8\" style=\"text-align: left\">\n<p class=\"sdfootnote-western\"><a class=\"sdfootnotesym\" href=\"#sdfootnote8anc\" name=\"sdfootnote8sym\">8<\/a> Esta ora\u00e7\u00e3o, antes da reforma do Papa Paulo VI, tinha indulg\u00eancia de 300 dias.<\/p>\n<\/div>\n<div id=\"sdfootnote9\" style=\"text-align: left\">\n<p class=\"sdfootnote-western\"><a class=\"sdfootnotesym\" href=\"#sdfootnote9anc\" name=\"sdfootnote9sym\">9<\/a> Or. festi curr.<\/p>\n<\/div>\n<div id=\"sdfootnote10\">\n<p class=\"sdfootnote-western\" style=\"text-align: left\"><a class=\"sdfootnotesym\" href=\"#sdfootnote10anc\" name=\"sdfootnote10sym\">10<\/a> SANTO AFONSO MARIA DE LIG\u00d3RIO. <i>Op. cit.<\/i>, p. 44.<\/p>\n<\/div>\n","protected":false},"excerpt":{"rendered":"<p>Consideremos o profundo amor que S\u00e3o Jos\u00e9 dedicou a Jesus Cristo e a Virgem Maria, e dedica a cada um de n\u00f3s, como nosso pai e protetor. O glorioso S\u00e3o Jos\u00e9, o grande patriarca do Novo Testamento, consagrou todo o&#8230;<\/p>\n","protected":false},"author":4539,"featured_media":0,"comment_status":"open","ping_status":"open","sticky":false,"template":"","format":"standard","meta":{"_mi_skip_tracking":false,"_monsterinsights_sitenote_active":false,"_monsterinsights_sitenote_note":"","_monsterinsights_sitenote_category":0,"footnotes":""},"categories":[14931],"tags":[],"_links":{"self":[{"href":"https:\/\/blog.cancaonova.com\/tododemaria\/wp-json\/wp\/v2\/posts\/5558"}],"collection":[{"href":"https:\/\/blog.cancaonova.com\/tododemaria\/wp-json\/wp\/v2\/posts"}],"about":[{"href":"https:\/\/blog.cancaonova.com\/tododemaria\/wp-json\/wp\/v2\/types\/post"}],"author":[{"embeddable":true,"href":"https:\/\/blog.cancaonova.com\/tododemaria\/wp-json\/wp\/v2\/users\/4539"}],"replies":[{"embeddable":true,"href":"https:\/\/blog.cancaonova.com\/tododemaria\/wp-json\/wp\/v2\/comments?post=5558"}],"version-history":[{"count":7,"href":"https:\/\/blog.cancaonova.com\/tododemaria\/wp-json\/wp\/v2\/posts\/5558\/revisions"}],"predecessor-version":[{"id":5566,"href":"https:\/\/blog.cancaonova.com\/tododemaria\/wp-json\/wp\/v2\/posts\/5558\/revisions\/5566"}],"wp:attachment":[{"href":"https:\/\/blog.cancaonova.com\/tododemaria\/wp-json\/wp\/v2\/media?parent=5558"}],"wp:term":[{"taxonomy":"category","embeddable":true,"href":"https:\/\/blog.cancaonova.com\/tododemaria\/wp-json\/wp\/v2\/categories?post=5558"},{"taxonomy":"post_tag","embeddable":true,"href":"https:\/\/blog.cancaonova.com\/tododemaria\/wp-json\/wp\/v2\/tags?post=5558"}],"curies":[{"name":"wp","href":"https:\/\/api.w.org\/{rel}","templated":true}]}}