{"id":5567,"date":"2016-03-23T03:00:02","date_gmt":"2016-03-23T06:00:02","guid":{"rendered":"http:\/\/blog.cancaonova.com\/tododemaria\/?p=5567"},"modified":"2016-05-01T21:47:23","modified_gmt":"2016-05-02T00:47:23","slug":"na-escola-de-maria-a-mulher-eucaristica","status":"publish","type":"post","link":"https:\/\/blog.cancaonova.com\/tododemaria\/na-escola-de-maria-a-mulher-eucaristica\/","title":{"rendered":"Na escola de Maria, a mulher eucar\u00edstica"},"content":{"rendered":"<p class=\"western\" style=\"text-align: left\"><b>N\u00f3s <\/b><b>a<\/b><b>profunda<\/b><b>mos<\/b><b> o conhecimento da Eucaristia e <\/b><b>aprendemos <\/b><b>a viver o seu insond\u00e1vel mist\u00e9rio na escola da Virgem Maria, a mulher eucar\u00edstica.<\/b><\/p>\n<p class=\"western\" style=\"text-align: left\">A Sant\u00edssima Virgem Maria pode ser chamada de mulher eucar\u00edstica porque a sua vida \u00e9 uma verdadeira escola do mist\u00e9rio eucar\u00edstico. Na Encarna\u00e7\u00e3o do Verbo eterno, no ventre da Virgem de Nazar\u00e9, realizou-se antecipadamente a Eucaristia. Por isso, se quisermos redescobrir, em toda a sua riqueza, a rela\u00e7\u00e3o \u00edntima entre a Igreja e a Eucaristia, n\u00e3o podemos nos esquecer de Nossa Senhora, M\u00e3e e modelo da Igreja. Na Carta Apost\u00f3lica <i>Rosarium Virginis Mari\u00e6<\/i>, depois de indicar a Sant\u00edssima Virgem como Mestra na contempla\u00e7\u00e3o do rosto de Cristo, o <a href=\"http:\/\/blog.cancaonova.com\/tododemaria\/a-vida-do-papa-joao-paulo-ii\/\" target=\"_blank\">Papa\u00a0S\u00e3o\u00a0Jo\u00e3o Paulo II<\/a> inseriu no Santo Ros\u00e1rio os \u201cMist\u00e9rios da Luz\u201d, que tem no seu 5\u00ba mist\u00e9rio a institui\u00e7\u00e3o da Eucaristia<sup><a class=\"sdfootnoteanc\" href=\"#sdfootnote1sym\" name=\"sdfootnote1anc\"><sup>1<\/sup><\/a><\/sup>. Com efeito, Maria tem uma profunda liga\u00e7\u00e3o com este Mist\u00e9rio, por isso, pode guiar-nos no conhecimento e na contempla\u00e7\u00e3o do Sant\u00edssimo Sacramento.<\/p>\n<div id=\"attachment_5570\" style=\"width: 610px\" class=\"wp-caption aligncenter\"><a href=\"http:\/\/blog.cancaonova.com\/tododemaria\/files\/2016\/03\/Na-escola-de-Maria-a-mulher-eucar\u00edstica2.jpg\"><img loading=\"lazy\" decoding=\"async\" aria-describedby=\"caption-attachment-5570\" class=\"size-full wp-image-5570\" src=\"http:\/\/blog.cancaonova.com\/tododemaria\/files\/2016\/03\/Na-escola-de-Maria-a-mulher-eucar\u00edstica2.jpg\" alt=\"N\u00f3s aprofundamos o conhecimento da Eucaristia e aprendemos a viver o seu insond\u00e1vel mist\u00e9rio na escola da Virgem Maria, a mulher eucar\u00edstica.\" width=\"600\" height=\"350\" srcset=\"https:\/\/blog.cancaonova.com\/tododemaria\/files\/2016\/03\/Na-escola-de-Maria-a-mulher-eucar\u00edstica2.jpg 600w, https:\/\/blog.cancaonova.com\/tododemaria\/files\/2016\/03\/Na-escola-de-Maria-a-mulher-eucar\u00edstica2-300x175.jpg 300w\" sizes=\"(max-width: 600px) 100vw, 600px\" \/><\/a><p id=\"caption-attachment-5570\" class=\"wp-caption-text\">Nossa Senhora das Dores, de <a href=\"https:\/\/www.museodelprado.es\/en\/the-collection\/art-work\/the-virgin-dolorosa-with-her-hands-apart\/44188485-b32c-453d-8dc3-b28d46b161a6?searchid=0033e4fd-96ff-4109-405b-755b9e3d2d6a\" target=\"_blank\">Vecellio di Gregorio Tiziano<\/a>.<\/p><\/div>\n<p class=\"western\" style=\"text-align: left\">A princ\u00edpio, ligar a M\u00e3e de Deus \u00e0 Eucaristia pode parecer estranho, pois no Evangelho, a narrativa da \u00daltima Ceia nada diz a respeito de Nossa Senhora (cf. Lc 22, 7-23; Mt 26, 17-29; Mc 14, 12-25). No entanto, sabemos que a Sant\u00edssima Virgem estava presente junto com os Ap\u00f3stolos, quando, \u201cunidos pelo mesmo sentimento, se entregavam assiduamente \u00e0 ora\u00e7\u00e3o\u201d (At 1, 14), no cen\u00e1culo em Jerusal\u00e9m, depois da Ascens\u00e3o, \u00e0 espera do Pentecostes. A Virgem Maria certamente fazia-se presente tamb\u00e9m nas celebra\u00e7\u00f5es eucar\u00edsticas, entre os primeiros seguidores de Cristo, que eram ass\u00edduos \u00e0 \u201cfra\u00e7\u00e3o do p\u00e3o\u201d (At 2, 42). Al\u00e9m da sua participa\u00e7\u00e3o no banquete eucar\u00edstico, podemos delinear a rela\u00e7\u00e3o de Nossa Senhora com a Eucaristia indiretamente, a partir de sua atitude interior. Pois, \u201cMaria \u00e9 mulher \u2018eucar\u00edstica\u2019 na totalidade da sua vida. A Igreja, vendo em Maria o seu modelo, \u00e9 chamada a imit\u00e1-la tamb\u00e9m na sua rela\u00e7\u00e3o com este mist\u00e9rio sant\u00edssimo\u201d<sup><a class=\"sdfootnoteanc\" href=\"#sdfootnote2sym\" name=\"sdfootnote2anc\"><sup>2<\/sup><\/a><\/sup>.<!--more Continue lendo...--><\/p>\n<p class=\"western\" style=\"text-align: center\"><strong><a href=\"http:\/\/feedburner.google.com\/fb\/a\/mailverify?uri=TodoDeMaria\" target=\"_blank\">Receba o conte\u00fado deste blog gratuitamente em seu e-mail.<\/a><\/strong><\/p>\n<p class=\"western\" style=\"text-align: left\"><b>O abandono e a f\u00e9 de Maria diante do mist\u00e9rio da Eucaristia<\/b><\/p>\n<p class=\"western\" style=\"text-align: left\">A Eucaristia \u00e9 um mist\u00e9rio de f\u00e9, que excede tanto a nossa intelig\u00eancia que nos obriga ao mais puro abandono \u00e0 Palavra de Deus. Por isso, ningu\u00e9m melhor do que a Virgem Maria para nos apoiar e guiar nesta atitude de abandono.<\/p>\n<p class=\"western\" style=\"text-align: left\">Na Eucaristia, repetimos o gesto de Jesus Cristo na \u00daltima Ceia, cumprimos o seu mandato: \u201cFazei isto em mem\u00f3ria de Mim\u201d (Lc 22, 19) e, ao mesmo tempo, acolhemos as palavras de encorajamento da Sant\u00edssima Virgem, para que obede\u00e7amos o seu Filho: \u201cFazei o que Ele vos disser\u201d (Jo 2, 5). Com sua solicitude materna, manifestada outrora nas bodas de Can\u00e1, Nossa Senhora parece nos dizer: \u201cN\u00e3o hesiteis, confiai na palavra do meu Filho. Se Ele p\u00f4de mudar a \u00e1gua em vinho, tamb\u00e9m \u00e9 capaz de fazer do p\u00e3o e do vinho o seu corpo e sangue, entregando aos crentes, neste mist\u00e9rio, o memorial vivo da sua P\u00e1scoa e tornando-se assim \u2018p\u00e3o de vida\u2019\u201d<sup><a class=\"sdfootnoteanc\" href=\"#sdfootnote3sym\" name=\"sdfootnote3anc\"><sup>3<\/sup><\/a><\/sup>.<\/p>\n<p class=\"western\" style=\"text-align: left\">A Virgem de Nazar\u00e9 praticou a sua f\u00e9 eucar\u00edstica, antes de ser institu\u00edda a Eucaristia, ao oferecer seu ventre virginal para a encarna\u00e7\u00e3o do Verbo de Deus. Pois, a Eucaristia, ao mesmo tempo que est\u00e1 intimamente ligada \u00e0 paix\u00e3o e \u00e0 ressurrei\u00e7\u00e3o de Cristo, \u00e9 um prolongamento da do mist\u00e9rio da Encarna\u00e7\u00e3o. Na Anuncia\u00e7\u00e3o, a Virgem Maria concebeu o Filho do Alt\u00edssimo tamb\u00e9m na realidade f\u00edsica do corpo e do sangue, antecipando nela, de certo modo, o que se realiza sacramentalmente em n\u00f3s quando recebemos, no sinal do p\u00e3o e do vinho, o corpo e o sangue do Senhor.<\/p>\n<p class=\"western\" style=\"text-align: left\">H\u00e1 uma profunda liga\u00e7\u00e3o entre o <i>fiat<\/i> pronunciado por Maria na Anuncia\u00e7\u00e3o (cf. Lc 1, 38), em resposta \u00e0s palavras do Anjo, e o am\u00e9m que cada um de n\u00f3s pronuncia quando recebemos o corpo do Senhor. Nossa Senhora acreditou que Aquele que concebia em seu ventre, \u201cpor obra do Esp\u00edrito Santo\u201d, era o \u201cFilho de Deus\u201d (cf. Lc 1, 30-35). Dando continuidade \u00e0 f\u00e9 da Sant\u00edssima Virgem, no mist\u00e9rio eucar\u00edstico, devemos crer que o mesmo Jesus, Filho de Deus e Filho de Maria, Se torna presente nos sinais do p\u00e3o e do vinho, com toda a sua humanidade e divindade.<\/p>\n<p class=\"western\" style=\"text-align: left\">A Virgem Maria antecipou, no mist\u00e9rio da encarna\u00e7\u00e3o, a f\u00e9 eucar\u00edstica da Igreja: \u201cBem-aventurada \u00e9s tu que creste\u201d (Lc 1, 45). O olhar extasiado da M\u00e3e de Deus, quando contemplava o rosto do Menino rec\u00e9m-nascido e O tomava em seus bra\u00e7os \u00e9 o modelo inating\u00edvel do amor que deve inspirar todas as nossas comunh\u00f5es eucar\u00edsticas. \u201cNa visita\u00e7\u00e3o, quando leva no seu ventre o Verbo encarnado, de certo modo ela serve de \u2018sacr\u00e1rio\u2019 \u2013 o primeiro \u2018sacr\u00e1rio\u2019 da hist\u00f3ria \u2013 para o Filho de Deus, que, ainda invis\u00edvel aos olhos dos homens, Se presta \u00e0 adora\u00e7\u00e3o de Isabel, como que \u2018irradiando\u2019 a sua luz atrav\u00e9s dos olhos e da voz de Maria\u201d<sup><a class=\"sdfootnoteanc\" href=\"#sdfootnote4sym\" name=\"sdfootnote4anc\"><sup>4<\/sup><\/a><\/sup>.<\/p>\n<p class=\"western\" style=\"text-align: left\"><strong>Assista ou ou\u00e7a programa do Padre Paulo Ricardo sobre a \u201c<a href=\"https:\/\/padrepauloricardo.org\/episodios\/devocao-a-santissima-virgem-maria\" target=\"_blank\">Devo\u00e7\u00e3o \u00e0 Sant\u00edssima Virgem Maria<\/a>\u201d:<\/strong><\/p>\n<p class=\"western\" style=\"text-align: left\"><iframe loading=\"lazy\" width=\"640\" height=\"360\" src=\"https:\/\/www.youtube-nocookie.com\/embed\/gJJVP2ZyTFk?rel=0\" frameborder=\"0\" allowfullscreen><\/iframe><\/p>\n<p class=\"western\" style=\"text-align: left\"><iframe loading=\"lazy\" width=\"100%\" height=\"166\" scrolling=\"no\" frameborder=\"no\" src=\"https:\/\/w.soundcloud.com\/player\/?url=https%3A\/\/api.soundcloud.com\/tracks\/52024003&color=ff5500&show_artwork=false\"><\/iframe><\/p>\n<p class=\"western\" style=\"text-align: left\"><b>A vida da Virgem das Dores e o sacrif\u00edcio eucar\u00edstico<\/b><\/p>\n<p class=\"western\" style=\"text-align: left\">Maria Sant\u00edssima viveu a dimens\u00e3o sacrificial da Eucaristia, n\u00e3o apenas no Calv\u00e1rio, mas ao longo de toda a sua exist\u00eancia ao lado do Filho de Deus. Quando levou o menino Jesus ao templo de Jerusal\u00e9m, \u201cpara O apresentar ao Senhor\u201d (Lc 2, 22), a Virgem de Nazar\u00e9 ouviu o velho Sime\u00e3o profetizar que aquele Menino seria \u201csinal de contradi\u00e7\u00e3o\u201d e que uma \u201cespada\u201d transpassaria a sua alma (cf. Lc 2, 34-35). Dessa forma, foi previsto o drama de Jesus Cristo crucificado e, de certa forma, prefigurada a presen\u00e7a da Senhora das Dores aos p\u00e9s da Cruz (cf. Jo 19, 25).<\/p>\n<p class=\"western\" style=\"text-align: left\">A Virgem Maria, que meditava todas as coisas em seu cora\u00e7\u00e3o materno (cf. Lc 2, 19; 2, 52), preparava-se, a cada dia, para a dolorosa \u201chora\u201d do Calv\u00e1rio. Nossa Senhora vive uma esp\u00e9cie de \u201cEucaristia antecipada\u201d, uma \u201ccomunh\u00e3o espiritual\u201d de desejo e de oferta, que cumprir-se-\u00e1 na definitivamente na uni\u00e3o com seu divino Filho durante a Paix\u00e3o, e manifestar-se-\u00e1 depois na sua participa\u00e7\u00e3o na celebra\u00e7\u00e3o eucar\u00edstica, presidida pelos Ap\u00f3stolos, como \u201cmemorial\u201d do mist\u00e9rio Pascal.<\/p>\n<p class=\"western\" style=\"text-align: left\">\u00c9 imposs\u00edvel para n\u00f3s imaginar os sentimentos da Virgem Maria ao ouvir dos l\u00e1bios de Pedro, Jo\u00e3o, Tiago e dos outros ap\u00f3stolos, as palavras da \u00daltima Ceia: \u201cIsto \u00e9 o meu corpo que vai ser entregue por v\u00f3s\u201d (Lc 22, 19). Pois, aquele Corpo, entregue no sacrif\u00edcio eucar\u00edstico e presente agora nas esp\u00e9cies sacramentais, era o mesmo Corpo concebido por Maria, no seu ventre! Receber a Eucaristia devia significar para a Virgem de Nazar\u00e9 quase que acolher novamente em seu seio aquele Cora\u00e7\u00e3o, que bateu harmoniosamente com o dela, e reviver, ao mesmo tempo, o que tinha pessoalmente experimentado junto ao seu Filho, aos p\u00e9s da Cruz.<\/p>\n<p class=\"western\" style=\"text-align: left\"><strong>Assista ou ou\u00e7a programa do Padre Paulo Ricardo sobre \u201c<a href=\"https:\/\/padrepauloricardo.org\/episodios\/a-santissima-eucaristia\" target=\"_blank\">A Sant\u00edssima Eucaristia<\/a>\u201d:<\/strong><\/p>\n<p class=\"western\" style=\"text-align: left\"><iframe loading=\"lazy\" width=\"640\" height=\"360\" src=\"https:\/\/www.youtube-nocookie.com\/embed\/4x6YQxjIluU?rel=0\" frameborder=\"0\" allowfullscreen><\/iframe><\/p>\n<p class=\"western\" style=\"text-align: left\"><iframe loading=\"lazy\" width=\"100%\" height=\"166\" scrolling=\"no\" frameborder=\"no\" src=\"https:\/\/w.soundcloud.com\/player\/?url=https%3A\/\/api.soundcloud.com\/tracks\/86547054&color=ff6600&show_artwork=false\"><\/iframe><\/p>\n<p class=\"western\" style=\"text-align: left\"><b>O memorial da entrega da Virgem Maria como nossa M\u00e3e<\/b><\/p>\n<p class=\"western\" style=\"text-align: left\">No \u201cmemorial\u201d do sacrif\u00edcio do Calv\u00e1rio, celebrado em obedi\u00eancia a Palavra de Deus: \u201cFazei isto em mem\u00f3ria de Mim\u201d (Lc 22, 19), est\u00e1 presente tudo o que Jesus Cristo realizou na sua paix\u00e3o e morte de cruz. Por isso, na celebra\u00e7\u00e3o desse sublime Mist\u00e9rio n\u00e3o pode faltar o que Cristo fez para com sua M\u00e3e em nosso favor: \u201centrega-Lhe o disc\u00edpulo predileto e, nele, entrega cada um de n\u00f3s: \u2018Eis a\u00ed o teu filho\u2019. E de igual modo diz a cada um de n\u00f3s tamb\u00e9m: \u2018Eis a\u00ed a tua m\u00e3e\u2019 (cf. Jo 19, 26-27)\u201d<sup><a class=\"sdfootnoteanc\" href=\"#sdfootnote5sym\" name=\"sdfootnote5anc\"><sup>5<\/sup><\/a><\/sup>.<\/p>\n<p class=\"western\" style=\"text-align: left\">Viver o memorial da paix\u00e3o e morte de Cristo na Eucaristia implica tamb\u00e9m receber continuamente este dom, que nos foi concedido naqueles momentos dram\u00e1ticos para a M\u00e3e e para o Filho. Viver o sacrif\u00edcio eucar\u00edstico significa levar conosco \u2013 a exemplo do Disc\u00edpulo amado \u2013 aquela Mulher que sempre de novo nos \u00e9 dada como M\u00e3e. Significa, ao mesmo tempo, assumir o compromisso de nos conformar com Cristo, entrando na escola da sua M\u00e3e e aceitando a sua permanente companhia.<\/p>\n<p class=\"western\" style=\"text-align: left\">A Virgem Maria est\u00e1 presente com a Igreja e, ao mesmo tempo, como M\u00e3e da Igreja, em todas e cada uma das celebra\u00e7\u00f5es eucar\u00edsticas. \u201cSe Igreja e Eucaristia s\u00e3o um bin\u00f4mio indivis\u00edvel, o mesmo \u00e9 preciso afirmar do bin\u00f4mio Maria e Eucaristia\u201d<sup><a class=\"sdfootnoteanc\" href=\"#sdfootnote6sym\" name=\"sdfootnote6anc\"><sup>6<\/sup><\/a><\/sup>. Por isso, com muita raz\u00e3o, a recorda\u00e7\u00e3o de Maria na celebra\u00e7\u00e3o da Eucaristia \u00e9 un\u00e2nime nas Igrejas do Oriente e do Ocidente, desde a antiguidade.<\/p>\n<p class=\"western\" style=\"text-align: left\"><strong>Assista ou ou\u00e7a programa do Padre Paulo Ricardo sobre \u201c<a href=\"https:\/\/padrepauloricardo.org\/episodios\/por-que-e-necessario-fazer-acao-de-gracas-apos-a-comunhao\" target=\"_blank\">Por que \u00e9 necess\u00e1rio fazer a\u00e7\u00e3o de gra\u00e7as ap\u00f3s a comunh\u00e3o?<\/a>\u201d:<\/strong><\/p>\n<p class=\"western\" style=\"text-align: left\"><iframe loading=\"lazy\" width=\"640\" height=\"360\" src=\"https:\/\/www.youtube-nocookie.com\/embed\/MJizLcUUZBw?rel=0\" frameborder=\"0\" allowfullscreen><\/iframe><\/p>\n<p class=\"western\" style=\"text-align: left\"><iframe loading=\"lazy\" width=\"100%\" height=\"166\" scrolling=\"no\" frameborder=\"no\" src=\"https:\/\/w.soundcloud.com\/player\/?url=https%3A\/\/api.soundcloud.com\/tracks\/247186788&color=ff5500&show_artwork=false\"><\/iframe><\/p>\n<p class=\"western\" style=\"text-align: left\"><b>O canto do <\/b><i><b>Magnificat<\/b><\/i><b> como espiritualidade mariana e eucar\u00edstica<\/b><\/p>\n<p class=\"western\" style=\"text-align: left\">Na Eucaristia, unimo-nos plenamente a Jesus Cristo e ao Seu sacrif\u00edcio, com o mesmo esp\u00edrito de Maria. Aprofundamos esta verdade na releitura do <i>Magnificat<\/i> em perspectiva eucar\u00edstica. Pois, o c\u00e2ntico de Maria e a celebra\u00e7\u00e3o da Eucaristia s\u00e3o primariamente louvor e a\u00e7\u00e3o de gra\u00e7as. Quando a Virgem de Nazar\u00e9 exclama: \u201cA minha alma glorifica ao Senhor e o meu esp\u00edrito exulta de alegria em Deus meu Salvador\u201d (Lc 1, 46-47), ela traz no seu ventre Jesus Cristo. Maria Sant\u00edssima louva o Pai \u201cpor\u201d Jesus, \u201cem\u201d Jesus e \u201ccom\u201d Jesus, e esta \u00e9 precisamente uma verdadeira \u201catitude eucar\u00edstica\u201d.<\/p>\n<p class=\"western\" style=\"text-align: left\">No <i>Magnificat<\/i>, a Virgem Maria recorda as maravilhas operadas por Deus ao longo da hist\u00f3ria da salva\u00e7\u00e3o, segundo a promessa feita aos nossos pais (cf. Lc 1, 55), anunciando a maravilha mais sublime de todas: o mist\u00e9rio da Encarna\u00e7\u00e3o redentora do Verbo de Deus. Enfim, no <i>Magnificat<\/i> est\u00e1 presente a tens\u00e3o escatol\u00f3gica pr\u00f3pria tamb\u00e9m da Eucaristia. Cada vez que o Filho de Deus Se faz presente entre n\u00f3s na \u201cpobreza\u201d dos sinais sacramentais, no p\u00e3o e no vinho, no mundo \u00e9 lan\u00e7ado o germe daquela nova hist\u00f3ria, na qual veremos os poderosos \u201cderrubados dos seus tronos\u201d e \u201cexaltados os humildes\u201d (cf. Lc 1, 52).<\/p>\n<p class=\"western\" style=\"text-align: left\">Por fim, no <i>Magnificat<\/i>, Maria canta aquele \u201cnovo c\u00e9u\u201d e aquela \u201cnova terra\u201d (Ap, 21, 1), cuja antecipa\u00e7\u00e3o e, em certa medida, a \u201cs\u00edntese\u201d deste mist\u00e9rio, se encontram na Eucaristia. O <i>Magnificat<\/i> exprime a espiritualidade de Maria, por isso, nada melhor do que esta espiritualidade para nos ajudar a viver bem o mist\u00e9rio eucar\u00edstico. \u201cRecebemos o dom da Eucaristia, para que a nossa vida, \u00e0 semelhan\u00e7a da de Maria, seja toda ela um <i>M<\/i><i>agnificat<\/i>!\u201d<sup><a class=\"sdfootnoteanc\" href=\"#sdfootnote7sym\" name=\"sdfootnote7anc\"><sup>7<\/sup><\/a><\/sup><\/p>\n<p class=\"western\" style=\"text-align: left\"><b>A contempla\u00e7\u00e3o da Eucaristia com o olhar da Virgem Maria<\/b><\/p>\n<p class=\"western\" style=\"text-align: left\">Assim, vamos \u00e0 escola dos santos, que s\u00e3o grandes int\u00e9rpretes da verdadeira piedade eucar\u00edstica, vamos \u00e0 escola de Maria, mulher eucar\u00edstica. Coloquemo-nos especialmente \u201c\u00e0 escuta de Maria Sant\u00edssima, porque nela, como em mais ningu\u00e9m, o mist\u00e9rio eucar\u00edstico aparece como o mist\u00e9rio da luz\u201d<sup><a class=\"sdfootnoteanc\" href=\"#sdfootnote8sym\" name=\"sdfootnote8anc\"><sup>8<\/sup><\/a><\/sup>. Olhando para a Virgem Maria com os olhos da f\u00e9 e da raz\u00e3o, conhecemos a for\u00e7a transformadora que possui a Eucaristia. Em Nossa Senhora, vemos o mundo renovado no amor. Contemplando a Virgem Imaculada elevada aos C\u00e9us, em corpo e alma, vemos um peda\u00e7o do \u201cnovo c\u00e9u\u201d e da \u201cnova terra\u201d que se h\u00e3o de abrir-se diante dos nossos olhos, na segunda vinda de Cristo. Na contempla\u00e7\u00e3o, com o olhar de Maria, veremos que a Eucaristia constitui aqui na terra o penhor e, de algum modo, a antecipa\u00e7\u00e3o da vinda gloriosa do Filho de Deus: \u201cVem Senhor Jesus!\u201d (Ap 22, 20). \u00d3 Virgem Maria, mulher eucar\u00edstica, rogai por n\u00f3s!<\/p>\n<p class=\"western\" style=\"text-align: left\">Natalino Ueda, servo in\u00fatil de Jesus por Maria.<\/p>\n<p class=\"western\" style=\"text-align: left\"><strong>Links relacionados:<\/strong><\/p>\n<p class=\"western\" style=\"text-align: left\">PADRE PAULO RICARDO.\u00a0<a href=\"https:\/\/padrepauloricardo.org\/episodios\/a-comunhao-diaria-e-um-exagero\" target=\"_blank\">A comunh\u00e3o di\u00e1ria \u00e9 um exagero?<\/a><\/p>\n<p class=\"western\" style=\"text-align: left\">TODO DE MARIA.\u00a0<a href=\"http:\/\/blog.cancaonova.com\/tododemaria\/a-consagracao-a-maria-e-a-comunhao\/\" target=\"_blank\">A consagra\u00e7\u00e3o a Maria e a comunh\u00e3o<\/a><\/p>\n<p class=\"western\" style=\"text-align: left\">TODO DE MARIA.\u00a0<a href=\"http:\/\/blog.cancaonova.com\/tododemaria\/joao-paulo-ii-um-papa-consagrado-a-maria\/\" target=\"_blank\">Jo\u00e3o Paulo II: um papa consagrado a Maria<\/a>.<\/p>\n<p class=\"western\" style=\"text-align: left\"><strong>Refer\u00eancias:<\/strong><\/p>\n<div id=\"sdfootnote1\" style=\"text-align: left\">\n<p class=\"sdfootnote-western\"><a class=\"sdfootnotesym\" href=\"#sdfootnote1anc\" name=\"sdfootnote1sym\">1<\/a> PAPA S\u00c3O JO\u00c3O PAULO II. <a href=\"http:\/\/w2.vatican.va\/content\/john-paul-ii\/pt\/apost_letters\/2002\/documents\/hf_jp-ii_apl_20021016_rosarium-virginis-mariae.html\" target=\"_blank\">Carta Apost\u00f3lica <i>Rosarium Virginis Mari\u00e6<\/i><\/a>, 21.<\/p>\n<\/div>\n<div id=\"sdfootnote2\" style=\"text-align: left\">\n<p class=\"sdfootnote-western\"><a class=\"sdfootnotesym\" href=\"#sdfootnote2anc\" name=\"sdfootnote2sym\">2<\/a> PAPA S\u00c3O JO\u00c3O PAULO II. <a href=\"http:\/\/www.vatican.va\/holy_father\/special_features\/encyclicals\/documents\/hf_jp-ii_enc_20030417_ecclesia_eucharistia_po.html\" target=\"_blank\">Carta Enc\u00edclica <i>Ecclesia de Eucharistia<\/i><\/a>, 53.<\/p>\n<\/div>\n<div id=\"sdfootnote3\" style=\"text-align: left\">\n<p class=\"sdfootnote-western\"><a class=\"sdfootnotesym\" href=\"#sdfootnote3anc\" name=\"sdfootnote3sym\">3<\/a><i> Idem<\/i>, 54.<\/p>\n<\/div>\n<div id=\"sdfootnote4\" style=\"text-align: left\">\n<p class=\"sdfootnote-western\"><a class=\"sdfootnotesym\" href=\"#sdfootnote4anc\" name=\"sdfootnote4sym\">4<\/a> <i>Idem<\/i>, 55.<\/p>\n<\/div>\n<div id=\"sdfootnote5\" style=\"text-align: left\">\n<p class=\"sdfootnote-western\"><a class=\"sdfootnotesym\" href=\"#sdfootnote5anc\" name=\"sdfootnote5sym\">5<\/a> <i>Idem<\/i>, 57.<\/p>\n<\/div>\n<div id=\"sdfootnote6\" style=\"text-align: left\">\n<p class=\"sdfootnote-western\"><a class=\"sdfootnotesym\" href=\"#sdfootnote6anc\" name=\"sdfootnote6sym\">6<\/a><i> Idem, ibidem.<\/i><\/p>\n<\/div>\n<div id=\"sdfootnote7\" style=\"text-align: left\">\n<p class=\"sdfootnote-western\"><a class=\"sdfootnotesym\" href=\"#sdfootnote7anc\" name=\"sdfootnote7sym\">7<\/a> <i>Idem<\/i>, 58.<\/p>\n<\/div>\n<div id=\"sdfootnote8\">\n<p class=\"sdfootnote-western\" style=\"text-align: left\"><a class=\"sdfootnotesym\" href=\"#sdfootnote8anc\" name=\"sdfootnote8sym\">8<\/a> <i>Idem<\/i>, 62.<\/p>\n<\/div>\n","protected":false},"excerpt":{"rendered":"<p>N\u00f3s aprofundamos o conhecimento da Eucaristia e aprendemos a viver o seu insond\u00e1vel mist\u00e9rio na escola da Virgem Maria, a mulher eucar\u00edstica. A Sant\u00edssima Virgem Maria pode ser chamada de mulher eucar\u00edstica porque a sua vida \u00e9 uma verdadeira escola&#8230;<\/p>\n","protected":false},"author":4539,"featured_media":0,"comment_status":"open","ping_status":"open","sticky":false,"template":"","format":"standard","meta":{"_mi_skip_tracking":false,"_monsterinsights_sitenote_active":false,"_monsterinsights_sitenote_note":"","_monsterinsights_sitenote_category":0,"footnotes":""},"categories":[186604,142576],"tags":[],"_links":{"self":[{"href":"https:\/\/blog.cancaonova.com\/tododemaria\/wp-json\/wp\/v2\/posts\/5567"}],"collection":[{"href":"https:\/\/blog.cancaonova.com\/tododemaria\/wp-json\/wp\/v2\/posts"}],"about":[{"href":"https:\/\/blog.cancaonova.com\/tododemaria\/wp-json\/wp\/v2\/types\/post"}],"author":[{"embeddable":true,"href":"https:\/\/blog.cancaonova.com\/tododemaria\/wp-json\/wp\/v2\/users\/4539"}],"replies":[{"embeddable":true,"href":"https:\/\/blog.cancaonova.com\/tododemaria\/wp-json\/wp\/v2\/comments?post=5567"}],"version-history":[{"count":3,"href":"https:\/\/blog.cancaonova.com\/tododemaria\/wp-json\/wp\/v2\/posts\/5567\/revisions"}],"predecessor-version":[{"id":5572,"href":"https:\/\/blog.cancaonova.com\/tododemaria\/wp-json\/wp\/v2\/posts\/5567\/revisions\/5572"}],"wp:attachment":[{"href":"https:\/\/blog.cancaonova.com\/tododemaria\/wp-json\/wp\/v2\/media?parent=5567"}],"wp:term":[{"taxonomy":"category","embeddable":true,"href":"https:\/\/blog.cancaonova.com\/tododemaria\/wp-json\/wp\/v2\/categories?post=5567"},{"taxonomy":"post_tag","embeddable":true,"href":"https:\/\/blog.cancaonova.com\/tododemaria\/wp-json\/wp\/v2\/tags?post=5567"}],"curies":[{"name":"wp","href":"https:\/\/api.w.org\/{rel}","templated":true}]}}