{"id":571,"date":"2012-08-13T07:00:04","date_gmt":"2012-08-13T10:00:04","guid":{"rendered":"http:\/\/blog.cancaonova.com\/tododemaria\/?p=571"},"modified":"2016-01-24T20:04:56","modified_gmt":"2016-01-24T22:04:56","slug":"vocacao-de-profeta","status":"publish","type":"post","link":"https:\/\/blog.cancaonova.com\/tododemaria\/vocacao-de-profeta\/","title":{"rendered":"Voca\u00e7\u00e3o de profeta"},"content":{"rendered":"<p><strong>Qual a import\u00e2ncia da voca\u00e7\u00e3o de um profeta para n\u00f3s, em nossos dias?<\/strong><\/p>\n<p><a href=\"http:\/\/blog.cancaonova.com\/tododemaria\/files\/2012\/08\/John-Baptist.jpg\"><img loading=\"lazy\" decoding=\"async\" class=\"alignleft size-medium wp-image-572\" src=\"http:\/\/blog.cancaonova.com\/tododemaria\/files\/2012\/08\/John-Baptist-274x300.jpg\" alt=\"Quem ser\u00e3o os profetas de nosso tempo?\" width=\"274\" height=\"300\" \/><\/a>A voca\u00e7\u00e3o de um profeta est\u00e1 sempre relacionada com um determinado tempo da hist\u00f3ria e com um povo a quem ele se dirige.\u00a0\u201cDisse Jeremias aos dignit\u00e1rios e a todo o povo: o Senhor incumbiu-me de profetizar para esta casa e para esta cidade atrav\u00e9s de todas as palavras que ouvistes\u201d (Jr 26, 12).\u00a0O Senhor suscitou Jeremias, e muitos outros profetas, para falar ao Povo de Deus sobre a necessidade da convers\u00e3o. Em tempos nos quais o Povo come\u00e7ava a desviar-se do caminho da justi\u00e7a, da Lei do Senhor, Ele suscitou no meio dele os profetas. Estes n\u00e3o falavam de si mesmos, mas da parte de Deus, convidando o Povo \u00e0 convers\u00e3o.<\/p>\n<p>Hoje, como naquele tempo, somos chamados a ouvir a voz de Deus atrav\u00e9s dos profetas. Somos chamados \u00e0 convers\u00e3o, \u00e0 mudan\u00e7a de vida, a deixar o pecado, a idolatria e tudo que n\u00e3o condiz com a nossas condi\u00e7\u00e3o de crist\u00e3os. N\u00e3o devemos perseverar nos caminhos que nos afastam de Deus e nos levam \u00e0 perdi\u00e7\u00e3o. O Senhor nos envia os profetas porque Ele n\u00e3o quer a nossa perdi\u00e7\u00e3o, mas, ao contr\u00e1rio, quer a nossa salva\u00e7\u00e3o.<\/p>\n<p>Quem s\u00e3o esses profetas em nosso tempo?<!--more Continue lendo...--><\/p>\n<p style=\"text-align: center\"><strong><a href=\"http:\/\/feedburner.google.com\/fb\/a\/mailverify?uri=TodoDeMaria\" target=\"_blank\">Receba o conte\u00fado deste blog gratuitamente em seu e-mail.<\/a><\/strong><\/p>\n<p>Como no tempo de Jeremias, no qual havia no meio do povo profetas, em nosso tempo o Senhor suscita profetas. Pessoas que tenham coragem de anunciar a Palavra de Deus, que tenham coragem de denunciar as injusti\u00e7as e de chamar o Povo de Deus \u00e0 convers\u00e3o. Mas, por que n\u00e3o se ouve mais as vozes dos profetas? Ser\u00e1 por que n\u00e3o existe mais necessidade de profetas? Ou, ser\u00e1 que os profetas que o Senhor suscita no meio do seu povo est\u00e3o com medo de perder a sua vida, como perdeu a vida Jo\u00e3o Batista? (cf. Mt 14, 10).<\/p>\n<p>Talvez, os profetas que o Senhor envia para o Povo de nosso tempo sejamos eu e voc\u00ea. Deus nos envia a anunciar a Palavra de Deus com destemor e ousadia. Pois, nos dias de hoje h\u00e1 muitas pessoas que, como n\u00f3s, precisam de convers\u00e3o. Porque somos pecadores, n\u00e3o queremos aceitar o chamado de Deus. Mas, podemos e devemos lutar contra nossos pecados, responder ao chamado de Deus \u00e0 convers\u00e3o e \u00e0 voca\u00e7\u00e3o de profeta.<\/p>\n<p>O medo da persegui\u00e7\u00e3o tamb\u00e9m nos leva a desistir da voca\u00e7\u00e3o de anunciar a Boa Nova de Jesus Cristo. Jeremias tamb\u00e9m teve medo, mas deixou-se seduzir pelo Senhor (Jr 20, 7) e foi em frente. Ele foi profeta para seu povo num tempo muito dif\u00edcil, no qual era necess\u00e1rio que ele profetizasse, pois muitos estavam para perder-se em meio ao pecado, \u00e0 idolatria. Como ele, somos chamados a vencer o medo e a assumir a voca\u00e7\u00e3o que o Senhor nos confiou.<\/p>\n<p>Para assumir a voca\u00e7\u00e3o de profeta, temos uma vantagem em rela\u00e7\u00e3o a Jeremias. Temos a Virgem Maria, a M\u00e3e de Jesus, que nos acolhe, nos ajuda a vencer os nossos pecados e o medo de assumir o chamado de Deus. Ela \u00e9 M\u00e3e sol\u00edcita, cuidadosa, quer gerar em n\u00f3s a fibra dos m\u00e1rtires. Como Maria visitou Jo\u00e3o Batista, ainda no ventre de Isabel, ela quer nos visitar. Nossa Senhora, aquela que \u00e9 cheia de gra\u00e7a (cf. Lc 1, 28), quer nos visitar para nos dar a mesma experi\u00eancia que deu a Jo\u00e3o Batista.<\/p>\n<p>Quando Maria sa\u00fada Isabel, Jo\u00e3o estremece no seu ventre e fica cheia do Esp\u00edrito Santo (cf. Lc 1, 41). Nossa Senhora quer visitar a cada um de n\u00f3s, que somos chamados a anunciar o Evangelho, e fazer que tenhamos essa experi\u00eancia com o Esp\u00edrito de Deus. Pois, somente no poder do Esp\u00edrito poderemos anunciar com fidelidade a Palavra do Senhor.<\/p>\n<p>N\u00e3o tenhamos medo nos entregar inteiramente \u00e0 Virgem Maria, pois ela quer formar as fei\u00e7\u00f5es do Seu Filho Jesus Cristo em n\u00f3s. Sejamos d\u00f3ceis a ela e ao Esp\u00edrito Santo, para que nos tornemos, cada vez mais, homens e mulheres conforme a vontade de Deus e fi\u00e9is \u00e0 voca\u00e7\u00e3o que o Senhor nos confiou.<\/p>\n","protected":false},"excerpt":{"rendered":"<p>Qual a import\u00e2ncia da voca\u00e7\u00e3o de um profeta para n\u00f3s, em nossos dias? A voca\u00e7\u00e3o de um profeta est\u00e1 sempre relacionada com um determinado tempo da hist\u00f3ria e com um povo a quem ele se dirige.\u00a0\u201cDisse Jeremias aos dignit\u00e1rios e&#8230;<\/p>\n","protected":false},"author":4539,"featured_media":0,"comment_status":"open","ping_status":"open","sticky":false,"template":"","format":"standard","meta":{"_mi_skip_tracking":false,"_monsterinsights_sitenote_active":false,"_monsterinsights_sitenote_note":"","_monsterinsights_sitenote_category":0,"footnotes":""},"categories":[6031],"tags":[],"_links":{"self":[{"href":"https:\/\/blog.cancaonova.com\/tododemaria\/wp-json\/wp\/v2\/posts\/571"}],"collection":[{"href":"https:\/\/blog.cancaonova.com\/tododemaria\/wp-json\/wp\/v2\/posts"}],"about":[{"href":"https:\/\/blog.cancaonova.com\/tododemaria\/wp-json\/wp\/v2\/types\/post"}],"author":[{"embeddable":true,"href":"https:\/\/blog.cancaonova.com\/tododemaria\/wp-json\/wp\/v2\/users\/4539"}],"replies":[{"embeddable":true,"href":"https:\/\/blog.cancaonova.com\/tododemaria\/wp-json\/wp\/v2\/comments?post=571"}],"version-history":[{"count":6,"href":"https:\/\/blog.cancaonova.com\/tododemaria\/wp-json\/wp\/v2\/posts\/571\/revisions"}],"predecessor-version":[{"id":5260,"href":"https:\/\/blog.cancaonova.com\/tododemaria\/wp-json\/wp\/v2\/posts\/571\/revisions\/5260"}],"wp:attachment":[{"href":"https:\/\/blog.cancaonova.com\/tododemaria\/wp-json\/wp\/v2\/media?parent=571"}],"wp:term":[{"taxonomy":"category","embeddable":true,"href":"https:\/\/blog.cancaonova.com\/tododemaria\/wp-json\/wp\/v2\/categories?post=571"},{"taxonomy":"post_tag","embeddable":true,"href":"https:\/\/blog.cancaonova.com\/tododemaria\/wp-json\/wp\/v2\/tags?post=571"}],"curies":[{"name":"wp","href":"https:\/\/api.w.org\/{rel}","templated":true}]}}