{"id":5822,"date":"2016-05-23T03:00:15","date_gmt":"2016-05-23T06:00:15","guid":{"rendered":"http:\/\/blog.cancaonova.com\/tododemaria\/?p=5822"},"modified":"2016-05-22T23:14:59","modified_gmt":"2016-05-23T02:14:59","slug":"maria-rosa-mistica-e-nosso-jardim-espiritual","status":"publish","type":"post","link":"https:\/\/blog.cancaonova.com\/tododemaria\/maria-rosa-mistica-e-nosso-jardim-espiritual\/","title":{"rendered":"Maria Rosa M\u00edstica e nosso jardim espiritual"},"content":{"rendered":"<p class=\"western\" style=\"text-align: left\"><b>A Virgem Maria, Rosa M\u00edstica, quer realizar uma obra perfeita em nosso jardim espiritual.<\/b><\/p>\n<p class=\"western\" style=\"text-align: left\">A Sant\u00edssima Virgem Maria, Rosa M\u00edstica, a flor mais bela do para\u00edso, que cuidar de nosso jardim espiritual. Santa Teresa d\u2019\u00c1vila j\u00e1 dizia que nossa alma \u00e9 como um jardim<a class=\"sdfootnoteanc\" href=\"#sdfootnote1sym\" name=\"sdfootnote1anc\"><sup>1<\/sup><\/a>. Todos n\u00f3s batizados temos em nossa alma esse jardim, semelhante ao jardim do \u00c9den (cf. Gn 2, 8). Nele, o pr\u00f3prio Deus faz em n\u00f3s sua morada. Como cuidamos de nosso jardim espiritual? Existem nele muitas ervas daninhas? Quais s\u00e3o as flores e os frutos que produzimos em nosso jardim?<\/p>\n<div id=\"attachment_5827\" style=\"width: 610px\" class=\"wp-caption aligncenter\"><a href=\"http:\/\/blog.cancaonova.com\/tododemaria\/files\/2016\/05\/Maria-Rosa-M\u00edstica-e-nosso-jardim-espiritual.jpg\"><img loading=\"lazy\" decoding=\"async\" aria-describedby=\"caption-attachment-5827\" class=\"size-full wp-image-5827\" src=\"http:\/\/blog.cancaonova.com\/tododemaria\/files\/2016\/05\/Maria-Rosa-M\u00edstica-e-nosso-jardim-espiritual.jpg\" alt=\"A Virgem Maria, Rosa M\u00edstica, quer realizar uma obra perfeita em nosso jardim espiritual.\" width=\"600\" height=\"330\" srcset=\"https:\/\/blog.cancaonova.com\/tododemaria\/files\/2016\/05\/Maria-Rosa-M\u00edstica-e-nosso-jardim-espiritual.jpg 600w, https:\/\/blog.cancaonova.com\/tododemaria\/files\/2016\/05\/Maria-Rosa-M\u00edstica-e-nosso-jardim-espiritual-300x165.jpg 300w\" sizes=\"(max-width: 600px) 100vw, 600px\" \/><\/a><p id=\"caption-attachment-5827\" class=\"wp-caption-text\">Nossa Senhora Rosa M\u00edstica<\/p><\/div>\n<p class=\"western\" style=\"text-align: left\">A verdade \u00e9 que muitos de n\u00f3s cuidamos mal do nosso jardim. Por vezes deixamos crescer as ervas daninhas do pecado e, com isso, expulsamos o Senhor de nosso jardim. Nossa Senhora quer reverter essa situa\u00e7\u00e3o e nos fazer voltar \u00e0 amizade com Deus. Al\u00e9m disso, a Rosa M\u00edstica quer retirar as ervas daninhas que deixam nosso jardim improdutivo e faz\u00ea-lo dar flores e frutos abundantes, para nossa realiza\u00e7\u00e3o e para maior gl\u00f3ria da Sant\u00edssima Trindade. Entretanto, para que a Virgem Maria realize esta obra em n\u00f3s, precisamos conhecer um pouco mais esta Bela Flor do para\u00edso celeste.<!--more Continue lendo...--><\/p>\n<p class=\"western\" style=\"text-align: center\"><strong><a href=\"http:\/\/feedburner.google.com\/fb\/a\/mailverify?uri=TodoDeMaria\" target=\"_blank\">Receba o conte\u00fado deste blog gratuitamente em seu e-mail.<\/a><\/strong><\/p>\n<p class=\"western\" style=\"text-align: left\"><b>Rosa M\u00edstica, a flor oculta do jardim de Deus<\/b><\/p>\n<p class=\"western\" style=\"text-align: left\">Maria Sant\u00edssima \u00e9 a flor mais bela que j\u00e1 foi vista no mundo espiritual. Pelo poder da gra\u00e7a de Deus, desta terra seca e deserta, surgiram flores de santidade e de gl\u00f3ria. Nossa Senhora \u00e9 a Rainha dessas flores. Maria \u00e9 a Rainha das flores espirituais, por isso, ela \u00e9 chamada de Rosa. Pois, a rosa \u00e9 apropriadamente considerada a mais bela de todas as flores. Mas, al\u00e9m disso, a Sant\u00edssima Virgem \u00e9 a Rosa M\u00edstica, ou oculta, pois m\u00edstica significa oculta. A este respeito, podemos perguntar: como ela est\u00e1 agora \u201coculta\u201d a n\u00f3s mais do que os outros santos? O que significa este nome singular, que se aplica a ela especialmente? A resposta a esta pergunta nos introduz uma terceira raz\u00e3o para acreditarmos na uni\u00e3o de seu corpo sagrado com a sua alma, e sua assun\u00e7\u00e3o ao C\u00e9u logo ap\u00f3s sua morte, em vez de sua persist\u00eancia na sepultura at\u00e9 a ressurrei\u00e7\u00e3o geral no \u00faltimo dia.<\/p>\n<p class=\"western\" style=\"text-align: left\">Se o corpo da M\u00e3e de Deus n\u00e3o foi levado ao C\u00e9u, onde est\u00e1? Como permaneceria escondido de n\u00f3s por tanto tempo? Apesar de tantas pessoas negarem o dogma da Assun\u00e7\u00e3o, por que n\u00e3o ouvimos dizer onde seu t\u00famulo est\u00e1? Por que peregrina\u00e7\u00f5es n\u00e3o s\u00e3o feitas ao local da sua sepultura? Por que rel\u00edquias da Virgem Maria n\u00e3o s\u00e3o produzidas, como \u00e9 feito no caso dos outros santos? Temos um instinto natural que nos faz reverentes aos lugares onde os nossos mortos s\u00e3o enterrados. Enterramos os grandes homens e mulheres honrosamente. Nos Atos dos Ap\u00f3stolos, S\u00e3o Pedro fala do sepulcro de Davi como conhecido em sua \u00e9poca: \u201cIrm\u00e3os, seja permitido dizer-vos com franqueza: do patriarca Davi dizemos que morreu e foi sepultado, e o seu sepulcro est\u00e1 entre n\u00f3s at\u00e9 o dia de hoje\u201d (cf. At 2, 29), embora sua morte ocorreu a muitas centenas de anos antes daquele tempo. Quando o corpo de nosso Senhor foi tirado da cruz, foi colocado em um t\u00famulo honrado, que tinha at\u00e9 mesmo um jardim (cf. Jo 19, 41). Essa tamb\u00e9m foi a honra prestada a S\u00e3o Jo\u00e3o Batista, que teve seu t\u00famulo citado por S\u00e3o Marcos (cf. Mc 6, 29).<\/p>\n<p class=\"western\" style=\"text-align: left\">Os crist\u00e3os dos primeiros tempos foram de outros pa\u00edses a Jerusal\u00e9m para ver os lugares santos, dentre eles as sepulturas dos m\u00e1rtires. Quando o tempo de persegui\u00e7\u00e3o acabou, os crist\u00e3os honraram ainda mais os corpos dos santos, a partir de Santo Estev\u00e3o, S\u00e3o Marcos, S\u00e3o Barnab\u00e9, S\u00e3o Pedro, S\u00e3o Paulo e outros ap\u00f3stolos e m\u00e1rtires. Os corpos dos santos foram transportados para grandes cidades, e partes deles eram enviadas a outros lugares. Dessa forma, desde o in\u00edcio da hist\u00f3ria da Igreja at\u00e9 hoje, o cuidado e a rever\u00eancia com os corpos dos santos \u00e9 uma caracter\u00edstica marcante.<\/p>\n<p class=\"western\" style=\"text-align: left\">Depois de conhecer um pouco mais a hist\u00f3ria da Igreja, compreendemos que, se havia algu\u00e9m que, mais do que todos os outros santos, deveria ser perfeitamente zelada, seria a Virgem Maria. Sendo assim, por que ent\u00e3o n\u00e3o ouvimos falar nada a respeito do corpo da Bem-aventurada Virgem Sant\u00edssima e de suas rel\u00edquias? Por que Nossa Senhora \u00e9 esta Rosa oculta? \u00c9 inconceb\u00edvel e imposs\u00edvel que os primeiros crist\u00e3os, que foram t\u00e3o reverentes e cuidadosos com os corpos dos santos e m\u00e1rtires, negligenciariam o cuidado com ela, a Rainha dos Santos e a Rainha dos M\u00e1rtires, a pr\u00f3pria M\u00e3e de nosso Senhor Jesus Cristo. Por que, ent\u00e3o, ela \u00e9 a Rosa M\u00edstica, ou oculta? Certamente porque esse corpo sagrado da Sant\u00edssima Virgem est\u00e1 no C\u00e9u, n\u00e3o na Terra. A Rosa M\u00edstica est\u00e1 oculta no C\u00e9u, depois de permanecer escondida na Terra.<\/p>\n<p class=\"western\"><strong>Assista ou ou\u00e7a aula\u00a0do Padre Paulo Ricardo\u00a0sobre a\u00a0<\/strong><b>\u201c<a href=\"https:\/\/padrepauloricardo.org\/episodios\/a-mae-do-salvador-e-a-nossa-vida-interior\" target=\"_blank\">A M\u00e3e do Salvador e a Nossa Vida Interior<\/a>\u201d:<\/b><\/p>\n<p class=\"western\"><iframe loading=\"lazy\" width=\"640\" height=\"360\" src=\"https:\/\/www.youtube-nocookie.com\/embed\/blyVXU8MYjU?rel=0&showinfo=0\" frameborder=\"0\" allowfullscreen><\/iframe><\/p>\n<p class=\"western\"><iframe loading=\"lazy\" width=\"100%\" height=\"166\" scrolling=\"no\" frameborder=\"no\" src=\"https:\/\/w.soundcloud.com\/player\/?url=https%3A\/\/api.soundcloud.com\/tracks\/148720050&color=ff5500&show_artwork=false\"><\/iframe><\/p>\n<p class=\"western\" style=\"text-align: left\"><b>Rosa M\u00edstica, a flor mais perfeita do jardim de Deus<\/b><\/p>\n<p class=\"western\" style=\"text-align: left\">O Beato Cardeal Newman faz uma pergunta a respeito de Nossa Senhora e, em seguida, responde: \u201cComo Maria se tornou a <i>Rosa Mystica<\/i>, a escolhida, delicada, perfeita flor da cria\u00e7\u00e3o espiritual de Deus? Foi porque nasceu, foi alimentada e abrigada no jardim m\u00edstico ou Para\u00edso de Deus\u201d<sup><a class=\"sdfootnoteanc\" href=\"#sdfootnote2sym\" name=\"sdfootnote2anc\"><sup>2<\/sup><\/a><\/sup>. As Sagradas Escrituras usam a figura de um jardim quando falam do C\u00e9u, dos seus habitantes bem-aventurados. Um jardim \u00e9 um peda\u00e7o de terra separado para \u00e1rvores e plantas, especialmente as flores, todas boas, todas variadas, com umas que s\u00e3o doces ao paladar, outras perfumadas no aroma, ou bonitas de se ver, ou ainda \u00fateis para a alimenta\u00e7\u00e3o. Vejamos agora o que \u00e9 um jardim espiritual:<\/p>\n<blockquote>\n<p class=\"western\" style=\"text-align: left\">&#8230;<span style=\"font-size: small\">no seu sentido espiritual, significa a casa dos esp\u00edritos bem-aventurados e das almas santas que la habitam, carregados das flores e frutos que chegaram a formar gra\u00e7as ao cuidadoso cultivo de Deus, flores e frutos de gra\u00e7a, flores mais belas e mais perfumadas do que as de qualquer outro jardim, frutos mais deliciosos e primorosos do que nenhum lavrador terreno jamais poderia conseguir<\/span><sup><span style=\"font-size: small\"><a class=\"sdfootnoteanc\" href=\"#sdfootnote3sym\" name=\"sdfootnote3anc\"><sup>3<\/sup><\/a><\/span><\/sup><span style=\"font-size: small\">. <\/span><\/p>\n<\/blockquote>\n<p class=\"western\" style=\"text-align: left\">Tudo o que Deus fez na obra da cria\u00e7\u00e3o fala de Si mesmo: as montanhas manifestam Sua eternidade, o sol Sua imensid\u00e3o, e os ventos Sua onipot\u00eancia. Da mesma forma, as flores e os frutos falam da santidade do Senhor, do Seu amor e da Sua provid\u00eancia. As flores e os frutos dizem do lugar onde s\u00e3o encontrados. Uma vez que os encontramos em um jardim, este tamb\u00e9m tem de ter excel\u00eancias que falem porque produzem essas fores e esses frutos. N\u00e3o encontramos belas flores nos cumes rochosos de uma montanha ou frutos suculentos no deserto arenoso. \u201cComo flores e frutas significam, em um sentido m\u00edstico, os dons e gra\u00e7as do Esp\u00edrito Santo, o jardim designa misticamente um lugar de repouso espiritual, tranquilidade, paz, refresco, deleite\u201d<a class=\"sdfootnoteanc\" href=\"#sdfootnote4sym\" name=\"sdfootnote4anc\"><sup>4<\/sup><\/a>.<\/p>\n<p class=\"western\" style=\"text-align: left\">Ad\u00e3o e Eva, nossos primeiros pais, foram colocados no para\u00edso, num jardim de del\u00edcias, sombreado por \u00e1rvores boas para contemplar, com frutos agrad\u00e1veis de comer, com a \u00e1rvore da vida no centro e um rio para regar a terra (cf. Gn 2, 9). Nosso Senhor Jesus Cristo, falando da cruz ao ladr\u00e3o penitente, chama o lugar aben\u00e7oado, o C\u00e9u, para onde ia lev\u00e1-lo, de para\u00edso (cf. Lc 23, 43), ou seja, de jardim das del\u00edcias. S\u00e3o Jo\u00e3o, no livro do Apocalipse, fala do C\u00e9u, do pal\u00e1cio de Deus como um jardim ou para\u00edso, no qual a \u00e1rvore da vida dava os seus frutos a cada m\u00eas (cf. Ap 22, 2).<\/p>\n<p class=\"western\" style=\"text-align: left\">Este foi o jardim de del\u00edcias no qual Maria Imaculada, a Rosa M\u00edstica, foi protegida e alimentada, desde o seu nascimento at\u00e9 suas n\u00fapcias com S\u00e3o Jos\u00e9, um prazo de treze anos, para ser a M\u00e3e do Verbo de Deus. Por tr\u00eas anos, a Menina Maria esteve nos bra\u00e7os de sua m\u00e3e, Santa Ana, e depois, por dez anos, ela viveu no Templo de Deus. Nesses jardins aben\u00e7oados, como podem ser chamados, a Sant\u00edssima Virgem morava sozinha, continuamente visitada pelo orvalho da gra\u00e7a de Deus, e cresceu como uma flor cada vez mais celestial, at\u00e9 que, no final desse per\u00edodo, ela estava pronta para ser a habita\u00e7\u00e3o do Sant\u00edssimo, do Filho de Deus. A partir da sua Imaculada Concei\u00e7\u00e3o, a Virgem Maria tornou-se a dign\u00edssima morada de Deus. Com exce\u00e7\u00e3o da Rosa M\u00edstica, at\u00e9 a mais bela rosa do para\u00edso de Deus sofreu com os fungos, que causam a ferrugem, as larvas que perfuram os galhos e a mordida dos gafanhotos. No entanto, a Sant\u00edssima Virgem foi perfeita na sua do\u00e7ura e beleza desde o in\u00edcio e, finalmente, quando o anjo Gabriel foi visit\u00e1-la, encontrou-a \u201ccheia de gra\u00e7a\u201d (Lc 1, 26), dessa gra\u00e7a que ela soube acumular em si, pelo bom uso que fez dela, desde o primeiro momento do seu ser.<\/p>\n<p class=\"western\" style=\"text-align: left\"><b>A obra da Rosa M\u00edstica em nosso jardim espiritual<\/b><\/p>\n<p class=\"western\" style=\"text-align: left\">Assim, Nossa Senhora Rosa M\u00edstica \u00e9 a flor mais oculta e perfeita do jardim de Deus, que quer realizar em n\u00f3s uma obra em nosso jardim espiritual. Primeiramente, para restaurar nosso jardim, a Virgem Maria quer nos ajudar a ser semelhantes a ela, a ter uma vida silenciosa e oculta. Pois, somente nos \u201cocultando\u201d das nossas paix\u00f5es, do mundo e do dem\u00f4nio, arrancaremos as ervas daninhas do pecado, nos aproximaremos de Deus e nosso jardim se tornar\u00e1 produtivo. No entanto, a Rosa M\u00edstica n\u00e3o quer uma obra pela metade, mas quer a perfei\u00e7\u00e3o e para isso, precisamos arrancar nosso jardim as ervas daninhas logo que estas nascem, ou seja, corrigir em n\u00f3s aqueles pequenos defeitos, no olhar, no pensar, no falar, no ouvir, no tocar, mas principalmente daqueles sentimentos que trazemos em nosso cora\u00e7\u00e3o, com o \u00f3dio, a inveja, a cobi\u00e7a, a maledic\u00eancia&#8230; A Sant\u00edssima Virgem que nos ajudar nesta obra de perfei\u00e7\u00e3o, mas para isso precisamos pedir a sua ajuda, confiar-lhe as nossas vidas, entregar-lhe o nosso cora\u00e7\u00e3o. Deixemos que esta obra se realize acolhendo em nosso jardim espiritual aquela Rosa oculta, que \u00e9 a flor mais perfeita do Jardim de Deus.<\/p>\n<p class=\"western\"><b>Ora\u00e7\u00e3o \u00e0 Nossa Senhora da Rosa M\u00edstica<\/b><\/p>\n<blockquote>\n<p class=\"western\"><span style=\"font-size: small\">Rosa M\u00edstica, Virgem Imaculada, M\u00e3e da Gra\u00e7a, para honra de Vosso Divino Filho, nos ajoelhamos diante de V\u00f3s, implorando a miseric\u00f3rdia de Deus. N\u00e3o por nossos m\u00e9ritos, mas, pelo amor de Vosso Cora\u00e7\u00e3o Maternal, n\u00f3s vos suplicamos que nos concedais prote\u00e7\u00e3o e gra\u00e7a, com a certeza de que nos haveis de atender. <\/span><\/p>\n<p class=\"western\"><span style=\"font-size: small\">Ave, Maria&#8230; <\/span><\/p>\n<p class=\"western\"><span style=\"font-size: small\">Rosa M\u00edstica, M\u00e3e de Jesus, Rainha do Santo Ros\u00e1rio e M\u00e3e da Igreja, corpo m\u00edstico de Jesus Cristo, n\u00f3s vos pedimos que concedais ao mundo, dilacerado pela disc\u00f3rdia, a unidade e a paz e todas aquelas gra\u00e7as que podem mudar o cora\u00e7\u00e3o de tantos de teus filhos. <\/span><\/p>\n<p class=\"western\"><span style=\"font-size: small\">Ave, Maria&#8230; <\/span><\/p>\n<p class=\"western\"><span style=\"font-size: small\">Rosa M\u00edstica, Rainha dos Ap\u00f3stolos, fazei florescer, \u00e0 volta dos altares Eucar\u00edsticos, muitas voca\u00e7\u00f5es sacerdotais, religiosos e religiosas, que difundam, com a santidade de sua vida e com zelo apost\u00f3lico pelas almas, o Reino de Vosso Filho Jesus por todo o mundo. E derramai sobre n\u00f3s, tamb\u00e9m, a abund\u00e2ncia de Vossas gra\u00e7as celestiais! <\/span><\/p>\n<p class=\"western\"><span style=\"font-size: small\">Ave, Maria&#8230; <\/span><\/p>\n<p class=\"western\"><span style=\"font-size: small\">Salve, Rainha&#8230; <\/span><\/p>\n<p class=\"western\"><span style=\"font-size: small\">Maria, Rosa M\u00edstica, M\u00e3e da Igreja, rogai por n\u00f3s!<\/span><\/p>\n<\/blockquote>\n<p class=\"western\" style=\"text-align: left\">Natalino Ueda, servo in\u00fatil de Jesus por Maria.<\/p>\n<p class=\"western\" style=\"text-align: left\"><strong>Links relacionados:<\/strong><\/p>\n<p class=\"western\" style=\"text-align: left\">TODO DE MARIA.\u00a0<a href=\"http:\/\/blog.cancaonova.com\/tododemaria\/a-mensagem-de-nossa-senhora-rosa-mistica\/\" target=\"_blank\">A mensagem de Nossa Senhora Rosa M\u00edstica<\/a>.<\/p>\n<p class=\"western\" style=\"text-align: left\">TODO DE MARIA.\u00a0<a href=\"http:\/\/blog.cancaonova.com\/tododemaria\/meditacoes-e-devocoes-de-cardeal-newman\/\" target=\"_blank\">Medita\u00e7\u00f5es e Devo\u00e7\u00f5es de Cardeal Newman<\/a>.<\/p>\n<p class=\"western\" style=\"text-align: left\">TODO DE MARIA.\u00a0<a href=\"http:\/\/blog.cancaonova.com\/tododemaria\/os-pedidos-e-as-promessas-de-nossa-senhora-rosa-mistica\/\" target=\"_blank\">Os pedidos e as promessas de Nossa Senhora Rosa M\u00edstica<\/a>.<\/p>\n<p class=\"western\" style=\"text-align: left\">TODO DE MARIA.\u00a0<a href=\"http:\/\/blog.cancaonova.com\/tododemaria\/rosa-mistica-o-jardim-celestial-perfeito\/\" target=\"_blank\">Rosa M\u00edstica, O Jardim Celestial Perfeito<\/a>.<\/p>\n<p class=\"western\" style=\"text-align: left\"><strong>Refer\u00eancias:<\/strong><\/p>\n<div id=\"sdfootnote1\" style=\"text-align: left\">\n<p class=\"sdfootnote-western\"><a class=\"sdfootnotesym\" href=\"#sdfootnote1anc\" name=\"sdfootnote1sym\">1<\/a> Cf. GREG\u00d3RIO VENTURA. Rosa M\u00edstica: O Jardim Celestial Perfeito, p. 27.<\/p>\n<\/div>\n<div id=\"sdfootnote2\" style=\"text-align: left\">\n<p class=\"sdfootnote-western\"><a class=\"sdfootnotesym\" href=\"#sdfootnote2anc\" name=\"sdfootnote2sym\">2<\/a> CARDEAL NEWMAN. <a href=\"http:\/\/loja.editoramolokai.com.br\/meditacoes-e-devocoes\" target=\"_blank\">Medita\u00e7\u00f5es e Devo\u00e7\u00f5es<\/a>, p. 36.<\/p>\n<\/div>\n<div id=\"sdfootnote3\" style=\"text-align: left\">\n<p class=\"sdfootnote-western\"><a class=\"sdfootnotesym\" href=\"#sdfootnote3anc\" name=\"sdfootnote3sym\">3<\/a><i> Idem, ibidem.<\/i><\/p>\n<\/div>\n<div id=\"sdfootnote4\">\n<p class=\"sdfootnote-western\" style=\"text-align: left\"><i><a class=\"sdfootnotesym\" href=\"#sdfootnote4anc\" name=\"sdfootnote4sym\">4<\/a>\u00a0Idem, ibidem.<\/i><\/p>\n<\/div>\n","protected":false},"excerpt":{"rendered":"<p>A Virgem Maria, Rosa M\u00edstica, quer realizar uma obra perfeita em nosso jardim espiritual. A Sant\u00edssima Virgem Maria, Rosa M\u00edstica, a flor mais bela do para\u00edso, que cuidar de nosso jardim espiritual. Santa Teresa d\u2019\u00c1vila j\u00e1 dizia que nossa alma&#8230;<\/p>\n","protected":false},"author":4539,"featured_media":0,"comment_status":"open","ping_status":"open","sticky":false,"template":"","format":"standard","meta":{"_mi_skip_tracking":false,"_monsterinsights_sitenote_active":false,"_monsterinsights_sitenote_note":"","_monsterinsights_sitenote_category":0,"footnotes":""},"categories":[186332,186083],"tags":[],"_links":{"self":[{"href":"https:\/\/blog.cancaonova.com\/tododemaria\/wp-json\/wp\/v2\/posts\/5822"}],"collection":[{"href":"https:\/\/blog.cancaonova.com\/tododemaria\/wp-json\/wp\/v2\/posts"}],"about":[{"href":"https:\/\/blog.cancaonova.com\/tododemaria\/wp-json\/wp\/v2\/types\/post"}],"author":[{"embeddable":true,"href":"https:\/\/blog.cancaonova.com\/tododemaria\/wp-json\/wp\/v2\/users\/4539"}],"replies":[{"embeddable":true,"href":"https:\/\/blog.cancaonova.com\/tododemaria\/wp-json\/wp\/v2\/comments?post=5822"}],"version-history":[{"count":5,"href":"https:\/\/blog.cancaonova.com\/tododemaria\/wp-json\/wp\/v2\/posts\/5822\/revisions"}],"predecessor-version":[{"id":5828,"href":"https:\/\/blog.cancaonova.com\/tododemaria\/wp-json\/wp\/v2\/posts\/5822\/revisions\/5828"}],"wp:attachment":[{"href":"https:\/\/blog.cancaonova.com\/tododemaria\/wp-json\/wp\/v2\/media?parent=5822"}],"wp:term":[{"taxonomy":"category","embeddable":true,"href":"https:\/\/blog.cancaonova.com\/tododemaria\/wp-json\/wp\/v2\/categories?post=5822"},{"taxonomy":"post_tag","embeddable":true,"href":"https:\/\/blog.cancaonova.com\/tododemaria\/wp-json\/wp\/v2\/tags?post=5822"}],"curies":[{"name":"wp","href":"https:\/\/api.w.org\/{rel}","templated":true}]}}