{"id":60,"date":"2012-05-04T15:01:22","date_gmt":"2012-05-04T18:01:22","guid":{"rendered":"http:\/\/blog.cancaonova.com\/tododemaria\/?p=60"},"modified":"2016-01-24T21:07:13","modified_gmt":"2016-01-24T23:07:13","slug":"joao-paulo-ii-e-a-virgem-maria","status":"publish","type":"post","link":"https:\/\/blog.cancaonova.com\/tododemaria\/joao-paulo-ii-e-a-virgem-maria\/","title":{"rendered":"Jo\u00e3o Paulo II e a Virgem Maria"},"content":{"rendered":"<p style=\"text-align: left\"><strong>O Papa Jo\u00e3o Paulo II ficou conhecido pele sua total entrega a Virgem Maria.<\/strong><\/p>\n<p style=\"text-align: left\"><a href=\"http:\/\/blog.cancaonova.com\/tododemaria\/files\/2012\/05\/JoaoPauloeaVirgemMaria.jpg\"><img loading=\"lazy\" decoding=\"async\" class=\"alignleft size-medium wp-image-70\" src=\"http:\/\/blog.cancaonova.com\/tododemaria\/files\/2012\/05\/JoaoPauloeaVirgemMaria-236x300.jpg\" alt=\"Jo\u00e3o Paulo II e a Virgem Maria\" width=\"142\" height=\"180\" \/><\/a>Como o Beato Jo\u00e3o Paulo II, grandes santos e santas da Igreja tiveram em comum a sua <a href=\"http:\/\/blog.cancaonova.com\/tododemaria\/consagracao\/\">consagra\u00e7\u00e3o a Virgem Maria<\/a>, segundo o \u201c<a href=\"http:\/\/blog.cancaonova.com\/tododemaria\/tratado\/\">Tratado da Verdadeira Devo\u00e7\u00e3o \u00e0 Sant\u00edssima Virgem<\/a>\u201d. S\u00e3o Jo\u00e3o Maria Vianney (Cura d&#8217; Ars), S\u00e3o Jo\u00e3o Bosco, S\u00e3o Domingos S\u00e1vio, Santa Terezinha, S\u00e3o Pio de Pietrelcina e muitos outros consagraram-se a Nossa Senhora pelo <a href=\"http:\/\/blog.cancaonova.com\/tododemaria\/o-metodo-de-consagracao-a-maria\/\">m\u00e9todo do Tratado<\/a>. Jo\u00e3o Paulo II tamb\u00e9m faz parte desse grande n\u00famero de escravos de amor de Maria. O lema do seu pontificado, \u201c<a href=\"http:\/\/blog.cancaonova.com\/tododemaria\/o-que-significa-totus-tuus\/\"><em>Totus<\/em> <em>Tuus<\/em><\/a>\u201d, que significa todo de Maria, expressa a sua devo\u00e7\u00e3o e consagra\u00e7\u00e3o, a sua entrega total nas m\u00e3os da Virgem Maria. A letra &#8220;M&#8221; e a cor azul no seu\u00a0bras\u00e3o\u00a0simbolizam a sua entrega total nas m\u00e3os de Maria.<!--more Continue lendo...--><\/p>\n<p style=\"text-align: center\">\u00a0<strong><a href=\"http:\/\/feedburner.google.com\/fb\/a\/mailverify?uri=TodoDeMaria\" target=\"_blank\">Receba o conte\u00fado deste blog gratuitamente em seu e-mail.<\/a><\/strong><\/p>\n<p style=\"text-align: left\">O Papa Jo\u00e3o Paulo II, no VIII Col\u00f3quio Internacional de Mariologia, de 13 de outubro de 2000, disse: \u201c<a href=\"http:\/\/blog.cancaonova.com\/tododemaria\/biografia-de-sao-luis-maria\/\">S\u00e3o Lu\u00eds Maria Grignion de Montfort<\/a> constitui para mim uma significativa figura de refer\u00eancia, que me iluminou em momentos importantes da vida.\u201d No seu tempo de seminarista clandestino, por causa da 2\u00aa Guerra Mundial e do comunismo, seu diretor espiritual aconselhou-o a ler e meditar o Tratado. Karol Wojtyla leu e releu o Livro v\u00e1rias vezes, com grande proveito espiritual.<\/p>\n<p style=\"text-align: left\">Em sua Carta \u00e0s Fam\u00edlias Monfortinas, de 8 de Dezembro de 2003, o Santo Padre refere-se ao Tratado como \u201cum texto cl\u00e1ssico da espiritualidade mariana\u201d e diz que o Livro de S\u00e3o Lu\u00eds Maria \u00e9 um \u201cobra de efici\u00eancia extraordin\u00e1ria para a difus\u00e3o da &#8216;verdadeira devo\u00e7\u00e3o&#8217; \u00e0 Virgem Sant\u00edssima\u201d. Em sua juventude tirou grandes benef\u00edcios da leitura do Tratado, encontrando nele as respostas para as suas d\u00favidas. Ele tinha receio que a sua devo\u00e7\u00e3o a Maria superasse o seu culto a Cristo. Mas, compreendeu que o pensamento de S\u00e3o Lu\u00eds, a respeito da M\u00e3e de Deus, tem Jesus Cristo como centro.<\/p>\n<p style=\"text-align: left\">No seu testamento, Jo\u00e3o Paulo II demonstra a sua devo\u00e7\u00e3o e a sua confian\u00e7a em Maria e respeito da segunda vinda de Jesus: \u201cN\u00e3o sei quando ele vir\u00e1, mas como tudo, tamb\u00e9m deponho esse momento nas m\u00e3os da M\u00e3e do meu Mestre: <em>Totus<\/em> <em>Tuus<\/em>. Nas mesmas m\u00e3os maternas deixo tudo e Todos aqueles com os quais a minha vida e a minha voca\u00e7\u00e3o me p\u00f4s em contato. Nestas M\u00e3os deixo sobretudo a Igreja, e tamb\u00e9m a minha Na\u00e7\u00e3o e toda a humanidade.\u201d O Santo Padre entregou verdadeiramente tudo nas m\u00e3os maternas da Virgem Maria.<\/p>\n<p style=\"text-align: left\">A experi\u00eancia de f\u00e9 do Papa Jo\u00e3o Paulo II est\u00e1 intimamente ligada com a Virgem Maria. Sua confian\u00e7a, sua consagra\u00e7\u00e3o, sua entrega total a Nossa Senhora, refletem o grande amor que o Santo Padre nutriu por Nossa Senhora. Esse grande amor por Maria fez com que tamb\u00e9m o seu amor a Cristo crescesse. Este grande homem de Deus sofreu muito, perdeu muito cedo seus pais, perdeu tamb\u00e9m muitos de seus melhores amigos nos conflitos entre a Pol\u00f4nia e a Alemanha. Viu seu pa\u00eds oprimido pelos alem\u00e3es na Segunda Guerra Mundial e pelo comunismo da R\u00fassia no p\u00f3s guerra. Por\u00e9m, Jo\u00e3o Paulo II entregou tudo nas m\u00e3os de Maria e, em meio a todo esse sofrimento, aceitou o chamado de Deus para o sacerd\u00f3cio. Depois, foi d\u00f3cil e aceitou o bispado e o papado. Teve uma vida fascinante e um pontificado extraordin\u00e1rio. Em seu apostolado, foi um grande propagador da devo\u00e7\u00e3o \u00e0 Virgem Maria, reconduziu muitos fi\u00e9is a Cristo e atraiu muitos jovens para a Igreja.<\/p>\n","protected":false},"excerpt":{"rendered":"<p>O Papa Jo\u00e3o Paulo II ficou conhecido pele sua total entrega a Virgem Maria. Como o Beato Jo\u00e3o Paulo II, grandes santos e santas da Igreja tiveram em comum a sua consagra\u00e7\u00e3o a Virgem Maria, segundo o \u201cTratado da Verdadeira&#8230;<\/p>\n","protected":false},"author":4539,"featured_media":0,"comment_status":"open","ping_status":"open","sticky":false,"template":"","format":"standard","meta":{"_mi_skip_tracking":false,"_monsterinsights_sitenote_active":false,"_monsterinsights_sitenote_note":"","_monsterinsights_sitenote_category":0,"footnotes":""},"categories":[186604],"tags":[],"_links":{"self":[{"href":"https:\/\/blog.cancaonova.com\/tododemaria\/wp-json\/wp\/v2\/posts\/60"}],"collection":[{"href":"https:\/\/blog.cancaonova.com\/tododemaria\/wp-json\/wp\/v2\/posts"}],"about":[{"href":"https:\/\/blog.cancaonova.com\/tododemaria\/wp-json\/wp\/v2\/types\/post"}],"author":[{"embeddable":true,"href":"https:\/\/blog.cancaonova.com\/tododemaria\/wp-json\/wp\/v2\/users\/4539"}],"replies":[{"embeddable":true,"href":"https:\/\/blog.cancaonova.com\/tododemaria\/wp-json\/wp\/v2\/comments?post=60"}],"version-history":[{"count":16,"href":"https:\/\/blog.cancaonova.com\/tododemaria\/wp-json\/wp\/v2\/posts\/60\/revisions"}],"predecessor-version":[{"id":5305,"href":"https:\/\/blog.cancaonova.com\/tododemaria\/wp-json\/wp\/v2\/posts\/60\/revisions\/5305"}],"wp:attachment":[{"href":"https:\/\/blog.cancaonova.com\/tododemaria\/wp-json\/wp\/v2\/media?parent=60"}],"wp:term":[{"taxonomy":"category","embeddable":true,"href":"https:\/\/blog.cancaonova.com\/tododemaria\/wp-json\/wp\/v2\/categories?post=60"},{"taxonomy":"post_tag","embeddable":true,"href":"https:\/\/blog.cancaonova.com\/tododemaria\/wp-json\/wp\/v2\/tags?post=60"}],"curies":[{"name":"wp","href":"https:\/\/api.w.org\/{rel}","templated":true}]}}