{"id":6059,"date":"2016-07-15T03:00:07","date_gmt":"2016-07-15T06:00:07","guid":{"rendered":"http:\/\/blog.cancaonova.com\/tododemaria\/?p=6059"},"modified":"2017-07-13T22:42:00","modified_gmt":"2017-07-14T01:42:00","slug":"a-senhora-do-carmo-e-as-aparicoes-de-fatima","status":"publish","type":"post","link":"https:\/\/blog.cancaonova.com\/tododemaria\/a-senhora-do-carmo-e-as-aparicoes-de-fatima\/","title":{"rendered":"A Senhora do Carmo e as apari\u00e7\u00f5es de F\u00e1tima"},"content":{"rendered":"<p class=\"western\" style=\"text-align: left\"><b>Conhe\u00e7a a liga\u00e7\u00e3o entre Nossa Senhora do Carmo <\/b><b>e<\/b><b> as apari\u00e7\u00f5es de F\u00e1tima, e entre o Escapul\u00e1rio, o Ros\u00e1rio e a consagra\u00e7\u00e3o ao Imaculado Cora\u00e7\u00e3o.<\/b><\/p>\n<p class=\"western\" style=\"text-align: left\">A apari\u00e7\u00e3o de Nossa Senhora do Carmo a S\u00e3o Sim\u00e3o Stock, na Inglaterra, a princ\u00edpio, parece n\u00e3o ter nenhuma liga\u00e7\u00e3o com as apari\u00e7\u00f5es da Virgem do Ros\u00e1rio, em F\u00e1tima, em Portugal, aos tr\u00eas pastorinhos, L\u00facia, Francisco e Jacinta. Afinal, n\u00e3o podemos negar que sete s\u00e9culos separam essas duas apari\u00e7\u00f5es marianas. Entretanto, nestas a M\u00e3e da Igreja deixou-nos aux\u00edlios preciosos, que marcam profundamente as devo\u00e7\u00f5es ligadas a esses dois t\u00edtulos marianos: o Escapul\u00e1rio da Ordem do Carmo, o Santo Ros\u00e1rio e a consagra\u00e7\u00e3o ao seu Imaculado Cora\u00e7\u00e3o.<\/p>\n<div id=\"attachment_6067\" style=\"width: 610px\" class=\"wp-caption aligncenter\"><a href=\"http:\/\/blog.cancaonova.com\/tododemaria\/files\/2016\/07\/A-Senhora-do-Carmo-e-as-apari\u00e7\u00f5es-de-F\u00e1tima.jpg\"><img loading=\"lazy\" decoding=\"async\" aria-describedby=\"caption-attachment-6067\" class=\"size-full wp-image-6067\" src=\"http:\/\/blog.cancaonova.com\/tododemaria\/files\/2016\/07\/A-Senhora-do-Carmo-e-as-apari\u00e7\u00f5es-de-F\u00e1tima.jpg\" alt=\"Conhe\u00e7a a liga\u00e7\u00e3o entre Nossa Senhora do Carmo e as apari\u00e7\u00f5es de F\u00e1tima, e entre o Escapul\u00e1rio, o Ros\u00e1rio e a consagra\u00e7\u00e3o ao Imaculado Cora\u00e7\u00e3o.\" width=\"600\" height=\"330\" srcset=\"https:\/\/blog.cancaonova.com\/tododemaria\/files\/2016\/07\/A-Senhora-do-Carmo-e-as-apari\u00e7\u00f5es-de-F\u00e1tima.jpg 600w, https:\/\/blog.cancaonova.com\/tododemaria\/files\/2016\/07\/A-Senhora-do-Carmo-e-as-apari\u00e7\u00f5es-de-F\u00e1tima-300x165.jpg 300w\" sizes=\"(max-width: 600px) 100vw, 600px\" \/><\/a><p id=\"caption-attachment-6067\" class=\"wp-caption-text\">Nossa Senhora do Carmo e S\u00e3o Sim\u00e3o Stock<\/p><\/div>\n<p class=\"western\" style=\"text-align: left\">Essas tr\u00eas devo\u00e7\u00f5es, o Escapul\u00e1rio, o Ros\u00e1rio e a consagra\u00e7\u00e3o ao Cora\u00e7\u00e3o Imaculado, que marcam essas duas apari\u00e7\u00f5es de Nossa Senhora, s\u00e3o muito desejadas por ela para cada um de n\u00f3s, seus filhos, servos e escravos de amor. Estas tr\u00eas devo\u00e7\u00f5es foram unidas pela Virgem Sant\u00edssima em suas apari\u00e7\u00f5es em F\u00e1tima, como um aux\u00edlio nas tribula\u00e7\u00f5es, principalmente nesses dias, por vezes sombrios, nos quais vivemos hoje, como repara\u00e7\u00e3o pelos nossos pr\u00f3prios pecados e tamb\u00e9m pelos de toda a humanidade.<!--more Continue lendo...--><\/p>\n<p class=\"western\" style=\"text-align: center\"><strong><a href=\"http:\/\/feedburner.google.com\/fb\/a\/mailverify?uri=TodoDeMaria\" target=\"_blank\" rel=\"noopener\">Receba o conte\u00fado deste blog gratuitamente em seu e-mail.<\/a><\/strong><\/p>\n<p class=\"western\" style=\"text-align: left\"><b>A Virgem Maria e a entrega do Escapul\u00e1rio<\/b><\/p>\n<p class=\"western\" style=\"text-align: left\">No dia 16 de Julho de 1251, Nossa Senhora do Carmo apareceu ao frei carmelita Sim\u00e3o Stock, na cidade de Cambridge, na Inglaterra. Naqueles dias, a Ordem dos Carmelitas passava por grandes tribula\u00e7\u00f5es e persegui\u00e7\u00f5es. Por isso, o frei Sim\u00e3o recitou uma bel\u00edssima ora\u00e7\u00e3o, por ele mesmo composta, suplicando o aux\u00edlio da Virgem Maria: \u201cFlor do Carmelo, Vinha flor\u00edfera, Esplendor do c\u00e9u, Virgem fecunda, singular. \u00d3 M\u00e3e benigna, sem conhecer var\u00e3o, aos Carmelitas d\u00e1 privil\u00e9gio, Estrela do Mar!\u201d<sup><a class=\"sdfootnoteanc\" href=\"#sdfootnote1sym\" name=\"sdfootnote1anc\"><sup>1<\/sup><\/a><\/sup>. Mal terminara a sua ora\u00e7\u00e3o, o Carmelita levanta os olhos, cheios de l\u00e1grimas, e v\u00ea sua cela encher-se de luz.<\/p>\n<p class=\"western\" style=\"text-align: left\">Nossa Senhora do Carmo aparece a Stock, rodeada de anjos, revestida de esplendor, e entrega-lhe o Escapul\u00e1rio, dizendo estas palavras cheias de ternura materna:<\/p>\n<blockquote>\n<p class=\"western\"><span style=\"font-size: small\">Recebe, dilet\u00edssimo filho, este Escapul\u00e1rio de tua Ordem como sinal distintivo e a marca do privil\u00e9gio que eu obtive para ti e para todos os filhos do Carmelo; \u00e9 um sinal de salva\u00e7\u00e3o, uma salvaguarda nos perigos, alian\u00e7a de paz e de uma prote\u00e7\u00e3o sempiterna. Quem morrer revestido com ele ser\u00e1 preservado do fogo eterno<\/span><sup><span style=\"font-size: small\"><a class=\"sdfootnoteanc\" href=\"#sdfootnote2sym\" name=\"sdfootnote2anc\"><sup>2<\/sup><\/a><\/span><\/sup><span style=\"font-size: small\">. <\/span><\/p>\n<\/blockquote>\n<p class=\"western\" style=\"text-align: left\">Desde ent\u00e3o, o Escapul\u00e1rio \u00e9 um sinal da prote\u00e7\u00e3o materna e da consagra\u00e7\u00e3o a Nossa Senhora do Carmo, n\u00e3o somente para a Ordem dos Carmelitas, mas tamb\u00e9m para todos que usam devotamente este \u201ch\u00e1bito\u201d, que nos une espiritualmente ao Carmelo.<\/p>\n<p class=\"western\" style=\"text-align: left\">Na sua origem, o Escapul\u00e1rio \u00e9 feito com dois peda\u00e7os de pano marrom, unidos por um cord\u00e3o. Um dos peda\u00e7os de tecido tem a imagem de Nossa Senhora do Carmo e o outro, a do Sacrat\u00edssimo Cora\u00e7\u00e3o de Jesus. O nome \u201cEscapul\u00e1rio\u201d deriva da palavra, em latim, \u201c<i>scapulas<\/i>\u201d, que significa \u201combros\u201d. Dessa forma, compreendemos que o Escapul\u00e1rio recebe esse nome justamente porque, sobre os ombros, ele \u00e9 imposto, como um h\u00e1bito, que liga-nos \u00e0 Ordem de Nossa Senhora do Carmo.<\/p>\n<p class=\"western\" style=\"text-align: left\">O Escapul\u00e1rio \u00e9 um h\u00e1bito, por isso, o primeiro deve ser de pano, e imposto por um Carmelita, ou um Padre, atrav\u00e9s de uma ora\u00e7\u00e3o pr\u00f3pria para a imposi\u00e7\u00e3o. Do segundo em diante, pode-se substituir o Escapul\u00e1rio de tecido por um feito de outros materiais. Al\u00e9m disso, n\u00e3o \u00e9 necess\u00e1rio fazer o rito de imposi\u00e7\u00e3o, que \u00e9 feito somente na primeira vez. No entanto, n\u00e3o devemos esquecer de pedir para um Padre ou Di\u00e1cono aben\u00e7oar o Escapul\u00e1rio antes de o usar.<\/p>\n<p class=\"western\" style=\"text-align: left\">Os religiosos carmelitas usam o Escapul\u00e1rio como s\u00edmbolo da sua consagra\u00e7\u00e3o na Ordem de Nossa Senhora do Carmo. Mas, para o restante dos filhos, servos e escravos, o Escapul\u00e1rio \u00e9 um s\u00edmbolo da nossa consagra\u00e7\u00e3o \u00e0 Virgem do Carmo.<\/p>\n<p class=\"western\" style=\"text-align: left\"><b>As apari\u00e7\u00f5es de F\u00e1tima e a devo\u00e7\u00e3o a Nossa Senhora do Carmo<\/b><\/p>\n<p class=\"western\" style=\"text-align: left\">No dia 13 de Outubro de 1917, na \u00faltima apari\u00e7\u00e3o de suas apari\u00e7\u00f5es na Cova da Iria, em F\u00e1tima, a Virgem Maria uniu tr\u00eas devo\u00e7\u00f5es marianas: a espiritualidade do Escapul\u00e1rio; ora\u00e7\u00e3o do Santo Ros\u00e1rio; e a consagra\u00e7\u00e3o ao seu Imaculado Cora\u00e7\u00e3o. Logo depois da apari\u00e7\u00e3o, os tr\u00eas pastorinhos de F\u00e1tima tiveram vis\u00f5es. Na primeira delas, ao lado de S\u00e3o Jos\u00e9, apareceu Nossa Senhora do Ros\u00e1rio, com o Menino Jesus ao colo. Em seguida, surgiu como Nossa Senhora das Dores, junto com seu Filho, o Homem das dores (cf. Is 53, 3), que passava por grandes sofrimentos. Na terceira e \u00faltima vis\u00e3o, \u201cgloriosa, coroada como Rainha do C\u00e9u e da Terra, a Sant\u00edssima Virgem apareceu como Nossa Senhora do Carmo, tendo o Escapul\u00e1rio \u00e0 m\u00e3o\u201d<sup><a class=\"sdfootnoteanc\" href=\"#sdfootnote3sym\" name=\"sdfootnote3anc\"><sup>3<\/sup><\/a><\/sup>.<\/p>\n<p class=\"western\" style=\"text-align: left\">No ano de 1950, perguntaram a Irm\u00e3 L\u00facia o motivo da Virgem do Carmo aparecer com o Escapul\u00e1rio nas m\u00e3os. Em resposta, ela disse: \u201c\u00c9 que Nossa Senhora quer que todos usem o Escapul\u00e1rio\u201d<sup><a class=\"sdfootnoteanc\" href=\"#sdfootnote4sym\" name=\"sdfootnote4anc\"><sup>4<\/sup><\/a><\/sup>. Pouco tempo depois, no dia 11 de fevereiro de 1950, o Santo Padre, Papa Pio XII, providencialmente convidou toda a Igreja Universal a \u201c&#8217;colocar em primeiro lugar, entre as devo\u00e7\u00f5es marianas, o escapul\u00e1rio, que est\u00e1 ao alcance de todos&#8217;; entendido como veste mariana, esse \u00e9 de fato um \u00f3timo s\u00edmbolo da prote\u00e7\u00e3o da M\u00e3e celeste\u201d<sup><a class=\"sdfootnoteanc\" href=\"#sdfootnote5sym\" name=\"sdfootnote5anc\"><sup>5<\/sup><\/a><\/sup>.<\/p>\n<p class=\"western\" style=\"text-align: left\">A Irm\u00e3 Maria L\u00facia do Imaculado Cora\u00e7\u00e3o, carmelita como S\u00e3o Sim\u00e3o Stock, disse que o Escapul\u00e1rio agrada o Cora\u00e7\u00e3o da Virgem Maria e, por isso, deseja que esta devo\u00e7\u00e3o seja propagada. Sendo assim, compreendemos que o Escapul\u00e1rio faz parte da Mensagem de F\u00e1tima e que certamente este e o Ros\u00e1rio s\u00e3o devo\u00e7\u00f5es insepar\u00e1veis. Al\u00e9m disso, \u201co Escapul\u00e1rio \u00e9 o sinal da consagra\u00e7\u00e3o a Nossa Senhora\u201d<sup><a class=\"sdfootnoteanc\" href=\"#sdfootnote6sym\" name=\"sdfootnote6anc\"><sup>6<\/sup><\/a><\/sup>. Ao perguntarem a Irm\u00e3 L\u00facia se podemos ter a certeza que a M\u00e3e de Deus queria o Escapul\u00e1rio como parte da Mensagem de F\u00e1tima, ela respondeu que \u201c&#8217;Sim&#8217;, e acrescentou: &#8216;Agora j\u00e1 o Santo Padre [Papa Jo\u00e3o Paulo II] o confirmou a todo o mundo, dizendo que o Escapul\u00e1rio \u00e9 sinal de consagra\u00e7\u00e3o ao Imaculado Cora\u00e7\u00e3o&#8217;\u201d. Segundo L\u00facia, o Escapul\u00e1rio \u00e9 uma das cl\u00e1usulas da Mensagem de Nossa Senhora em F\u00e1tima. Consequentemente, podemos dizer que usar o Escapul\u00e1rio \u00e9 t\u00e3o importante quanto a recita\u00e7\u00e3o di\u00e1ria do Ter\u00e7o Mariano. Segundo L\u00facia, \u201co Ter\u00e7o e o Escapul\u00e1rio s\u00e3o insepar\u00e1veis!\u201d<sup><a class=\"sdfootnoteanc\" href=\"#sdfootnote7sym\" name=\"sdfootnote7anc\"><sup>7<\/sup><\/a><\/sup>.<\/p>\n<p class=\"western\" style=\"text-align: left\">Dom Jos\u00e9 Alves Correia da Silva, ent\u00e3o Bispo de Leiria, em Portugal \u2013 que bem sabia do v\u00ednculo existente entre as devo\u00e7\u00f5es do Escapul\u00e1rio e do Santo Ros\u00e1rio \u2013 por ocasi\u00e3o do VII Centen\u00e1rio do Escapul\u00e1rio, disse aos devotos de F\u00e1tima:<\/p>\n<p class=\"western\" style=\"text-align: left\"><sup><a class=\"sdfootnoteanc\" href=\"#sdfootnote8sym\" name=\"sdfootnote8anc\"><\/a><\/sup><\/p>\n<blockquote>\n<p class=\"western\"><span style=\"font-size: small\">Os antigos guerreiros vestiam-se com uma armadura de ferro para resistirem aos ataques dos seus inimigos, e como n\u00f3s todos temos de combater os inimigos da nossa alma, porque diz a Sagrada Escritura &#8216;a vida do homem \u00e9 uma guerra&#8217;, a Sant\u00edssima Virgem entregou o emblema do Santo Escapul\u00e1rio para tamb\u00e9m nos defendermos. [\u2026] Nossa Senhora recomendou tamb\u00e9m \u00e0s videntes que espalhassem a devo\u00e7\u00e3o do Escapul\u00e1rio. Compete-nos, pois, como crist\u00e3os, [\u2026] a obriga\u00e7\u00e3o de nos afervorarmos na devo\u00e7\u00e3o do Escapul\u00e1rio. O Escapul\u00e1rio tem privil\u00e9gios especiais. O primeiro \u00e9 a promessa que a Sant\u00edssima Virgem fez \u00e0queles que o trouxessem e observassem as devidas instru\u00e7\u00f5es, que os preservaria do fogo eterno. E claro que deveremos trazer o Escapul\u00e1rio n\u00e3o por orgulho ou supersti\u00e7\u00e3o, mas por esperarmos, com um sincero sentimento de confian\u00e7a, que a bondade de Maria Sant\u00edssima nos far\u00e1 a gra\u00e7a da convers\u00e3o e da perseveran\u00e7a fina<\/span><span style=\"font-size: small\">l<\/span><sup><a class=\"sdfootnoteanc\" href=\"#sdfootnote8sym\" name=\"sdfootnote8anc\"><sup>8<\/sup><\/a><\/sup>.<\/p>\n<\/blockquote>\n<p><strong>Assista ou ou\u00e7a programa\u00a0do Padre Paulo Ricardo sobre \u201c<a href=\"https:\/\/padrepauloricardo.org\/episodios\/como-usar-o-escapulario-de-nossa-senhora-do-carmo\" target=\"_blank\" rel=\"noopener\">Como usar o escapul\u00e1rio de Nossa Senhora do Carmo?<\/a>\u201d:<\/strong><\/p>\n<iframe loading=\"lazy\" width=\"640\" height=\"360\" src=\"https:\/\/www.youtube-nocookie.com\/embed\/HRRb2SpOMo8?rel=0&amp;showinfo=0\" frameborder=\"0\" allowfullscreen><\/iframe>\n<iframe loading=\"lazy\" width=\"100%\" height=\"166\" scrolling=\"no\" frameborder=\"no\" src=\"https:\/\/w.soundcloud.com\/player\/?url=https%3A\/\/api.soundcloud.com\/tracks\/273980776&amp;color=ff5500&amp;show_artwork=false\"><\/iframe>\n<p class=\"western\" style=\"text-align: left\"><b>A espiritualidade carmelitana e o seu legado para a Igreja Cat\u00f3lica<\/b><\/p>\n<p class=\"western\" style=\"text-align: left\">Santa Teresa de Jesus, mais conhecida como Santa Teresa d\u2019\u00c1vila, grande reformadora da Ordem dos Carmelitas, disse certa vez \u00e0s suas irm\u00e3s: \u201cTodas n\u00f3s, que trazemos este sagrado h\u00e1bito do Carmo, somos chamadas \u00e0 ora\u00e7\u00e3o e \u00e0 contempla\u00e7\u00e3o. Foi esta a nossa origem\u201d<sup><a class=\"sdfootnoteanc\" href=\"#sdfootnote9sym\" name=\"sdfootnote9anc\"><sup>9<\/sup><\/a><\/sup>. A hist\u00f3ria dos primeiros carmelitas comprova esta liga\u00e7\u00e3o com a vida contemplativa. No entanto, esta tradi\u00e7\u00e3o se perdeu ao longo do tempo. A reforma que Santa Teresa e, depois, S\u00e3o Jo\u00e3o da Cruz, realizaram na Ordem do Carmo tinha como objetivo principal recuperar esta voca\u00e7\u00e3o \u00e0 vida contemplativa, que tem como fim a santifica\u00e7\u00e3o e a comunh\u00e3o com Deus. Nesse processo de santifica\u00e7\u00e3o e de uni\u00e3o com o Senhor, \u00e9 necess\u00e1rio esvaziar-nos totalmente de n\u00f3s mesmos, dispondo ativamente o nosso cora\u00e7\u00e3o para que Ele o purifique.<\/p>\n<p class=\"western\" style=\"text-align: left\">Nesta purifica\u00e7\u00e3o, a devo\u00e7\u00e3o a Maria Sant\u00edssima \u00e9 fundamental. \u201cDesde o princ\u00edpio, os carmelitas \u2013 repetindo que <i>Carmelus totus Marianus est<\/i> [O Carmelo \u00e9 todo de Maria] \u2013 j\u00e1 se consagravam a Nossa Senhora, chegando a falar, s\u00e9culos antes de S\u00e3o Lu\u00eds de Montfort, de \u2018escravid\u00e3o\u2019 \u00e0 Virgem\u201d<sup><a class=\"sdfootnoteanc\" href=\"#sdfootnote10sym\" name=\"sdfootnote10anc\"><sup>10<\/sup><\/a><\/sup>. Quando fazem seus votos de obedi\u00eancia, os carmelitas fazem-no n\u00e3o somente ao Senhor, mas tamb\u00e9m a Nossa Senhora do Carmo. Usando o Escapul\u00e1rio como veste mariana, eles recordam esse compromisso e a amizade que devem ter com a M\u00e3e de Deus, imitando as suas virtudes e consagrando-se totalmente a ela. Pois, a Sant\u00edssima Virgem n\u00e3o \u00e9 somente modelo de santidade, mas tamb\u00e9m coopera diretamente em nosso processo santifica\u00e7\u00e3o. Dessa forma, para quem, de algum modo, est\u00e1 ligado aos carmelitas, Nossa Senhora do Carmo n\u00e3o \u00e9 somente um modelo a imitar, mas tamb\u00e9m uma doce presen\u00e7a de M\u00e3e, na qual podemos confiar.<\/p>\n<p class=\"western\" style=\"text-align: left\">Segundo o saudoso Papa S\u00e3o Jo\u00e3o Paulo II, \u201cesta intensa vida mariana, que se exprime em ora\u00e7\u00e3o confiante, em entusi\u00e1stico louvor e em diligente imita\u00e7\u00e3o, leva a compreender como a forma mais genu\u00edna da devo\u00e7\u00e3o \u00e0 Virgem Sant\u00edssima, expressa pelo humilde sinal do Escapul\u00e1rio, seja a consagra\u00e7\u00e3o ao seu Cora\u00e7\u00e3o Imaculado\u201d<sup><a class=\"sdfootnoteanc\" href=\"#sdfootnote11sym\" name=\"sdfootnote11anc\"><sup>11<\/sup><\/a><\/sup>. Desse modo, em nossos cora\u00e7\u00f5es realiza-se uma crescente comunh\u00e3o e familiaridade com Maria Sant\u00edssima, como um novo modo de viver para Deus e de continuar, aqui na Terra, o amor de Jesus Cristo \u00e0 sua M\u00e3e.<\/p>\n<p class=\"western\" style=\"text-align: left\">Este rico patrim\u00f4nio de espiritualidade mariana dos carmelitas, transmitido a n\u00f3s atrav\u00e9s da propaga\u00e7\u00e3o da devo\u00e7\u00e3o do Santo Escapul\u00e1rio, tornou-se um tesouro valios\u00edssimo para toda a Igreja Cat\u00f3lica. Pela sua simplicidade desta devo\u00e7\u00e3o e pela liga\u00e7\u00e3o com o papel de Nossa Senhora em rela\u00e7\u00e3o \u00e0 Igreja e \u00e0 humanidade, o Escapul\u00e1rio foi profunda e amplamente acolhido pelos fi\u00e9is, a ponto de encontrar a sua m\u00e1xima express\u00e3o na festa de 16 de Julho, na Liturgia da Igreja Cat\u00f3lica.<\/p>\n<p class=\"western\" style=\"text-align: left\"><b>O Escapul\u00e1rio, o Ros\u00e1rio e a consagra\u00e7\u00e3o ao Imaculado Cora\u00e7\u00e3o<\/b><\/p>\n<p class=\"western\" style=\"text-align: left\">A Mensagem de \u201cF\u00e1tima \u00e9, portanto, uma confirma\u00e7\u00e3o \u00f3bvia das antigas devo\u00e7\u00f5es do Ros\u00e1rio e do Escapul\u00e1rio de Nossa Senhora do Carmo, ambas vindas da Idade M\u00e9dia, quando o amor por Ela impregnava toda a vida do crist\u00e3o\u201d<sup><a class=\"sdfootnoteanc\" href=\"#sdfootnote12sym\" name=\"sdfootnote12anc\"><sup>12<\/sup><\/a><\/sup>. Al\u00e9m disso, a estas devo\u00e7\u00f5es, acrescenta-se a devo\u00e7\u00e3o ao Imaculado Cora\u00e7\u00e3o de Maria, j\u00e1 conhecida na Igreja, mas agora revelada em F\u00e1tima de uma forma nova. A consagra\u00e7\u00e3o ao Cora\u00e7\u00e3o Imaculado da Sant\u00edssima Virgem, de certa forma, apresenta-se a n\u00f3s como uma nova express\u00e3o da devo\u00e7\u00e3o a Nossa Senhora das Dores, que foi uma das vis\u00f5es dos tr\u00eas pastorinhos na \u00faltima apari\u00e7\u00e3o de F\u00e1tima.<\/p>\n<p class=\"western\" style=\"text-align: left\">Na segunda apari\u00e7\u00e3o, em 13 de Junho de 1917, a Virgem Maria disse \u00e0 pequena L\u00facia: \u201cEle [Jesus] quer estabelecer no mundo a devo\u00e7\u00e3o do meu Imaculado Cora\u00e7\u00e3o\u201d<sup><a class=\"sdfootnoteanc\" href=\"#sdfootnote13sym\" name=\"sdfootnote13anc\"><sup>13<\/sup><\/a><\/sup>. Nossa Senhora falou tamb\u00e9m que voltaria para pedir esta devo\u00e7\u00e3o. Para cumprir sua promessa, no dia 10 de Dezembro de 1925, em Pontevedra, na Espanha, Nossa Senhora apareceu a Irm\u00e3 L\u00facia com o Cora\u00e7\u00e3o na m\u00e3o, cercado de espinhos. Este Cora\u00e7\u00e3o \u00e9 o mesmo que foi transpassado pela espada da dor, no sacrif\u00edcio de Jesus Cristo no altar da Cruz. Os sofrimentos da Virgem das Dores n\u00e3o foram causados somente por causa dos padecimentos do seu Filho. Desde os seus dias de vida terrena at\u00e9 hoje, Nossa Senhora continua sofrendo por causa dos nossos pecados. Isto nos \u00e9 revelado pelo pr\u00f3prio Senhor, na mesma apari\u00e7\u00e3o, em Pontevedra, quando o Menino Jesus disse a Irm\u00e3 L\u00facia: \u201cTem pena do Cora\u00e7\u00e3o de sua SS. M\u00e3e que est\u00e1 coberto de espinhos que os homens ingratos a todos os momentos lhe cravam sem haver quem fa\u00e7a um ato de repara\u00e7\u00e3o para os tirar\u201d<sup><a class=\"sdfootnoteanc\" href=\"#sdfootnote14sym\" name=\"sdfootnote14anc\"><sup>14<\/sup><\/a><\/sup>.<\/p>\n<p class=\"western\" style=\"text-align: left\">Depois de mostrar seu Cora\u00e7\u00e3o Imaculado, cercado de espinhos, Nossa Senhora revelou \u00e0 ent\u00e3o postulante L\u00facia, a devo\u00e7\u00e3o reparadora dos cinco primeiros s\u00e1bados:<\/p>\n<blockquote>\n<p class=\"western\"><span style=\"font-size: small\">Olha, minha filha, o Meu Cora\u00e7\u00e3o cercado de espinhos, que os homens ingratos a todos os momentos Me cravam com blasf\u00eamias e ingratid\u00f5es. Tu, ao menos, v\u00ea de Me consolar, e dize que todos aqueles que durante cinco meses, no primeiro s\u00e1bado, se confessarem, recebendo a Sagrada Comunh\u00e3o, rezarem um Ter\u00e7o, e Me fizerem quinze minutos de companhia, meditando nos quinze mist\u00e9rios do Ros\u00e1rio, com o fim de me desagravar, Eu prometo assistir-lhes, na hora da morte com todas as gra\u00e7as necess\u00e1rias para a salva\u00e7\u00e3o dessas almas<\/span><sup><span style=\"font-size: small\"><a class=\"sdfootnoteanc\" href=\"#sdfootnote15sym\" name=\"sdfootnote15anc\"><sup>15<\/sup><\/a><\/span><\/sup><span style=\"font-size: small\">.<\/span><\/p>\n<\/blockquote>\n<p class=\"western\" style=\"text-align: left\">Assim, depois aprofundar nosso conhecimento das apari\u00e7\u00f5es marianas, podemos concluir que a devo\u00e7\u00e3o ao Escapul\u00e1rio de Nossa Senhora do Carmo est\u00e1 intimamente ligada com a espiritualidade do Santo Ros\u00e1rio e com a consagra\u00e7\u00e3o ao Imaculado Cora\u00e7\u00e3o de Maria, da qual faz parte de devo\u00e7\u00e3o reparadora dos cinco primeiros s\u00e1bados. Estas devo\u00e7\u00f5es j\u00e1 faziam parte do tradicional patrim\u00f4nio de espiritualidade mariana da Igreja Cat\u00f3lica. Entretanto, pela Provid\u00eancia divina, nos foram dados a conhecer que estas devo\u00e7\u00f5es n\u00e3o s\u00e3o somente queridas por Deus e pela Virgem Maria, mas tamb\u00e9m s\u00e3o os meios que nos s\u00e3o dados em nossos dias para nos aproximar de Jesus Cristo e de sua M\u00e3e Sant\u00edssima, e reparar as ofensas cometidas contra os seus Sagrados Cora\u00e7\u00f5es. Sendo assim, somos chamados a usar com f\u00e9 e amor o Santo Escapul\u00e1rio, a rezar com aten\u00e7\u00e3o e devo\u00e7\u00e3o o Santo Ros\u00e1rio, a consagrar-nos ao Imaculado Cora\u00e7\u00e3o de Maria e, por fim, a praticar a <a href=\"http:\/\/blog.cancaonova.com\/tododemaria\/a-reparacao-ao-imaculado-coracao-de-maria\/\" target=\"_blank\" rel=\"noopener\">devo\u00e7\u00e3o reparadora dos primeiros s\u00e1bados<\/a>. Nossa Senhora do Carmo, rogai por n\u00f3s!<\/p>\n<p class=\"western\" style=\"text-align: left\">Natalino Ueda, escravo in\u00fatil de Jesus por Maria.<\/p>\n<p class=\"western\" style=\"text-align: left\"><strong>Links relacionados:<\/strong><\/p>\n<p class=\"western\" style=\"text-align: left\">PADRE PAULO RICARDO.\u00a0<a href=\"https:\/\/padrepauloricardo.org\/episodios\/o-que-o-escapulario\" target=\"_blank\" rel=\"noopener\">O que \u00e9 o escapul\u00e1rio?<\/a><\/p>\n<p>PADRE PAULO RICARDO.\u00a0<a href=\"https:\/\/padrepauloricardo.org\/episodios\/a-espiritualidade-carmelitana-e-a-virgem-maria\" target=\"_blank\" rel=\"noopener\">A Espiritualidade Carmelitana e a Virgem Maria<\/a>.<\/p>\n<p class=\"western\" style=\"text-align: left\">TODO DE MARIA.\u00a0<a href=\"http:\/\/blog.cancaonova.com\/tododemaria\/a-consagracao-a-maria-como-escola-espiritual\/\" target=\"_blank\" rel=\"noopener\">A consagra\u00e7\u00e3o a Maria como escola espiritual<\/a>.<\/p>\n<p class=\"western\" style=\"text-align: left\">TODO DE MARIA.\u00a0<a href=\"http:\/\/blog.cancaonova.com\/tododemaria\/a-reparacao-ao-imaculado-coracao-de-maria\/\" target=\"_blank\" rel=\"noopener\">A repara\u00e7\u00e3o ao Imaculado Cora\u00e7\u00e3o de Maria<\/a>.<\/p>\n<p class=\"western\" style=\"text-align: left\">TODO DE MARIA.\u00a0<a href=\"http:\/\/blog.cancaonova.com\/tododemaria\/nossa-senhora-e-a-nova-ordem-mundial\/\" target=\"_blank\" rel=\"noopener\">Nossa Senhora e a Nova Ordem Mundial<\/a>.<\/p>\n<p class=\"western\" style=\"text-align: left\"><strong>Refer\u00eancias:<\/strong><\/p>\n<div id=\"sdfootnote1\" style=\"text-align: left\">\n<p class=\"sdfootnote-western\"><a class=\"sdfootnotesym\" href=\"#sdfootnote1anc\" name=\"sdfootnote1sym\">1<\/a>\u00a0\u00daLTIMAS E DERRADEIRAS GRA\u00c7AS. <span style=\"color: #000080\"><span lang=\"zxx\"><u><a href=\"http:\/\/www.derradeirasgracas.com\/4.%20Apari%C3%A7%C3%B5es%20de%20N%20Senhora\/Nossa%20Senhora%20do%20Carmo.htm\"><i>Apari\u00e7\u00e3o de Nossa Senhora do Carmo na Inglaterra -1251<\/i><\/a><\/u><\/span><\/span><i>.<\/i><\/p>\n<\/div>\n<div id=\"sdfootnote2\" style=\"text-align: left\">\n<p class=\"sdfootnote-western\"><a class=\"sdfootnotesym\" href=\"#sdfootnote2anc\" name=\"sdfootnote2sym\">2<\/a>\u00a0<i>Idem, ibidem.<\/i><\/p>\n<\/div>\n<div id=\"sdfootnote3\" style=\"text-align: left\">\n<p class=\"sdfootnote-western\"><a class=\"sdfootnotesym\" href=\"#sdfootnote3anc\" name=\"sdfootnote3sym\">3<\/a>\u00a0<i>Idem, ibidem.<\/i><\/p>\n<\/div>\n<div id=\"sdfootnote4\" style=\"text-align: left\">\n<p class=\"sdfootnote-western\"><a class=\"sdfootnotesym\" href=\"#sdfootnote4anc\" name=\"sdfootnote4sym\">4<\/a>\u00a0<i>Idem, ibidem.<\/i><\/p>\n<\/div>\n<div id=\"sdfootnote5\" style=\"text-align: left\">\n<p class=\"sdfootnote-western\"><a class=\"sdfootnotesym\" href=\"#sdfootnote5anc\" name=\"sdfootnote5sym\">5<\/a>\u00a0<i>Idem, ibidem.<\/i><\/p>\n<\/div>\n<div id=\"sdfootnote6\" style=\"text-align: left\">\n<p class=\"sdfootnote-western\"><a class=\"sdfootnotesym\" href=\"#sdfootnote6anc\" name=\"sdfootnote6sym\">6<\/a>\u00a0ORDEM DO CARMO EM PORTUGAL. <span style=\"color: #000080\"><span lang=\"zxx\"><u><a href=\"http:\/\/www.ordem-do-carmo.pt\/index.php\/component\/content\/article\/13-portal\/104-a-aparicao-de-nossa-senhora-do-carmo.html\"><i>A apari\u00e7\u00e3o de Nossa Senhora do Carmo: Nossa Senhora de F\u00e1tima e o Escapul\u00e1rio do Carmo<\/i><\/a><\/u><\/span><\/span><i>.<\/i><\/p>\n<\/div>\n<div id=\"sdfootnote7\" style=\"text-align: left\">\n<p class=\"sdfootnote-western\"><a class=\"sdfootnotesym\" href=\"#sdfootnote7anc\" name=\"sdfootnote7sym\">7<\/a>\u00a0<i>Idem, ibidem.<\/i><\/p>\n<\/div>\n<div id=\"sdfootnote8\" style=\"text-align: left\">\n<p class=\"sdfootnote-western\"><a class=\"sdfootnotesym\" href=\"#sdfootnote8anc\" name=\"sdfootnote8sym\">8<\/a>\u00a0<i>Idem, ibidem.<\/i><\/p>\n<\/div>\n<div id=\"sdfootnote9\" style=\"text-align: left\">\n<p class=\"sdfootnote-western\"><a class=\"sdfootnotesym\" href=\"#sdfootnote9anc\" name=\"sdfootnote9sym\">9<\/a>\u00a0SANTA TERES A DE JESUS. <span style=\"color: #000080\"><span lang=\"zxx\"><u><a href=\"http:\/\/wiki.cancaonova.com\/index.php\/Livro_Castelo_interior_ou_moradas_(Santa_Teresa_de_Jesus_)\">Castelo Interior<\/a><\/u><\/span><\/span>, Quintas Moradas, I, 2<\/p>\n<\/div>\n<div id=\"sdfootnote10\" style=\"text-align: left\">\n<p class=\"sdfootnote-western\"><a class=\"sdfootnotesym\" href=\"#sdfootnote10anc\" name=\"sdfootnote10sym\">10<\/a>\u00a0PADRE PAULO RICARDO. <span style=\"color: #000080\"><span lang=\"zxx\"><u><a href=\"https:\/\/padrepauloricardo.org\/episodios\/a-espiritualidade-carmelitana-e-a-virgem-maria\">A Espiritualidade Carmelitana e a Virgem Maria<\/a><\/u><\/span><\/span>.<\/p>\n<\/div>\n<div id=\"sdfootnote11\" style=\"text-align: left\">\n<p class=\"sdfootnote-western\"><a class=\"sdfootnotesym\" href=\"#sdfootnote11anc\" name=\"sdfootnote11sym\">11<\/a> PAPA JO\u00c3O PAULO II. Mensagem do Santo Padre \u00e0 Ordem do Carmelo por ocasi\u00e3o da dedica\u00e7\u00e3o do Ano 2001\u00a0\u00e0 Virgem Maria, 4; (cf. Pio XII, Carta <i>Neminem profecto later<\/i> [11 de Fevereiro de 1950: AAS 42, 1950, pp. 390-391]; Const. dogm. sobre a Igreja <i>Lumen gentium<\/i>, 67)<\/p>\n<\/div>\n<div id=\"sdfootnote12\" style=\"text-align: left\">\n<p class=\"sdfootnote-western\"><a class=\"sdfootnotesym\" href=\"#sdfootnote12anc\" name=\"sdfootnote12sym\">12<\/a>\u00a0ORDEM DO CARMO EM PORTUGAL. <i>Op. cit.<\/i><\/p>\n<\/div>\n<div id=\"sdfootnote13\" style=\"text-align: left\">\n<p class=\"sdfootnote-western\"><a class=\"sdfootnotesym\" href=\"#sdfootnote13anc\" name=\"sdfootnote13sym\">13<\/a> SANTU\u00c1RIO DE F\u00c1TIMA. <span style=\"color: #000080\"><span lang=\"zxx\"><u><a href=\"http:\/\/www.fatima.pt\/files\/upload\/estudos\/E008_A%20segunda%20aparicao%20de%20Nossa%20Senhora.pdf\">A segunda apari\u00e7\u00e3o de Nossa Senhora na Cova da Iria<\/a><\/u><\/span><\/span> (13.06.1917), p. 4.<\/p>\n<\/div>\n<div id=\"sdfootnote14\" style=\"text-align: left\">\n<p class=\"sdfootnote-western\"><a class=\"sdfootnotesym\" href=\"#sdfootnote14anc\" name=\"sdfootnote14sym\">14<\/a> FRANCESCO BAMONTE. <span style=\"color: #000080\"><span lang=\"zxx\"><u><a href=\"https:\/\/www.lojapalavraeprece.com.br\/produto\/351808\/livro-a-virgem-maria-e-o-diabo-nos-exorcismos\">A Virgem Maria e o Diabo nos exorcismos<\/a><\/u><\/span><\/span>, p. 128.<\/p>\n<\/div>\n<div id=\"sdfootnote15\">\n<p class=\"sdfootnote-western\" style=\"text-align: left\"><a class=\"sdfootnotesym\" href=\"#sdfootnote15anc\" name=\"sdfootnote15sym\">15<\/a> CAPELA. <span style=\"color: #000080\"><span lang=\"zxx\"><u><a href=\"http:\/\/www.capela.org.br\/Artigos\/convidados\/delestre1.htm#_ftnref11\">A devo\u00e7\u00e3o reparadora dos cinco primeiros s\u00e1bados do m\u00eas<\/a><\/u><\/span><\/span>.<\/p>\n<\/div>\n","protected":false},"excerpt":{"rendered":"<p>Conhe\u00e7a a liga\u00e7\u00e3o entre Nossa Senhora do Carmo e as apari\u00e7\u00f5es de F\u00e1tima, e entre o Escapul\u00e1rio, o Ros\u00e1rio e a consagra\u00e7\u00e3o ao Imaculado Cora\u00e7\u00e3o. A apari\u00e7\u00e3o de Nossa Senhora do Carmo a S\u00e3o Sim\u00e3o Stock, na Inglaterra, a princ\u00edpio,&#8230;<\/p>\n","protected":false},"author":4539,"featured_media":0,"comment_status":"closed","ping_status":"closed","sticky":false,"template":"","format":"standard","meta":{"_mi_skip_tracking":false,"_monsterinsights_sitenote_active":false,"_monsterinsights_sitenote_note":"","_monsterinsights_sitenote_category":0,"footnotes":""},"categories":[186332,185271],"tags":[],"_links":{"self":[{"href":"https:\/\/blog.cancaonova.com\/tododemaria\/wp-json\/wp\/v2\/posts\/6059"}],"collection":[{"href":"https:\/\/blog.cancaonova.com\/tododemaria\/wp-json\/wp\/v2\/posts"}],"about":[{"href":"https:\/\/blog.cancaonova.com\/tododemaria\/wp-json\/wp\/v2\/types\/post"}],"author":[{"embeddable":true,"href":"https:\/\/blog.cancaonova.com\/tododemaria\/wp-json\/wp\/v2\/users\/4539"}],"replies":[{"embeddable":true,"href":"https:\/\/blog.cancaonova.com\/tododemaria\/wp-json\/wp\/v2\/comments?post=6059"}],"version-history":[{"count":11,"href":"https:\/\/blog.cancaonova.com\/tododemaria\/wp-json\/wp\/v2\/posts\/6059\/revisions"}],"predecessor-version":[{"id":7572,"href":"https:\/\/blog.cancaonova.com\/tododemaria\/wp-json\/wp\/v2\/posts\/6059\/revisions\/7572"}],"wp:attachment":[{"href":"https:\/\/blog.cancaonova.com\/tododemaria\/wp-json\/wp\/v2\/media?parent=6059"}],"wp:term":[{"taxonomy":"category","embeddable":true,"href":"https:\/\/blog.cancaonova.com\/tododemaria\/wp-json\/wp\/v2\/categories?post=6059"},{"taxonomy":"post_tag","embeddable":true,"href":"https:\/\/blog.cancaonova.com\/tododemaria\/wp-json\/wp\/v2\/tags?post=6059"}],"curies":[{"name":"wp","href":"https:\/\/api.w.org\/{rel}","templated":true}]}}