{"id":6072,"date":"2016-07-18T03:00:36","date_gmt":"2016-07-18T06:00:36","guid":{"rendered":"http:\/\/blog.cancaonova.com\/tododemaria\/?p=6072"},"modified":"2016-08-14T18:19:35","modified_gmt":"2016-08-14T21:19:35","slug":"o-primeiro-passo-para-comecar-a-rezar","status":"publish","type":"post","link":"https:\/\/blog.cancaonova.com\/tododemaria\/o-primeiro-passo-para-comecar-a-rezar\/","title":{"rendered":"O primeiro passo para come\u00e7ar a rezar"},"content":{"rendered":"<p class=\"western\"><b>Descubra qual \u00e9 o primeiro passo para come\u00e7ara a rezar e como prosseguir nesse caminho de encontro com Deus.<\/b><\/p>\n<p class=\"western\">Na segunda aula do curso \u201cEnsina-nos a orar\u201d, Padre Paulo Ricardo nos ensina o primeiro passo para a nossa ora\u00e7\u00e3o pessoal, a partir das Sagradas Escrituras. O tema \u00e9 aprofundado com os ensinamentos de Santa Teresa de Jesus, doutora da Igreja e grande mestra de ora\u00e7\u00e3o. Na sua escola, veremos como a ora\u00e7\u00e3o \u00e9 um encontro da nossa mis\u00e9ria com a miseric\u00f3rdia de Deus.<\/p>\n<div id=\"attachment_6074\" style=\"width: 610px\" class=\"wp-caption aligncenter\"><a href=\"http:\/\/blog.cancaonova.com\/tododemaria\/files\/2016\/07\/O-primeiro-passo-para-come\u00e7ar-a-rezar.jpg\"><img loading=\"lazy\" decoding=\"async\" aria-describedby=\"caption-attachment-6074\" class=\"size-full wp-image-6074\" src=\"http:\/\/blog.cancaonova.com\/tododemaria\/files\/2016\/07\/O-primeiro-passo-para-come\u00e7ar-a-rezar.jpg\" alt=\"Descubra qual \u00e9 o primeiro passo para come\u00e7ara a rezar e como prosseguir nesse caminho de encontro com Deus.\" width=\"600\" height=\"330\" srcset=\"https:\/\/blog.cancaonova.com\/tododemaria\/files\/2016\/07\/O-primeiro-passo-para-come\u00e7ar-a-rezar.jpg 600w, https:\/\/blog.cancaonova.com\/tododemaria\/files\/2016\/07\/O-primeiro-passo-para-come\u00e7ar-a-rezar-300x165.jpg 300w\" sizes=\"(max-width: 600px) 100vw, 600px\" \/><\/a><p id=\"caption-attachment-6074\" class=\"wp-caption-text\">Santa Teresa d&#8217;\u00c1vila<\/p><\/div>\n<p class=\"western\">Em primeiro lugar, antes da ora\u00e7\u00e3o vocal, \u00e9 necess\u00e1rio recolhimento, ou seja, colocar-nos na presen\u00e7a de Deus. Para isso, precisamos encontrar-nos primeiramente conosco mesmos e conscientizar-nos das nossas mis\u00e9rias, das nossas fraquezas. Conscientes de nossas mis\u00e9rias, podemos colocar-nos diante da miseric\u00f3rdia de Deus. No entanto, este encontro, da nossa mis\u00e9ria com a Miseric\u00f3rdia, n\u00e3o acontece automaticamente. Pois, justamente por causa de nossas fraquezas, temos a tend\u00eancia de nos dispersar, o que nos faz abandonar inconscientemente a ora\u00e7\u00e3o. Sendo assim, a partir desse conhecimento de n\u00f3s mesmos, podemos aprender a rezar com mais profundidade.<!--more Continue lendo...--><\/p>\n<p class=\"western\" style=\"text-align: center\"><strong><a href=\"http:\/\/feedburner.google.com\/fb\/a\/mailverify?uri=TodoDeMaria\" target=\"_blank\">Receba o conte\u00fado deste blog gratuitamente em seu e-mail.<\/a><\/strong><\/p>\n<p class=\"western\"><b>O encontro com Deus e a ora\u00e7\u00e3o vocal<\/b><\/p>\n<p class=\"western\">Qual \u00e9 o primeiro passo que devemos dar para rezar? A ora\u00e7\u00e3o \u00e9 um encontro, ent\u00e3o, em primeir\u00edssimo lugar, \u00e9 necess\u00e1rio que haja duas presen\u00e7as: a nossa e a de Deus. \u00c9 isto que Jesus nos explica, no Evangelho de S\u00e3o Mateus, depois de ensinar o Pai-nosso, quando diz: \u201cTu, quando orares, entra no teu quarto, fecha a porta e ora ao teu Pai que est\u00e1 no escondido\u201d (Mt 6, 6). \u201c<em>O<\/em><i>ra Patrem tuum in abscondito<\/i>\u201d, ou seja, rezemos a Deus, falemos com Ele, no segredo, na intimidade, neste recolhimento, onde nos encontramos com Ele.<\/p>\n<p class=\"western\">O problema \u00e9 que muitas vezes n\u00f3s achamos que rezar \u00e9 simplesmente mexer os l\u00e1bios, mas isso, Santa Teresa d\u2019\u00c1vila diz, no seu livro das Moradas, que n\u00e3o considera nem sequer ora\u00e7\u00e3o. Uma ora\u00e7\u00e3o que \u00e9 meramente vocal, n\u00e3o \u00e9 ora\u00e7\u00e3o. O primeiro tipo de ora\u00e7\u00e3o, a dos iniciantes, \u00e9 aquela ora\u00e7\u00e3o que Jesus ensinou, o Pai-nosso, ou seja, uma ora\u00e7\u00e3o vocal, algo que n\u00f3s recitamos, que n\u00f3s dizemos a Deus. Mas, antes mesmo de abrir os nossos l\u00e1bios, precisamos colocar-nos diante d\u2019Ele. Santa Teresa d\u00e1 alguns conselhos muitos importantes, quando nos lembra, no livro \u201cCaminho de Perfei\u00e7\u00e3o\u201d, que fazendo bem-feita a ora\u00e7\u00e3o vocal, estamos nos preparando para a ora\u00e7\u00e3o mental, que \u00e9 mais elevada<sup><a class=\"sdfootnoteanc\" href=\"#sdfootnote1sym\" name=\"sdfootnote1anc\"><sup>1<\/sup><\/a><\/sup>.<\/p>\n<p class=\"western\"><b>O encontro da mis\u00e9ria com a Miseric\u00f3rdia<\/b><\/p>\n<p class=\"western\">Santa Teresa ensina-nos que devemos come\u00e7ar nossa ora\u00e7\u00e3o com um exame de consci\u00eancia. Com a palavra exame de consci\u00eancia, Santa Teresa est\u00e1 nos dizendo para encontrar-nos conosco mesmos. A dificuldade de encontrar-nos com Deus est\u00e1 exatamente nisto. N\u00e3o queremos encontrar-nos conosco mesmos, pois \u00e9 doloroso. Por isso, a primeira coisa \u00e9 perguntar-nos como estamos. Comecemos com o f\u00edsico. Estamos agitados, cansados, com sono, com raiva, dispersos, como \u00e9 que nos encontramos? Ent\u00e3o, uma vez que nos encontramos com nosso corpo, mergulhamos mais profundamente e vejamos as nossas mis\u00e9rias. Coloquemos a nossa pobreza diante de Deus. Coloquemos a nossa mis\u00e9ria e nos encontremos com a Miseric\u00f3rdia. A ora\u00e7\u00e3o inicialmente \u00e9 isso, \u00e9 o encontro de nossa mis\u00e9ria com a miseric\u00f3rdia de Deus.<\/p>\n<p class=\"western\"><strong>Assista ou ou\u00e7a aula\u00a0do Padre Paulo Ricardo sobre\u00a0\u201c<a href=\"https:\/\/padrepauloricardo.org\/aulas\/o-primeiro-passo-para-comecar-a-rezar\" target=\"_blank\">O primeiro passo para come\u00e7ar a rezar<\/a>\u201d:<\/strong><\/p>\n<p class=\"western\"><iframe loading=\"lazy\" width=\"640\" height=\"360\" src=\"https:\/\/www.youtube-nocookie.com\/embed\/G7Or_fL7axo?rel=0&showinfo=0\" frameborder=\"0\" allowfullscreen><\/iframe><\/p>\n<p class=\"western\"><iframe loading=\"lazy\" width=\"100%\" height=\"166\" scrolling=\"no\" frameborder=\"no\" src=\"https:\/\/w.soundcloud.com\/player\/?url=https%3A\/\/api.soundcloud.com\/tracks\/262609517&color=ff5500&show_artwork=false\"><\/iframe><\/p>\n<p class=\"western\"><b>A advert\u00eancia da presen\u00e7a de Deus<\/b><\/p>\n<p class=\"western\">A este respeito, Santa Teresa diz: \u201cProcurai logo, filhas, pois estais s\u00f3s, arranjar companhia\u201d, ou seja, invoquemos a presen\u00e7a de Deus. Ela diz isso, dando conselhos muito pr\u00e1ticos: \u201cE que melhor que a do mesmo Mestre que ensinou a ora\u00e7\u00e3o que ides rezar?\u201d<sup><a class=\"sdfootnoteanc\" href=\"#sdfootnote2sym\" name=\"sdfootnote2anc\"><sup>2<\/sup><\/a><\/sup> Aqui, ent\u00e3o, ela diz: \u201cRepresentai\u201d, essa \u00e9 a tradu\u00e7\u00e3o correta. Nas Obras Completas, em portugu\u00eas, est\u00e1 traduzido assim: \u201cfazei de conta que tendes o Senhor junto de v\u00f3s\u201d, mas n\u00e3o \u00e9 isso que Santa Teresa diz no original, em espanhol. No original, ela diz: \u201c<i>Representad al mismo Se\u00f1or junto con vos<\/i>\u201d, ou seja, representar quer dizer trazer \u00e0 presen\u00e7a Dele. Sim, e ent\u00e3o, se temos consci\u00eancia desta Presen\u00e7a, estamos realmente come\u00e7ando a rezar. A todo momento, Santa Teresa nos diz que a ora\u00e7\u00e3o tem que ter considera\u00e7\u00e3o, ou seja, reflex\u00e3o, esta advert\u00eancia da Presen\u00e7a divina.<\/p>\n<p class=\"western\">Se temos diante de n\u00f3s esta Presen\u00e7a, j\u00e1 come\u00e7amos a rezar, mesmo que ainda estejamos com os l\u00e1bios fechados. J\u00e1 estamos diante desse encontro. A nossa presen\u00e7a e a presen\u00e7a Dele. A mis\u00e9ria que se encontra com a Miseric\u00f3rdia. \u00c0s vezes quando, quando fazemos longas ora\u00e7\u00f5es, como a Liturgia das Horas ou a Santa Missa, temos longas recita\u00e7\u00f5es de ora\u00e7\u00f5es vocais, por isso, nem sempre conseguimos ficar atentos a todas as palavras, mas se tivermos essa advert\u00eancia, ou seja, esta presen\u00e7a do Cristo, conscientes que Ele est\u00e1 conosco, ent\u00e3o estamos rezando. O que importa, \u00e9 este encontro. S\u00e3o duas presen\u00e7as: a nossa e a Dele. A mis\u00e9ria, que se encontra com a Miseric\u00f3rdia.<\/p>\n<p class=\"western\"><b>O primeiro passo para come\u00e7ar a ora\u00e7\u00e3o<\/b><\/p>\n<p class=\"western\">Assim, a ora\u00e7\u00e3o \u00e9 um encontro com uma pessoa, com o pr\u00f3prio Deus. Por isso, o primeiro passo para come\u00e7ar a rezar \u00e9 nos colocar diante da Pessoa, estar a s\u00f3s com Quem queremos tratar. Dessa forma, estaremos prontos para a ora\u00e7\u00e3o vocal, a ora\u00e7\u00e3o dos principiantes, mas que n\u00e3o devemos negligenciar. Pois, nem mesmo os grandes mestres da ora\u00e7\u00e3o abandonaram o Santo Ros\u00e1rio ou a Liturgia das Horas sob o pretexto de uma ora\u00e7\u00e3o mais elevada.<\/p>\n<p class=\"western\">Quando nos colocamos diante de Deus para a ora\u00e7\u00e3o, \u00e9 necess\u00e1rio estar por inteiro, de corpo, alma e esp\u00edrito. Devemos primeiramente colocar diante de Deus o nosso f\u00edsico, os nossos pensamentos, sentimentos, preocupa\u00e7\u00f5es. Somente depois expomos nossas mis\u00e9rias, fraquezas, sofrimentos e dificuldades, diante da infinita miseric\u00f3rdia de Deus. Este encontro da nossa mis\u00e9ria com a Miseric\u00f3rdia \u00e9 o in\u00edcio da verdadeira ora\u00e7\u00e3o.<\/p>\n<p class=\"western\">Por fim, durante a ora\u00e7\u00e3o, n\u00e3o esque\u00e7amos que temos diante de n\u00f3s uma Pessoa divina. Por isso, a todo momento, tenhamos a advert\u00eancia de que n\u00e3o estamos s\u00f3s, mas diante de uma Presen\u00e7a. Em todas as nossas ora\u00e7\u00f5es, temos sempre duas presen\u00e7as: a nossa mis\u00e9ria, que se encontra com a Miseric\u00f3rdia divina.<\/p>\n<p class=\"western\">Santa Teresa d&#8217;\u00c1vila, rogai por n\u00f3s!<\/p>\n<p class=\"western\">Transcri\u00e7\u00e3o e adapta\u00e7\u00e3o:\u00a0Natalino Ueda, escravo in\u00fatil de Jesus em Maria.<\/p>\n<p class=\"western\"><strong>Links relacionados:<\/strong><\/p>\n<p class=\"western\">TODO DE MARIA.\u00a0<a href=\"http:\/\/blog.cancaonova.com\/tododemaria\/mudar-de-vida-com-o-projeto-segunda-morada\/\" target=\"_blank\">Mudar de vida com o Projeto Segunda Morada<\/a>.<\/p>\n<p class=\"western\">TODO DE MARIA.\u00a0<a href=\"http:\/\/blog.cancaonova.com\/tododemaria\/padre-paulo-ricardo-ensina-nos-a-orar\/\" target=\"_blank\">Padre Paulo Ricardo ensina-nos a orar<\/a>.<\/p>\n<p class=\"western\">TODO DE MARIA.<a href=\"http:\/\/blog.cancaonova.com\/tododemaria\/purificar-inteligencia-memoria-e-vontade\/\" target=\"_blank\">Purificar: intelig\u00eancia, mem\u00f3ria e vontade<\/a>.<\/p>\n<p class=\"western\"><strong>Refer\u00eancias:<\/strong><\/p>\n<div id=\"sdfootnote1\">\n<p class=\"sdfootnote-western\"><a class=\"sdfootnotesym\" href=\"#sdfootnote1anc\" name=\"sdfootnote1sym\">1<\/a> Cf. SANTA TERESA D&#8217;\u00c1VILA. <a href=\"http:\/\/www.documentacatholicaomnia.eu\/03d\/1515-1582,_Teresa_d'Avila,_Caminho_de_Perfeicao,_PT.pdf\" target=\"_blank\">Caminho de Perfei\u00e7\u00e3o<\/a>, c. 26.<\/p>\n<\/div>\n<div id=\"sdfootnote2\">\n<p class=\"sdfootnote-western\"><a class=\"sdfootnotesym\" href=\"#sdfootnote2anc\" name=\"sdfootnote2sym\">2<\/a><i> Idem, ibidem.<\/i><\/p>\n<\/div>\n","protected":false},"excerpt":{"rendered":"<p>Descubra qual \u00e9 o primeiro passo para come\u00e7ara a rezar e como prosseguir nesse caminho de encontro com Deus. Na segunda aula do curso \u201cEnsina-nos a orar\u201d, Padre Paulo Ricardo nos ensina o primeiro passo para a nossa ora\u00e7\u00e3o pessoal,&#8230;<\/p>\n","protected":false},"author":4539,"featured_media":0,"comment_status":"open","ping_status":"open","sticky":false,"template":"","format":"standard","meta":{"_mi_skip_tracking":false,"_monsterinsights_sitenote_active":false,"_monsterinsights_sitenote_note":"","_monsterinsights_sitenote_category":0,"footnotes":""},"categories":[142576],"tags":[],"_links":{"self":[{"href":"https:\/\/blog.cancaonova.com\/tododemaria\/wp-json\/wp\/v2\/posts\/6072"}],"collection":[{"href":"https:\/\/blog.cancaonova.com\/tododemaria\/wp-json\/wp\/v2\/posts"}],"about":[{"href":"https:\/\/blog.cancaonova.com\/tododemaria\/wp-json\/wp\/v2\/types\/post"}],"author":[{"embeddable":true,"href":"https:\/\/blog.cancaonova.com\/tododemaria\/wp-json\/wp\/v2\/users\/4539"}],"replies":[{"embeddable":true,"href":"https:\/\/blog.cancaonova.com\/tododemaria\/wp-json\/wp\/v2\/comments?post=6072"}],"version-history":[{"count":8,"href":"https:\/\/blog.cancaonova.com\/tododemaria\/wp-json\/wp\/v2\/posts\/6072\/revisions"}],"predecessor-version":[{"id":6216,"href":"https:\/\/blog.cancaonova.com\/tododemaria\/wp-json\/wp\/v2\/posts\/6072\/revisions\/6216"}],"wp:attachment":[{"href":"https:\/\/blog.cancaonova.com\/tododemaria\/wp-json\/wp\/v2\/media?parent=6072"}],"wp:term":[{"taxonomy":"category","embeddable":true,"href":"https:\/\/blog.cancaonova.com\/tododemaria\/wp-json\/wp\/v2\/categories?post=6072"},{"taxonomy":"post_tag","embeddable":true,"href":"https:\/\/blog.cancaonova.com\/tododemaria\/wp-json\/wp\/v2\/tags?post=6072"}],"curies":[{"name":"wp","href":"https:\/\/api.w.org\/{rel}","templated":true}]}}