{"id":6101,"date":"2016-07-25T03:00:52","date_gmt":"2016-07-25T06:00:52","guid":{"rendered":"http:\/\/blog.cancaonova.com\/tododemaria\/?p=6101"},"modified":"2016-08-14T18:19:22","modified_gmt":"2016-08-14T21:19:22","slug":"nao-rezemos-como-os-pagaos","status":"publish","type":"post","link":"https:\/\/blog.cancaonova.com\/tododemaria\/nao-rezemos-como-os-pagaos\/","title":{"rendered":"N\u00e3o rezemos como os pag\u00e3os"},"content":{"rendered":"<p style=\"text-align: left\"><b>Saiba o que significa n\u00e3o rezar como fazem os pag\u00e3os e como deve ser a nossa ora\u00e7\u00e3o.<\/b><\/p>\n<p style=\"text-align: left\">Na terceira aula do curso \u201cEnsina-nos a orar\u201d, Padre Paulo Ricardo nos ensina a n\u00e3o usar de muitas palavras em nossas ora\u00e7\u00f5es, a n\u00e3o rezar como os pag\u00e3os, conforme ensinou-nos Jesus Cristo, mas como verdadeiros crist\u00e3os, cat\u00f3licos. A princ\u00edpio, temos a impress\u00e3o de que o problema da ora\u00e7\u00e3o dos pag\u00e3os est\u00e1 simplesmente no uso excessivo de palavras. Mas, se esse fosse o problema, Jesus passaria noites em ora\u00e7\u00e3o? (cf. Lc 6, 12). Os protestantes afirmam que o problema da ora\u00e7\u00e3o dos pag\u00e3os, e tamb\u00e9m da nossa, s\u00e3o as repeti\u00e7\u00f5es de palavras, como vemos na tradu\u00e7\u00e3o da B\u00edblia protestante: \u201cE, orando, n\u00e3o useis de v\u00e3s repeti\u00e7\u00f5es, como os gentios; porque pensam que pelo seu muito falar ser\u00e3o ouvidos\u201d (Mt 6, 7). Mas, se fosse as \u201cv\u00e3s repeti\u00e7\u00f5es\u201d realmente o problema apresentado por Cristo, teria ele mesmo nos ensinado logo em seguida uma ora\u00e7\u00e3o repetitiva como o \u201cPai-nosso\u201d? (cf. Mt 6, 9-13).<\/p>\n<div id=\"attachment_6107\" style=\"width: 610px\" class=\"wp-caption aligncenter\"><a href=\"http:\/\/blog.cancaonova.com\/tododemaria\/files\/2016\/07\/N\u00e3o-rezemos-como-os-pag\u00e3os.jpg\"><img loading=\"lazy\" decoding=\"async\" aria-describedby=\"caption-attachment-6107\" class=\"size-full wp-image-6107\" src=\"http:\/\/blog.cancaonova.com\/tododemaria\/files\/2016\/07\/N\u00e3o-rezemos-como-os-pag\u00e3os.jpg\" alt=\"Saiba o que significa n\u00e3o rezar como fazem os pag\u00e3os e como deve ser a nossa ora\u00e7\u00e3o.\" width=\"600\" height=\"330\" srcset=\"https:\/\/blog.cancaonova.com\/tododemaria\/files\/2016\/07\/N\u00e3o-rezemos-como-os-pag\u00e3os.jpg 600w, https:\/\/blog.cancaonova.com\/tododemaria\/files\/2016\/07\/N\u00e3o-rezemos-como-os-pag\u00e3os-300x165.jpg 300w\" sizes=\"(max-width: 600px) 100vw, 600px\" \/><\/a><p id=\"caption-attachment-6107\" class=\"wp-caption-text\">Santa Teresinha do Menino Jesus e da Sagrada Face<\/p><\/div>\n<p style=\"text-align: left\">Quando Jesus diz: \u201cNas vossas ora\u00e7\u00f5es, n\u00e3o multipliqueis as palavras&#8230;\u201d, n\u00e3o esque\u00e7amos que Ele tamb\u00e9m disse: \u201c&#8230;como fazem os pag\u00e3os que julgam que ser\u00e3o ouvidos \u00e0 for\u00e7a de palavras\u201d (Mt 6, 7). Na mesma frase, vemos que o problema da ora\u00e7\u00e3o dos pag\u00e3os n\u00e3o est\u00e1 simplesmente na \u201cmultiplica\u00e7\u00e3o de palavras\u201d, mas est\u00e1 justamente em \u201cquerer ser ouvidos \u00e0 for\u00e7a de muitas palavras\u201d. Deus sabe de tudo que precisamos: \u201cOra, vosso Pai celeste sabe que necessitais de tudo isso\u201d (Mt 6, 32), por isso, a quest\u00e3o mais importante \u00e9 a motiva\u00e7\u00e3o da nossa ora\u00e7\u00e3o.<!--more Continue lendo...--><\/p>\n<p style=\"text-align: center\"><strong><a href=\"http:\/\/feedburner.google.com\/fb\/a\/mailverify?uri=TodoDeMaria\" target=\"_blank\">Receba o conte\u00fado deste blog gratuitamente em seu e-mail.<\/a><\/strong><\/p>\n<p style=\"text-align: left\"><b>A uni\u00e3o entre a ora\u00e7\u00e3o vocal e a ora\u00e7\u00e3o mental<\/b><\/p>\n<p style=\"text-align: left\">O primeiro grau de ora\u00e7\u00e3o \u00e9 a ora\u00e7\u00e3o vocal. Nosso Senhor mesmo nos ensinou essa ora\u00e7\u00e3o: \u201cQuando orardes, dizei: Pai nosso&#8230;\u201d (Lc 11, 2ss). Entretanto, \u00e9 importante sabermos que a ora\u00e7\u00e3o vocal n\u00e3o \u00e9 excesso de palavras. O pr\u00f3prio Jesus nos advertiu a esse respeito: \u201cNas vossas ora\u00e7\u00f5es, n\u00e3o multipliqueis as palavras, como fazem os pag\u00e3os que julgam que ser\u00e3o ouvidos \u00e0 for\u00e7a de palavras\u201d (Mt 6, 7). A ora\u00e7\u00e3o n\u00e3o \u00e9 quest\u00e3o muitas palavras, mas sim quest\u00e3o de muito amor! Ent\u00e3o, para que aconte\u00e7a a nossa ora\u00e7\u00e3o vocal, precisamos recordar, em primeir\u00edssimo lugar, que \u00e9 preciso nos colocar na presen\u00e7a de Deus.<\/p>\n<p style=\"text-align: left\">Santa Teresa d\u2019\u00c1vila diz, no cap\u00edtulo 22 do seu livro \u201cCaminho de Perfei\u00e7\u00e3o\u201d, que, pelo menos por cortesia, para n\u00e3o sermos mal criados, temos que nos dar conta com Quem vamos falar. Se vamos falar com um Rei, se somos pobrezinhos, maltrapilhos, mal vestidos, mal cheirosos, fedorentos, ela usa essa compara\u00e7\u00e3o, saibamos com Quem vamos falar. Ent\u00e3o, quando temos essa advert\u00eancia da presen\u00e7a de Deus, estamos unindo a ora\u00e7\u00e3o mental e a ora\u00e7\u00e3o vocal.<\/p>\n<p style=\"text-align: left\"><b>A import\u00e2ncia da aten\u00e7\u00e3o na ora\u00e7\u00e3o<\/b><\/p>\n<p style=\"text-align: left\">A ora\u00e7\u00e3o vocal exige em esfor\u00e7o interior, diz Santa Teresa: \u201cSe falando, entendo perfeitamente e percebo que falo com Deus, concentrando-me mais nisso do que nas palavras que digo, ent\u00e3o est\u00e3o juntas a ora\u00e7\u00e3o mental e a ora\u00e7\u00e3o vocal\u201d<a href=\"#_ftn1\" name=\"_ftnref1\"><span style=\"font-family: Calibri, sans-serif\">[1]<\/span><\/a>. Esta \u00e9 a primeira arte de fazer uma boa ora\u00e7\u00e3o vocal, na qual devemos nos concentrar mais na Presen\u00e7a do que nas palavras que ser\u00e3o ditas. No entanto, isso n\u00e3o quer dizer que n\u00e3o tenhamos que pensar nas palavras. Quando rezamos, \u00e9 evidente que devemos pensar nas palavras que s\u00e3o ditas. A esse respeito, no cap\u00edtulo 24, Santa Teresa responde \u00e0s monjas que estavam acostumadas a rezar somente com os l\u00e1bios, sem pensar no que estavam dizendo:<\/p>\n<blockquote>\n<p style=\"text-align: left\">Direis que isso j\u00e1 \u00e9 medita\u00e7\u00e3o, que n\u00e3o podeis nem quereis sen\u00e3o rezar vocalmente. Porque tamb\u00e9m h\u00e1 pessoas impacientes e adeptas de comodidades que, como n\u00e3o t\u00eam o costume de recolher o pensamento, t\u00eam dificuldades de faz\u00ea-lo no princ\u00edpio; e, para n\u00e3o se cansarem nem um pouco, dizem que n\u00e3o podem nem sabem mais do que rezar vocalmente. Tendes raz\u00e3o em afirmar que isso \u00e9 ora\u00e7\u00e3o mental. Mas eu vos digo que, na verdade, n\u00e3o sei como separ\u00e1-la da ora\u00e7\u00e3o vocal, se \u00e9 que pretendemos rezar vocalmente com perfei\u00e7\u00e3o, entendendo com quem falamos. De fato, \u00e9 nossa obriga\u00e7\u00e3o procurar rezar com aten\u00e7\u00e3o<a href=\"#_ftn2\" name=\"_ftnref2\"><span style=\"font-family: Calibri, sans-serif\">[2]<\/span><\/a>.<\/p>\n<\/blockquote>\n<p style=\"text-align: left\">Esta aten\u00e7\u00e3o na ora\u00e7\u00e3o vocal se torna uma introdu\u00e7\u00e3o para a medita\u00e7\u00e3o, para ir em dire\u00e7\u00e3o a uma ora\u00e7\u00e3o mais avan\u00e7ada, se n\u00f3s soubermos saborear as palavras, aquilo que n\u00f3s dizemos.<\/p>\n<p style=\"text-align: left\"><strong>Assista ou ou\u00e7a\u00a0aula do Padre Paulo Ricardo com o tema \u201c<a href=\"https:\/\/padrepauloricardo.org\/aulas\/nao-rezeis-como-os-pagaos\" target=\"_blank\">Ora\u00e7\u00e3o vocal &#8211; N\u00e3o rezeis como os pag\u00e3os<\/a>\u201d:<\/strong><\/p>\n<p style=\"text-align: left\"><iframe loading=\"lazy\" width=\"640\" height=\"360\" src=\"https:\/\/www.youtube-nocookie.com\/embed\/SvwHb4T8DOk?rel=0&showinfo=0\" frameborder=\"0\" allowfullscreen><\/iframe><\/p>\n<p style=\"text-align: left\"><iframe loading=\"lazy\" width=\"100%\" height=\"166\" scrolling=\"no\" frameborder=\"no\" src=\"https:\/\/w.soundcloud.com\/player\/?url=https%3A\/\/api.soundcloud.com\/tracks\/263404287&color=ff5500&show_artwork=false\"><\/iframe><\/p>\n<p style=\"text-align: left\"><b>A ora\u00e7\u00e3o como alimento da alma<\/b><\/p>\n<p style=\"text-align: left\">Santa Teresinha do Menino Jesus, monja francesa, que viveu tr\u00eas s\u00e9culos depois de Santa Teresa d\u2019\u00c1vila, diz no Manuscrito C, escrito no seu \u00faltimo ano de vida: \u201cVez por outra, quando a minha mente est\u00e1 em t\u00e3o grande aridez que me \u00e9 imposs\u00edvel extrair um pensamento para me unir a Deus, recito <u>muito lentamente<\/u> o &#8220;Pai-nosso&#8221; e a sauda\u00e7\u00e3o ang\u00e9lica [Ave-Maria]<a href=\"#_ftn3\" name=\"_ftnref3\"><span style=\"font-family: Calibri, sans-serif\">[3]<\/span><\/a>. \u00c9 interessante que uma mulher, que est\u00e1 no cume de sua vida espiritual, ainda assim recorra ao \u201cPai-nosso\u201d, que \u00e9 a grande escola de ora\u00e7\u00e3o, e a rez\u00e1-lo muito lentamente. A consequ\u00eancia dessa ora\u00e7\u00e3o lenta, pausada, nos \u00e9 descrita por Teresinha: \u201cEnt\u00e3o, essas ora\u00e7\u00f5es me encantam e alimentam a minha alma muito mais do que se tivesse recitado precipitadamente uma centena de vezes\u201d<a href=\"#_ftn4\" name=\"_ftnref4\"><span style=\"font-family: Calibri, sans-serif\">[4]<\/span><\/a>.<\/p>\n<p style=\"text-align: left\"><b>A ora\u00e7\u00e3o feita com amor<\/b><\/p>\n<p style=\"text-align: left\">Assim, na ora\u00e7\u00e3o, n\u00e3o se trata de falar muito, ou parafraseando o que diz Santa Teresa nas \u201cQuartas Moradas\u201d, n\u00e3o \u00e9 quest\u00e3o de pensar muito, \u00e9 quest\u00e3o de amar muito<a href=\"#_ftn5\" name=\"_ftnref5\"><span style=\"font-family: Calibri, sans-serif\">[5]<\/span><\/a>. Nesse caso, vale tamb\u00e9m o que Santo Tom\u00e1s de Aquino nos ensina: \u201cVale mais uma Ave-Maria dita com grande amor, do que obras heroicas, onde n\u00e3o h\u00e1 amor nenhum\u201d. Ent\u00e3o, o que faz com que progridamos na vida de ora\u00e7\u00e3o \u00e9 o amor com que n\u00f3s nos colocamos diante desta Presen\u00e7a e com o qual n\u00f3s dirigimos essas palavras de uma ora\u00e7\u00e3o vocal simples, de principiantes, mas j\u00e1 grandiosa no amor!<\/p>\n<p style=\"text-align: left\"><strong>Ora\u00e7\u00e3o de Santa Teresa d&#8217;\u00c1vila<\/strong><\/p>\n<blockquote><p>\u00d3 Imperador nosso, sumo Poder, suma Bondade, a mesma Sabedoria, sem princ\u00edpio, sem fim, sem haver limite em Vossas obras! S\u00e3o infinitas, sem se poderem compreender, um p\u00e9lago sem fundo de maravilhas, uma formosura que cont\u00e9m em si todas as formosuras, a mesma Fortaleza! Oh! valha-me Deus! quem tivesse aqui junta toda a eloqu\u00eancia e sabedoria dos mortais para bem saber \u2013 como aqui se pode saber, que tudo \u00e9 n\u00e3o saber nada, para este caso \u2013 dar a entender algumas das muitas coisas que podemos considerar para conhecerem algo quem \u00e9 este Senhor e Bem nosso.<\/p><\/blockquote>\n<p class=\"western\">Transcri\u00e7\u00e3o e adapta\u00e7\u00e3o:\u00a0Natalino Ueda, escravo in\u00fatil de Jesus em Maria.<\/p>\n<p class=\"western\"><strong>Links relacionados:<\/strong><\/p>\n<p class=\"western\">PADRE PAULO RICARDO. <a href=\"https:\/\/padrepauloricardo.org\/cursos\/caminho-de-perfeicao\" target=\"_blank\">Caminho de Perfei\u00e7\u00e3o<\/a>.<\/p>\n<p class=\"western\">PADRE PAULO RICARDO.\u00a0<a href=\"https:\/\/padrepauloricardo.org\/episodios\/o-pao-nosso-de-cada-dia\" target=\"_blank\">O p\u00e3o nosso de cada dia<\/a>.<\/p>\n<p class=\"western\">TODO DE MARIA.\u00a0<a href=\"http:\/\/blog.cancaonova.com\/tododemaria\/o-primeiro-passo-para-comecar-a-rezar\/\" target=\"_blank\">O primeiro passo para come\u00e7ar a rezar<\/a>.<\/p>\n<p class=\"western\">TODO DE MARIA.\u00a0<a href=\"http:\/\/blog.cancaonova.com\/tododemaria\/os-modos-ou-graus-de-pertenca-a-virgem-maria\/\" target=\"_blank\">Os modos ou graus de perten\u00e7a a Virgem Maria<\/a>.<\/p>\n<p class=\"western\">TODO DE MARIA.\u00a0<a href=\"http:\/\/blog.cancaonova.com\/tododemaria\/mudar-de-vida-com-o-projeto-segunda-morada\/\" target=\"_blank\">Mudar de vida com o Projeto Segunda Morada<\/a>.<\/p>\n<p class=\"western\"><strong>Refer\u00eancias:<\/strong><\/p>\n<hr align=\"left\" size=\"1\" width=\"250\" \/>\n<div id=\"ftn1\" dir=\"ltr\" style=\"text-align: left\">\n<p><a href=\"#_ftnref1\" name=\"_ftn1\"><span style=\"font-family: Calibri, sans-serif\">[1]<\/span><\/a>\u00a0 SANTA TERESA DE JESUS. <a href=\"http:\/\/www.documentacatholicaomnia.eu\/03d\/1515-1582,_Teresa_d'Avila,_Caminho_de_Perfeicao,_PT.pdf\" target=\"_blank\">Caminho de Perfei\u00e7\u00e3o<\/a>, c. 22.<\/p>\n<\/div>\n<div id=\"ftn2\" dir=\"ltr\" style=\"text-align: left\">\n<p><a href=\"#_ftnref2\" name=\"_ftn2\"><span style=\"font-family: Calibri, sans-serif\">[2]<\/span><\/a>\u00a0 <i>Idem<\/i>, c. 24.<\/p>\n<\/div>\n<div id=\"ftn3\" dir=\"ltr\" style=\"text-align: left\">\n<p><a href=\"#_ftnref3\" name=\"_ftn3\"><span style=\"font-family: Calibri, sans-serif\">[3]<\/span><\/a>\u00a0 SANTA TERESA DE LISIEUX. Manuscrito C. <i>In:<\/i> &#8220;<a href=\"http:\/\/loja.cancaonova.com\/livro-obras-completas-de-santa-teresa-do-menino-jesus-e-da-santa-face\" target=\"_blank\">Obras Completas<\/a>: Textos e \u00daltimas Palavras&#8221;. Trad. port. do Carmelo de Cotia et al. 2.\u00aa ed., S\u00e3o Paulo: Loyola, 2001, p. 250.<\/p>\n<\/div>\n<div id=\"ftn4\" dir=\"ltr\" style=\"text-align: left\">\n<p><a href=\"#_ftnref4\" name=\"_ftn4\"><span style=\"font-family: Calibri, sans-serif\">[4]<\/span><\/a>\u00a0 <i>Idem, ibidem.<\/i><\/p>\n<\/div>\n<div id=\"ftn5\" dir=\"ltr\">\n<p style=\"text-align: left\"><a href=\"#_ftnref5\" name=\"_ftn5\"><span style=\"font-family: Calibri, sans-serif\">[5]<\/span><\/a>\u00a0 SANTA TERESA DE JESUS. <a href=\"http:\/\/www.documentacatholicaomnia.eu\/03d\/1515-1582,_Teresa_d'Avila,_Moradas_Ou_Castelo_Interior,_PT.pdf\" target=\"_blank\">Castelo Interior<\/a>, Quartas Moradas, c. 1, 7.<\/p>\n<\/div>\n","protected":false},"excerpt":{"rendered":"<p>Saiba o que significa n\u00e3o rezar como fazem os pag\u00e3os e como deve ser a nossa ora\u00e7\u00e3o. Na terceira aula do curso \u201cEnsina-nos a orar\u201d, Padre Paulo Ricardo nos ensina a n\u00e3o usar de muitas palavras em nossas ora\u00e7\u00f5es, a&#8230;<\/p>\n","protected":false},"author":4539,"featured_media":0,"comment_status":"open","ping_status":"open","sticky":false,"template":"","format":"standard","meta":{"_mi_skip_tracking":false,"_monsterinsights_sitenote_active":false,"_monsterinsights_sitenote_note":"","_monsterinsights_sitenote_category":0,"footnotes":""},"categories":[142576],"tags":[],"_links":{"self":[{"href":"https:\/\/blog.cancaonova.com\/tododemaria\/wp-json\/wp\/v2\/posts\/6101"}],"collection":[{"href":"https:\/\/blog.cancaonova.com\/tododemaria\/wp-json\/wp\/v2\/posts"}],"about":[{"href":"https:\/\/blog.cancaonova.com\/tododemaria\/wp-json\/wp\/v2\/types\/post"}],"author":[{"embeddable":true,"href":"https:\/\/blog.cancaonova.com\/tododemaria\/wp-json\/wp\/v2\/users\/4539"}],"replies":[{"embeddable":true,"href":"https:\/\/blog.cancaonova.com\/tododemaria\/wp-json\/wp\/v2\/comments?post=6101"}],"version-history":[{"count":8,"href":"https:\/\/blog.cancaonova.com\/tododemaria\/wp-json\/wp\/v2\/posts\/6101\/revisions"}],"predecessor-version":[{"id":6215,"href":"https:\/\/blog.cancaonova.com\/tododemaria\/wp-json\/wp\/v2\/posts\/6101\/revisions\/6215"}],"wp:attachment":[{"href":"https:\/\/blog.cancaonova.com\/tododemaria\/wp-json\/wp\/v2\/media?parent=6101"}],"wp:term":[{"taxonomy":"category","embeddable":true,"href":"https:\/\/blog.cancaonova.com\/tododemaria\/wp-json\/wp\/v2\/categories?post=6101"},{"taxonomy":"post_tag","embeddable":true,"href":"https:\/\/blog.cancaonova.com\/tododemaria\/wp-json\/wp\/v2\/tags?post=6101"}],"curies":[{"name":"wp","href":"https:\/\/api.w.org\/{rel}","templated":true}]}}