{"id":613,"date":"2012-08-24T07:00:54","date_gmt":"2012-08-24T10:00:54","guid":{"rendered":"http:\/\/blog.cancaonova.com\/tododemaria\/?p=613"},"modified":"2016-01-24T20:01:13","modified_gmt":"2016-01-24T22:01:13","slug":"nossa-senhora-rainha-que-serve","status":"publish","type":"post","link":"https:\/\/blog.cancaonova.com\/tododemaria\/nossa-senhora-rainha-que-serve\/","title":{"rendered":"Nossa Senhora, Rainha que serve"},"content":{"rendered":"<p><strong>A Virgem Maria, Rainha do universo, se fez serva em nosso favor.<\/strong><\/p>\n<p><a href=\"http:\/\/blog.cancaonova.com\/tododemaria\/files\/2012\/08\/visitacao2.jpg\"><img loading=\"lazy\" decoding=\"async\" class=\"alignleft size-medium wp-image-620\" src=\"http:\/\/blog.cancaonova.com\/tododemaria\/files\/2012\/08\/visitacao2-223x300.jpg\" alt=\"Maria est\u00e1 no C\u00e9u, mas est\u00e1 tamb\u00e9m sempre conosco\" width=\"223\" height=\"300\" srcset=\"https:\/\/blog.cancaonova.com\/tododemaria\/files\/2012\/08\/visitacao2-223x300.jpg 223w, https:\/\/blog.cancaonova.com\/tododemaria\/files\/2012\/08\/visitacao2.jpg 348w\" sizes=\"(max-width: 223px) 100vw, 223px\" \/><\/a>Na catequese desta semana, O Papa Bento XVI nos trouxe uma reflex\u00e3o sobre a mem\u00f3ria de Nossa Senhora Rainha, a M\u00e3e do Senhor, que se fez serva. Esta festa foi estabelecida pelo Papa Pio XII no final do Ano Mariano, atrav\u00e9s da Carta Apost\u00f3lica <em>Ad caeli Reginam<\/em>, na festa da maternidade de Nossa Senhora, no dia 11 de outubro do ano de 1954. Depois da reforma lit\u00fargica do Conc\u00edlio Vaticano II, a celebra\u00e7\u00e3o passou para oito dias ap\u00f3s a Solenidade da Assun\u00e7\u00e3o da Virgem Maria. Com essa mudan\u00e7a, o Conc\u00edlio quis destacar e estreita rela\u00e7\u00e3o entre a realeza de Nossa Senhora e a sua glorifica\u00e7\u00e3o em corpo e alma, junto ao seu Filho Jesus Cristo. \u201cMaria foi assunta \u00e0 gl\u00f3ria celeste e exaltada por Deus como Rainha do universo, para que fosse plenamente conformada a seu Filho\u201d (LG 59). Mas, como entender a realeza da Virgem Maria com o seu ser serva?<!--more Continue lendo...--><\/p>\n<p style=\"text-align: center\"><strong><a href=\"http:\/\/feedburner.google.com\/fb\/a\/mailverify?uri=TodoDeMaria\" target=\"_blank\">Receba o conte\u00fado deste blog gratuitamente em seu e-mail.<\/a><\/strong><\/p>\n<p>Maria \u00e9 Rainha porque associou-se de forma \u00fanica a seu Filho, tanto em sua vida terrena, como na gl\u00f3ria do C\u00e9u. Ela participa da responsabilidade e do amor de Deus para com o mundo. A realeza deste mundo est\u00e1 associada com o poder e a riqueza. Mas, este n\u00e3o \u00e9 o tipo de realeza de Jesus e Maria. A realeza de Cristo \u00e9 revestida de humildade, servi\u00e7o, amor. Jesus foi proclamado Rei na cruz (cf. Mc. 15,26). Ele \u00e9 rei sofrendo conosco, por n\u00f3s, amando-nos at\u00e9 o fim. Cristo governa e inaugura o amor, a verdade e a justi\u00e7a.<\/p>\n<p>Jesus Cristo \u00e9 um rei que serve e, da mesma forma, Maria \u00e9 Rainha no servi\u00e7o a Deus para a humanidade. Ela \u00e9 Rainha do amor, que vive o dom de si a Deus para entrar no plano de salva\u00e7\u00e3o do homem. Ela \u00e9 Rainha amando-nos, ajudando-nos em todas as nossas necessidades, \u00e9 a nossa irm\u00e3, serva humilde. Nossa Senhora, \u00e9 Rainha cuidando de seus filhos, que se voltam a ela em ora\u00e7\u00e3o, para agradecer ou para pedir sua ajuda e prote\u00e7\u00e3o maternais.<\/p>\n<p>Hoje, nos voltamos para Maria confiantes em sua cont\u00ednua intercess\u00e3o junto a Jesus, de quem prov\u00e9m toda gra\u00e7a e miseric\u00f3rdia necess\u00e1rias para a nossa peregrina\u00e7\u00e3o terrestre. A Cristo, nos voltamos confiantes atrav\u00e9s da Virgem Maria, que \u00e9 invocada como uma Rainha do C\u00e9u por oito vezes, depois da ora\u00e7\u00e3o do Santo Ros\u00e1rio, na ladainha lauretana. Essas invoca\u00e7\u00f5es antigas e ora\u00e7\u00f5es di\u00e1rias como a Salve Rainha, ajuda-nos a compreender que a Virgem Maria est\u00e1 junto a seu Filho Jesus no c\u00e9u, mas tamb\u00e9m est\u00e1 conosco, em todos os dias da nossa vida.<\/p>\n<p>O Santo Padre encerrou sua catequese dizendo que \u201ca devo\u00e7\u00e3o a Nossa Senhora \u00e9 um elemento importante da vida espiritual\u201d. Em nossa ora\u00e7\u00e3o, n\u00e3o deixemos de recorrer com confian\u00e7a a Maria, que n\u00e3o deixar\u00e1 de interceder por n\u00f3s junto a seu Filho. Olhemos para ela e imitemos a sua f\u00e9, a sua disponibilidade para acolher o projeto do amor de Deus, o generoso acolhimento de Jesus. Maria \u00e9 a Rainha do c\u00e9u, est\u00e1 perto de Deus, mas \u00e9 tamb\u00e9m a Nossa M\u00e3e. Maria est\u00e1 perto de cada um de n\u00f3s, ela nos ama e ouve a nossa voz.<\/p>\n","protected":false},"excerpt":{"rendered":"<p>A Virgem Maria, Rainha do universo, se fez serva em nosso favor. Na catequese desta semana, O Papa Bento XVI nos trouxe uma reflex\u00e3o sobre a mem\u00f3ria de Nossa Senhora Rainha, a M\u00e3e do Senhor, que se fez serva. Esta&#8230;<\/p>\n","protected":false},"author":4539,"featured_media":0,"comment_status":"open","ping_status":"open","sticky":false,"template":"","format":"standard","meta":{"_mi_skip_tracking":false,"_monsterinsights_sitenote_active":false,"_monsterinsights_sitenote_note":"","_monsterinsights_sitenote_category":0,"footnotes":""},"categories":[3401],"tags":[],"_links":{"self":[{"href":"https:\/\/blog.cancaonova.com\/tododemaria\/wp-json\/wp\/v2\/posts\/613"}],"collection":[{"href":"https:\/\/blog.cancaonova.com\/tododemaria\/wp-json\/wp\/v2\/posts"}],"about":[{"href":"https:\/\/blog.cancaonova.com\/tododemaria\/wp-json\/wp\/v2\/types\/post"}],"author":[{"embeddable":true,"href":"https:\/\/blog.cancaonova.com\/tododemaria\/wp-json\/wp\/v2\/users\/4539"}],"replies":[{"embeddable":true,"href":"https:\/\/blog.cancaonova.com\/tododemaria\/wp-json\/wp\/v2\/comments?post=613"}],"version-history":[{"count":11,"href":"https:\/\/blog.cancaonova.com\/tododemaria\/wp-json\/wp\/v2\/posts\/613\/revisions"}],"predecessor-version":[{"id":5254,"href":"https:\/\/blog.cancaonova.com\/tododemaria\/wp-json\/wp\/v2\/posts\/613\/revisions\/5254"}],"wp:attachment":[{"href":"https:\/\/blog.cancaonova.com\/tododemaria\/wp-json\/wp\/v2\/media?parent=613"}],"wp:term":[{"taxonomy":"category","embeddable":true,"href":"https:\/\/blog.cancaonova.com\/tododemaria\/wp-json\/wp\/v2\/categories?post=613"},{"taxonomy":"post_tag","embeddable":true,"href":"https:\/\/blog.cancaonova.com\/tododemaria\/wp-json\/wp\/v2\/tags?post=613"}],"curies":[{"name":"wp","href":"https:\/\/api.w.org\/{rel}","templated":true}]}}