{"id":6330,"date":"2016-09-12T03:00:17","date_gmt":"2016-09-12T06:00:17","guid":{"rendered":"http:\/\/blog.cancaonova.com\/tododemaria\/?p=6330"},"modified":"2019-09-11T09:42:51","modified_gmt":"2019-09-11T12:42:51","slug":"o-poder-do-santissimo-nome-de-maria","status":"publish","type":"post","link":"https:\/\/blog.cancaonova.com\/tododemaria\/o-poder-do-santissimo-nome-de-maria\/","title":{"rendered":"O poder do sant\u00edssimo nome de Maria"},"content":{"rendered":"<p><strong>Conhe\u00e7a o poder do sant\u00edssimo nome de Maria e saiba por que devemos invoc\u00e1-lo continuamente, especialmente em nossas maiores necessidades.<\/strong><\/p>\n<p style=\"text-align: left\">No dia 12 de Setembro, no qual celebramos a mem\u00f3ria do Sant\u00edssimo Nome de Maria, vejamos qu\u00e3o poderoso \u00e9 este nome e quais s\u00e3o os benef\u00edcios de invoc\u00e1-lo com confian\u00e7a. No in\u00edcio do Evangelho segundo S\u00e3o Lucas, temos esta passagem: \u201c<em>Et Nomen Virginis Maria<\/em> \u2013 E o nome da virgem era Maria\u201d (Lc, 1, 27). O fato de Lucas \u2013 que \u00e9 considerado o \u201cpintor\u201d da Virgem, pois, al\u00e9m de lhe serem atribu\u00eddas pinturas de Nossa Senhora, escreveu as mais belas passagens marianas das Sagradas Escrituras \u2013 ter mencionado o nome de Maria no in\u00edcio da narrativa do mist\u00e9rio da Anuncia\u00e7\u00e3o n\u00e3o \u00e9 mero acaso.<\/p>\n<div id=\"attachment_6338\" style=\"width: 610px\" class=\"wp-caption aligncenter\"><a href=\"http:\/\/blog.cancaonova.com\/tododemaria\/files\/2016\/09\/O-poder-do-sant\u00edssimo-nome-de-Maria.jpg\"><img loading=\"lazy\" decoding=\"async\" aria-describedby=\"caption-attachment-6338\" class=\"size-full wp-image-6338\" src=\"http:\/\/blog.cancaonova.com\/tododemaria\/files\/2016\/09\/O-poder-do-sant\u00edssimo-nome-de-Maria.jpg\" alt=\"Conhe\u00e7a o poder do sant\u00edssimo nome de Maria e saiba por que devemos invoc\u00e1-lo continuamente, especialmente em nossas maiores necessidades.\" width=\"600\" height=\"350\" srcset=\"https:\/\/blog.cancaonova.com\/tododemaria\/files\/2016\/09\/O-poder-do-sant\u00edssimo-nome-de-Maria.jpg 600w, https:\/\/blog.cancaonova.com\/tododemaria\/files\/2016\/09\/O-poder-do-sant\u00edssimo-nome-de-Maria-300x175.jpg 300w\" sizes=\"(max-width: 600px) 100vw, 600px\" \/><\/a><p id=\"caption-attachment-6338\" class=\"wp-caption-text\">Nossa Senhora do Perp\u00e9tuo Socorro<\/p><\/div>\n<p style=\"text-align: left\">O nome de Maria \u00e9 digno de honra e venera\u00e7\u00e3o, tanto que na Anuncia\u00e7\u00e3o o arcanjo S\u00e3o Gabriel sa\u00fada a Virgem, o \u00fanico, caso nas Sagradas Escrituras, de um anjo saudando um ser humano. No entanto, o Arcanjo nem mesmo ousa cham\u00e1-la pelo nome, mas a chama de \u201ccheia de gra\u00e7a\u201d (Lc 1, 28), talvez por achar mais apropriado \u00e0quela que ser\u00e1 a sua Rainha. Se os anjos honram a Virgem Maria, muito mais n\u00f3s, que somos pessoas fr\u00e1geis e pecadoras, temos o dever de honrar o seu nome. Dessa forma, ao honrar e venerar o sant\u00edssimo nome de Maria, cumpriremos a palavra profetizada por ela no Magnificat: \u201cPor isto, desde agora, me proclamar\u00e3o bem-aventurada todas as gera\u00e7\u00f5es\u201d (Lc 1, 48).<\/p>\n<p><!--more Continue lendo...--><\/p>\n<p style=\"text-align: center\"><strong><a href=\"http:\/\/feedburner.google.com\/fb\/a\/mailverify?uri=TodoDeMaria\" target=\"_blank\" rel=\"noopener\">Receba o conte\u00fado deste blog gratuitamente em seu e-mail.<\/a><\/strong><\/p>\n<p style=\"text-align: left\"><strong>Maria: nome de salva\u00e7\u00e3o, de esperan\u00e7a, de amor<\/strong><\/p>\n<p style=\"text-align: left\">O sant\u00edssimo Nome de Maria n\u00e3o foi encontrado na Terra, mas desceu do C\u00e9u e foi imposto a Virgem de Nazar\u00e9 por ordem expressa de Deus, testemunham S\u00e3o Jer\u00f4nimo, Santo Epif\u00e2nio e outros santos. Tamb\u00e9m por disposi\u00e7\u00e3o divina, o nome de Maria \u00e9, depois do de Jesus, superior a qualquer outro nome, e, assim como o de Jesus, \u00e9 para n\u00f3s um nome de salva\u00e7\u00e3o, de esperan\u00e7a, de amor. Sendo assim, se queremos alcan\u00e7ar muitas gra\u00e7as, somos todos chamados a invocar continuamente, especialmente nas nossas maiores necessidades, o sant\u00edssimo nome de Maria.<\/p>\n<p style=\"text-align: left\">O nome de Maria \u00e9 um nome de salva\u00e7\u00e3o porque, conforme a revela\u00e7\u00e3o feita pela Bem-Aventurada Virgem a Santa Br\u00edgida, quando o invocamos devotamente, afastam-se os dem\u00f4nios, e mais se chegam a n\u00f3s os anjos bons, para nos defender contra os assaltos do inferno. A esse respeito, em um exorcismo, o pr\u00f3prio dem\u00f4nio fala de seu ataque aos exorcistas, mas, ao mesmo tempo, confessa a sua impot\u00eancia diante das ora\u00e7\u00f5es feitas em nome de Jesus e de Maria:<\/p>\n<blockquote><p>Muitas vezes consigo vingar-me neles [os exorcistas], punindo-os, fustigando-os, espancando-os, prendendo-os com tantas e variadas doen\u00e7as, algumas mesmo graves. Mas, infelizmente n\u00e3o cedem, n\u00e3o cedem. E quando esses se aproximam das minhas presas, devo fugir. Mais cedo ou mais tarde devo fugir. Que ora\u00e7\u00f5es que fazem e sempre em nome d\u2019Aquele Deus e d\u2019Aquela sua Senhora, M\u00e3e do Crucificado! Oh, que dor, que tormento para mim!<a href=\"#_ftn1\" name=\"_ftnref1\"><span style=\"font-family: Calibri, sans-serif\"><span style=\"font-size: small\">[1]<\/span><\/span><\/a><\/p><\/blockquote>\n<p style=\"text-align: left\">O nome de Maria \u00e9 terr\u00edvel para os dem\u00f4nios, tanto que eles dificilmente pronunciam-no e, quando o fazem, dizem-no com grande dificuldade. Quase nenhuma outra coisa provoca tamanho tormento a Satan\u00e1s quanto a invoca\u00e7\u00e3o do nome de Maria. Em alguns exorcismos, foram registrados alguns desses raros momentos, nos quais percebemos o horror dessas criaturas diab\u00f3licas ao nome da Virgem Maria:<\/p>\n<blockquote><p>Noutros exorcismos, [o dem\u00f4nio] proferiu as seguintes express\u00f5es [a respeito de Maria]: N\u00e3o posso olhar para aqueles olhos [de Maria], n\u00e3o posso olhar, n\u00e3o posso&#8230; n\u00e3o se descrevem, aquela beleza n\u00e3o se descreve. Ela \u00e9 cheia de gra\u00e7a, ela \u00e9 Santa, \u00e9 Santa, aquela \u00e9 Santa, aquela \u00e9 Santa. Ela tira-me as almas (e come\u00e7a a chorar). Olhai, olhai, olhai para a luminosidade do olhar de uma crian\u00e7a e vereis a pureza de Maria, a pureza, a pureza e o amor de Maria (esta foi uma das rar\u00edssimas vezes que, por entre contor\u00e7\u00f5es terr\u00edveis, pronunciou o nome de Maria)<a href=\"#_ftn2\" name=\"_ftnref2\"><span style=\"font-family: Calibri, sans-serif\"><span style=\"font-size: small\">[2]<\/span><\/span><\/a>.<\/p>\n<p>Noutra ocasi\u00e3o, o dem\u00f4nio exprimiu o poder da intercess\u00e3o de Maria e a decis\u00e3o de Deus de n\u00e3o conceder nenhuma gra\u00e7a \u00e0 humanidade a n\u00e3o ser mediante a intercess\u00e3o do seu Cora\u00e7\u00e3o Imaculado<a href=\"#_ftn3\" name=\"_ftnref3\"><span style=\"font-family: Calibri, sans-serif\"><span style=\"font-size: small\">[3]<\/span><\/span><\/a>. Vos n\u00e3o sabeis, ou [talvez] at\u00e9 o saibais, mas n\u00e3o acreditais ou n\u00e3o tendes f\u00e9 suficiente: \u00e9 o Cora\u00e7\u00e3o Imaculado de Ma&#8230;ar&#8230; i&#8230;a (pronuncia com um esfor\u00e7o tremendo este nome) que salvar\u00e1 o mundo inteiro. S\u00f3 o seu Cora\u00e7\u00e3o Imaculado<a href=\"#_ftn4\" name=\"_ftnref4\"><span style=\"font-family: Calibri, sans-serif\"><span style=\"font-size: small\">[4]<\/span><\/span><\/a>.<\/p><\/blockquote>\n<p style=\"text-align: left\">Quanto \u00e0s tenta\u00e7\u00f5es contra a pureza, sabemos que o nome de Maria \u00e9 poderoso e d\u00e1 grande for\u00e7a para venc\u00ea-las. A esse respeito, S\u00e3o Pedro Cris\u00f3logo n\u00e3o hesita em dizer que o nome de Maria \u00e9 ind\u00edcio de castidade: Nomen hoc indicium castitatis. Por isso, quem, na d\u00favida de ter consentido nas tenta\u00e7\u00f5es, lembra-se de ter invocado o nome de Maria, tem um sinal certo de que n\u00e3o pecou contra a castidade.<\/p>\n<p style=\"text-align: left\"><a href=\"#_ftn6\" name=\"_ftnref6\"><\/a><\/p>\n<p style=\"text-align: left\">O nome de Maria \u00e9 um nome de esperan\u00e7a, pois atrav\u00e9s dele recebemos muitas gra\u00e7as. S\u00e3o Boaventura diz que este nome \u00e9 t\u00e3o cheio de gra\u00e7as, que n\u00e3o pode ser proferido sem comunicar alguma gra\u00e7a a quem devotamente o invoca. Assim como Jesus Cristo, com as suas cinco chagas, deu \u00e0 humanidade o rem\u00e9dio para os seus males, a Virgem Maria, com o seu sant\u00edssimo nome, que \u00e9 composto de cinco letras, alcan\u00e7a os bens celestes para n\u00f3s todos os dias.<\/p>\n<p style=\"text-align: left\"><a href=\"#_ftn6\" name=\"_ftnref6\"><\/a><\/p>\n<p style=\"text-align: left\">O nome da Sant\u00edssima Virgem \u00e9 tamb\u00e9m um nome de amor, porque encerra certo qu\u00ea de admir\u00e1vel, de suave, de divino. Santo Ant\u00f4nio de P\u00e1dua experimentava no nome de Maria a mesma do\u00e7ura que S\u00e3o Bernardo no nome de Jesus, e dizia: \u201cO nome desta Virgem M\u00e3e \u00e9 alegria no cora\u00e7\u00e3o, mel na boca, melodia no ouvido dos seus devotos\u201d<a href=\"#_ftn5\" name=\"_ftnref5\"><span style=\"font-family: Calibri, sans-serif\"><span style=\"font-size: small\">[5]<\/span><\/span><\/a>. O magn\u00edfico nome de Maria possui virtudes t\u00e3o admir\u00e1veis que, ainda que o ou\u00e7amos mil vezes, sempre nos parecer\u00e1 novo, e nos far\u00e1 experimentar a mesma do\u00e7ura. Por isso, exclamava o Bem-aventurado Henrique Suso: \u201c\u00d3 Nome suav\u00edssimo! \u00f3 Maria! qual sereis v\u00f3s mesma, se o vosso s\u00f3 nome \u00e9 t\u00e3o am\u00e1vel e gracioso?\u201d<a href=\"#_ftn6\" name=\"_ftnref6\"><span style=\"font-family: Calibri, sans-serif\"><span style=\"font-size: small\">[6]<\/span><\/span><\/a><\/p>\n<p style=\"text-align: left\"><strong>Assista ou ou\u00e7a programa do Padre Paulo Ricardo com o tema:&nbsp;\u201c<a href=\"https:\/\/padrepauloricardo.org\/episodios\/festa-da-natividade-de-nossa-senhora\/\" target=\"_blank\" rel=\"noopener\">A Virgem Maria \u00e9 onipresente? E os anjos? E os dem\u00f4nios? E os santos?<\/a>\u201d:<\/strong><\/p>\n<p style=\"text-align: left\"><iframe loading=\"lazy\" width=\"640\" height=\"360\" src=\"https:\/\/www.youtube-nocookie.com\/embed\/L-MeYlhEOKU?rel=0&showinfo=0\" frameborder=\"0\" allowfullscreen><\/iframe><\/p>\n<p style=\"text-align: left\"><iframe loading=\"lazy\" width=\"100%\" height=\"166\" scrolling=\"no\" frameborder=\"no\" src=\"https:\/\/w.soundcloud.com\/player\/?url=https%3A\/\/api.soundcloud.com\/tracks\/49810463&color=ff5500&show_artwork=false\"><\/iframe><\/p>\n<p style=\"text-align: left\"><strong>A&nbsp;invoca\u00e7\u00e3o do poderoso nome de Maria<\/strong><\/p>\n<p style=\"text-align: left\">Em todos os momentos de nossas vidas, especialmente nos momentos de ang\u00fastia, de dor, de sofrimento, recordemos sempre este excelente conselho de S\u00e3o Bernardo: \u201cEm todos os perigos de perder a gra\u00e7a divina, em todas as ang\u00fastias, em todas as d\u00favidas, pensemos em Maria, e invoquemos o seu nome com o nome de Jesus, porque andam sempre juntos estes dois nomes\u201d<span style=\"font-size: small\"><a style=\"font-family: Calibri, sans-serif\" href=\"#_ftn7\" name=\"_ftnref7\">[7]<\/a><\/span><span style=\"font-size: small\">.<\/span><\/p>\n<p style=\"text-align: left\">N\u00e3o afastemos nunca estes dois dulc\u00edssimos e poderos\u00edssimos nomes da nossa mente, do nosso cora\u00e7\u00e3o, dos nossos l\u00e1bios. Pois, invocando com confian\u00e7a os nomes de Jesus e de Maria chegaremos seguros ao porto da eterna salva\u00e7\u00e3o. Entretanto, lembremo-nos sempre que, para obter o socorro atrav\u00e9s do grande nome de Maria, \u00e9 necess\u00e1rio que imitemos os exemplos e as virtudes desta soberana Senhora.<\/p>\n<p style=\"text-align: left\">S\u00e3o Lu\u00eds Maria Grignion de Montfort nos recorda de uma verdade a respeito de Nossa Senhora que muitas vezes esquecemos: \u201cToda a terra est\u00e1 cheia de sua gl\u00f3ria, particularmente entre os crist\u00e3os, que a tomam como padroeira e protetora em muitos pa\u00edses, prov\u00edncias, dioceses e cidades. In\u00fameras catedrais s\u00e3o consagradas sob a invoca\u00e7\u00e3o do seu nome\u201d<a href=\"#_ftn8\" name=\"_ftnref8\"><span style=\"font-family: Calibri, sans-serif\"><span style=\"font-size: small\">[8]<\/span><\/span><\/a><span style=\"font-size: small\">.<\/span><\/p>\n<p style=\"text-align: left\">Por todo o mundo temos muitas igrejas dedicadas ao sant\u00edssimo nome da Virgem Maria, sob seus mais diversos t\u00edtulos. Apesar disso, nos esquecemos de invocar o santo nome de Maria. Consequentemente, deixamos de receber muitas gra\u00e7as de sua liberalidade. Sendo assim, invoquemos sempre, com confian\u00e7a, o nome de Maria.<\/p>\n<p style=\"text-align: left\">Assim, n\u00e3o nos esque\u00e7amos de que o sant\u00edssimo nome de Maria \u00e9, depois do de Jesus, superior a todo outro nome, e, assim como o de Jesus, \u00e9 para nos um nome de salva\u00e7\u00e3o, esperan\u00e7a e amor. Ent\u00e3o, procuremos ter sempre o nome de Maria em nossos pensamentos, em nosso cora\u00e7\u00e3o e em nossos l\u00e1bios: \u201cem todos os perigos, em todas as ang\u00fastias, em todas as d\u00favidas invoquemo-lo sempre com o do seu divino Filho, dizendo: Jesus e Maria, salvai-me!\u201d<a href=\"#_ftn9\" name=\"_ftnref9\"><span style=\"font-family: Calibri, sans-serif\"><span style=\"font-size: small\">[9]<\/span><\/span><\/a><span style=\"font-size: small\">&nbsp;<\/span>Por fim, lembremo-nos sempre que, para experimentarmos todos os efeitos desse Nome, \u00e9 necess\u00e1rio que imitemos as virtudes daquela que o possui, ou seja, da Virgem Maria, M\u00e3e de Deus e nossa M\u00e3e!<\/p>\n<p style=\"text-align: left\"><strong>Ora\u00e7\u00e3o de Santo Afonso Maria de Lig\u00f3rio a M\u00e3e do Perp\u00e9tuo Socorro<\/strong><\/p>\n<blockquote><p>\u00d3 M\u00e3e do Perpetuo Socorro, concedei-me a gra\u00e7a de invocar sempre o vosso poderos\u00edssimo Nome; pois \u00e9 ele o nosso aux\u00edlio na vida e a nossa salva\u00e7\u00e3o na morte. \u00d3 Maria, pur\u00edssima e dulc\u00edssima Virgem, fazei que o vosso Nome seja daqui em diante o alento da minha alma. Apressai-vos, \u00f3 Rainha, em socorrer-me sempre que vos invocar, pois, em todas as tenta\u00e7\u00f5es que me assaltarem, em todas as necessidades que me oprimirem, jamais deixarei de chamar por v\u00f3s, dizendo e repetindo: Maria! Maria! Que consola\u00e7\u00e3o, que do\u00e7ura, que confian\u00e7a, que ternura n\u00e3o sente a minha alma, somente com invocar-vos e at\u00e9 somente pensando em v\u00f3s! Dou gra\u00e7as ao Senhor que, para o meu bem, vos deu esse nome t\u00e3o suave, t\u00e3o am\u00e1vel e t\u00e3o poderoso. N\u00e3o me basta, por\u00e9m, s\u00f3 pronunciar o vosso Nome; quero pronunci\u00e1-lo com amor, pois \u00e9 o amor que me lembrar\u00e1 de vos invocar com o t\u00edtulo de M\u00e3e do Perpetuo Socorro.<\/p>\n<p>&#8220;\u00d3 Deus onipotente, concedei-me prop\u00edcio que, assim como me alegro sob o Nome e a prote\u00e7\u00e3o da Sant\u00edssima Virgem Maria, mere\u00e7a pela sua intercess\u00e3o ser livre na terra de todos os males, e depois ser digno de possuir no c\u00e9u os gozos eternos\u201d<a href=\"#_ftn10\" name=\"_ftnref10\"><span style=\"font-family: Calibri, sans-serif\"><span style=\"font-size: small\">[10]<\/span><\/span><\/a>.<\/p><\/blockquote>\n<p style=\"text-align: left\">\u00d3 Virgem Maria, M\u00e3e&nbsp;do Perp\u00e9tuo Socorro, rogai por n\u00f3s!<\/p>\n<p style=\"text-align: left\">Natalino Ueda, escravo in\u00fatil de Jesus em Maria.<\/p>\n<p style=\"text-align: left\"><strong>Links relacionados:<\/strong><\/p>\n<p style=\"text-align: left\">TODO DE MARIA.&nbsp;<a href=\"http:\/\/blog.cancaonova.com\/tododemaria\/a-reparacao-ao-coracao-imaculado-de-maria\/\" target=\"_blank\" rel=\"noopener\">A repara\u00e7\u00e3o ao Cora\u00e7\u00e3o Imaculado de Maria<\/a>.<\/p>\n<p style=\"text-align: left\">TODO DE MARIA.&nbsp;<a href=\"http:\/\/blog.cancaonova.com\/tododemaria\/o-auxilio-da-mae-do-perpetuo-socorro\/\" target=\"_blank\" rel=\"noopener\">O aux\u00edlio da M\u00e3e do Perp\u00e9tuo Socorro<\/a>.<\/p>\n<p style=\"text-align: left\">TODO DE MARIA.&nbsp;<a href=\"http:\/\/blog.cancaonova.com\/tododemaria\/o-respeito-ao-santissimo-nome-de-jesus\/\" target=\"_blank\" rel=\"noopener\">O respeito ao sant\u00edssimo nome de Jesus<\/a>.<\/p>\n<p style=\"text-align: left\"><strong>Refer\u00eancias e notas:<\/strong><\/p>\n<hr align=\"left\" size=\"1\" width=\"250\"\/>\n<div id=\"ftn1\" dir=\"ltr\" style=\"text-align: left\"><a href=\"#_ftnref1\" name=\"_ftn1\"><span style=\"font-family: Calibri, sans-serif\"><span style=\"font-size: small\">[1]<\/span><\/span><\/a>&nbsp; <a href=\"https:\/\/en.wikipedia.org\/wiki\/Pellegrino_Ernetti\" target=\"_blank\" rel=\"noopener\">PELLEGRINO ERNETTI<\/a>. Estrat\u00e9gias de Satan\u00e1s, p. 44.<\/div>\n<div id=\"ftn2\" dir=\"ltr\" style=\"text-align: left\"><a href=\"#_ftnref2\" name=\"_ftn2\"><span style=\"font-family: Calibri, sans-serif\"><span style=\"font-size: small\">[2]<\/span><\/span><\/a>&nbsp; FRANCESCO BAMONTE. <a href=\"https:\/\/www.livrarialoyola.com.br\/produto\/virgem-maria-e-o-diabo-nos-exorcismos-a-128077\" target=\"_blank\" rel=\"noopener\">A Virgem Maria e o Diabo nos exorcismos<\/a>, p. 62.<\/div>\n<div id=\"ftn3\" dir=\"ltr\" style=\"text-align: left\"><a href=\"#_ftnref3\" name=\"_ftn3\"><span style=\"font-family: Calibri, sans-serif\"><span style=\"font-size: small\">[3]<\/span><\/span><\/a>&nbsp; Evidentemente porque Deus quer que reconhe\u00e7amos a tarefa materna que Nossa Senhora tem em nossa vida e na vida de toda a humanidade.<\/div>\n<div id=\"ftn4\" dir=\"ltr\" style=\"text-align: left\"><a href=\"#_ftnref4\" name=\"_ftn4\"><span style=\"font-family: Calibri, sans-serif\"><span style=\"font-size: small\">[4]<\/span><\/span><\/a>&nbsp; FRANCESCO BAMONTE. <i>Op. cit.,<\/i> p. 97.<\/div>\n<div id=\"ftn5\" dir=\"ltr\" style=\"text-align: left\"><a href=\"#_ftnref5\" name=\"_ftn5\"><span style=\"font-family: Calibri, sans-serif\"><span style=\"font-size: small\">[5]<\/span><\/span><\/a>&nbsp; SANTO AFONSO MARIA DE LIG\u00d3RIO. <a href=\"http:\/\/www.obrascatolicas.com\/livros\/Espiritualidade%20e%20Religiao\/Meditacoes%20Santo%20Affonso%20Maria%20de%20Ligorio%20Tomo%20III.pdf\" target=\"_blank\" rel=\"noopener\">Medita\u00e7\u00f5es para todos os dias do ano<\/a> \u2013 Tomo III, p. 358.<\/div>\n<div id=\"ftn6\" dir=\"ltr\" style=\"text-align: left\"><a href=\"#_ftnref6\" name=\"_ftn6\"><span style=\"font-family: Calibri, sans-serif\"><span style=\"font-size: small\">[6]<\/span><\/span><\/a>&nbsp; <i>Idem, ibidem.<\/i><\/div>\n<div id=\"ftn7\" dir=\"ltr\" style=\"text-align: left\"><a href=\"#_ftnref7\" name=\"_ftn7\"><span style=\"font-family: Calibri, sans-serif\"><span style=\"font-size: small\">[7]<\/span><\/span><\/a>&nbsp; <i>Idem,<\/i> p. 359.<\/div>\n<div id=\"ftn8\" dir=\"ltr\" style=\"text-align: left\"><a href=\"#_ftnref8\" name=\"_ftn8\"><span style=\"font-family: Calibri, sans-serif\"><span style=\"font-size: small\">[8]<\/span><\/span><\/a>&nbsp; S\u00c3O LU\u00cdS MARIA GRIGNION DE MONTFORT. <a href=\"http:\/\/loja.cancaonova.com\/products\/31884-livro-tratado-da-verdadeira-devocao-a-santissima-virgem\" target=\"_blank\" rel=\"noopener\">Tratado da Verdadeira Devo\u00e7\u00e3o a Sant\u00edssima Virgem<\/a>, 9.<\/div>\n<div id=\"ftn9\" dir=\"ltr\" style=\"text-align: left\"><a href=\"#_ftnref9\" name=\"_ftn9\"><span style=\"font-family: Calibri, sans-serif\"><span style=\"font-size: small\">[9]<\/span><\/span><\/a>&nbsp; SANTO AFONSO MARIA DE LIG\u00d3RIO. <i>Op. cit<\/i>., p. 357.<\/div>\n<div id=\"ftn10\" dir=\"ltr\" style=\"text-align: left\"><a href=\"#_ftnref10\" name=\"_ftn10\"><span style=\"font-family: Calibri, sans-serif\"><span style=\"font-size: small\">[10]<\/span><\/span><\/a>&nbsp; <i>Idem,<\/i> p. 359-360. Or. festi.<\/div>\n","protected":false},"excerpt":{"rendered":"<p>Conhe\u00e7a o poder do sant\u00edssimo nome de Maria e saiba por que devemos invoc\u00e1-lo continuamente, especialmente em nossas maiores necessidades. No dia 12 de Setembro, no qual celebramos a mem\u00f3ria do Sant\u00edssimo Nome de Maria, vejamos qu\u00e3o poderoso \u00e9 este&#8230;<\/p>\n","protected":false},"author":4539,"featured_media":0,"comment_status":"open","ping_status":"open","sticky":false,"template":"","format":"standard","meta":{"_mi_skip_tracking":false,"_monsterinsights_sitenote_active":false,"_monsterinsights_sitenote_note":"","_monsterinsights_sitenote_category":0,"footnotes":""},"categories":[186083],"tags":[],"_links":{"self":[{"href":"https:\/\/blog.cancaonova.com\/tododemaria\/wp-json\/wp\/v2\/posts\/6330"}],"collection":[{"href":"https:\/\/blog.cancaonova.com\/tododemaria\/wp-json\/wp\/v2\/posts"}],"about":[{"href":"https:\/\/blog.cancaonova.com\/tododemaria\/wp-json\/wp\/v2\/types\/post"}],"author":[{"embeddable":true,"href":"https:\/\/blog.cancaonova.com\/tododemaria\/wp-json\/wp\/v2\/users\/4539"}],"replies":[{"embeddable":true,"href":"https:\/\/blog.cancaonova.com\/tododemaria\/wp-json\/wp\/v2\/comments?post=6330"}],"version-history":[{"count":14,"href":"https:\/\/blog.cancaonova.com\/tododemaria\/wp-json\/wp\/v2\/posts\/6330\/revisions"}],"predecessor-version":[{"id":9087,"href":"https:\/\/blog.cancaonova.com\/tododemaria\/wp-json\/wp\/v2\/posts\/6330\/revisions\/9087"}],"wp:attachment":[{"href":"https:\/\/blog.cancaonova.com\/tododemaria\/wp-json\/wp\/v2\/media?parent=6330"}],"wp:term":[{"taxonomy":"category","embeddable":true,"href":"https:\/\/blog.cancaonova.com\/tododemaria\/wp-json\/wp\/v2\/categories?post=6330"},{"taxonomy":"post_tag","embeddable":true,"href":"https:\/\/blog.cancaonova.com\/tododemaria\/wp-json\/wp\/v2\/tags?post=6330"}],"curies":[{"name":"wp","href":"https:\/\/api.w.org\/{rel}","templated":true}]}}