{"id":6444,"date":"2016-10-07T03:00:25","date_gmt":"2016-10-07T06:00:25","guid":{"rendered":"http:\/\/blog.cancaonova.com\/tododemaria\/?p=6444"},"modified":"2016-10-07T22:25:02","modified_gmt":"2016-10-08T01:25:02","slug":"outubro-mes-de-nossa-senhora-e-do-rosario","status":"publish","type":"post","link":"https:\/\/blog.cancaonova.com\/tododemaria\/outubro-mes-de-nossa-senhora-e-do-rosario\/","title":{"rendered":"Outubro, m\u00eas de Nossa Senhora e do Ros\u00e1rio"},"content":{"rendered":"<p style=\"text-align: left\"><b>Neste m\u00eas de outubro, meditemos sobre a dignidade de Nossa Senhora e as excel\u00eancias do Santo Ros\u00e1rio.<\/b><\/p>\n<p style=\"text-align: left\">Nossa Senhora do Ros\u00e1rio, cuja festa celebramos no m\u00eas de Outubro, nos recorda que a devo\u00e7\u00e3o mariana \u00e9 muito querida em toda a Igreja, n\u00e3o somente pelos leigos, mas por todo o novo povo de Deus. Muitos santos e santas foram grandes devotos de Maria e do Ros\u00e1rio, como S\u00e3o Domingos de Gusm\u00e3o, Santa Teresa d\u2019\u00c1vila, S\u00e3o Lu\u00eds Maria Grignion de Montfort, Santa Teresinha do Menino Jesus e da Sagrada Face, S\u00e3o Pio de Pietrelcina e tantos outros homens e mulheres de Deus. Muitos Papas tamb\u00e9m ficaram conhecidos por sua especial devo\u00e7\u00e3o a Virgem Maria e ao Santo Ros\u00e1rio. Entre os v\u00e1rios Sumo Pont\u00edfices rosarienses, destacamos alguns dos mais importantes: \u201cSixto V, de feliz mem\u00f3ria, aprovou o antigo costume de recitar o Ros\u00e1rio; Greg\u00f3rio XIII instituiu a festa do Ros\u00e1rio; Clemente VIII introduziu-a no Martirol\u00f3gio; Clemente XI estendeu-a a toda a Igreja; e Benedito XIII inseriu-a depois no Brevi\u00e1rio Romano\u201d<a href=\"#_ftn1\" name=\"_ftnref1\"><span style=\"font-family: Calibri, sans-serif\">[1]<\/span><\/a>.<\/p>\n<div id=\"attachment_6448\" style=\"width: 610px\" class=\"wp-caption aligncenter\"><a href=\"http:\/\/blog.cancaonova.com\/tododemaria\/files\/2016\/10\/Outubro-m\u00eas-de-Nossa-Senhora-e-do-Ros\u00e1rio.jpg\"><img loading=\"lazy\" decoding=\"async\" aria-describedby=\"caption-attachment-6448\" class=\"size-full wp-image-6448\" src=\"http:\/\/blog.cancaonova.com\/tododemaria\/files\/2016\/10\/Outubro-m\u00eas-de-Nossa-Senhora-e-do-Ros\u00e1rio.jpg\" alt=\"Neste m\u00eas de outubro, meditemos sobre a dignidade de Nossa Senhora e as excel\u00eancias do Santo Ros\u00e1rio. \" width=\"600\" height=\"330\" srcset=\"https:\/\/blog.cancaonova.com\/tododemaria\/files\/2016\/10\/Outubro-m\u00eas-de-Nossa-Senhora-e-do-Ros\u00e1rio.jpg 600w, https:\/\/blog.cancaonova.com\/tododemaria\/files\/2016\/10\/Outubro-m\u00eas-de-Nossa-Senhora-e-do-Ros\u00e1rio-300x165.jpg 300w\" sizes=\"(max-width: 600px) 100vw, 600px\" \/><\/a><p id=\"caption-attachment-6448\" class=\"wp-caption-text\">Nossa Senhora do Ros\u00e1rio<\/p><\/div>\n<p style=\"text-align: left\">Entre os Papas rosarienses mais recentes, tr\u00eas foram excepcionalmente grandes: Le\u00e3o XIII escreveu 44 documentos sobre o Ros\u00e1rio, decretou que a sua festa e o seu Oficio fossem celebrados em toda a Igreja. Al\u00e9m disso, o Papa do Ros\u00e1rio, como ficou conhecido, quis que o m\u00eas de Outubro inteiro fosse consagrado \u00e0 devo\u00e7\u00e3o do Ros\u00e1rio e prescreveu que nas Ladainhas Lauretanas se acrescentasse a invoca\u00e7\u00e3o: \u201cRainha do sacrat\u00edssimo Ros\u00e1rio\u201d; Paulo VI escreveu nada menos que 26 documentos sobre o Ros\u00e1rio, al\u00e9m da magn\u00edfica Exorta\u00e7\u00e3o Apost\u00f3lica <i>Marialis Cultus<\/i>, na qual dedica um longo cap\u00edtulo sobre o Ros\u00e1rio e o incentiva vivamente; S\u00e3o Jo\u00e3o Paulo II escreveu a Carta Apost\u00f3lica <i>Rosarium Virginis Mariae<\/i>, na qual revelou: \u201cO Ros\u00e1rio \u00e9 a minha ora\u00e7\u00e3o predileta\u201d<a href=\"#_ftn2\" name=\"_ftnref2\"><span style=\"font-family: Calibri, sans-serif\">[2]<\/span><\/a>. Atrav\u00e9s desse documento, o Santo Padre proclamou o \u201cAno do Ros\u00e1rio\u201d, de Outubro de 2002 at\u00e9 Outubro de 2003, e inseriu no Ros\u00e1rio os mist\u00e9rios da Luz ou Luminosos.<!--more Continue lendo...--><\/p>\n<p style=\"text-align: center\"><strong><a href=\"http:\/\/feedburner.google.com\/fb\/a\/mailverify?uri=TodoDeMaria\" target=\"_blank\">Receba o conte\u00fado deste blog gratuitamente em seu e-mail.<\/a><\/strong><\/p>\n<p style=\"text-align: left\"><b>A devo\u00e7\u00e3o a Virgem Maria e o Santo Ros\u00e1rio<\/b><\/p>\n<p style=\"text-align: left\">Consideremos o grau sublime de dignidade e de gl\u00f3ria a que Deus elevou a august\u00edssima Virgem Maria e facilmente compreenderemos que grande vantagem traz \u00e0s nossas vidas e a toda a sociedade o cont\u00ednuo desenvolvimento e a sempre mais ardente propaga\u00e7\u00e3o do culto mariano. Deus escolhe Nossa Senhora desde a eternidade para ser M\u00e3e do Verbo, que se fez carne. Por isso, entre todas as criaturas mais belas na ordem da natureza, da gra\u00e7a e da gl\u00f3ria, o Senhor distinguiu a Sant\u00edssima Virgem com privil\u00e9gios tais, que a Igreja com raz\u00e3o aplica a ela as palavras do livro do Eclesi\u00e1stico: \u201cSa\u00ed da boca do Alt\u00edssimo; nasci antes de toda criatura\u201d (Eclo 24, 5).<\/p>\n<p style=\"text-align: left\">Quando Ad\u00e3o e Eva pecaram e todo g\u00eanero humano foi contaminado pela mancha do pecado original, a Virgem Maria nos foi dada como penhor da futura reconcilia\u00e7\u00e3o e salva\u00e7\u00e3o. Na plenitude dos tempos, o Filho de Deus honrou sua M\u00e3e durante a sua vida oculta e tamb\u00e9m a escolheu como cooperadora nos seus dois primeiros milagres. O primeiro foi um milagre da ordem da gra\u00e7a, que se deu quando a Virgem de Nazar\u00e9 saudou Isabel e a crian\u00e7a que trazia em seu seio estremeceu de alegria (cf. Lc 1, 39-45). O segundo foi um milagre na ordem da natureza, que aconteceu nas bodas de Can\u00e1, quando Jesus transformou a \u00e1gua em vinho por intercess\u00e3o de Maria (cf. Jo 2, 1-12). Por fim, no momento em que reconciliava a humanidade com o Pai, Cristo confiou Maria ao Disc\u00edpulo Amado, com aquelas suav\u00edssimas palavras: \u201cEis a\u00ed tua m\u00e3e!\u201d (Jo. 19, 27), como que num testamento espiritual.<\/p>\n<p style=\"text-align: left\">Neste m\u00eas de Outubro, tomemos posse desse testamento para n\u00f3s mesmos e para Igreja, t\u00e3o sofrida, coloquemo-nos sob a prote\u00e7\u00e3o de Nossa Senhora, atrav\u00e9s da recita\u00e7\u00e3o do Santo Ros\u00e1rio. O Papa Le\u00e3o XIII dedicou a Virgem Maria o m\u00eas de Maio, que \u00e9 o m\u00eas flores no hemisf\u00e9rio norte, e consagrou tamb\u00e9m a ela, com afeto de singular piedade, o m\u00eas de Outubro, que \u00e9 m\u00eas dos frutos. Pois, pareceu justo ao Pont\u00edfice dedicar estes dois meses do ano a M\u00e3e de Deus, que disse de si: \u201cAs minhas flores tornaram-se frutos de gl\u00f3ria e de riqueza\u201d (Eclo 24, 23).<\/p>\n<p style=\"text-align: left\"><strong>Assista programa do Padre Paulo Ricardo sobre\u00a0\u201c<a href=\"https:\/\/padrepauloricardo.org\/blog\/nossa-senhora-do-rosario\" target=\"_blank\">Nossa Senhora do Ros\u00e1rio<\/a>\u201d:<\/strong><\/p>\n<p style=\"text-align: left\"><iframe loading=\"lazy\" width=\"640\" height=\"360\" src=\"https:\/\/www.youtube-nocookie.com\/embed\/XbvaKXX7sl4?rel=0&showinfo=0\" frameborder=\"0\" allowfullscreen><\/iframe><\/p>\n<p style=\"text-align: left\"><b>A uni\u00e3o e a perseveran\u00e7a na recita\u00e7\u00e3o do Ros\u00e1rio<\/b><\/p>\n<p style=\"text-align: left\">A uni\u00e3o e a perseveran\u00e7a est\u00e3o perfeitamente unidas na ora\u00e7\u00e3o do Ros\u00e1rio. Nele, pela nossa repeti\u00e7\u00e3o insistente das mesmas ora\u00e7\u00f5es n\u00f3s demonstramos que queremos obter do Pai Celeste o seu Reino de gra\u00e7a e de gl\u00f3ria (cf. Lc 11, 13). Pelo Ros\u00e1rio, com as nossas reiteradas s\u00faplicas a Sant\u00edssima Virgem, imploramos para n\u00f3s pecadores o seu aux\u00edlio e a sua intercess\u00e3o durante toda a nossa vida, especialmente na hora morte, que \u00e9 a porta da eternidade. Ademais, o Ros\u00e1rio da Virgem Maria \u00e9 excelente para a ora\u00e7\u00e3o em comum.<\/p>\n<p style=\"text-align: left\">Hoje somos chamados a resgatar esta devo\u00e7\u00e3o que floresceu entre os nossos antepassados. As fam\u00edlias crist\u00e3s, nas cidades e nos campos, consideravam como um sagrado dever reunir-se, \u00e0 noite, depois dos trabalhos do dia, diante de uma imagem de Nossa Senhora, para recitar o Ros\u00e1rio. \u201cEla [Nossa Senhora] se comprazia tanto nesta fiel e concorde homenagem, que, como uma m\u00e3e entre a coroa de seus filhos, assistia prop\u00edcia aqueles seus devotos, e concedia-lhes o dom da paz dom\u00e9stica, penhor da paz do C\u00e9u\u201d<a href=\"#_ftn3\" name=\"_ftnref3\"><span style=\"font-family: Calibri, sans-serif\">[3]<\/span><\/a>. Ao refletir sobre a efic\u00e1cia do Ros\u00e1rio rezado em comum, o Papa Le\u00e3o XIII declarou explicitamente ser seu \u201cvivo desejo que ele fosse recitado todo os dias nas catedrais das simples Dioceses, e todos os dias de festa nas igrejas paroquiais\u201d<a href=\"#_ftn4\" name=\"_ftnref4\"><span style=\"font-family: Calibri, sans-serif\">[4]<\/span><\/a>.<\/p>\n<p style=\"text-align: left\">Assim, neste m\u00eas de Outubro, somos chamados a ouvir a voz de Deus que, particularmente atrav\u00e9s dos pont\u00edfices, nos recomendou insistentemente devo\u00e7\u00e3o a Virgem Maria e a ora\u00e7\u00e3o do Santo Ros\u00e1rio. Em nossa ora\u00e7\u00e3o pessoal, nas fam\u00edlias, nos locais de trabalho, nas igrejas e capelas, somos chamados a rezar o Ros\u00e1rio. Al\u00e9m disso, incentivemos vivamente a devo\u00e7\u00e3o a Virgem Maria, que nos conduz com seguran\u00e7a pelos caminhos do seu Filho Jesus Cristo.<\/p>\n<p style=\"text-align: left\"><strong>Ora\u00e7\u00e3o do Beato Bartolo Longo a\u00a0Nossa Senhora do Ros\u00e1rio<\/strong><\/p>\n<blockquote>\n<p style=\"text-align: left\">\u00d3 Ros\u00e1rio bendito de Maria, doce cadeia que nos prende a Deus, v\u00ednculo de amor que nos une aos Anjos, torre de salva\u00e7\u00e3o contra os assaltos do inferno, porto seguro no naufr\u00e1gio geral, n\u00e3o te deixaremos nunca mais. Ser\u00e1s o nosso conforto na hora da agonia. Seja para ti o \u00faltimo beijo da vida que se apaga. E a \u00faltima palavra dos nossos l\u00e1bios h\u00e1-de ser o vosso nome suave, \u00f3 Rainha do Ros\u00e1rio de Pompeia, \u00f3 nossa M\u00e3e querida, \u00f3 Ref\u00fagio dos pecadores, \u00f3 Soberana consoladora dos tristes. Sede bendita em todo o lado, hoje e sempre, na terra e no c\u00e9u.<\/p>\n<\/blockquote>\n<p style=\"text-align: left\">Nossa Senhora do Ros\u00e1rio, rogai por n\u00f3s!<\/p>\n<p style=\"text-align: left\"><strong>Links relacionados.<\/strong><\/p>\n<p style=\"text-align: left\">TODO DE MARIA.\u00a0<a href=\"http:\/\/blog.cancaonova.com\/tododemaria\/o-poder-de-maria-e-do-rosario-contra-o-mal\/\" target=\"_blank\">O poder de Maria e do Ros\u00e1rio contra o mal<\/a>.<\/p>\n<p style=\"text-align: left\">TODO DE MARIA.\u00a0<a href=\"http:\/\/blog.cancaonova.com\/tododemaria\/o-rosario-meditado-de-sao-luiz-maria\/\" target=\"_blank\">O Ros\u00e1rio meditado de S\u00e3o Luiz Maria<\/a>.<\/p>\n<p style=\"text-align: left\">TODO DE MARIA.\u00a0<a href=\"http:\/\/blog.cancaonova.com\/tododemaria\/um-homem-transformado-pelo-rosario\/\" target=\"_blank\">Um homem transformado pelo Ros\u00e1rio<\/a>.<\/p>\n<p style=\"text-align: left\"><strong>Refer\u00eancias:<\/strong><\/p>\n<hr align=\"left\" size=\"1\" width=\"250\" \/>\n<div id=\"ftn1\" dir=\"ltr\" style=\"text-align: left\">\n<p><a href=\"#_ftnref1\" name=\"_ftn1\"><span style=\"font-family: Calibri, sans-serif\">[1]<\/span><\/a>\u00a0 PAPA LE\u00c3O XIII. <a href=\"http:\/\/w2.vatican.va\/content\/leo-xiii\/pt\/encyclicals\/documents\/hf_l-xiii_enc_05091898_diuturni-temporis.html\">Carta Enc\u00edclica <\/a><a href=\"http:\/\/w2.vatican.va\/content\/leo-xiii\/pt\/encyclicals\/documents\/hf_l-xiii_enc_05091898_diuturni-temporis.html\"><i>Diuturni Temporis<\/i><\/a>, 4.<\/p>\n<\/div>\n<div id=\"ftn2\" dir=\"ltr\" style=\"text-align: left\">\n<p><a href=\"#_ftnref2\" name=\"_ftn2\"><span style=\"font-family: Calibri, sans-serif\">[2]<\/span><\/a>\u00a0 PAPA JO\u00c3O PAULO II. <a href=\"http:\/\/w2.vatican.va\/content\/john-paul-ii\/pt\/apost_letters\/2002\/documents\/hf_jp-ii_apl_20021016_rosarium-virginis-mariae.html\">Carta Apost\u00f3lica <\/a><a href=\"http:\/\/w2.vatican.va\/content\/john-paul-ii\/pt\/apost_letters\/2002\/documents\/hf_jp-ii_apl_20021016_rosarium-virginis-mariae.html\"><i>Rosarium Virginis Mariae<\/i><\/a>, 2.<\/p>\n<\/div>\n<div id=\"ftn3\" dir=\"ltr\" style=\"text-align: left\">\n<p><a href=\"#_ftnref3\" name=\"_ftn3\"><span style=\"font-family: Calibri, sans-serif\">[3]<\/span><\/a>\u00a0 PAPA LE\u00c3O XIII. <a href=\"http:\/\/w2.vatican.va\/content\/leo-xiii\/pt\/encyclicals\/documents\/hf_l-xiii_enc_20091896_fidentem-piumque-animum.html\">Carta Enc\u00edclica <\/a><a href=\"http:\/\/w2.vatican.va\/content\/leo-xiii\/pt\/encyclicals\/documents\/hf_l-xiii_enc_20091896_fidentem-piumque-animum.html\"><i>Fidentem Piumque Animum<\/i><\/a>, 4.<\/p>\n<\/div>\n<div id=\"ftn4\" dir=\"ltr\">\n<p style=\"text-align: left\"><a href=\"#_ftnref4\" name=\"_ftn4\"><span style=\"font-family: Calibri, sans-serif\">[4]<\/span><\/a>\u00a0 PAPA LE\u00c3O XIII. Carta Apost\u00f3lica <i>Salutaris Ille<\/i>.<\/p>\n<\/div>\n","protected":false},"excerpt":{"rendered":"<p>Neste m\u00eas de outubro, meditemos sobre a dignidade de Nossa Senhora e as excel\u00eancias do Santo Ros\u00e1rio. Nossa Senhora do Ros\u00e1rio, cuja festa celebramos no m\u00eas de Outubro, nos recorda que a devo\u00e7\u00e3o mariana \u00e9 muito querida em toda a&#8230;<\/p>\n","protected":false},"author":4539,"featured_media":0,"comment_status":"open","ping_status":"open","sticky":false,"template":"","format":"standard","meta":{"_mi_skip_tracking":false,"_monsterinsights_sitenote_active":false,"_monsterinsights_sitenote_note":"","_monsterinsights_sitenote_category":0,"footnotes":""},"categories":[186332,145718],"tags":[],"_links":{"self":[{"href":"https:\/\/blog.cancaonova.com\/tododemaria\/wp-json\/wp\/v2\/posts\/6444"}],"collection":[{"href":"https:\/\/blog.cancaonova.com\/tododemaria\/wp-json\/wp\/v2\/posts"}],"about":[{"href":"https:\/\/blog.cancaonova.com\/tododemaria\/wp-json\/wp\/v2\/types\/post"}],"author":[{"embeddable":true,"href":"https:\/\/blog.cancaonova.com\/tododemaria\/wp-json\/wp\/v2\/users\/4539"}],"replies":[{"embeddable":true,"href":"https:\/\/blog.cancaonova.com\/tododemaria\/wp-json\/wp\/v2\/comments?post=6444"}],"version-history":[{"count":5,"href":"https:\/\/blog.cancaonova.com\/tododemaria\/wp-json\/wp\/v2\/posts\/6444\/revisions"}],"predecessor-version":[{"id":6450,"href":"https:\/\/blog.cancaonova.com\/tododemaria\/wp-json\/wp\/v2\/posts\/6444\/revisions\/6450"}],"wp:attachment":[{"href":"https:\/\/blog.cancaonova.com\/tododemaria\/wp-json\/wp\/v2\/media?parent=6444"}],"wp:term":[{"taxonomy":"category","embeddable":true,"href":"https:\/\/blog.cancaonova.com\/tododemaria\/wp-json\/wp\/v2\/categories?post=6444"},{"taxonomy":"post_tag","embeddable":true,"href":"https:\/\/blog.cancaonova.com\/tododemaria\/wp-json\/wp\/v2\/tags?post=6444"}],"curies":[{"name":"wp","href":"https:\/\/api.w.org\/{rel}","templated":true}]}}